{"id":100673,"date":"2023-07-31T08:15:22","date_gmt":"2023-07-31T11:15:22","guid":{"rendered":"https:\/\/verde-amarelo.net\/verdeamarelo\/?p=100673"},"modified":"2023-07-31T10:18:10","modified_gmt":"2023-07-31T13:18:10","slug":"o-canteiro-e-de-obra-mas-tem-hortalica-tambem","status":"publish","type":"post","link":"https:\/\/verde-amarelo.net\/verdeamarelo\/2023\/07\/o-canteiro-e-de-obra-mas-tem-hortalica-tambem\/","title":{"rendered":"O canteiro \u00e9 de obra, mas tem hortali\u00e7a tamb\u00e9m"},"content":{"rendered":"<div class=\"postie-post\">\n<div>\n\n<p style=\"font-size: 12pt; text-align: center;\"><i>Colaboradores de obras em Goi\u00e2nia aprendem a cultivar horta dentro do ambiente de trabalho. Al\u00e9m de ser uma medida de educa\u00e7\u00e3o ambiental, produ\u00e7\u00e3o melhora a alimenta\u00e7\u00e3o e contribui com a economia dom\u00e9stica do grupo<\/i><\/p>\n<div style=\"text-align: justify; font-size: 11pt;\">\n<p><span style=\"font-weight: 400;\">Barulho, p\u00f3, concreto, m\u00e1quinas, homens trabalhando. A descri\u00e7\u00e3o j\u00e1 entrega que se trata de um canteiro de obras. O que quase ningu\u00e9m imagina \u00e9 que, deste cen\u00e1rio, tamb\u00e9m faz parte uma horta. A copeira Maria Aparecida de Souza que o diga. Ela conta que, quando chega em casa com uma sacola de hortali\u00e7as, tem gente que duvida que elas vieram de dentro da obra onde trabalha.\u00a0 &#8220;Sabe aquelas coisas que n\u00e3o acontecem em todos os lugares? Pois \u00e9, aqui eu vivo essa surpresa, Em meio \u00e0 constru\u00e7\u00e3o, nasce o maracuj\u00e1, a mandioca, o alface, a pimenta, o cheiro verde, a cebolinha.\u00a0<\/span><\/p>\n<p>&nbsp;<\/p>\n<p><span style=\"font-weight: 400;\">Maria Aparecida trabalha na obra Europark, do Parque Noronha, cuja constru\u00e7\u00e3o est\u00e1 sendo feita pela Toctao Solu\u00e7\u00f5es de Engenharia. As hortas s\u00e3o uma marca registrada da empresa e a iniciativa faz parte de seu programa de educa\u00e7\u00e3o ambiental. Os pr\u00f3prios colaboradores s\u00e3o estimulados a cuidar da horta. A produ\u00e7\u00e3o \u00e9 usada por eles durante o expediente ou levadas para casa.<\/span><\/p>\n<p><a href=\"https:\/\/imagens.pressmanager.net\/download?foto_id=4423084&amp;release_id=511681&amp;did=1072938925&amp;envio_id=1450759&amp;hash=607012df111b6c12e022b3fe6e4822d4\"><img decoding=\"async\" src=\"data:image\/gif;base64,R0lGODlhAQABAIAAAAAAAP\/\/\/ywAAAAAAQABAAACAUwAOw==\" fifu-lazy=\"1\" fifu-data-sizes=\"auto\" fifu-data-srcset=\"https:\/\/i3.wp.com\/files.pressmanager.net\/clientes\/8515b9d6671ec6edb601f4b6ac158110\/imagens\/2023\/07\/28\/bad871382607ccb9f41a542c96e5ac4f_small.jpg?ssl=1&w=75&resize=75&ssl=1 75w, https:\/\/i3.wp.com\/files.pressmanager.net\/clientes\/8515b9d6671ec6edb601f4b6ac158110\/imagens\/2023\/07\/28\/bad871382607ccb9f41a542c96e5ac4f_small.jpg?ssl=1&w=100&resize=100&ssl=1 100w, https:\/\/i3.wp.com\/files.pressmanager.net\/clientes\/8515b9d6671ec6edb601f4b6ac158110\/imagens\/2023\/07\/28\/bad871382607ccb9f41a542c96e5ac4f_small.jpg?ssl=1&w=150&resize=150&ssl=1 150w, https:\/\/i3.wp.com\/files.pressmanager.net\/clientes\/8515b9d6671ec6edb601f4b6ac158110\/imagens\/2023\/07\/28\/bad871382607ccb9f41a542c96e5ac4f_small.jpg?ssl=1&w=240&resize=240&ssl=1 240w, https:\/\/i3.wp.com\/files.pressmanager.net\/clientes\/8515b9d6671ec6edb601f4b6ac158110\/imagens\/2023\/07\/28\/bad871382607ccb9f41a542c96e5ac4f_small.jpg?ssl=1&w=320&resize=320&ssl=1 320w, https:\/\/i3.wp.com\/files.pressmanager.net\/clientes\/8515b9d6671ec6edb601f4b6ac158110\/imagens\/2023\/07\/28\/bad871382607ccb9f41a542c96e5ac4f_small.jpg?ssl=1&w=500&resize=500&ssl=1 500w, https:\/\/i3.wp.com\/files.pressmanager.net\/clientes\/8515b9d6671ec6edb601f4b6ac158110\/imagens\/2023\/07\/28\/bad871382607ccb9f41a542c96e5ac4f_small.jpg?ssl=1&w=640&resize=640&ssl=1 640w, https:\/\/i3.wp.com\/files.pressmanager.net\/clientes\/8515b9d6671ec6edb601f4b6ac158110\/imagens\/2023\/07\/28\/bad871382607ccb9f41a542c96e5ac4f_small.jpg?ssl=1&w=800&resize=800&ssl=1 800w, https:\/\/i3.wp.com\/files.pressmanager.net\/clientes\/8515b9d6671ec6edb601f4b6ac158110\/imagens\/2023\/07\/28\/bad871382607ccb9f41a542c96e5ac4f_small.jpg?ssl=1&w=1024&resize=1024&ssl=1 1024w, https:\/\/i3.wp.com\/files.pressmanager.net\/clientes\/8515b9d6671ec6edb601f4b6ac158110\/imagens\/2023\/07\/28\/bad871382607ccb9f41a542c96e5ac4f_small.jpg?ssl=1&w=1280&resize=1280&ssl=1 1280w, https:\/\/i3.wp.com\/files.pressmanager.net\/clientes\/8515b9d6671ec6edb601f4b6ac158110\/imagens\/2023\/07\/28\/bad871382607ccb9f41a542c96e5ac4f_small.jpg?ssl=1&w=1600&resize=1600&ssl=1 1600w\" fifu-data-src=\"https:\/\/i3.wp.com\/files.pressmanager.net\/clientes\/8515b9d6671ec6edb601f4b6ac158110\/imagens\/2023\/07\/28\/bad871382607ccb9f41a542c96e5ac4f_small.jpg?ssl=1\" alt=\"Canteiro de obras nas constru\u00e7\u00f5es civis tem hortali\u00e7as fresquinhas\" border=\"0\" vspace=\"2\" \/><\/a><\/p>\n<p><span style=\"font-weight: 400;\">&#8220;Com o maracuj\u00e1, a gente faz o suco na hora do almo\u00e7o, com as ervas, a gente faz ch\u00e1. Desta vez, plantamos mandioca e rendeu bastante, deu para todo mundo levar para casa&#8221;, conta Maria Aparecida, que \u00e9 uma das respons\u00e1veis pelo cultivo e manuten\u00e7\u00e3o do espa\u00e7o. &#8220;Essa horta \u00e9 meu xodozinho e eu amo ajudar no cuidado dela&#8221;, diz, entusiasmada.<\/span><\/p>\n<p><a href=\"https:\/\/imagens.pressmanager.net\/download?foto_id=4423085&amp;release_id=511681&amp;did=1072938925&amp;envio_id=1450759&amp;hash=607012df111b6c12e022b3fe6e4822d4\"><img decoding=\"async\" src=\"data:image\/gif;base64,R0lGODlhAQABAIAAAAAAAP\/\/\/ywAAAAAAQABAAACAUwAOw==\" fifu-lazy=\"1\" fifu-data-sizes=\"auto\" fifu-data-srcset=\"https:\/\/i0.wp.com\/files.pressmanager.net\/clientes\/8515b9d6671ec6edb601f4b6ac158110\/imagens\/2023\/07\/28\/9f53b6692d09b64e91f1404d3819d378_small.jpg?ssl=1&w=75&resize=75&ssl=1 75w, https:\/\/i0.wp.com\/files.pressmanager.net\/clientes\/8515b9d6671ec6edb601f4b6ac158110\/imagens\/2023\/07\/28\/9f53b6692d09b64e91f1404d3819d378_small.jpg?ssl=1&w=100&resize=100&ssl=1 100w, https:\/\/i0.wp.com\/files.pressmanager.net\/clientes\/8515b9d6671ec6edb601f4b6ac158110\/imagens\/2023\/07\/28\/9f53b6692d09b64e91f1404d3819d378_small.jpg?ssl=1&w=150&resize=150&ssl=1 150w, https:\/\/i0.wp.com\/files.pressmanager.net\/clientes\/8515b9d6671ec6edb601f4b6ac158110\/imagens\/2023\/07\/28\/9f53b6692d09b64e91f1404d3819d378_small.jpg?ssl=1&w=240&resize=240&ssl=1 240w, https:\/\/i0.wp.com\/files.pressmanager.net\/clientes\/8515b9d6671ec6edb601f4b6ac158110\/imagens\/2023\/07\/28\/9f53b6692d09b64e91f1404d3819d378_small.jpg?ssl=1&w=320&resize=320&ssl=1 320w, https:\/\/i0.wp.com\/files.pressmanager.net\/clientes\/8515b9d6671ec6edb601f4b6ac158110\/imagens\/2023\/07\/28\/9f53b6692d09b64e91f1404d3819d378_small.jpg?ssl=1&w=500&resize=500&ssl=1 500w, https:\/\/i0.wp.com\/files.pressmanager.net\/clientes\/8515b9d6671ec6edb601f4b6ac158110\/imagens\/2023\/07\/28\/9f53b6692d09b64e91f1404d3819d378_small.jpg?ssl=1&w=640&resize=640&ssl=1 640w, https:\/\/i0.wp.com\/files.pressmanager.net\/clientes\/8515b9d6671ec6edb601f4b6ac158110\/imagens\/2023\/07\/28\/9f53b6692d09b64e91f1404d3819d378_small.jpg?ssl=1&w=800&resize=800&ssl=1 800w, https:\/\/i0.wp.com\/files.pressmanager.net\/clientes\/8515b9d6671ec6edb601f4b6ac158110\/imagens\/2023\/07\/28\/9f53b6692d09b64e91f1404d3819d378_small.jpg?ssl=1&w=1024&resize=1024&ssl=1 1024w, https:\/\/i0.wp.com\/files.pressmanager.net\/clientes\/8515b9d6671ec6edb601f4b6ac158110\/imagens\/2023\/07\/28\/9f53b6692d09b64e91f1404d3819d378_small.jpg?ssl=1&w=1280&resize=1280&ssl=1 1280w, https:\/\/i0.wp.com\/files.pressmanager.net\/clientes\/8515b9d6671ec6edb601f4b6ac158110\/imagens\/2023\/07\/28\/9f53b6692d09b64e91f1404d3819d378_small.jpg?ssl=1&w=1600&resize=1600&ssl=1 1600w\" fifu-data-src=\"https:\/\/i0.wp.com\/files.pressmanager.net\/clientes\/8515b9d6671ec6edb601f4b6ac158110\/imagens\/2023\/07\/28\/9f53b6692d09b64e91f1404d3819d378_small.jpg?ssl=1\" alt=\"Canteiro de obras nas constru\u00e7\u00f5es civis tem hortali\u00e7as fresquinhas\" border=\"0\" vspace=\"2\" \/><\/a><\/p>\n<p><span style=\"font-weight: 400;\">Weder Morais, engenheiro de seguran\u00e7a do trabalho e de meio ambiente, explica que a horta faz um contrabalan\u00e7o ao ambiente da constru\u00e7\u00e3o civil, trazendo o verde para o ambiente e, junto com ele, leveza e frescor. &#8220;Al\u00e9m disso, ela acaba contribuindo com a economia dom\u00e9stica dos colaboradores e desperta para a educa\u00e7\u00e3o ambiental&#8221;, explica.<\/span><\/p>\n<p><a href=\"https:\/\/imagens.pressmanager.net\/download?foto_id=4423083&amp;release_id=511681&amp;did=1072938925&amp;envio_id=1450759&amp;hash=607012df111b6c12e022b3fe6e4822d4\"><img decoding=\"async\" src=\"data:image\/gif;base64,R0lGODlhAQABAIAAAAAAAP\/\/\/ywAAAAAAQABAAACAUwAOw==\" fifu-lazy=\"1\" fifu-data-sizes=\"auto\" fifu-data-srcset=\"https:\/\/i1.wp.com\/files.pressmanager.net\/clientes\/8515b9d6671ec6edb601f4b6ac158110\/imagens\/2023\/07\/28\/6926d9290e8a85866f00473c516a5694_small.jpg?ssl=1&w=75&resize=75&ssl=1 75w, https:\/\/i1.wp.com\/files.pressmanager.net\/clientes\/8515b9d6671ec6edb601f4b6ac158110\/imagens\/2023\/07\/28\/6926d9290e8a85866f00473c516a5694_small.jpg?ssl=1&w=100&resize=100&ssl=1 100w, https:\/\/i1.wp.com\/files.pressmanager.net\/clientes\/8515b9d6671ec6edb601f4b6ac158110\/imagens\/2023\/07\/28\/6926d9290e8a85866f00473c516a5694_small.jpg?ssl=1&w=150&resize=150&ssl=1 150w, https:\/\/i1.wp.com\/files.pressmanager.net\/clientes\/8515b9d6671ec6edb601f4b6ac158110\/imagens\/2023\/07\/28\/6926d9290e8a85866f00473c516a5694_small.jpg?ssl=1&w=240&resize=240&ssl=1 240w, https:\/\/i1.wp.com\/files.pressmanager.net\/clientes\/8515b9d6671ec6edb601f4b6ac158110\/imagens\/2023\/07\/28\/6926d9290e8a85866f00473c516a5694_small.jpg?ssl=1&w=320&resize=320&ssl=1 320w, https:\/\/i1.wp.com\/files.pressmanager.net\/clientes\/8515b9d6671ec6edb601f4b6ac158110\/imagens\/2023\/07\/28\/6926d9290e8a85866f00473c516a5694_small.jpg?ssl=1&w=500&resize=500&ssl=1 500w, https:\/\/i1.wp.com\/files.pressmanager.net\/clientes\/8515b9d6671ec6edb601f4b6ac158110\/imagens\/2023\/07\/28\/6926d9290e8a85866f00473c516a5694_small.jpg?ssl=1&w=640&resize=640&ssl=1 640w, https:\/\/i1.wp.com\/files.pressmanager.net\/clientes\/8515b9d6671ec6edb601f4b6ac158110\/imagens\/2023\/07\/28\/6926d9290e8a85866f00473c516a5694_small.jpg?ssl=1&w=800&resize=800&ssl=1 800w, https:\/\/i1.wp.com\/files.pressmanager.net\/clientes\/8515b9d6671ec6edb601f4b6ac158110\/imagens\/2023\/07\/28\/6926d9290e8a85866f00473c516a5694_small.jpg?ssl=1&w=1024&resize=1024&ssl=1 1024w, https:\/\/i1.wp.com\/files.pressmanager.net\/clientes\/8515b9d6671ec6edb601f4b6ac158110\/imagens\/2023\/07\/28\/6926d9290e8a85866f00473c516a5694_small.jpg?ssl=1&w=1280&resize=1280&ssl=1 1280w, https:\/\/i1.wp.com\/files.pressmanager.net\/clientes\/8515b9d6671ec6edb601f4b6ac158110\/imagens\/2023\/07\/28\/6926d9290e8a85866f00473c516a5694_small.jpg?ssl=1&w=1600&resize=1600&ssl=1 1600w\" fifu-data-src=\"https:\/\/i1.wp.com\/files.pressmanager.net\/clientes\/8515b9d6671ec6edb601f4b6ac158110\/imagens\/2023\/07\/28\/6926d9290e8a85866f00473c516a5694_small.jpg?ssl=1\" alt=\"Canteiro de obras nas constru\u00e7\u00f5es civis tem hortali\u00e7as fresquinhas\" border=\"0\" vspace=\"2\" \/><\/a><\/p>\n<p><span style=\"font-weight: 400;\">O assistente de gest\u00e3o ambiental, Elton Campos, refor\u00e7a que o intuito da horta \u00e9 incentivar os trabalhadores a terem mais contato com a natureza. &#8220;Eles s\u00e3o os verdadeiros donos da horta, voluntariamente ajudam a cuidar. Muitos percebem os benef\u00edcios e implantam hortas tamb\u00e9m em suas casas, melhorando a qualidade da alimenta\u00e7\u00e3o e a economia familiar&#8221;, conta.<\/span><\/p>\n<\/div>\n<\/div>\n\n<\/div>\n<\/div>\n","protected":false},"excerpt":{"rendered":"<p>Colaboradores de obras em Goi\u00e2nia aprendem a cultivar horta dentro do ambiente de trabalho. Al\u00e9m&#8230;<\/p>\n","protected":false},"author":1,"featured_media":0,"comment_status":"closed","ping_status":"closed","sticky":false,"template":"","format":"standard","meta":{"fifu_image_url":"","fifu_image_alt":"","footnotes":""},"categories":[727],"tags":[],"class_list":["post-100673","post","type-post","status-publish","format-standard","hentry","category-noticias","wpcat-727-id"],"_links":{"self":[{"href":"https:\/\/verde-amarelo.net\/verdeamarelo\/wp-json\/wp\/v2\/posts\/100673","targetHints":{"allow":["GET"]}}],"collection":[{"href":"https:\/\/verde-amarelo.net\/verdeamarelo\/wp-json\/wp\/v2\/posts"}],"about":[{"href":"https:\/\/verde-amarelo.net\/verdeamarelo\/wp-json\/wp\/v2\/types\/post"}],"author":[{"embeddable":true,"href":"https:\/\/verde-amarelo.net\/verdeamarelo\/wp-json\/wp\/v2\/users\/1"}],"replies":[{"embeddable":true,"href":"https:\/\/verde-amarelo.net\/verdeamarelo\/wp-json\/wp\/v2\/comments?post=100673"}],"version-history":[{"count":0,"href":"https:\/\/verde-amarelo.net\/verdeamarelo\/wp-json\/wp\/v2\/posts\/100673\/revisions"}],"wp:attachment":[{"href":"https:\/\/verde-amarelo.net\/verdeamarelo\/wp-json\/wp\/v2\/media?parent=100673"}],"wp:term":[{"taxonomy":"category","embeddable":true,"href":"https:\/\/verde-amarelo.net\/verdeamarelo\/wp-json\/wp\/v2\/categories?post=100673"},{"taxonomy":"post_tag","embeddable":true,"href":"https:\/\/verde-amarelo.net\/verdeamarelo\/wp-json\/wp\/v2\/tags?post=100673"}],"curies":[{"name":"wp","href":"https:\/\/api.w.org\/{rel}","templated":true}]}}