{"id":106650,"date":"2023-08-28T12:57:32","date_gmt":"2023-08-28T15:57:32","guid":{"rendered":"https:\/\/verde-amarelo.net\/verdeamarelo\/?p=106650"},"modified":"2023-08-28T20:49:41","modified_gmt":"2023-08-28T23:49:41","slug":"prevencao-esclerose-multipla","status":"publish","type":"post","link":"https:\/\/verde-amarelo.net\/verdeamarelo\/2023\/08\/prevencao-esclerose-multipla\/","title":{"rendered":"Dia Nacional de Conscientiza\u00e7\u00e3o Sobre a Esclerose M\u00faltipla (30\/08)"},"content":{"rendered":"<div>\n<div>\n<p>&nbsp;<\/p>\n<div>\n<p><!-- [if mso | IE]>\n\n\n<table align=\"center\" border=\"0\" cellpadding=\"0\" cellspacing=\"0\" class=\"cols_1-outlook 1589473358640-outlook ip-section-outlook\" role=\"presentation\" style=\"width:600px;\" width=\"600\" bgcolor=\"#ffffff\" >\n\n\n<tr>\n\n\n<td style=\"line-height:0px;font-size:0px;mso-line-height-rule:exactly;\"><![endif]--><\/p>\n<div>\n<div>\n<table role=\"presentation\" border=\"0\" cellspacing=\"0\" cellpadding=\"0\" align=\"center\">\n<tbody>\n<tr>\n<td><!-- [if mso | IE]>\n\n\n<table role=\"presentation\" border=\"0\" cellpadding=\"0\" cellspacing=\"0\">\n\n\n<tr>\n\n\n<td class=\"ip-column-outlook -outlook\" style=\"vertical-align:top;width:592px;\" ><![endif]--><\/p>\n<div>\n<table role=\"presentation\" border=\"0\" width=\"100%\" cellspacing=\"0\" cellpadding=\"0\">\n<tbody>\n<tr>\n<td>\n<table role=\"presentation\" border=\"0\" width=\"100%\" cellspacing=\"0\" cellpadding=\"0\">\n<tbody>\n<tr>\n<td align=\"left\">\n<div>\n<p><!-- htmlmin:ignore --><\/p>\n<p>&nbsp;<\/p>\n<p>&nbsp;<\/p>\n<p><!-- htmlmin:ignore --><\/p>\n<\/div>\n<\/td>\n<\/tr>\n<tr>\n<td align=\"left\">\n<div>\n<p><!-- htmlmin:ignore --><\/p>\n<h2>Aumento de casos preocupa especialistas; saiba como evitar, identificar e tratar a doen\u00e7a<\/h2>\n<p><!-- htmlmin:ignore --><\/p>\n<\/div>\n<\/td>\n<\/tr>\n<tr>\n<td align=\"left\">\n<div>\n<p><!-- htmlmin:ignore --><\/p>\n<p>Fatores de risco incluem predisposi\u00e7\u00e3o gen\u00e9tica, infec\u00e7\u00f5es virais, baixos n\u00edveis de vitamina D, exposi\u00e7\u00e3o ao tabagismo e obesidade.<\/p>&nbsp;&nbsp;\n<p>&nbsp;<\/p>\n<p>No Dia Nacional de Conscientiza\u00e7\u00e3o Sobre a Esclerose M\u00faltipla, celebrado em 30 de agosto, \u00e9 crucial conscientizar a sociedade sobre essa complexa condi\u00e7\u00e3o neurol\u00f3gica que afeta milh\u00f5es de pessoas em todo o mundo. A esclerose m\u00faltipla \u00e9 uma doen\u00e7a autoimune cr\u00f4nica do sistema nervoso central que pode ter um impacto significativo na qualidade de vida dos pacientes.<\/p>&nbsp;&nbsp;\n<p>&nbsp;<\/p>\n<p>A doen\u00e7a ocorre quando o sistema imunol\u00f3gico do corpo ataca a mielina, a subst\u00e2ncia que envolve e protege as fibras nervosas no sistema nervoso central. Isso resulta em inflama\u00e7\u00e3o e danos \u00e0 mielina, causando interrup\u00e7\u00f5es na comunica\u00e7\u00e3o entre as c\u00e9lulas nervosas. Os sintomas da esclerose m\u00faltipla podem variar amplamente e incluem fadiga, fraqueza muscular, dificuldades de coordena\u00e7\u00e3o, problemas de vis\u00e3o e at\u00e9 mesmo problemas cognitivos e emocionais.<\/p>&nbsp;&nbsp;\n<p>&nbsp;<\/p>\n<p>Preval\u00eancia global e no Brasil<\/p>\n<p>&nbsp;<\/p>\n<p>Estima-se que mais de 2,8 milh\u00f5es de pessoas em todo o mundo sejam afetadas pela doen\u00e7a, com mais de 40 mil casos no Brasil, sendo a maioria entre adultos jovens, com idades entre 20 e 40 anos. Al\u00e9m disso, h\u00e1 uma predomin\u00e2ncia maior de casos em mulheres do que em homens, com uma propor\u00e7\u00e3o de aproximadamente 3 mulheres para cada 2 homens [1].<\/p>&nbsp;&nbsp;\n<p>&nbsp;<\/p>\n<p>Aumento de casos e causas potenciais<\/p>\n<p>&nbsp;<\/p>\n<p>Nos \u00faltimos anos, tem sido observado um aumento no n\u00famero de casos de esclerose m\u00faltipla em v\u00e1rias partes do mundo, incluindo o Brasil. Esse aumento tem levantado preocupa\u00e7\u00f5es e desafiado pesquisadores a investigar suas causas subjacentes.<\/p>&nbsp;&nbsp;\n<p>&nbsp;<\/p>\n<p>Na FIDI &#8211; Funda\u00e7\u00e3o Instituto de Pesquisa e Estudo de Diagn\u00f3stico por Imagem, institui\u00e7\u00e3o filantr\u00f3pica de sa\u00fade que realiza mais de 5 milh\u00f5es de exames por imagem anualmente -, o n\u00famero de achados nos exames, que podem indicar a doen\u00e7a ap\u00f3s a confirma\u00e7\u00e3o por meio de outros indicadores, vem aumentando ano a ano.<\/p>&nbsp;&nbsp;\n<p>&nbsp;<\/p>\n<p>Em 2020, eram realizados 209 exames para cada achado, o que significa quase 0,05% dos exames realizados. J\u00e1 em 2023, este n\u00famero praticamente dobrou, superando 0,1% dos exames realizados, com um achado para cada 99 exames.<\/p>&nbsp;&nbsp;\n<p>&nbsp;<\/p>\n<p>\u201cN\u00e3o existe um \u00fanico fator de risco para a doen\u00e7a, mas uma combina\u00e7\u00e3o de fatores associados que podem predispor ou atuar como gatilho, como predisposi\u00e7\u00e3o gen\u00e9tica, infec\u00e7\u00f5es virais, baixos n\u00edveis de vitamina D, exposi\u00e7\u00e3o ao tabagismo, obesidade\u201d, explica a Dra. Ivanete Minotto, m\u00e9dica radiologista e gerente m\u00e9dica da FIDI.<\/p>&nbsp;&nbsp;\n<p>&nbsp;<\/p>\n<p>Diagn\u00f3stico<\/p>\n<p>&nbsp;<\/p>\n<p>De acordo com a radiologista, os principais exames para detec\u00e7\u00e3o da esclerose m\u00faltipla s\u00e3o a resson\u00e2ncia magn\u00e9tica e a coleta de l\u00edquor. Outros exames laboratoriais, como exames de sangue, tamb\u00e9m s\u00e3o realizados, principalmente para afastar outras etiologias que possam levar a um padr\u00e3o cl\u00ednico ou de imagem semelhantes.<\/p>&nbsp;&nbsp;\n<p>&nbsp;<\/p>\n<p>\u201cExames de imagem t\u00eam papel essencial no diagn\u00f3stico da esclerose m\u00faltipla, principalmente a resson\u00e2ncia magn\u00e9tica de cr\u00e2nio e coluna, a qual tem maior especificidade no mapeamento das les\u00f5es, auxiliando no diagn\u00f3stico, na exclus\u00e3o de outras doen\u00e7as com caracter\u00edsticas semelhantes, auxiliando a avaliar a efic\u00e1cia do tratamento, progress\u00e3o ou estabiliza\u00e7\u00e3o da doen\u00e7a, entre outras fun\u00e7\u00f5es\u201d, completa a Dra. Ivanete Minotto.<\/p>&nbsp;&nbsp;\n<p>&nbsp;<\/p>\n<p>O principal desafio relacionado ao diagn\u00f3stico da doen\u00e7a \u00e9 a diferencia\u00e7\u00e3o de outras enfermidades desmielinizantes. \u201cPor isso, a descri\u00e7\u00e3o do quadro cl\u00ednico \u00e9 muito importante. Fazer o acompanhamento do n\u00famero de les\u00f5es, identificando o surgimento de novas les\u00f5es ou a presen\u00e7a de les\u00f5es ativas, \u00e9 fundamental para a confirma\u00e7\u00e3o do diagn\u00f3stico, para avaliar a forma da esclerose m\u00faltipla e para avaliar a efic\u00e1cia do tratamento. Para isso \u00e9 necess\u00e1rio sempre realizar a compara\u00e7\u00e3o com exames anteriores\u201d, explica a Dra. Minotto.<\/p>&nbsp;&nbsp;\n<p>&nbsp;<\/p>\n<p>Tratamento e reabilita\u00e7\u00e3o<\/p>\n<p>&nbsp;<\/p>\n<p>O tratamento para a esclerose m\u00faltipla varia de acordo com o est\u00e1gio da doen\u00e7a, a gravidade dos sintomas e as caracter\u00edsticas individuais do paciente. Geralmente, os objetivos do tratamento s\u00e3o controlar os sintomas, retardar a progress\u00e3o da doen\u00e7a, reduzir as recorr\u00eancias de surtos e melhorar a qualidade de vida dos pacientes, podendo envolver uma abordagem multidisciplinar, que inclui medicamentos, terapias, modifica\u00e7\u00f5es no estilo de vida e apoio psicossocial.<\/p>&nbsp;&nbsp;\n<p>&nbsp;<\/p>\n<p>Entre as terapias f\u00edsicas e de reabilita\u00e7\u00e3o, a fisioterapia ajuda a melhorar a for\u00e7a muscular, a coordena\u00e7\u00e3o e a mobilidade; a terapia ocupacional ajuda a desenvolver habilidades para lidar com as atividades di\u00e1rias e a manter a independ\u00eancia; a fonoaudiologia pode ser \u00fatil para problemas de fala e degluti\u00e7\u00e3o; e a terapia de controle da espasticidade inclui exerc\u00edcios e t\u00e9cnicas para aliviar a rigidez muscular.<\/p>&nbsp;&nbsp;\n<p>&nbsp;<\/p>\n<p>Em rela\u00e7\u00e3o ao estilo de vida, manter-se ativo tamb\u00e9m pode ajudar a melhorar a for\u00e7a muscular, a flexibilidade e a sa\u00fade geral, assim como uma dieta balanceada e saud\u00e1vel pode contribuir para o bem-estar geral e a sa\u00fade do sistema imunol\u00f3gico. Al\u00e9m disso, a gest\u00e3o do estresse, com pr\u00e1ticas como medita\u00e7\u00e3o e ioga, pode ser muito ben\u00e9fica.<\/p>&nbsp;&nbsp;\n<p>&nbsp;<\/p>\n<p>A esclerose m\u00faltipla tamb\u00e9m pode causar impacto emocional, e a terapia com psic\u00f3logo pode ajudar o paciente a lidar com o estresse e a ansiedade. Al\u00e9m disso, participar de grupos de pacientes pode proporcionar um espa\u00e7o para compartilhar experi\u00eancias e dicas pr\u00e1ticas.<\/p>&nbsp;&nbsp;\n<p>&nbsp;<\/p>\n<p>\u00c9 importante ressaltar que o tratamento para a esclerose m\u00faltipla \u00e9 altamente personalizado. Cada paciente \u00e9 \u00fanico e pode responder de maneira diferente \u00e0s op\u00e7\u00f5es de tratamento. Portanto, \u00e9 fundamental que os pacientes trabalhem em conjunto com seus m\u00e9dicos para desenvolver um plano de tratamento adequado \u00e0s suas necessidades espec\u00edficas. Al\u00e9m disso, a pesquisa cont\u00ednua na \u00e1rea est\u00e1 trazendo avan\u00e7os promissores no tratamento da doen\u00e7a, o que pode resultar em melhores op\u00e7\u00f5es no futuro.<\/p>&nbsp;&nbsp;\n<p>&nbsp;<\/p>\n<p>Informa\u00e7\u00e3o salva vidas<\/p>\n<p>&nbsp;<\/p>\n<p>\u00c0 medida que o Dia Nacional de Conscientiza\u00e7\u00e3o Sobre a Esclerose M\u00faltipla \u00e9 reconhecido, \u00e9 fundamental aumentar a conscientiza\u00e7\u00e3o sobre a doen\u00e7a, seus sintomas e tratamentos dispon\u00edveis. O apoio cont\u00ednuo \u00e0 pesquisa \u00e9 fundamental para entender as causas subjacentes do aumento de casos e desenvolver estrat\u00e9gias de preven\u00e7\u00e3o mais eficazes. A esclerose m\u00faltipla n\u00e3o apenas afeta os pacientes diretamente, mas tamb\u00e9m suas fam\u00edlias e cuidadores, tornando crucial a busca por melhores op\u00e7\u00f5es de tratamento e maneiras de minimizar seu impacto na sociedade.<\/p>&nbsp;&nbsp;\n<p>&nbsp;<\/p>\n<p>Refer\u00eancia<\/p>\n<p>&nbsp;<\/p>\n<h3>[1] Minist\u00e9rio da Sa\u00fade do Brasil &#8211; Dispon\u00edvel em: <a href=\"https:\/\/bvsms.saude.gov.br\/eu-me-conecto-nos-nos-conectamos-30-5-dia-mundial-da-esclerose-multipla\/\u00a0\">bvsms.saude.gov.br\/eu-me-conecto-nos-nos-conectamos-30-5-dia-mundial-da-esclerose-multipla\/\u00a0<\/a><\/h3>\n<p><!-- htmlmin:ignore --><\/p>\n<\/div>\n<\/td>\n<\/tr>\n<\/tbody>\n<\/table>\n<\/td>\n<\/tr>\n<\/tbody>\n<\/table>\n<\/div>\n<p><!-- [if mso | IE]><\/td>\n\n\n<\/tr>\n\n\n<\/table>\n\n\n<![endif]--><\/td>\n<\/tr>\n<\/tbody>\n<\/table>\n<\/div>\n<\/div>\n<p><!-- [if mso | IE]><\/td>\n\n\n<\/tr>\n\n\n<\/table>\n\n\n\n\n<table align=\"center\" border=\"0\" cellpadding=\"0\" cellspacing=\"0\" class=\"cols_1-outlook 1589473381732-outlook ip-section-outlook\" role=\"presentation\" style=\"width:600px;\" width=\"600\" bgcolor=\"#ffffff\" >\n\n\n<tr>\n\n\n<td style=\"line-height:0px;font-size:0px;mso-line-height-rule:exactly;\"><![endif]--><\/p>\n<div>\n<div>\n<table role=\"presentation\" border=\"0\" cellspacing=\"0\" cellpadding=\"0\" align=\"center\">\n<tbody>\n<tr>\n<td><!-- [if mso | IE]>\n\n\n<table role=\"presentation\" border=\"0\" cellpadding=\"0\" cellspacing=\"0\">\n\n\n<tr>\n\n\n<td class=\"ip-column-outlook -outlook\" style=\"vertical-align:top;width:592px;\" ><![endif]--><\/p>\n<div>\n<table role=\"presentation\" border=\"0\" width=\"100%\" cellspacing=\"0\" cellpadding=\"0\">\n<tbody>\n<tr>\n<td>\n<table role=\"presentation\" border=\"0\" width=\"100%\" cellspacing=\"0\" cellpadding=\"0\">\n<tbody>\n<tr>\n<td align=\"left\">\n<div>\n<p><!-- htmlmin:ignore --><\/p>\n<p><!-- Este texto tem o apoio do Sistema ECOMPARE de lojas virtuais:<\/p>\n<p>&nbsp;<\/p>\n<p>Juliana Souza: <a href=\"mailto:juliana.souza@agenciafr.com.br\">juliana.souza@agenciafr.com.br<\/a> \/ (11) 96287-6723<\/p>\n<p>Gabriele Silva: <a href=\"mailto:gabriele.silva@agenciafr.com.br\">gabriele.silva@agenciafr.com.br<\/a> \/ (16) 99623-2823<\/p>\n<p><!-- htmlmin:ignore --><\/p>\n<\/div>\n<\/td>\n<\/tr>\n<\/tbody>\n<\/table>\n<\/td>\n<\/tr>\n<\/tbody>\n<\/table>\n<\/div>\n<p><!-- [if mso | IE]><\/td>\n\n\n<\/tr>\n\n\n<\/table>\n\n\n<![endif]--><\/td>\n<\/tr>\n<\/tbody>\n<\/table>\n<\/div>\n<\/div>\n<p><!-- [if mso | IE]><\/td>\n\n\n<\/tr>\n\n\n<\/table>\n\n\n\n\n<table align=\"center\" border=\"0\" cellpadding=\"0\" cellspacing=\"0\" class=\"cols_1-outlook 1589473634995-outlook ip-section-outlook\" role=\"presentation\" style=\"width:600px;\" width=\"600\" bgcolor=\"#ffffff\" >\n\n\n<tr>\n\n\n<td style=\"line-height:0px;font-size:0px;mso-line-height-rule:exactly;\"><![endif]--><\/p>\n<div>\n<div>\n<table role=\"presentation\" border=\"0\" cellspacing=\"0\" cellpadding=\"0\" align=\"center\">\n<tbody>\n<tr>\n<td><!-- [if mso | IE]>\n\n\n<table role=\"presentation\" border=\"0\" cellpadding=\"0\" cellspacing=\"0\">\n\n\n<tr>\n\n\n<td class=\"ip-column-outlook -outlook\" style=\"vertical-align:top;width:592px;\" ><![endif]--><\/p>\n<div>\n<table role=\"presentation\" border=\"0\" width=\"100%\" cellspacing=\"0\" cellpadding=\"0\">\n<tbody>\n<tr>\n<td>\n<table role=\"presentation\" border=\"0\" width=\"100%\" cellspacing=\"0\" cellpadding=\"0\">\n<tbody>\n<tr>\n<td align=\"center\"><!-- [if mso | IE]>\n\n\n<table align=\"center\" border=\"0\" cellpadding=\"0\" cellspacing=\"0\" style=\"border-top:solid 1px #C5C5C5;font-size:1px;margin:0px auto;width:584px;\" role=\"presentation\" width=\"584px\" >\n\n\n<tr>\n\n\n<td style=\"height:0;line-height:0;\"> &nbsp;<\/td>\n\n\n<\/tr>\n\n\n<\/table>\n\n\n<![endif]--><\/td>\n<\/tr>\n<\/tbody>\n<\/table>\n<\/td>\n<\/tr>\n<\/tbody>\n<\/table>\n<\/div>\n<p><!-- [if mso | IE]><\/td>\n\n\n<\/tr>\n\n\n<\/table>\n\n\n<![endif]--><\/td>\n<\/tr>\n<\/tbody>\n<\/table>\n<\/div>\n<\/div>\n<p><!-- [if mso | IE]><\/td>\n\n\n<\/tr>\n\n\n<\/table>\n\n\n<![endif]--><\/p>\n<\/div>\n<div><img decoding=\"async\" src=\"data:image\/gif;base64,R0lGODlhAQABAIAAAAAAAP\/\/\/ywAAAAAAQABAAACAUwAOw==\" fifu-lazy=\"1\" fifu-data-sizes=\"auto\" fifu-data-srcset=\"https:&lt;a href=?w=75&resize=75&ssl=1 75w, https:&lt;a href=?w=100&resize=100&ssl=1 100w, https:&lt;a href=?w=150&resize=150&ssl=1 150w, https:&lt;a href=?w=240&resize=240&ssl=1 240w, https:&lt;a href=?w=320&resize=320&ssl=1 320w, https:&lt;a href=?w=500&resize=500&ssl=1 500w, https:&lt;a href=?w=640&resize=640&ssl=1 640w, https:&lt;a href=?w=800&resize=800&ssl=1 800w, https:&lt;a href=?w=1024&resize=1024&ssl=1 1024w, https:&lt;a href=?w=1280&resize=1280&ssl=1 1280w, https:&lt;a href=?w=1600&resize=1600&ssl=1 1600w\" fifu-data-src=\"https:<a href=\" \/>Registro: b66f5650-2920-4591-e6ec-08db9284b468\/83288b97-4297-4165-cec0-08d7c5ff26d1\/redacao@redepress.com.br\/True&#8221; style=&#8221;visibility:hidden;&#8221;&gt;<\/div>\n<p>Se voc\ufffd n\ufffdo deseja mais receber e-mails nossos,<a href=\"7\/b66f5650-2920-4591-e6ec-08db9284b468\/83288b97-4297-4165-cec0-08d7c5ff26d1\/redacao@redepress.com.br\/True\">cancele sua inscri\ufffd\ufffdo aqui.<\/a><\/p>\n<\/div>\n<\/div>\n","protected":false},"excerpt":{"rendered":"<p>&nbsp; &nbsp; &nbsp; Aumento de casos preocupa especialistas; saiba como evitar, identificar e tratar a&#8230;<\/p>\n","protected":false},"author":1,"featured_media":0,"comment_status":"closed","ping_status":"closed","sticky":false,"template":"","format":"standard","meta":{"fifu_image_url":"","fifu_image_alt":"","footnotes":""},"categories":[727],"tags":[58,12885],"class_list":["post-106650","post","type-post","status-publish","format-standard","hentry","category-noticias","tag-noticias","tag-verdeamarelo","wpcat-727-id"],"_links":{"self":[{"href":"https:\/\/verde-amarelo.net\/verdeamarelo\/wp-json\/wp\/v2\/posts\/106650","targetHints":{"allow":["GET"]}}],"collection":[{"href":"https:\/\/verde-amarelo.net\/verdeamarelo\/wp-json\/wp\/v2\/posts"}],"about":[{"href":"https:\/\/verde-amarelo.net\/verdeamarelo\/wp-json\/wp\/v2\/types\/post"}],"author":[{"embeddable":true,"href":"https:\/\/verde-amarelo.net\/verdeamarelo\/wp-json\/wp\/v2\/users\/1"}],"replies":[{"embeddable":true,"href":"https:\/\/verde-amarelo.net\/verdeamarelo\/wp-json\/wp\/v2\/comments?post=106650"}],"version-history":[{"count":0,"href":"https:\/\/verde-amarelo.net\/verdeamarelo\/wp-json\/wp\/v2\/posts\/106650\/revisions"}],"wp:attachment":[{"href":"https:\/\/verde-amarelo.net\/verdeamarelo\/wp-json\/wp\/v2\/media?parent=106650"}],"wp:term":[{"taxonomy":"category","embeddable":true,"href":"https:\/\/verde-amarelo.net\/verdeamarelo\/wp-json\/wp\/v2\/categories?post=106650"},{"taxonomy":"post_tag","embeddable":true,"href":"https:\/\/verde-amarelo.net\/verdeamarelo\/wp-json\/wp\/v2\/tags?post=106650"}],"curies":[{"name":"wp","href":"https:\/\/api.w.org\/{rel}","templated":true}]}}