{"id":106651,"date":"2023-08-28T13:00:38","date_gmt":"2023-08-28T16:00:38","guid":{"rendered":"https:\/\/verde-amarelo.net\/verdeamarelo\/?p=106651"},"modified":"2023-08-28T20:49:23","modified_gmt":"2023-08-28T23:49:23","slug":"avatim-abre-sua-primeira-loja-na-europa","status":"publish","type":"post","link":"https:\/\/verde-amarelo.net\/verdeamarelo\/2023\/08\/avatim-abre-sua-primeira-loja-na-europa\/","title":{"rendered":"Avatim abre sua primeira loja na Europa"},"content":{"rendered":"<div class=\"postie-post\">\n<div>\n<p>&nbsp;<\/p>\n<div style=\"font-family: Arial; font-size: 10pt;\">\n<div style=\"text-align: left;\">\n<p style=\"text-align: center;\"><img decoding=\"async\" src=\"data:image\/gif;base64,R0lGODlhAQABAIAAAAAAAP\/\/\/ywAAAAAAQABAAACAUwAOw==\" fifu-lazy=\"1\" fifu-data-sizes=\"auto\" fifu-data-srcset=\"https:\/\/i1.wp.com\/files.pressmanager.net\/clientes\/a7b0cefc015d0e534f3129638bac902c\/imagens\/2023\/08\/28\/833ef252989700457db8cedde560258e_medium.jpg?ssl=1&w=75&resize=75&ssl=1 75w, https:\/\/i1.wp.com\/files.pressmanager.net\/clientes\/a7b0cefc015d0e534f3129638bac902c\/imagens\/2023\/08\/28\/833ef252989700457db8cedde560258e_medium.jpg?ssl=1&w=100&resize=100&ssl=1 100w, https:\/\/i1.wp.com\/files.pressmanager.net\/clientes\/a7b0cefc015d0e534f3129638bac902c\/imagens\/2023\/08\/28\/833ef252989700457db8cedde560258e_medium.jpg?ssl=1&w=150&resize=150&ssl=1 150w, https:\/\/i1.wp.com\/files.pressmanager.net\/clientes\/a7b0cefc015d0e534f3129638bac902c\/imagens\/2023\/08\/28\/833ef252989700457db8cedde560258e_medium.jpg?ssl=1&w=240&resize=240&ssl=1 240w, https:\/\/i1.wp.com\/files.pressmanager.net\/clientes\/a7b0cefc015d0e534f3129638bac902c\/imagens\/2023\/08\/28\/833ef252989700457db8cedde560258e_medium.jpg?ssl=1&w=320&resize=320&ssl=1 320w, https:\/\/i1.wp.com\/files.pressmanager.net\/clientes\/a7b0cefc015d0e534f3129638bac902c\/imagens\/2023\/08\/28\/833ef252989700457db8cedde560258e_medium.jpg?ssl=1&w=500&resize=500&ssl=1 500w, https:\/\/i1.wp.com\/files.pressmanager.net\/clientes\/a7b0cefc015d0e534f3129638bac902c\/imagens\/2023\/08\/28\/833ef252989700457db8cedde560258e_medium.jpg?ssl=1&w=640&resize=640&ssl=1 640w, https:\/\/i1.wp.com\/files.pressmanager.net\/clientes\/a7b0cefc015d0e534f3129638bac902c\/imagens\/2023\/08\/28\/833ef252989700457db8cedde560258e_medium.jpg?ssl=1&w=800&resize=800&ssl=1 800w, https:\/\/i1.wp.com\/files.pressmanager.net\/clientes\/a7b0cefc015d0e534f3129638bac902c\/imagens\/2023\/08\/28\/833ef252989700457db8cedde560258e_medium.jpg?ssl=1&w=1024&resize=1024&ssl=1 1024w, https:\/\/i1.wp.com\/files.pressmanager.net\/clientes\/a7b0cefc015d0e534f3129638bac902c\/imagens\/2023\/08\/28\/833ef252989700457db8cedde560258e_medium.jpg?ssl=1&w=1280&resize=1280&ssl=1 1280w, https:\/\/i1.wp.com\/files.pressmanager.net\/clientes\/a7b0cefc015d0e534f3129638bac902c\/imagens\/2023\/08\/28\/833ef252989700457db8cedde560258e_medium.jpg?ssl=1&w=1600&resize=1600&ssl=1 1600w\" fifu-data-src=\"https:\/\/i1.wp.com\/files.pressmanager.net\/clientes\/a7b0cefc015d0e534f3129638bac902c\/imagens\/2023\/08\/28\/833ef252989700457db8cedde560258e_medium.jpg?ssl=1\" alt=\"\" border=\"0\" \/><\/p>\n<p style=\"font-size: 12pt; text-align: center;\"><i>Marca de cosm\u00e9ticos e perfumaria traz inspira\u00e7\u00e3o das florestas brasileiras<\/i><\/p>\n<div style=\"text-align: justify; font-size: 11pt;\">\n<p>A marca brasileira de cosm\u00e9ticos e perfumaria Avatim abriu sua primeira loja fora do pa\u00eds de origem. A unidade foi inaugurada na \u00faltima sexta-feira (25), no Shopping Saldanha Residence, em Lisboa, Portugal. A empresa busca inspira\u00e7\u00e3o na biodiversidade do Brasil para desenvolver os mais de 400 itens do seu portf\u00f3lio atual, que inclui produtos de cuidados com o corpo e ambiente.<\/p>&nbsp;&nbsp;\n<p>A internacionaliza\u00e7\u00e3o da Avatim j\u00e1 faz parte da estrat\u00e9gia de expans\u00e3o da marca h\u00e1 algum tempo. No primeiro semestre deste ano, a empresa abriu, em Cascais, o Office Avatim. O espa\u00e7o funciona como ponto de capta\u00e7\u00e3o e apoio a revendedores da marca em Portugal, al\u00e9m de poder comercializar os produtos para o consumidor final. &#8220;Escolhemos Portugal pela proximidade cultural com o Brasil e por considerarmos o pa\u00eds como &#8216;porta de entrada&#8217; para a Europa. Al\u00e9m disso, a extensa comunidade brasileira em Portugal, que j\u00e1 conhece nossos produtos, pode nos ajudar a difundir a qualidade da marca&#8221;, pontua M\u00f4nica Burgos, s\u00f3cia-fundadora da Avatim.<\/p>&nbsp;&nbsp;\n<p>O pr\u00f3ximo passo ser\u00e1 a abertura de um quiosque Avatim no Shopping Vasco da Gama, que deve ocorrer entre setembro e outubro deste ano. Os investimentos em todas essas opera\u00e7\u00f5es em Lisboa somam aproximadamente 1 milh\u00e3o de euros.<\/p>&nbsp;&nbsp;\n<p><strong>Sustentabilidade<\/strong><\/p>\n<p>O movimento da busca pela sustentabilidade sempre esteve presente no posicionamento estrat\u00e9gico da Avatim. &#8220;O avan\u00e7o da tecnologia e a possibilidade de utilizamos mais mat\u00e9rias-primas produzidas no Brasil \u2013 com selos I&#8217;m green, CO2 Free, sem crueldade animal, entre outros \u2013 t\u00eam nos permitido avan\u00e7ar cada vez mais na implementa\u00e7\u00e3o de a\u00e7\u00f5es para corroborar com esses nossos anseios. Al\u00e9m da redu\u00e7\u00e3o do uso de pl\u00e1sticos em todo o processo produtivo, procuramos garantir a rastreabilidade dos ativos que utilizamos, ampliamos nossa oferta de produtos veganos \u2013 que hoje representa mais de 90% do nosso portf\u00f3lio \u2013 e neutralizamos toda a emiss\u00e3o de carbono atrav\u00e9s do projeto Green Farm Co2 Free&#8221;, destaca Cesar F\u00e1vero, s\u00f3cio-fundador da empresa.<\/p>&nbsp;&nbsp;\n<p>Os produtos da Avatim n\u00e3o s\u00e3o testados em animais e n\u00e3o possuem parabenos. A empresa est\u00e1 constantemente investindo e adaptando as embalagens PET com tecnologia biodegrad\u00e1vel. A empresa mant\u00e9m o foco na redu\u00e7\u00e3o dos impactos ambientais para fazer do planeta justamente o que a Avatim transmite: um ref\u00fagio de boas sensa\u00e7\u00f5es, para esta e para as gera\u00e7\u00f5es que est\u00e3o por vir.<\/p>&nbsp;&nbsp;\n<p>Atualmente, a Avatim tem 250 lojas em 26 capitais e interior do Brasil, al\u00e9m de uma rede com mais de 3 mil revendedores e distribuidores. &#8220;A expectativa \u00e9 abrir mais 50 lojas em 2024, sendo 45 no Brasil e mais 5 unidades na Europa&#8221;, revela Cesar F\u00e1vero, ressaltando ainda que a empresa ir\u00e1 captar franqueados no continente europeu.<\/p>&nbsp;&nbsp;\n<\/div>\n<\/div>\n<p>&nbsp;<\/p>\n<p style=\"font-size: 12pt; font-weight: bold;\">\n<table style=\"background-color: white;\" border=\"0\">\n<tbody>\n<tr>\n<td style=\"font-family: Arial; font-size: 10pt; text-align: center;\"><a href=\"https:\/\/imagens.pressmanager.net\/download?foto_id=4486744&amp;release_id=525612&amp;did=1091158773&amp;envio_id=1472524&amp;hash=15941cccaae46ac011beb5d98e56b8d3\"><img decoding=\"async\" src=\"data:image\/gif;base64,R0lGODlhAQABAIAAAAAAAP\/\/\/ywAAAAAAQABAAACAUwAOw==\" fifu-lazy=\"1\" fifu-data-sizes=\"auto\" fifu-data-srcset=\"https:\/\/i3.wp.com\/files.pressmanager.net\/clientes\/a7b0cefc015d0e534f3129638bac902c\/imagens\/2023\/08\/28\/833ef252989700457db8cedde560258e_small.jpg?ssl=1&w=75&resize=75&ssl=1 75w, https:\/\/i3.wp.com\/files.pressmanager.net\/clientes\/a7b0cefc015d0e534f3129638bac902c\/imagens\/2023\/08\/28\/833ef252989700457db8cedde560258e_small.jpg?ssl=1&w=100&resize=100&ssl=1 100w, https:\/\/i3.wp.com\/files.pressmanager.net\/clientes\/a7b0cefc015d0e534f3129638bac902c\/imagens\/2023\/08\/28\/833ef252989700457db8cedde560258e_small.jpg?ssl=1&w=150&resize=150&ssl=1 150w, https:\/\/i3.wp.com\/files.pressmanager.net\/clientes\/a7b0cefc015d0e534f3129638bac902c\/imagens\/2023\/08\/28\/833ef252989700457db8cedde560258e_small.jpg?ssl=1&w=240&resize=240&ssl=1 240w, https:\/\/i3.wp.com\/files.pressmanager.net\/clientes\/a7b0cefc015d0e534f3129638bac902c\/imagens\/2023\/08\/28\/833ef252989700457db8cedde560258e_small.jpg?ssl=1&w=320&resize=320&ssl=1 320w, https:\/\/i3.wp.com\/files.pressmanager.net\/clientes\/a7b0cefc015d0e534f3129638bac902c\/imagens\/2023\/08\/28\/833ef252989700457db8cedde560258e_small.jpg?ssl=1&w=500&resize=500&ssl=1 500w, https:\/\/i3.wp.com\/files.pressmanager.net\/clientes\/a7b0cefc015d0e534f3129638bac902c\/imagens\/2023\/08\/28\/833ef252989700457db8cedde560258e_small.jpg?ssl=1&w=640&resize=640&ssl=1 640w, https:\/\/i3.wp.com\/files.pressmanager.net\/clientes\/a7b0cefc015d0e534f3129638bac902c\/imagens\/2023\/08\/28\/833ef252989700457db8cedde560258e_small.jpg?ssl=1&w=800&resize=800&ssl=1 800w, https:\/\/i3.wp.com\/files.pressmanager.net\/clientes\/a7b0cefc015d0e534f3129638bac902c\/imagens\/2023\/08\/28\/833ef252989700457db8cedde560258e_small.jpg?ssl=1&w=1024&resize=1024&ssl=1 1024w, https:\/\/i3.wp.com\/files.pressmanager.net\/clientes\/a7b0cefc015d0e534f3129638bac902c\/imagens\/2023\/08\/28\/833ef252989700457db8cedde560258e_small.jpg?ssl=1&w=1280&resize=1280&ssl=1 1280w, https:\/\/i3.wp.com\/files.pressmanager.net\/clientes\/a7b0cefc015d0e534f3129638bac902c\/imagens\/2023\/08\/28\/833ef252989700457db8cedde560258e_small.jpg?ssl=1&w=1600&resize=1600&ssl=1 1600w\" fifu-data-src=\"https:\/\/i3.wp.com\/files.pressmanager.net\/clientes\/a7b0cefc015d0e534f3129638bac902c\/imagens\/2023\/08\/28\/833ef252989700457db8cedde560258e_small.jpg?ssl=1\" alt=\"M\u00f4nica Burgos e Cesar F\u00e1vero inauguram loja Avatim em Lisboa\" border=\"0\" vspace=\"2\" \/><\/a><br \/>\nM\u00f4nica Burgos e Cesar F\u00e1vero inauguram loja Avatim em Lisboa<br \/>\n<i>Marilia Jacobson\/Garoa<\/i><br \/>\n<a style=\"color: #008cea;\" href=\"https:\/\/imagens.pressmanager.net\/download?foto_id=4486744&amp;release_id=525612&amp;did=1091158773&amp;envio_id=1472524&amp;hash=15941cccaae46ac011beb5d98e56b8d3\"<\/a><\/td>\n<\/tr>\n<tr>\n<td style=\"font-family: Arial; font-size: 10pt; text-align: center;\"><a href=\"https:\/\/imagens.pressmanager.net\/download?foto_id=4486755&amp;release_id=525612&amp;did=1091158773&amp;envio_id=1472524&amp;hash=15941cccaae46ac011beb5d98e56b8d3\"><img decoding=\"async\" src=\"data:image\/gif;base64,R0lGODlhAQABAIAAAAAAAP\/\/\/ywAAAAAAQABAAACAUwAOw==\" fifu-lazy=\"1\" fifu-data-sizes=\"auto\" fifu-data-srcset=\"https:\/\/i0.wp.com\/files.pressmanager.net\/clientes\/a7b0cefc015d0e534f3129638bac902c\/imagens\/2023\/08\/28\/a40698442bd4093bc4103f11cf78812d_small.jpg?ssl=1&w=75&resize=75&ssl=1 75w, https:\/\/i0.wp.com\/files.pressmanager.net\/clientes\/a7b0cefc015d0e534f3129638bac902c\/imagens\/2023\/08\/28\/a40698442bd4093bc4103f11cf78812d_small.jpg?ssl=1&w=100&resize=100&ssl=1 100w, https:\/\/i0.wp.com\/files.pressmanager.net\/clientes\/a7b0cefc015d0e534f3129638bac902c\/imagens\/2023\/08\/28\/a40698442bd4093bc4103f11cf78812d_small.jpg?ssl=1&w=150&resize=150&ssl=1 150w, https:\/\/i0.wp.com\/files.pressmanager.net\/clientes\/a7b0cefc015d0e534f3129638bac902c\/imagens\/2023\/08\/28\/a40698442bd4093bc4103f11cf78812d_small.jpg?ssl=1&w=240&resize=240&ssl=1 240w, https:\/\/i0.wp.com\/files.pressmanager.net\/clientes\/a7b0cefc015d0e534f3129638bac902c\/imagens\/2023\/08\/28\/a40698442bd4093bc4103f11cf78812d_small.jpg?ssl=1&w=320&resize=320&ssl=1 320w, https:\/\/i0.wp.com\/files.pressmanager.net\/clientes\/a7b0cefc015d0e534f3129638bac902c\/imagens\/2023\/08\/28\/a40698442bd4093bc4103f11cf78812d_small.jpg?ssl=1&w=500&resize=500&ssl=1 500w, https:\/\/i0.wp.com\/files.pressmanager.net\/clientes\/a7b0cefc015d0e534f3129638bac902c\/imagens\/2023\/08\/28\/a40698442bd4093bc4103f11cf78812d_small.jpg?ssl=1&w=640&resize=640&ssl=1 640w, https:\/\/i0.wp.com\/files.pressmanager.net\/clientes\/a7b0cefc015d0e534f3129638bac902c\/imagens\/2023\/08\/28\/a40698442bd4093bc4103f11cf78812d_small.jpg?ssl=1&w=800&resize=800&ssl=1 800w, https:\/\/i0.wp.com\/files.pressmanager.net\/clientes\/a7b0cefc015d0e534f3129638bac902c\/imagens\/2023\/08\/28\/a40698442bd4093bc4103f11cf78812d_small.jpg?ssl=1&w=1024&resize=1024&ssl=1 1024w, https:\/\/i0.wp.com\/files.pressmanager.net\/clientes\/a7b0cefc015d0e534f3129638bac902c\/imagens\/2023\/08\/28\/a40698442bd4093bc4103f11cf78812d_small.jpg?ssl=1&w=1280&resize=1280&ssl=1 1280w, https:\/\/i0.wp.com\/files.pressmanager.net\/clientes\/a7b0cefc015d0e534f3129638bac902c\/imagens\/2023\/08\/28\/a40698442bd4093bc4103f11cf78812d_small.jpg?ssl=1&w=1600&resize=1600&ssl=1 1600w\" fifu-data-src=\"https:\/\/i0.wp.com\/files.pressmanager.net\/clientes\/a7b0cefc015d0e534f3129638bac902c\/imagens\/2023\/08\/28\/a40698442bd4093bc4103f11cf78812d_small.jpg?ssl=1\" alt=\"Evento de inaugura\u00e7\u00e3o da loja Avatim Lisboa aconteceu na \u00faltima sexta-feira (25)\" border=\"0\" vspace=\"2\" \/><\/a><br \/>\nEvento de inaugura\u00e7\u00e3o da loja Avatim Lisboa aconteceu na \u00faltima sexta-feira (25)<br \/>\n<i>Marilia Jacobson\/Garoa<\/i><br \/>\n<a style=\"color: #008cea;\" href=\"https:\/\/imagens.pressmanager.net\/download?foto_id=4486755&amp;release_id=525612&amp;did=1091158773&amp;envio_id=1472524&amp;hash=15941cccaae46ac011beb5d98e56b8d3\"<\/a><\/td>\n<\/tr>\n<tr>\n<td style=\"font-family: Arial; font-size: 10pt; text-align: center;\"><a href=\"https:\/\/imagens.pressmanager.net\/download?foto_id=4486767&amp;release_id=525612&amp;did=1091158773&amp;envio_id=1472524&amp;hash=15941cccaae46ac011beb5d98e56b8d3\"><img decoding=\"async\" src=\"data:image\/gif;base64,R0lGODlhAQABAIAAAAAAAP\/\/\/ywAAAAAAQABAAACAUwAOw==\" fifu-lazy=\"1\" fifu-data-sizes=\"auto\" fifu-data-srcset=\"https:\/\/i1.wp.com\/files.pressmanager.net\/clientes\/a7b0cefc015d0e534f3129638bac902c\/imagens\/2023\/08\/28\/c5ed679e17e543ff73c48a7a187d691f_small.jpg?ssl=1&w=75&resize=75&ssl=1 75w, https:\/\/i1.wp.com\/files.pressmanager.net\/clientes\/a7b0cefc015d0e534f3129638bac902c\/imagens\/2023\/08\/28\/c5ed679e17e543ff73c48a7a187d691f_small.jpg?ssl=1&w=100&resize=100&ssl=1 100w, https:\/\/i1.wp.com\/files.pressmanager.net\/clientes\/a7b0cefc015d0e534f3129638bac902c\/imagens\/2023\/08\/28\/c5ed679e17e543ff73c48a7a187d691f_small.jpg?ssl=1&w=150&resize=150&ssl=1 150w, https:\/\/i1.wp.com\/files.pressmanager.net\/clientes\/a7b0cefc015d0e534f3129638bac902c\/imagens\/2023\/08\/28\/c5ed679e17e543ff73c48a7a187d691f_small.jpg?ssl=1&w=240&resize=240&ssl=1 240w, https:\/\/i1.wp.com\/files.pressmanager.net\/clientes\/a7b0cefc015d0e534f3129638bac902c\/imagens\/2023\/08\/28\/c5ed679e17e543ff73c48a7a187d691f_small.jpg?ssl=1&w=320&resize=320&ssl=1 320w, https:\/\/i1.wp.com\/files.pressmanager.net\/clientes\/a7b0cefc015d0e534f3129638bac902c\/imagens\/2023\/08\/28\/c5ed679e17e543ff73c48a7a187d691f_small.jpg?ssl=1&w=500&resize=500&ssl=1 500w, https:\/\/i1.wp.com\/files.pressmanager.net\/clientes\/a7b0cefc015d0e534f3129638bac902c\/imagens\/2023\/08\/28\/c5ed679e17e543ff73c48a7a187d691f_small.jpg?ssl=1&w=640&resize=640&ssl=1 640w, https:\/\/i1.wp.com\/files.pressmanager.net\/clientes\/a7b0cefc015d0e534f3129638bac902c\/imagens\/2023\/08\/28\/c5ed679e17e543ff73c48a7a187d691f_small.jpg?ssl=1&w=800&resize=800&ssl=1 800w, https:\/\/i1.wp.com\/files.pressmanager.net\/clientes\/a7b0cefc015d0e534f3129638bac902c\/imagens\/2023\/08\/28\/c5ed679e17e543ff73c48a7a187d691f_small.jpg?ssl=1&w=1024&resize=1024&ssl=1 1024w, https:\/\/i1.wp.com\/files.pressmanager.net\/clientes\/a7b0cefc015d0e534f3129638bac902c\/imagens\/2023\/08\/28\/c5ed679e17e543ff73c48a7a187d691f_small.jpg?ssl=1&w=1280&resize=1280&ssl=1 1280w, https:\/\/i1.wp.com\/files.pressmanager.net\/clientes\/a7b0cefc015d0e534f3129638bac902c\/imagens\/2023\/08\/28\/c5ed679e17e543ff73c48a7a187d691f_small.jpg?ssl=1&w=1600&resize=1600&ssl=1 1600w\" fifu-data-src=\"https:\/\/i1.wp.com\/files.pressmanager.net\/clientes\/a7b0cefc015d0e534f3129638bac902c\/imagens\/2023\/08\/28\/c5ed679e17e543ff73c48a7a187d691f_small.jpg?ssl=1\" alt=\"Primeira loja Avatim fora do Brasil fica no Shopping Saldanha Residence, em Lisboa\" border=\"0\" vspace=\"2\" \/><\/a><br \/>\nPrimeira loja Avatim fora do Brasil fica no Shopping Saldanha Residence, em Lisboa<br \/>\n<i>Marilia Jacobson\/Garoa<\/i><br \/>\n<a style=\"color: #008cea;\" href=\"https:\/\/imagens.pressmanager.net\/download?foto_id=4486767&amp;release_id=525612&amp;did=1091158773&amp;envio_id=1472524&amp;hash=15941cccaae46ac011beb5d98e56b8d3\"<\/a><\/td>\n<\/tr>\n<tr>\n<td style=\"font-family: Arial; font-size: 10pt; text-align: center;\"><a href=\"https:\/\/imagens.pressmanager.net\/download?foto_id=4486774&amp;release_id=525612&amp;did=1091158773&amp;envio_id=1472524&amp;hash=15941cccaae46ac011beb5d98e56b8d3\"><img decoding=\"async\" src=\"data:image\/gif;base64,R0lGODlhAQABAIAAAAAAAP\/\/\/ywAAAAAAQABAAACAUwAOw==\" fifu-lazy=\"1\" fifu-data-sizes=\"auto\" fifu-data-srcset=\"https:\/\/i3.wp.com\/files.pressmanager.net\/clientes\/a7b0cefc015d0e534f3129638bac902c\/imagens\/2023\/08\/28\/fc3601dfcf78d958c625a6518199850a_small.jpg?ssl=1&w=75&resize=75&ssl=1 75w, https:\/\/i3.wp.com\/files.pressmanager.net\/clientes\/a7b0cefc015d0e534f3129638bac902c\/imagens\/2023\/08\/28\/fc3601dfcf78d958c625a6518199850a_small.jpg?ssl=1&w=100&resize=100&ssl=1 100w, https:\/\/i3.wp.com\/files.pressmanager.net\/clientes\/a7b0cefc015d0e534f3129638bac902c\/imagens\/2023\/08\/28\/fc3601dfcf78d958c625a6518199850a_small.jpg?ssl=1&w=150&resize=150&ssl=1 150w, https:\/\/i3.wp.com\/files.pressmanager.net\/clientes\/a7b0cefc015d0e534f3129638bac902c\/imagens\/2023\/08\/28\/fc3601dfcf78d958c625a6518199850a_small.jpg?ssl=1&w=240&resize=240&ssl=1 240w, https:\/\/i3.wp.com\/files.pressmanager.net\/clientes\/a7b0cefc015d0e534f3129638bac902c\/imagens\/2023\/08\/28\/fc3601dfcf78d958c625a6518199850a_small.jpg?ssl=1&w=320&resize=320&ssl=1 320w, https:\/\/i3.wp.com\/files.pressmanager.net\/clientes\/a7b0cefc015d0e534f3129638bac902c\/imagens\/2023\/08\/28\/fc3601dfcf78d958c625a6518199850a_small.jpg?ssl=1&w=500&resize=500&ssl=1 500w, https:\/\/i3.wp.com\/files.pressmanager.net\/clientes\/a7b0cefc015d0e534f3129638bac902c\/imagens\/2023\/08\/28\/fc3601dfcf78d958c625a6518199850a_small.jpg?ssl=1&w=640&resize=640&ssl=1 640w, https:\/\/i3.wp.com\/files.pressmanager.net\/clientes\/a7b0cefc015d0e534f3129638bac902c\/imagens\/2023\/08\/28\/fc3601dfcf78d958c625a6518199850a_small.jpg?ssl=1&w=800&resize=800&ssl=1 800w, https:\/\/i3.wp.com\/files.pressmanager.net\/clientes\/a7b0cefc015d0e534f3129638bac902c\/imagens\/2023\/08\/28\/fc3601dfcf78d958c625a6518199850a_small.jpg?ssl=1&w=1024&resize=1024&ssl=1 1024w, https:\/\/i3.wp.com\/files.pressmanager.net\/clientes\/a7b0cefc015d0e534f3129638bac902c\/imagens\/2023\/08\/28\/fc3601dfcf78d958c625a6518199850a_small.jpg?ssl=1&w=1280&resize=1280&ssl=1 1280w, https:\/\/i3.wp.com\/files.pressmanager.net\/clientes\/a7b0cefc015d0e534f3129638bac902c\/imagens\/2023\/08\/28\/fc3601dfcf78d958c625a6518199850a_small.jpg?ssl=1&w=1600&resize=1600&ssl=1 1600w\" fifu-data-src=\"https:\/\/i3.wp.com\/files.pressmanager.net\/clientes\/a7b0cefc015d0e534f3129638bac902c\/imagens\/2023\/08\/28\/fc3601dfcf78d958c625a6518199850a_small.jpg?ssl=1\" alt=\"Marca brasileira de cosm\u00e9ticos e perfumaria abrir\u00e1, ainda neste ano, um quiosque Avatim no Shopping Vasco da Gama, tamb\u00e9m em Lisboa\" border=\"0\" vspace=\"2\" \/><\/a><br \/>\nMarca brasileira de cosm\u00e9ticos e perfumaria abrir\u00e1, ainda neste ano, um quiosque Avatim no Shopping Vasco da Gama, tamb\u00e9m em Lisboa<br \/>\n<i>Marilia Jacobson\/Garoa<\/i><br \/>\n<a style=\"color: #008cea;\" href=\"https:\/\/imagens.pressmanager.net\/download?foto_id=4486774&amp;release_id=525612&amp;did=1091158773&amp;envio_id=1472524&amp;hash=15941cccaae46ac011beb5d98e56b8d3\"<\/a><\/td>\n<\/tr>\n<tr>\n<td style=\"font-family: Arial; font-size: 10pt; text-align: center;\"><a href=\"https:\/\/imagens.pressmanager.net\/download?foto_id=4486784&amp;release_id=525612&amp;did=1091158773&amp;envio_id=1472524&amp;hash=15941cccaae46ac011beb5d98e56b8d3\"><img decoding=\"async\" src=\"data:image\/gif;base64,R0lGODlhAQABAIAAAAAAAP\/\/\/ywAAAAAAQABAAACAUwAOw==\" fifu-lazy=\"1\" fifu-data-sizes=\"auto\" fifu-data-srcset=\"https:\/\/i2.wp.com\/files.pressmanager.net\/clientes\/a7b0cefc015d0e534f3129638bac902c\/imagens\/2023\/08\/28\/ff5411c635ce111f42dd32cb8409cdd0_small.jpg?ssl=1&w=75&resize=75&ssl=1 75w, https:\/\/i2.wp.com\/files.pressmanager.net\/clientes\/a7b0cefc015d0e534f3129638bac902c\/imagens\/2023\/08\/28\/ff5411c635ce111f42dd32cb8409cdd0_small.jpg?ssl=1&w=100&resize=100&ssl=1 100w, https:\/\/i2.wp.com\/files.pressmanager.net\/clientes\/a7b0cefc015d0e534f3129638bac902c\/imagens\/2023\/08\/28\/ff5411c635ce111f42dd32cb8409cdd0_small.jpg?ssl=1&w=150&resize=150&ssl=1 150w, https:\/\/i2.wp.com\/files.pressmanager.net\/clientes\/a7b0cefc015d0e534f3129638bac902c\/imagens\/2023\/08\/28\/ff5411c635ce111f42dd32cb8409cdd0_small.jpg?ssl=1&w=240&resize=240&ssl=1 240w, https:\/\/i2.wp.com\/files.pressmanager.net\/clientes\/a7b0cefc015d0e534f3129638bac902c\/imagens\/2023\/08\/28\/ff5411c635ce111f42dd32cb8409cdd0_small.jpg?ssl=1&w=320&resize=320&ssl=1 320w, https:\/\/i2.wp.com\/files.pressmanager.net\/clientes\/a7b0cefc015d0e534f3129638bac902c\/imagens\/2023\/08\/28\/ff5411c635ce111f42dd32cb8409cdd0_small.jpg?ssl=1&w=500&resize=500&ssl=1 500w, https:\/\/i2.wp.com\/files.pressmanager.net\/clientes\/a7b0cefc015d0e534f3129638bac902c\/imagens\/2023\/08\/28\/ff5411c635ce111f42dd32cb8409cdd0_small.jpg?ssl=1&w=640&resize=640&ssl=1 640w, https:\/\/i2.wp.com\/files.pressmanager.net\/clientes\/a7b0cefc015d0e534f3129638bac902c\/imagens\/2023\/08\/28\/ff5411c635ce111f42dd32cb8409cdd0_small.jpg?ssl=1&w=800&resize=800&ssl=1 800w, https:\/\/i2.wp.com\/files.pressmanager.net\/clientes\/a7b0cefc015d0e534f3129638bac902c\/imagens\/2023\/08\/28\/ff5411c635ce111f42dd32cb8409cdd0_small.jpg?ssl=1&w=1024&resize=1024&ssl=1 1024w, https:\/\/i2.wp.com\/files.pressmanager.net\/clientes\/a7b0cefc015d0e534f3129638bac902c\/imagens\/2023\/08\/28\/ff5411c635ce111f42dd32cb8409cdd0_small.jpg?ssl=1&w=1280&resize=1280&ssl=1 1280w, https:\/\/i2.wp.com\/files.pressmanager.net\/clientes\/a7b0cefc015d0e534f3129638bac902c\/imagens\/2023\/08\/28\/ff5411c635ce111f42dd32cb8409cdd0_small.jpg?ssl=1&w=1600&resize=1600&ssl=1 1600w\" fifu-data-src=\"https:\/\/i2.wp.com\/files.pressmanager.net\/clientes\/a7b0cefc015d0e534f3129638bac902c\/imagens\/2023\/08\/28\/ff5411c635ce111f42dd32cb8409cdd0_small.jpg?ssl=1\" alt=\"Marca investiu cerca de 1 milh\u00e3o de euros nas tr\u00eas opera\u00e7\u00f5es de Portugal em 2023\" border=\"0\" vspace=\"2\" \/><\/a><br \/>\nMarca investiu cerca de 1 milh\u00e3o de euros nas tr\u00eas opera\u00e7\u00f5es de Portugal em 2023<br \/>\n<i>Marilia Jacobson\/Garoa<\/i><br \/>\n<a style=\"color: #008cea;\" href=\"https:\/\/imagens.pressmanager.net\/download?foto_id=4486784&amp;release_id=525612&amp;did=1091158773&amp;envio_id=1472524&amp;hash=15941cccaae46ac011beb5d98e56b8d3\"<\/a><\/td>\n<\/tr>\n<\/tbody>\n<\/table>\n<p>&nbsp;<\/p>\n<p style=\"font-size: 11pt; border-top: 1px solid #D0D0DD; text-align: center;\"><b>L\u00edvia Cabral<\/b><br \/>\nAssessoria de Imprensa<br \/>\n<a href=\"mailto:liviacabral.assessoria@gmail.com\">liviacabral.assessoria@gmail.com<\/a><br \/>\n(73) 99168-3694<\/p>\n<p><img decoding=\"async\" src=\"data:image\/gif;base64,R0lGODlhAQABAIAAAAAAAP\/\/\/ywAAAAAAQABAAACAUwAOw==\" fifu-lazy=\"1\" fifu-data-sizes=\"auto\" fifu-data-srcset=\"https:\/\/i2.wp.com\/click.pressmanager.net\/log_leitura_email?envio_id=1472524&did=1091158773&imglog=1&hash=15941cccaae46ac011beb5d98e56b8d3&ssl=1&w=75&resize=75&ssl=1 75w, https:\/\/i2.wp.com\/click.pressmanager.net\/log_leitura_email?envio_id=1472524&did=1091158773&imglog=1&hash=15941cccaae46ac011beb5d98e56b8d3&ssl=1&w=100&resize=100&ssl=1 100w, https:\/\/i2.wp.com\/click.pressmanager.net\/log_leitura_email?envio_id=1472524&did=1091158773&imglog=1&hash=15941cccaae46ac011beb5d98e56b8d3&ssl=1&w=150&resize=150&ssl=1 150w, https:\/\/i2.wp.com\/click.pressmanager.net\/log_leitura_email?envio_id=1472524&did=1091158773&imglog=1&hash=15941cccaae46ac011beb5d98e56b8d3&ssl=1&w=240&resize=240&ssl=1 240w, https:\/\/i2.wp.com\/click.pressmanager.net\/log_leitura_email?envio_id=1472524&did=1091158773&imglog=1&hash=15941cccaae46ac011beb5d98e56b8d3&ssl=1&w=320&resize=320&ssl=1 320w, https:\/\/i2.wp.com\/click.pressmanager.net\/log_leitura_email?envio_id=1472524&did=1091158773&imglog=1&hash=15941cccaae46ac011beb5d98e56b8d3&ssl=1&w=500&resize=500&ssl=1 500w, https:\/\/i2.wp.com\/click.pressmanager.net\/log_leitura_email?envio_id=1472524&did=1091158773&imglog=1&hash=15941cccaae46ac011beb5d98e56b8d3&ssl=1&w=640&resize=640&ssl=1 640w, https:\/\/i2.wp.com\/click.pressmanager.net\/log_leitura_email?envio_id=1472524&did=1091158773&imglog=1&hash=15941cccaae46ac011beb5d98e56b8d3&ssl=1&w=800&resize=800&ssl=1 800w, https:\/\/i2.wp.com\/click.pressmanager.net\/log_leitura_email?envio_id=1472524&did=1091158773&imglog=1&hash=15941cccaae46ac011beb5d98e56b8d3&ssl=1&w=1024&resize=1024&ssl=1 1024w, https:\/\/i2.wp.com\/click.pressmanager.net\/log_leitura_email?envio_id=1472524&did=1091158773&imglog=1&hash=15941cccaae46ac011beb5d98e56b8d3&ssl=1&w=1280&resize=1280&ssl=1 1280w, https:\/\/i2.wp.com\/click.pressmanager.net\/log_leitura_email?envio_id=1472524&did=1091158773&imglog=1&hash=15941cccaae46ac011beb5d98e56b8d3&ssl=1&w=1600&resize=1600&ssl=1 1600w\" fifu-data-src=\"https:\/\/i2.wp.com\/click.pressmanager.net\/log_leitura_email?envio_id=1472524&did=1091158773&imglog=1&hash=15941cccaae46ac011beb5d98e56b8d3&ssl=1\" alt=\"\" \/><\/p>\n<div style=\"clear: both; padding-top: 10px; text-align: center; width: 100%;\">\n<table style=\"border-collapse: separate; width: 100%;\" border=\"0\" width=\"100%\" cellspacing=\"0\" cellpadding=\"0\">\n<tbody>\n<tr>\n<td style=\"font-family: arial; vertical-align: top; font-size: 11px; line-height: 18px; color: #3f3f3f; text-align: center;\" align=\"center\" valign=\"top\">Destacado em:  <b>Economia, Beleza<\/b>.<\/p>&nbsp;&nbsp;\n<p>  <a style=\"color: #153643; text-decoration: underline;\" href=\"https:\/\/unsubscribe.pressmanager.net\/unsubscribe?did=1091158773&amp;dhash=15941cccaae46ac011beb5d98e56b8d3&amp;eid=1472524&amp;opcao=alterar_cadastro\" target=\"_blank\" rel=\"noopener\"> <\/a>   <a style=\"color: #153643; text-decoration: underline;\" href=\"https:\/\/unsubscribe.pressmanager.net\/unsubscribe?did=1091158773&amp;dhash=15941cccaae46ac011beb5d98e56b8d3&amp;eid=1472524&amp;opcao=relatar_erro_editorias\" target=\"_blank\" rel=\"noopener\"> .<\/a><\/p>\n<p><span style=\"font-size: 10px;\">  <a style=\"color: #153643; text-decoration: underline;\" href=\"https:\/\/unsubscribe.pressmanager.net\/unsubscribe?did=1091158773&amp;dhash=15941cccaae46ac011beb5d98e56b8d3&amp;eid=1472524&amp;opcao=descadastrar\" target=\"_blank\" rel=\"noopener\"> <\/a>.<\/span><\/td>\n<\/tr>\n<\/tbody>\n<\/table>\n<\/div>\n<\/div>\n<p>&nbsp;<\/p>\n<\/div>\n<\/div>\n","protected":false},"excerpt":{"rendered":"<p>&nbsp; Marca de cosm\u00e9ticos e perfumaria traz inspira\u00e7\u00e3o das florestas brasileiras A marca brasileira de&#8230;<\/p>\n","protected":false},"author":1,"featured_media":110833,"comment_status":"closed","ping_status":"closed","sticky":false,"template":"","format":"standard","meta":{"fifu_image_url":"","fifu_image_alt":"","footnotes":""},"categories":[727],"tags":[58,12885],"class_list":["post-106651","post","type-post","status-publish","format-standard","has-post-thumbnail","hentry","category-noticias","tag-noticias","tag-verdeamarelo","wpcat-727-id"],"_links":{"self":[{"href":"https:\/\/verde-amarelo.net\/verdeamarelo\/wp-json\/wp\/v2\/posts\/106651","targetHints":{"allow":["GET"]}}],"collection":[{"href":"https:\/\/verde-amarelo.net\/verdeamarelo\/wp-json\/wp\/v2\/posts"}],"about":[{"href":"https:\/\/verde-amarelo.net\/verdeamarelo\/wp-json\/wp\/v2\/types\/post"}],"author":[{"embeddable":true,"href":"https:\/\/verde-amarelo.net\/verdeamarelo\/wp-json\/wp\/v2\/users\/1"}],"replies":[{"embeddable":true,"href":"https:\/\/verde-amarelo.net\/verdeamarelo\/wp-json\/wp\/v2\/comments?post=106651"}],"version-history":[{"count":0,"href":"https:\/\/verde-amarelo.net\/verdeamarelo\/wp-json\/wp\/v2\/posts\/106651\/revisions"}],"wp:featuredmedia":[{"embeddable":true,"href":"https:\/\/verde-amarelo.net\/verdeamarelo\/wp-json\/wp\/v2\/media\/110833"}],"wp:attachment":[{"href":"https:\/\/verde-amarelo.net\/verdeamarelo\/wp-json\/wp\/v2\/media?parent=106651"}],"wp:term":[{"taxonomy":"category","embeddable":true,"href":"https:\/\/verde-amarelo.net\/verdeamarelo\/wp-json\/wp\/v2\/categories?post=106651"},{"taxonomy":"post_tag","embeddable":true,"href":"https:\/\/verde-amarelo.net\/verdeamarelo\/wp-json\/wp\/v2\/tags?post=106651"}],"curies":[{"name":"wp","href":"https:\/\/api.w.org\/{rel}","templated":true}]}}