{"id":106658,"date":"2023-08-28T13:15:30","date_gmt":"2023-08-28T16:15:30","guid":{"rendered":"https:\/\/verde-amarelo.net\/verdeamarelo\/?p=106658"},"modified":"2023-08-28T20:48:50","modified_gmt":"2023-08-28T23:48:50","slug":"economia-prateada-o-que-e-e-quais-as-oportunidades","status":"publish","type":"post","link":"https:\/\/verde-amarelo.net\/verdeamarelo\/2023\/08\/economia-prateada-o-que-e-e-quais-as-oportunidades\/","title":{"rendered":"Economia prateada: o que \u00e9 e quais as oportunidades"},"content":{"rendered":"<div class=\"postie-post\">\n<div>\n<div style=\"font-family: Arial; font-size: 10pt;\">\n<p><!-- --><\/p>\n<div style=\"text-align: left;\">\n<p style=\"font-size: 12pt; text-align: center;\"><i>Fran Winandy, especialista em diversidade et\u00e1ria, discute as origens e consequ\u00eancias da discrimina\u00e7\u00e3o motivada pela idade<\/i><\/p>\n<div style=\"text-align: justify; font-size: 11pt;\">\n<p style=\"text-align: justify;\"><img decoding=\"async\" src=\"data:image\/gif;base64,R0lGODlhAQABAIAAAAAAAP\/\/\/ywAAAAAAQABAAACAUwAOw==\" fifu-lazy=\"1\" fifu-data-sizes=\"auto\" fifu-data-srcset=\"https:\/\/i3.wp.com\/files.pressmanager.net\/clientes\/64a8e8d576d3505a7823819ae1fa6eb7\/imagens\/2023\/08\/14\/9b6d2a80974989d3c801e8fc6e5abc90_medium.jpg?ssl=1&w=75&resize=75&ssl=1 75w, https:\/\/i3.wp.com\/files.pressmanager.net\/clientes\/64a8e8d576d3505a7823819ae1fa6eb7\/imagens\/2023\/08\/14\/9b6d2a80974989d3c801e8fc6e5abc90_medium.jpg?ssl=1&w=100&resize=100&ssl=1 100w, https:\/\/i3.wp.com\/files.pressmanager.net\/clientes\/64a8e8d576d3505a7823819ae1fa6eb7\/imagens\/2023\/08\/14\/9b6d2a80974989d3c801e8fc6e5abc90_medium.jpg?ssl=1&w=150&resize=150&ssl=1 150w, https:\/\/i3.wp.com\/files.pressmanager.net\/clientes\/64a8e8d576d3505a7823819ae1fa6eb7\/imagens\/2023\/08\/14\/9b6d2a80974989d3c801e8fc6e5abc90_medium.jpg?ssl=1&w=240&resize=240&ssl=1 240w, https:\/\/i3.wp.com\/files.pressmanager.net\/clientes\/64a8e8d576d3505a7823819ae1fa6eb7\/imagens\/2023\/08\/14\/9b6d2a80974989d3c801e8fc6e5abc90_medium.jpg?ssl=1&w=320&resize=320&ssl=1 320w, https:\/\/i3.wp.com\/files.pressmanager.net\/clientes\/64a8e8d576d3505a7823819ae1fa6eb7\/imagens\/2023\/08\/14\/9b6d2a80974989d3c801e8fc6e5abc90_medium.jpg?ssl=1&w=500&resize=500&ssl=1 500w, https:\/\/i3.wp.com\/files.pressmanager.net\/clientes\/64a8e8d576d3505a7823819ae1fa6eb7\/imagens\/2023\/08\/14\/9b6d2a80974989d3c801e8fc6e5abc90_medium.jpg?ssl=1&w=640&resize=640&ssl=1 640w, https:\/\/i3.wp.com\/files.pressmanager.net\/clientes\/64a8e8d576d3505a7823819ae1fa6eb7\/imagens\/2023\/08\/14\/9b6d2a80974989d3c801e8fc6e5abc90_medium.jpg?ssl=1&w=800&resize=800&ssl=1 800w, https:\/\/i3.wp.com\/files.pressmanager.net\/clientes\/64a8e8d576d3505a7823819ae1fa6eb7\/imagens\/2023\/08\/14\/9b6d2a80974989d3c801e8fc6e5abc90_medium.jpg?ssl=1&w=1024&resize=1024&ssl=1 1024w, https:\/\/i3.wp.com\/files.pressmanager.net\/clientes\/64a8e8d576d3505a7823819ae1fa6eb7\/imagens\/2023\/08\/14\/9b6d2a80974989d3c801e8fc6e5abc90_medium.jpg?ssl=1&w=1280&resize=1280&ssl=1 1280w, https:\/\/i3.wp.com\/files.pressmanager.net\/clientes\/64a8e8d576d3505a7823819ae1fa6eb7\/imagens\/2023\/08\/14\/9b6d2a80974989d3c801e8fc6e5abc90_medium.jpg?ssl=1&w=1600&resize=1600&ssl=1 1600w\" fifu-data-src=\"https:\/\/i3.wp.com\/files.pressmanager.net\/clientes\/64a8e8d576d3505a7823819ae1fa6eb7\/imagens\/2023\/08\/14\/9b6d2a80974989d3c801e8fc6e5abc90_medium.jpg?ssl=1\" alt=\"\" width=\"200\" align=\"left\" hspace=\"10\" \/>S\u00edmbolos de sensualidade de uma \u00e9poca, Madonna e Xuxa recebem enxurradas de coment\u00e1rios nas redes sociais sobre a apar\u00eancia envelhecida. Elas s\u00e3o julgadas pelas rugas, roupas, comportamentos e relacionamentos amorosos. Essa discrimina\u00e7\u00e3o, que n\u00e3o afeta apenas as celebridades, mas \u00e9 consequ\u00eancia da longevidade, tem nome: idadismo.<\/p>&nbsp;&nbsp;\n<p style=\"text-align: justify;\">Especialista em diversidade et\u00e1ria, a psic\u00f3loga e professora <strong>Fran Winandy<\/strong> reuniu amplo material de pesquisa sobre o tema no livro <strong><em>Etarismo \u2013 Um novo nome para um velho preconceito<\/em><\/strong>, publicado pela <strong>Matrix Editora<\/strong>. O medo de envelhecer, a origem do etarismo, como ele atinge as mulheres ao longo da vida, e o impacto do idadismo no mercado de trabalho, no <a target=\"_blank\"  href=\"https:\/\/www.vigilanterodoviario.com.br\/retro\/\"><a href=\"https:\/\/www.vigilanterodoviario.com.br\/retro\/\" target=\"_blank\" rel=\"noopener\">cinema<\/a><\/a>, nas redes sociais, na moda e nos esportes s\u00e3o algumas das quest\u00f5es abordadas.<\/p>&nbsp;&nbsp;\n<p style=\"text-align: justify;\">A autora convida o leitor a revisitar medos e preconceitos a fim de combat\u00ea-los, e compila emocionantes depoimentos de v\u00edtimas do julgamento pela idade.\u00a0 Ao longo da trajet\u00f3ria na \u00e1rea de recursos humanos, a ativista acompanhou manifesta\u00e7\u00f5es diversas de empresas contra pessoas mais velhas e perdeu a conta das vezes em que questionou essa postura.<\/p>&nbsp;&nbsp;\n<p style=\"text-align: justify;\">Fran explica que, motivadas por press\u00f5es externas e dilemas internos, as pessoas n\u00e3o aceitam envelhecer. Pior: n\u00e3o desejam parecer velhas porque t\u00eam mais dificuldade para encontrar trabalho. Tornam-se invis\u00edveis em sociedade, indesej\u00e1veis, e por isso a apar\u00eancia \u00e9 fundamental nessa batalha.<\/p>&nbsp;&nbsp;\n<p style=\"text-align: right;\"><em>Como na publicidade, no <a target=\"_blank\"  href=\"https:\/\/www.vigilanterodoviario.com.br\/retro\/\"><a href=\"https:\/\/www.vigilanterodoviario.com.br\/retro\/\" target=\"_blank\" rel=\"noopener\">cinema<\/a><\/a> tamb\u00e9m existe a dificuldade de retratar o idoso de forma realista e tratar a velhice como uma fase normal da vida. Uma das causas para isso seria (tamb\u00e9m) a falta de representatividade nas produ\u00e7\u00f5es de conte\u00fado (&#8230;). Por\u00e9m, o aumento da expectativa de vida tem trazido novas demandas para esse mercado e algumas pequenas mudan\u00e7as come\u00e7am a aparecer.<br \/>\n<\/em><em>(<strong>Etarismo \u2013 Um novo nome para um velho preconceito, <\/strong>p\u00e1g. 115)<\/em><\/p>\n<p style=\"text-align: justify;\">A obra trata, tamb\u00e9m, sobre <em>age shaming<\/em>, nome dado \u00e0 vergonha de envelhecer. Esse fen\u00f4meno afeta a sa\u00fade f\u00edsica e mental das pessoas, especialmente das mulheres. Na outra ponta, segundo a especialista, movimenta a economia, seja pelo consumo de cosm\u00e9ticos, ou pelo salto na busca por procedimentos est\u00e9ticos que escondam os sinais do tempo.<\/p>&nbsp;&nbsp;\n<p style=\"text-align: justify;\">Conforme a autora, se &#8220;os 60 s\u00e3o os novos 40&#8221;, chegou o momento de mobilizar a sociedade para mudar as refer\u00eancias sobre idade, amadurecimento e velhice. <strong><em>Etarismo \u2013 Um novo nome para um velho preconceito<\/em><\/strong> \u00e9 um \u00f3timo ponto de partida, com informa\u00e7\u00f5es e inspira\u00e7\u00e3o para deflagar a\u00e7\u00f5es no sentido de mudar a cultura constru\u00edda a partir de &#8220;imagens de comerciais de televis\u00e3o&#8221; que n\u00e3o representam a realidade.<\/p>&nbsp;&nbsp;\n<p style=\"text-align: justify;\"><strong>&#8212;<\/strong><\/p>\n<p><strong>Ficha t\u00e9cnica<\/strong><\/p>\n<p>Livro: Etarismo \u2013 Um novo nome para um velho preconceito<strong><br \/>\nAutoria:<\/strong> Fran Winandy<strong><br \/>\nEditora:<\/strong> Matrix Editora<strong><br \/>\nISBN: <\/strong>978-65-5616-353-6<strong><br \/>\nP\u00e1ginas:<\/strong> 168<strong><br \/>\nPre\u00e7o: <\/strong>R$ 40,00<br \/>\n<strong>Onde encontrar: <\/strong><a href=\"https:\/\/matrixeditora.com.br\/produtos\/etarismo\/\">Matrix Editora<\/a> e <a href=\"https:\/\/www.amazon.com.br\/Etarismo-novo-nome-velho-preconceito\/dp\/6556163538\/ref=sr_1_1?__mk_pt_BR=%C3%85M%C3%85%C5%BD%C3%95%C3%91&amp;crid=1MF7NV3AK2MU4&amp;keywords=Etarismo+-+Um+Novo+Nome+Para+Um+Velho+Preconceito&amp;qid=1692030824&amp;s=books&amp;sprefix=etarismo+-+um+novo+nome+para+um+velho+preconceito%2Cstripbooks%2C335&amp;sr=1-1\">Amazon<\/a><\/p>\n<p>&nbsp;<\/p>\n<p><strong>Sobre <\/strong><strong>a autora<\/strong><\/p>\n<p style=\"text-align: justify;\"><strong><img decoding=\"async\" src=\"data:image\/gif;base64,R0lGODlhAQABAIAAAAAAAP\/\/\/ywAAAAAAQABAAACAUwAOw==\" fifu-lazy=\"1\" fifu-data-sizes=\"auto\" fifu-data-srcset=\"https:\/\/i2.wp.com\/files.pressmanager.net\/clientes\/64a8e8d576d3505a7823819ae1fa6eb7\/imagens\/2023\/08\/14\/36354a142031a6d4c3d4c1ecfb4f26d8_medium.jpg?ssl=1&w=75&resize=75&ssl=1 75w, https:\/\/i2.wp.com\/files.pressmanager.net\/clientes\/64a8e8d576d3505a7823819ae1fa6eb7\/imagens\/2023\/08\/14\/36354a142031a6d4c3d4c1ecfb4f26d8_medium.jpg?ssl=1&w=100&resize=100&ssl=1 100w, https:\/\/i2.wp.com\/files.pressmanager.net\/clientes\/64a8e8d576d3505a7823819ae1fa6eb7\/imagens\/2023\/08\/14\/36354a142031a6d4c3d4c1ecfb4f26d8_medium.jpg?ssl=1&w=150&resize=150&ssl=1 150w, https:\/\/i2.wp.com\/files.pressmanager.net\/clientes\/64a8e8d576d3505a7823819ae1fa6eb7\/imagens\/2023\/08\/14\/36354a142031a6d4c3d4c1ecfb4f26d8_medium.jpg?ssl=1&w=240&resize=240&ssl=1 240w, https:\/\/i2.wp.com\/files.pressmanager.net\/clientes\/64a8e8d576d3505a7823819ae1fa6eb7\/imagens\/2023\/08\/14\/36354a142031a6d4c3d4c1ecfb4f26d8_medium.jpg?ssl=1&w=320&resize=320&ssl=1 320w, https:\/\/i2.wp.com\/files.pressmanager.net\/clientes\/64a8e8d576d3505a7823819ae1fa6eb7\/imagens\/2023\/08\/14\/36354a142031a6d4c3d4c1ecfb4f26d8_medium.jpg?ssl=1&w=500&resize=500&ssl=1 500w, https:\/\/i2.wp.com\/files.pressmanager.net\/clientes\/64a8e8d576d3505a7823819ae1fa6eb7\/imagens\/2023\/08\/14\/36354a142031a6d4c3d4c1ecfb4f26d8_medium.jpg?ssl=1&w=640&resize=640&ssl=1 640w, https:\/\/i2.wp.com\/files.pressmanager.net\/clientes\/64a8e8d576d3505a7823819ae1fa6eb7\/imagens\/2023\/08\/14\/36354a142031a6d4c3d4c1ecfb4f26d8_medium.jpg?ssl=1&w=800&resize=800&ssl=1 800w, https:\/\/i2.wp.com\/files.pressmanager.net\/clientes\/64a8e8d576d3505a7823819ae1fa6eb7\/imagens\/2023\/08\/14\/36354a142031a6d4c3d4c1ecfb4f26d8_medium.jpg?ssl=1&w=1024&resize=1024&ssl=1 1024w, https:\/\/i2.wp.com\/files.pressmanager.net\/clientes\/64a8e8d576d3505a7823819ae1fa6eb7\/imagens\/2023\/08\/14\/36354a142031a6d4c3d4c1ecfb4f26d8_medium.jpg?ssl=1&w=1280&resize=1280&ssl=1 1280w, https:\/\/i2.wp.com\/files.pressmanager.net\/clientes\/64a8e8d576d3505a7823819ae1fa6eb7\/imagens\/2023\/08\/14\/36354a142031a6d4c3d4c1ecfb4f26d8_medium.jpg?ssl=1&w=1600&resize=1600&ssl=1 1600w\" fifu-data-src=\"https:\/\/i2.wp.com\/files.pressmanager.net\/clientes\/64a8e8d576d3505a7823819ae1fa6eb7\/imagens\/2023\/08\/14\/36354a142031a6d4c3d4c1ecfb4f26d8_medium.jpg?ssl=1\" alt=\"\" width=\"59\" height=\"89\" align=\"left\" hspace=\"10\" \/>Fran Winandy<\/strong> \u00e9 psic\u00f3loga, com MBA em Recursos Humanos e mestrado em Administra\u00e7\u00e3o de Empresas, com certifica\u00e7\u00e3o em Conselho Social (ESG). Atua como consultora, palestrante e professora de p\u00f3s-gradua\u00e7\u00e3o nas \u00e1reas de Recursos Humanos e Diversidade Et\u00e1ria, conduzindo programas de integra\u00e7\u00e3o geracional, mentorias para a longevidade e transi\u00e7\u00e3o de carreira. \u00c9 idealizadora do blog Etarismo nas Organiza\u00e7\u00f5es e s\u00f3cia da Acal\u00e2ntis Services.<\/p>&nbsp;&nbsp;\n<p>&nbsp;<\/p>\n<p><strong>Redes sociais da autora<\/strong><\/p>\n<ul>\n<li><a href=\"https:\/\/www.linkedin.com\/in\/franwinandy\/?locale=pt_BR\">LinkedIn<\/a><\/li>\n<li><a href=\"https:\/\/www.etarismo.com.br\/\">Site<\/a><\/li>\n<li><a href=\"https:\/\/www.instagram.com\/fran_winandy\/\">Instagram<\/a><\/li>\n<\/ul>\n<p>&nbsp;<\/p>\n<p><strong>Sobre a Matrix Editora<\/strong><\/p>\n<p style=\"text-align: justify;\">Apostar em novos talentos, formatos e leitores. Essa \u00e9 a marca da Matrix Editora, desde a sua funda\u00e7\u00e3o em 1999. A Matrix \u00e9 hoje uma das mais respeitadas editoras do pa\u00eds com quase mil t\u00edtulos publicados e oito novos lan\u00e7amentos todos os meses. A editora se especializou em livros de n\u00e3o-fic\u00e7\u00e3o, como biografias e livros-reportagem, al\u00e9m de obras de neg\u00f3cios, motivacionais e livros infantis. Os t\u00edtulos editados pela Matrix s\u00e3o distribu\u00eddos para livrarias de todo o Brasil e, tamb\u00e9m, s\u00e3o comercializados no site <a href=\"http:\/\/www.matrixeditora.com.br\">www.matrixeditora.com.br<\/a><strong>.<\/strong><\/p>\n<p>&nbsp;<\/p>\n<p style=\"text-align: center;\">\n<\/div>\n<\/div>\n<p>&nbsp;<\/p>\n<p style=\"font-size: 12pt; font-weight: bold;\">\n<table style=\"background-color: white;\" border=\"0\">\n<tbody>\n<tr>\n<td style=\"font-family: Arial; font-size: 10pt; text-align: center;\"><a href=\"https:\/\/imagens.pressmanager.net\/download?foto_id=4486464&amp;release_id=525665&amp;did=1091176211&amp;envio_id=1472558&amp;hash=838b8dc82a7775cbf13165a9fb0076f5\"><img decoding=\"async\" src=\"data:image\/gif;base64,R0lGODlhAQABAIAAAAAAAP\/\/\/ywAAAAAAQABAAACAUwAOw==\" fifu-lazy=\"1\" fifu-data-sizes=\"auto\" fifu-data-srcset=\"https:\/\/i1.wp.com\/files.pressmanager.net\/clientes\/64a8e8d576d3505a7823819ae1fa6eb7\/imagens\/2023\/08\/28\/244f1d694e94410a6fbecd82cf3f0bee_small.jpg?ssl=1&w=75&resize=75&ssl=1 75w, https:\/\/i1.wp.com\/files.pressmanager.net\/clientes\/64a8e8d576d3505a7823819ae1fa6eb7\/imagens\/2023\/08\/28\/244f1d694e94410a6fbecd82cf3f0bee_small.jpg?ssl=1&w=100&resize=100&ssl=1 100w, https:\/\/i1.wp.com\/files.pressmanager.net\/clientes\/64a8e8d576d3505a7823819ae1fa6eb7\/imagens\/2023\/08\/28\/244f1d694e94410a6fbecd82cf3f0bee_small.jpg?ssl=1&w=150&resize=150&ssl=1 150w, https:\/\/i1.wp.com\/files.pressmanager.net\/clientes\/64a8e8d576d3505a7823819ae1fa6eb7\/imagens\/2023\/08\/28\/244f1d694e94410a6fbecd82cf3f0bee_small.jpg?ssl=1&w=240&resize=240&ssl=1 240w, https:\/\/i1.wp.com\/files.pressmanager.net\/clientes\/64a8e8d576d3505a7823819ae1fa6eb7\/imagens\/2023\/08\/28\/244f1d694e94410a6fbecd82cf3f0bee_small.jpg?ssl=1&w=320&resize=320&ssl=1 320w, https:\/\/i1.wp.com\/files.pressmanager.net\/clientes\/64a8e8d576d3505a7823819ae1fa6eb7\/imagens\/2023\/08\/28\/244f1d694e94410a6fbecd82cf3f0bee_small.jpg?ssl=1&w=500&resize=500&ssl=1 500w, https:\/\/i1.wp.com\/files.pressmanager.net\/clientes\/64a8e8d576d3505a7823819ae1fa6eb7\/imagens\/2023\/08\/28\/244f1d694e94410a6fbecd82cf3f0bee_small.jpg?ssl=1&w=640&resize=640&ssl=1 640w, https:\/\/i1.wp.com\/files.pressmanager.net\/clientes\/64a8e8d576d3505a7823819ae1fa6eb7\/imagens\/2023\/08\/28\/244f1d694e94410a6fbecd82cf3f0bee_small.jpg?ssl=1&w=800&resize=800&ssl=1 800w, https:\/\/i1.wp.com\/files.pressmanager.net\/clientes\/64a8e8d576d3505a7823819ae1fa6eb7\/imagens\/2023\/08\/28\/244f1d694e94410a6fbecd82cf3f0bee_small.jpg?ssl=1&w=1024&resize=1024&ssl=1 1024w, https:\/\/i1.wp.com\/files.pressmanager.net\/clientes\/64a8e8d576d3505a7823819ae1fa6eb7\/imagens\/2023\/08\/28\/244f1d694e94410a6fbecd82cf3f0bee_small.jpg?ssl=1&w=1280&resize=1280&ssl=1 1280w, https:\/\/i1.wp.com\/files.pressmanager.net\/clientes\/64a8e8d576d3505a7823819ae1fa6eb7\/imagens\/2023\/08\/28\/244f1d694e94410a6fbecd82cf3f0bee_small.jpg?ssl=1&w=1600&resize=1600&ssl=1 1600w\" fifu-data-src=\"https:\/\/i1.wp.com\/files.pressmanager.net\/clientes\/64a8e8d576d3505a7823819ae1fa6eb7\/imagens\/2023\/08\/28\/244f1d694e94410a6fbecd82cf3f0bee_small.jpg?ssl=1\" border=\"0\" vspace=\"2\" \/><\/a><br \/>\n<i>Divulga\u00e7\u00e3o<\/i><br \/>\n<a style=\"color: #008cea;\" href=\"https:\/\/imagens.pressmanager.net\/download?foto_id=4486464&amp;release_id=525665&amp;did=1091176211&amp;envio_id=1472558&amp;hash=838b8dc82a7775cbf13165a9fb0076f5\"<\/a><\/td>\n<\/tr>\n<tr>\n<td style=\"font-family: Arial; font-size: 10pt; text-align: center;\"><a href=\"https:\/\/imagens.pressmanager.net\/download?foto_id=4486467&amp;release_id=525665&amp;did=1091176211&amp;envio_id=1472558&amp;hash=838b8dc82a7775cbf13165a9fb0076f5\"><img decoding=\"async\" src=\"data:image\/gif;base64,R0lGODlhAQABAIAAAAAAAP\/\/\/ywAAAAAAQABAAACAUwAOw==\" fifu-lazy=\"1\" fifu-data-sizes=\"auto\" fifu-data-srcset=\"https:\/\/i1.wp.com\/files.pressmanager.net\/clientes\/64a8e8d576d3505a7823819ae1fa6eb7\/imagens\/2023\/08\/28\/8582ba80b8d59f31ed5bea5f5e16bc49_small.jpg?ssl=1&w=75&resize=75&ssl=1 75w, https:\/\/i1.wp.com\/files.pressmanager.net\/clientes\/64a8e8d576d3505a7823819ae1fa6eb7\/imagens\/2023\/08\/28\/8582ba80b8d59f31ed5bea5f5e16bc49_small.jpg?ssl=1&w=100&resize=100&ssl=1 100w, https:\/\/i1.wp.com\/files.pressmanager.net\/clientes\/64a8e8d576d3505a7823819ae1fa6eb7\/imagens\/2023\/08\/28\/8582ba80b8d59f31ed5bea5f5e16bc49_small.jpg?ssl=1&w=150&resize=150&ssl=1 150w, https:\/\/i1.wp.com\/files.pressmanager.net\/clientes\/64a8e8d576d3505a7823819ae1fa6eb7\/imagens\/2023\/08\/28\/8582ba80b8d59f31ed5bea5f5e16bc49_small.jpg?ssl=1&w=240&resize=240&ssl=1 240w, https:\/\/i1.wp.com\/files.pressmanager.net\/clientes\/64a8e8d576d3505a7823819ae1fa6eb7\/imagens\/2023\/08\/28\/8582ba80b8d59f31ed5bea5f5e16bc49_small.jpg?ssl=1&w=320&resize=320&ssl=1 320w, https:\/\/i1.wp.com\/files.pressmanager.net\/clientes\/64a8e8d576d3505a7823819ae1fa6eb7\/imagens\/2023\/08\/28\/8582ba80b8d59f31ed5bea5f5e16bc49_small.jpg?ssl=1&w=500&resize=500&ssl=1 500w, https:\/\/i1.wp.com\/files.pressmanager.net\/clientes\/64a8e8d576d3505a7823819ae1fa6eb7\/imagens\/2023\/08\/28\/8582ba80b8d59f31ed5bea5f5e16bc49_small.jpg?ssl=1&w=640&resize=640&ssl=1 640w, https:\/\/i1.wp.com\/files.pressmanager.net\/clientes\/64a8e8d576d3505a7823819ae1fa6eb7\/imagens\/2023\/08\/28\/8582ba80b8d59f31ed5bea5f5e16bc49_small.jpg?ssl=1&w=800&resize=800&ssl=1 800w, https:\/\/i1.wp.com\/files.pressmanager.net\/clientes\/64a8e8d576d3505a7823819ae1fa6eb7\/imagens\/2023\/08\/28\/8582ba80b8d59f31ed5bea5f5e16bc49_small.jpg?ssl=1&w=1024&resize=1024&ssl=1 1024w, https:\/\/i1.wp.com\/files.pressmanager.net\/clientes\/64a8e8d576d3505a7823819ae1fa6eb7\/imagens\/2023\/08\/28\/8582ba80b8d59f31ed5bea5f5e16bc49_small.jpg?ssl=1&w=1280&resize=1280&ssl=1 1280w, https:\/\/i1.wp.com\/files.pressmanager.net\/clientes\/64a8e8d576d3505a7823819ae1fa6eb7\/imagens\/2023\/08\/28\/8582ba80b8d59f31ed5bea5f5e16bc49_small.jpg?ssl=1&w=1600&resize=1600&ssl=1 1600w\" fifu-data-src=\"https:\/\/i1.wp.com\/files.pressmanager.net\/clientes\/64a8e8d576d3505a7823819ae1fa6eb7\/imagens\/2023\/08\/28\/8582ba80b8d59f31ed5bea5f5e16bc49_small.jpg?ssl=1\" border=\"0\" vspace=\"2\" \/><\/a><br \/>\n<i>Divulga\u00e7\u00e3o<\/i><br \/>\n<a style=\"color: #008cea;\" href=\"https:\/\/imagens.pressmanager.net\/download?foto_id=4486467&amp;release_id=525665&amp;did=1091176211&amp;envio_id=1472558&amp;hash=838b8dc82a7775cbf13165a9fb0076f5\"<\/a><\/td>\n<\/tr>\n<\/tbody>\n<\/table>\n<p>&nbsp;<\/p>\n<table border=\"0\">\n<tbody>\n<tr>\n<td><\/td>\n<td valign=\"center\"><\/td>\n<td><\/td>\n<td style=\"font-family: Verdana; font-size: 8.5pt;\" valign=\"center\"><span style=\"text-transform: uppercase;\"><b>Ana Paula Gon\u00e7alves<\/b><\/span><\/p>\n<p>Fone : (11) 2275-6787<br \/>\nCelular: (47) 99904-6159<br \/>\nCaixa Postal: 80.397<br \/>\n04046-973 S\u00e3o Paulo\/SP<\/td>\n<td><\/td>\n<\/tr>\n<tr>\n<td colspan=\"4\"><\/td>\n<\/tr>\n<\/tbody>\n<\/table>\n<p><img decoding=\"async\" src=\"data:image\/gif;base64,R0lGODlhAQABAIAAAAAAAP\/\/\/ywAAAAAAQABAAACAUwAOw==\" fifu-lazy=\"1\" fifu-data-sizes=\"auto\" fifu-data-srcset=\"https:\/\/i1.wp.com\/click.pressmanager.net\/log_leitura_email?envio_id=1472558&did=1091176211&imglog=1&hash=838b8dc82a7775cbf13165a9fb0076f5&ssl=1&w=75&resize=75&ssl=1 75w, https:\/\/i1.wp.com\/click.pressmanager.net\/log_leitura_email?envio_id=1472558&did=1091176211&imglog=1&hash=838b8dc82a7775cbf13165a9fb0076f5&ssl=1&w=100&resize=100&ssl=1 100w, https:\/\/i1.wp.com\/click.pressmanager.net\/log_leitura_email?envio_id=1472558&did=1091176211&imglog=1&hash=838b8dc82a7775cbf13165a9fb0076f5&ssl=1&w=150&resize=150&ssl=1 150w, https:\/\/i1.wp.com\/click.pressmanager.net\/log_leitura_email?envio_id=1472558&did=1091176211&imglog=1&hash=838b8dc82a7775cbf13165a9fb0076f5&ssl=1&w=240&resize=240&ssl=1 240w, https:\/\/i1.wp.com\/click.pressmanager.net\/log_leitura_email?envio_id=1472558&did=1091176211&imglog=1&hash=838b8dc82a7775cbf13165a9fb0076f5&ssl=1&w=320&resize=320&ssl=1 320w, https:\/\/i1.wp.com\/click.pressmanager.net\/log_leitura_email?envio_id=1472558&did=1091176211&imglog=1&hash=838b8dc82a7775cbf13165a9fb0076f5&ssl=1&w=500&resize=500&ssl=1 500w, https:\/\/i1.wp.com\/click.pressmanager.net\/log_leitura_email?envio_id=1472558&did=1091176211&imglog=1&hash=838b8dc82a7775cbf13165a9fb0076f5&ssl=1&w=640&resize=640&ssl=1 640w, https:\/\/i1.wp.com\/click.pressmanager.net\/log_leitura_email?envio_id=1472558&did=1091176211&imglog=1&hash=838b8dc82a7775cbf13165a9fb0076f5&ssl=1&w=800&resize=800&ssl=1 800w, https:\/\/i1.wp.com\/click.pressmanager.net\/log_leitura_email?envio_id=1472558&did=1091176211&imglog=1&hash=838b8dc82a7775cbf13165a9fb0076f5&ssl=1&w=1024&resize=1024&ssl=1 1024w, https:\/\/i1.wp.com\/click.pressmanager.net\/log_leitura_email?envio_id=1472558&did=1091176211&imglog=1&hash=838b8dc82a7775cbf13165a9fb0076f5&ssl=1&w=1280&resize=1280&ssl=1 1280w, https:\/\/i1.wp.com\/click.pressmanager.net\/log_leitura_email?envio_id=1472558&did=1091176211&imglog=1&hash=838b8dc82a7775cbf13165a9fb0076f5&ssl=1&w=1600&resize=1600&ssl=1 1600w\" fifu-data-src=\"https:\/\/i1.wp.com\/click.pressmanager.net\/log_leitura_email?envio_id=1472558&did=1091176211&imglog=1&hash=838b8dc82a7775cbf13165a9fb0076f5&ssl=1\" alt=\"\" \/><\/p>\n<div style=\"clear: both; padding-top: 10px; text-align: center; width: 100%;\">\n<table style=\"border-collapse: separate; width: 100%;\" border=\"0\" width=\"100%\" cellspacing=\"0\" cellpadding=\"0\">\n<tbody>\n<tr>\n<td style=\"font-family: arial; vertical-align: top; font-size: 11px; line-height: 18px; color: #3f3f3f; text-align: center;\" align=\"center\" valign=\"top\">Destacado em:  <b>Administra\u00e7\u00e3o e Gest\u00e3o<\/b>.<\/p>&nbsp;&nbsp;\n<p>  <a style=\"color: #153643; text-decoration: underline;\" href=\"https:\/\/unsubscribe.pressmanager.net\/unsubscribe?did=1091176211&amp;dhash=838b8dc82a7775cbf13165a9fb0076f5&amp;eid=1472558&amp;opcao=alterar_cadastro\" target=\"_blank\" rel=\"noopener\"> <\/a>   <a style=\"color: #153643; text-decoration: underline;\" href=\"https:\/\/unsubscribe.pressmanager.net\/unsubscribe?did=1091176211&amp;dhash=838b8dc82a7775cbf13165a9fb0076f5&amp;eid=1472558&amp;opcao=relatar_erro_editorias\" target=\"_blank\" rel=\"noopener\"> .<\/a><\/p>\n<p><span style=\"font-size: 10px;\">  <a style=\"color: #153643; text-decoration: underline;\" href=\"https:\/\/unsubscribe.pressmanager.net\/unsubscribe?did=1091176211&amp;dhash=838b8dc82a7775cbf13165a9fb0076f5&amp;eid=1472558&amp;opcao=descadastrar\" target=\"_blank\" rel=\"noopener\"> <\/a>.<\/span><\/td>\n<\/tr>\n<\/tbody>\n<\/table>\n<\/div>\n<\/div>\n<p>&nbsp;<\/p>\n<\/div>\n<\/div>\n","protected":false},"excerpt":{"rendered":"<p>Fran Winandy, especialista em diversidade et\u00e1ria, discute as origens e consequ\u00eancias da discrimina\u00e7\u00e3o motivada pela&#8230;<\/p>\n","protected":false},"author":1,"featured_media":110363,"comment_status":"closed","ping_status":"closed","sticky":false,"template":"","format":"standard","meta":{"fifu_image_url":"","fifu_image_alt":"","footnotes":""},"categories":[727],"tags":[58,12885],"class_list":["post-106658","post","type-post","status-publish","format-standard","has-post-thumbnail","hentry","category-noticias","tag-noticias","tag-verdeamarelo","wpcat-727-id"],"_links":{"self":[{"href":"https:\/\/verde-amarelo.net\/verdeamarelo\/wp-json\/wp\/v2\/posts\/106658","targetHints":{"allow":["GET"]}}],"collection":[{"href":"https:\/\/verde-amarelo.net\/verdeamarelo\/wp-json\/wp\/v2\/posts"}],"about":[{"href":"https:\/\/verde-amarelo.net\/verdeamarelo\/wp-json\/wp\/v2\/types\/post"}],"author":[{"embeddable":true,"href":"https:\/\/verde-amarelo.net\/verdeamarelo\/wp-json\/wp\/v2\/users\/1"}],"replies":[{"embeddable":true,"href":"https:\/\/verde-amarelo.net\/verdeamarelo\/wp-json\/wp\/v2\/comments?post=106658"}],"version-history":[{"count":0,"href":"https:\/\/verde-amarelo.net\/verdeamarelo\/wp-json\/wp\/v2\/posts\/106658\/revisions"}],"wp:featuredmedia":[{"embeddable":true,"href":"https:\/\/verde-amarelo.net\/verdeamarelo\/wp-json\/wp\/v2\/media\/110363"}],"wp:attachment":[{"href":"https:\/\/verde-amarelo.net\/verdeamarelo\/wp-json\/wp\/v2\/media?parent=106658"}],"wp:term":[{"taxonomy":"category","embeddable":true,"href":"https:\/\/verde-amarelo.net\/verdeamarelo\/wp-json\/wp\/v2\/categories?post=106658"},{"taxonomy":"post_tag","embeddable":true,"href":"https:\/\/verde-amarelo.net\/verdeamarelo\/wp-json\/wp\/v2\/tags?post=106658"}],"curies":[{"name":"wp","href":"https:\/\/api.w.org\/{rel}","templated":true}]}}