{"id":106659,"date":"2023-08-28T13:27:42","date_gmt":"2023-08-28T16:27:42","guid":{"rendered":"https:\/\/verde-amarelo.net\/verdeamarelo\/?p=106659"},"modified":"2023-08-28T20:48:43","modified_gmt":"2023-08-28T23:48:43","slug":"livro-o-poder-do-pensamento-positivo-best-seller-sobre-mentalismo-ganha-edicao-expandida","status":"publish","type":"post","link":"https:\/\/verde-amarelo.net\/verdeamarelo\/2023\/08\/livro-o-poder-do-pensamento-positivo-best-seller-sobre-mentalismo-ganha-edicao-expandida\/","title":{"rendered":"Livro &#8216;O Poder do Pensamento Positivo&#8217;, best-seller sobre mentalismo, ganha edi\u00e7\u00e3o expandida"},"content":{"rendered":"<div class=\"postie-post\">\n<div>\n<div style=\"font-family: Arial; font-size: 10pt;\">\n<div style=\"text-align: left;\">\n<p style=\"font-size: 12pt; text-align: center;\"><i>Nova edi\u00e7\u00e3o moderniza o cl\u00e1ssico, com uma vis\u00e3o universalizada e contempor\u00e2nea de seus ensinamentos e comentada pelo jovem bilion\u00e1rio Hasan Abdullah Ismaik<\/i><\/p>\n<div style=\"text-align: justify; font-size: 11pt;\">\n<p><span style=\"font-size: 14pt;\"><img decoding=\"async\" src=\"data:image\/gif;base64,R0lGODlhAQABAIAAAAAAAP\/\/\/ywAAAAAAQABAAACAUwAOw==\" fifu-lazy=\"1\" fifu-data-sizes=\"auto\" fifu-data-srcset=\"https:\/\/i2.wp.com\/files.pressmanager.net\/clientes\/7aab8f6c49faa72b1422236a871b607f\/imagens\/2023\/08\/15\/77bf9e3ddc1961fe3c52b141a0bd497d_medium.jpg?ssl=1&w=75&resize=75&ssl=1 75w, https:\/\/i2.wp.com\/files.pressmanager.net\/clientes\/7aab8f6c49faa72b1422236a871b607f\/imagens\/2023\/08\/15\/77bf9e3ddc1961fe3c52b141a0bd497d_medium.jpg?ssl=1&w=100&resize=100&ssl=1 100w, https:\/\/i2.wp.com\/files.pressmanager.net\/clientes\/7aab8f6c49faa72b1422236a871b607f\/imagens\/2023\/08\/15\/77bf9e3ddc1961fe3c52b141a0bd497d_medium.jpg?ssl=1&w=150&resize=150&ssl=1 150w, https:\/\/i2.wp.com\/files.pressmanager.net\/clientes\/7aab8f6c49faa72b1422236a871b607f\/imagens\/2023\/08\/15\/77bf9e3ddc1961fe3c52b141a0bd497d_medium.jpg?ssl=1&w=240&resize=240&ssl=1 240w, https:\/\/i2.wp.com\/files.pressmanager.net\/clientes\/7aab8f6c49faa72b1422236a871b607f\/imagens\/2023\/08\/15\/77bf9e3ddc1961fe3c52b141a0bd497d_medium.jpg?ssl=1&w=320&resize=320&ssl=1 320w, https:\/\/i2.wp.com\/files.pressmanager.net\/clientes\/7aab8f6c49faa72b1422236a871b607f\/imagens\/2023\/08\/15\/77bf9e3ddc1961fe3c52b141a0bd497d_medium.jpg?ssl=1&w=500&resize=500&ssl=1 500w, https:\/\/i2.wp.com\/files.pressmanager.net\/clientes\/7aab8f6c49faa72b1422236a871b607f\/imagens\/2023\/08\/15\/77bf9e3ddc1961fe3c52b141a0bd497d_medium.jpg?ssl=1&w=640&resize=640&ssl=1 640w, https:\/\/i2.wp.com\/files.pressmanager.net\/clientes\/7aab8f6c49faa72b1422236a871b607f\/imagens\/2023\/08\/15\/77bf9e3ddc1961fe3c52b141a0bd497d_medium.jpg?ssl=1&w=800&resize=800&ssl=1 800w, https:\/\/i2.wp.com\/files.pressmanager.net\/clientes\/7aab8f6c49faa72b1422236a871b607f\/imagens\/2023\/08\/15\/77bf9e3ddc1961fe3c52b141a0bd497d_medium.jpg?ssl=1&w=1024&resize=1024&ssl=1 1024w, https:\/\/i2.wp.com\/files.pressmanager.net\/clientes\/7aab8f6c49faa72b1422236a871b607f\/imagens\/2023\/08\/15\/77bf9e3ddc1961fe3c52b141a0bd497d_medium.jpg?ssl=1&w=1280&resize=1280&ssl=1 1280w, https:\/\/i2.wp.com\/files.pressmanager.net\/clientes\/7aab8f6c49faa72b1422236a871b607f\/imagens\/2023\/08\/15\/77bf9e3ddc1961fe3c52b141a0bd497d_medium.jpg?ssl=1&w=1600&resize=1600&ssl=1 1600w\" fifu-data-src=\"https:\/\/i2.wp.com\/files.pressmanager.net\/clientes\/7aab8f6c49faa72b1422236a871b607f\/imagens\/2023\/08\/15\/77bf9e3ddc1961fe3c52b141a0bd497d_medium.jpg?ssl=1\" alt=\"\" width=\"246\" height=\"329\" align=\"left\" hspace=\"10\" vspace=\"10\" \/>Um dos livros de desenvolvimento pessoal mais influentes da era moderna, <strong><em>O Poder do Pensamento Positivo (Editora Cultrix), <\/em><\/strong>acaba de ganhar uma nova edi\u00e7\u00e3o comentada por Hasan Abdullah Ismaik, considerado pela revista Forbes, o terceiro bilion\u00e1rio mais jovem do Oriente M\u00e9dio. Ismaik atualiza e moderniza a obra de 1952 que j\u00e1 vendeu mais de 24 milh\u00f5es de livros no mundo todo.<\/span><\/p>\n<p><span style=\"font-size: 14pt;\">Traduzido para mais de 42 idiomas, <strong><em>O Poder do Pensamento Positivo<\/em><\/strong>, escrito por Norman Vincent Peale, deu origem a todo um g\u00eanero de literatura de autoajuda, passando a ser fonte de inspira\u00e7\u00e3o para muitas pessoas, inclusive para autores envolvidos com a <em>Lei da Atra\u00e7\u00e3o<\/em>, propagada no livro e document\u00e1rio &#8216;<em>O Segredo&#8217;<\/em>. \u00a0Seu principal conceito \u00e9 de que nossos pensamentos e sentimentos determinam nossas a\u00e7\u00f5es e que nossa vida pode ser transformada pela positividade. Por se tratar de um texto atemporal atraiu a aten\u00e7\u00e3o de Ismaik e chega ao mercado novamente com a proposta de aumentar seu alcance para as novas gera\u00e7\u00f5es. \u00a0<\/span><\/p>\n<p><span style=\"font-size: 14pt;\">Para vencer a negatividade, Peale citava afirma\u00e7\u00f5es tiradas da B\u00edblia crist\u00e3. Contudo, Hasan Abdullah Ismaik, depois de estudar as tr\u00eas b\u00edblias (crist\u00e3, judaica e isl\u00e2mica), reconheceu de imediato a proximidade que havia entre as passagens selecionadas pelo autor com os demais textos b\u00edblicos. Essa ideia inspirou esta edi\u00e7\u00e3o expandida e comentada \u00e0 qual foram acrescentadas cita\u00e7\u00f5es an\u00e1logas do Alcor\u00e3o e da B\u00edblia Hebraica.<\/span><\/p>\n<p><span style=\"font-size: 14pt;\">&#8220;O pensamento positivo tal qual o reverendo Peale o definiu, transcende o mero otimismo. Suas ideias me chamaram a aten\u00e7\u00e3o por serem muito parecidas com as minhas. Para mim, a positividade \u00e9 uma for\u00e7a que nos move a viver plenamente, a dominar nosso mundo, interior e exterior, e a reconstru\u00ed-lo para deix\u00e1-lo melhor que o encontramos. Ele \u00e9 uma energia&#8221;, afirma Ismaik. \u00a0<\/span><\/p>\n<p><span style=\"font-size: 14pt;\">\u00a0A obra oferece ao leitor uma voz unificada e universal em um mundo polarizado e que sofre os reflexos de s\u00e9culos de degrada\u00e7\u00e3o, guerras, crises econ\u00f4micas, morais e espirituais. Segundo os ensinamentos de <strong><em>O Poder do Pensamento Positivo: Edi\u00e7\u00e3o Expandida e Comentada<\/em><\/strong>, todos n\u00f3s temos o poder de nos elevar mediante a supera\u00e7\u00e3o da desconfian\u00e7a, do ceticismo e do desespero.<\/span><\/p>\n<p style=\"text-align: center;\"><span style=\"font-size: 18pt;\"><em>&#8220;Aos jovens de todas as na\u00e7\u00f5es, etnias e religi\u00f5es nos quatro cantos da Terra que j\u00e1 est\u00e3o cansados da vida, exauridos pelo excesso de pensamentos e que perderam seus sonhos e esperan\u00e7as no futuro, cedendo dia a dia ao desespero. O mundo que herdar\u00e3o \u2013 amea\u00e7ado por pandemias, pelo aquecimento global, por guerras infind\u00e1veis, desastres naturais e crises de todo tipo, econ\u00f4micas, sanit\u00e1rias, morais e espirituais \u2013 os deixou \u00e0 beira de um colapso e os levou \u00e0 cren\u00e7a de que a vida n\u00e3o tem sentido. Convido a todos, e aos jovens de modo especial, a adotar o poder do pensamento positivo para que possam superar seus momentos de crise e vencer obst\u00e1culos em todas as \u00e1reas da vida.&#8221; <strong>\u2013 Hasan Abdullah Ismaik<\/strong><\/em><\/span><\/p>\n<p>&nbsp;<\/p>\n<p><span style=\"font-size: 14pt;\"><strong><u>Sobre o autor e o comentarista da obra:<\/u><\/strong><\/span><\/p>\n<p style=\"text-align: center;\"><span style=\"font-size: 14pt;\"><strong><img decoding=\"async\" src=\"data:image\/gif;base64,R0lGODlhAQABAIAAAAAAAP\/\/\/ywAAAAAAQABAAACAUwAOw==\" fifu-lazy=\"1\" fifu-data-sizes=\"auto\" fifu-data-srcset=\"https:\/\/i0.wp.com\/files.pressmanager.net\/clientes\/7aab8f6c49faa72b1422236a871b607f\/imagens\/2023\/08\/15\/70d99dc244565c9cb0870403b3ef00fa_medium.jpg?ssl=1&w=75&resize=75&ssl=1 75w, https:\/\/i0.wp.com\/files.pressmanager.net\/clientes\/7aab8f6c49faa72b1422236a871b607f\/imagens\/2023\/08\/15\/70d99dc244565c9cb0870403b3ef00fa_medium.jpg?ssl=1&w=100&resize=100&ssl=1 100w, https:\/\/i0.wp.com\/files.pressmanager.net\/clientes\/7aab8f6c49faa72b1422236a871b607f\/imagens\/2023\/08\/15\/70d99dc244565c9cb0870403b3ef00fa_medium.jpg?ssl=1&w=150&resize=150&ssl=1 150w, https:\/\/i0.wp.com\/files.pressmanager.net\/clientes\/7aab8f6c49faa72b1422236a871b607f\/imagens\/2023\/08\/15\/70d99dc244565c9cb0870403b3ef00fa_medium.jpg?ssl=1&w=240&resize=240&ssl=1 240w, https:\/\/i0.wp.com\/files.pressmanager.net\/clientes\/7aab8f6c49faa72b1422236a871b607f\/imagens\/2023\/08\/15\/70d99dc244565c9cb0870403b3ef00fa_medium.jpg?ssl=1&w=320&resize=320&ssl=1 320w, https:\/\/i0.wp.com\/files.pressmanager.net\/clientes\/7aab8f6c49faa72b1422236a871b607f\/imagens\/2023\/08\/15\/70d99dc244565c9cb0870403b3ef00fa_medium.jpg?ssl=1&w=500&resize=500&ssl=1 500w, https:\/\/i0.wp.com\/files.pressmanager.net\/clientes\/7aab8f6c49faa72b1422236a871b607f\/imagens\/2023\/08\/15\/70d99dc244565c9cb0870403b3ef00fa_medium.jpg?ssl=1&w=640&resize=640&ssl=1 640w, https:\/\/i0.wp.com\/files.pressmanager.net\/clientes\/7aab8f6c49faa72b1422236a871b607f\/imagens\/2023\/08\/15\/70d99dc244565c9cb0870403b3ef00fa_medium.jpg?ssl=1&w=800&resize=800&ssl=1 800w, https:\/\/i0.wp.com\/files.pressmanager.net\/clientes\/7aab8f6c49faa72b1422236a871b607f\/imagens\/2023\/08\/15\/70d99dc244565c9cb0870403b3ef00fa_medium.jpg?ssl=1&w=1024&resize=1024&ssl=1 1024w, https:\/\/i0.wp.com\/files.pressmanager.net\/clientes\/7aab8f6c49faa72b1422236a871b607f\/imagens\/2023\/08\/15\/70d99dc244565c9cb0870403b3ef00fa_medium.jpg?ssl=1&w=1280&resize=1280&ssl=1 1280w, https:\/\/i0.wp.com\/files.pressmanager.net\/clientes\/7aab8f6c49faa72b1422236a871b607f\/imagens\/2023\/08\/15\/70d99dc244565c9cb0870403b3ef00fa_medium.jpg?ssl=1&w=1600&resize=1600&ssl=1 1600w\" fifu-data-src=\"https:\/\/i0.wp.com\/files.pressmanager.net\/clientes\/7aab8f6c49faa72b1422236a871b607f\/imagens\/2023\/08\/15\/70d99dc244565c9cb0870403b3ef00fa_medium.jpg?ssl=1\" alt=\"\" width=\"300\" height=\"226\" \/><\/strong><\/span><\/p>\n<p><span style=\"font-size: 14pt;\"><strong>Norman Vincent Peale (1898 \u2013 1993) <\/strong>foi professor do Marble Collegiate Church da cidade de Nova York. Conhecido na Am\u00e9rica do Norte como ministro dos &#8220;milh\u00f5es de ouvintes&#8221; e doutor em &#8220;terap\u00eautica espiritual&#8221;, tornou-se popular gra\u00e7as \u00e0 participa\u00e7\u00e3o frequente em programas de r\u00e1dio e televis\u00e3o, e \u00e0s admir\u00e1veis obras em que reuniu o melhor de suas palestras. Seus conselhos e sugest\u00f5es beneficiaram milh\u00f5es de pessoas, que colocaram em pr\u00e1tica seus princ\u00edpios cient\u00edficos, por\u00e9m simples, para ter mais sa\u00fade e felicidade.<\/span><\/p>\n<p><span style=\"font-size: 14pt;\"><strong>\u00a0<\/strong><\/span><\/p>\n<p style=\"text-align: center;\"><span style=\"font-size: 14pt;\"><strong><img decoding=\"async\" src=\"data:image\/gif;base64,R0lGODlhAQABAIAAAAAAAP\/\/\/ywAAAAAAQABAAACAUwAOw==\" fifu-lazy=\"1\" fifu-data-sizes=\"auto\" fifu-data-srcset=\"https:\/\/i3.wp.com\/files.pressmanager.net\/clientes\/7aab8f6c49faa72b1422236a871b607f\/imagens\/2023\/08\/15\/6f39baba85e09a89e85178b58b77c6c1_medium.jpg?ssl=1&w=75&resize=75&ssl=1 75w, https:\/\/i3.wp.com\/files.pressmanager.net\/clientes\/7aab8f6c49faa72b1422236a871b607f\/imagens\/2023\/08\/15\/6f39baba85e09a89e85178b58b77c6c1_medium.jpg?ssl=1&w=100&resize=100&ssl=1 100w, https:\/\/i3.wp.com\/files.pressmanager.net\/clientes\/7aab8f6c49faa72b1422236a871b607f\/imagens\/2023\/08\/15\/6f39baba85e09a89e85178b58b77c6c1_medium.jpg?ssl=1&w=150&resize=150&ssl=1 150w, https:\/\/i3.wp.com\/files.pressmanager.net\/clientes\/7aab8f6c49faa72b1422236a871b607f\/imagens\/2023\/08\/15\/6f39baba85e09a89e85178b58b77c6c1_medium.jpg?ssl=1&w=240&resize=240&ssl=1 240w, https:\/\/i3.wp.com\/files.pressmanager.net\/clientes\/7aab8f6c49faa72b1422236a871b607f\/imagens\/2023\/08\/15\/6f39baba85e09a89e85178b58b77c6c1_medium.jpg?ssl=1&w=320&resize=320&ssl=1 320w, https:\/\/i3.wp.com\/files.pressmanager.net\/clientes\/7aab8f6c49faa72b1422236a871b607f\/imagens\/2023\/08\/15\/6f39baba85e09a89e85178b58b77c6c1_medium.jpg?ssl=1&w=500&resize=500&ssl=1 500w, https:\/\/i3.wp.com\/files.pressmanager.net\/clientes\/7aab8f6c49faa72b1422236a871b607f\/imagens\/2023\/08\/15\/6f39baba85e09a89e85178b58b77c6c1_medium.jpg?ssl=1&w=640&resize=640&ssl=1 640w, https:\/\/i3.wp.com\/files.pressmanager.net\/clientes\/7aab8f6c49faa72b1422236a871b607f\/imagens\/2023\/08\/15\/6f39baba85e09a89e85178b58b77c6c1_medium.jpg?ssl=1&w=800&resize=800&ssl=1 800w, https:\/\/i3.wp.com\/files.pressmanager.net\/clientes\/7aab8f6c49faa72b1422236a871b607f\/imagens\/2023\/08\/15\/6f39baba85e09a89e85178b58b77c6c1_medium.jpg?ssl=1&w=1024&resize=1024&ssl=1 1024w, https:\/\/i3.wp.com\/files.pressmanager.net\/clientes\/7aab8f6c49faa72b1422236a871b607f\/imagens\/2023\/08\/15\/6f39baba85e09a89e85178b58b77c6c1_medium.jpg?ssl=1&w=1280&resize=1280&ssl=1 1280w, https:\/\/i3.wp.com\/files.pressmanager.net\/clientes\/7aab8f6c49faa72b1422236a871b607f\/imagens\/2023\/08\/15\/6f39baba85e09a89e85178b58b77c6c1_medium.jpg?ssl=1&w=1600&resize=1600&ssl=1 1600w\" fifu-data-src=\"https:\/\/i3.wp.com\/files.pressmanager.net\/clientes\/7aab8f6c49faa72b1422236a871b607f\/imagens\/2023\/08\/15\/6f39baba85e09a89e85178b58b77c6c1_medium.jpg?ssl=1\" alt=\"\" width=\"300\" height=\"224\" \/><\/strong><\/span><\/p>\n<p><span style=\"font-size: 14pt;\"><strong>Hasan Abdullah Ismaik<\/strong> jordaniano de fam\u00edlia palestina, \u00e9 empreendedor, escritor e pensador \u00e1rabe, dedicado \u00e0 divulga\u00e7\u00e3o da cultura filos\u00f3fica e ao desenvolvimento do discurso racional \u00e1rabe. Em 2014, a Forbes reconheceu Ismaik como o primeiro bilion\u00e1rio da Jord\u00e2nia e o terceiro bilion\u00e1rio mais jovem do Oriente M\u00e9dio. \u00c9 presidente do Strategics Think Tank (STT) em Am\u00e3, na Jord\u00e2nia, que busca intensificar a comunica\u00e7\u00e3o e o entendimento entre o Oriente M\u00e9dio e o restante do mundo, a fim de fortalecer os la\u00e7os entre as na\u00e7\u00f5es, combater a viol\u00eancia e abra\u00e7ar construtivamente o projeto de um futuro comum.<\/span><\/p>\n<p>&nbsp;<\/p>\n<p><span style=\"font-size: 14pt;\"><strong>Sobre o Grupo Editorial Pensamento:<\/strong><\/span><\/p>\n<p><span style=\"font-size: 14pt;\"><em>Mais que livros, inspira\u00e7\u00e3o!<\/em><\/span><\/p>\n<p><span style=\"font-size: 14pt;\">Desde 1907, o Grupo Editorial Pensamento publica livros para um mundo em constante transforma\u00e7\u00e3o e aposta em obras reflexivas e pioneiras. Na busca desse objetivo, constru\u00edmos uma das maiores e mais tradicionais empresas editoriais do Brasil. Hoje, o Grupo \u00e9 formado por quatro selos: Pensamento, Cultrix, Seoman e Jangada e possui em cat\u00e1logo aproximadamente 2 mil t\u00edtulos, publicando cerca de 80 lan\u00e7amentos ao ano. Ao longo de sua trajet\u00f3ria, o Grupo Editorial Pensamento aposta em mensagens que procuram expandir o corpo, a mente e o esp\u00edrito. Mensagens que emanam energia positiva e bem-estar. Mensagens que equilibram o ser. Mensagens que transformam o mundo.<\/span><\/p>\n<p>&nbsp;<\/p>\n<p><span style=\"font-size: 14pt;\"><strong><u>Servi\u00e7o:<\/u><\/strong><\/span><\/p>\n<p><span style=\"font-size: 14pt;\"><strong>Livro:<\/strong> O Poder do Pensamento Positivo: edi\u00e7\u00e3o expandida e comentada<\/span><\/p>\n<p><span style=\"font-size: 14pt;\"><strong>Autores:<\/strong> Norman Vincent PealeHasan Abdullah Ismaik<\/span><\/p>\n<p><span style=\"font-size: 14pt;\"><strong>Editora:<\/strong> Cultrix<\/span><\/p>\n<p><span style=\"font-size: 14pt;\"><strong>P\u00e1ginas:<\/strong> 334<\/span><\/p>\n<p><span style=\"font-size: 14pt;\"><strong>Pre\u00e7o: <\/strong>R$ 65,00<\/span><\/p>\n<p><span style=\"font-size: 14pt;\"><strong>Dispon\u00edvel para venda em: <\/strong><\/span><\/p>\n<p><span style=\"font-size: 14pt;\"><a href=\"https:\/\/www.grupopensamento.com.br\/produto\/o-poder-do-pensamento-positivo-9144\">https:\/\/www.grupopensamento.com.br\/produto\/o-poder-do-pensamento-positivo-9144<\/a><\/span><\/p>\n<p>&nbsp;<\/p>\n<p style=\"text-align: center;\"><span style=\"font-size: 14pt;\"><strong>\u00a0<\/strong><\/span><span style=\"font-size: 18pt;\"><strong><em>Para mais informa\u00e7\u00f5es e entrevistas com Hasan:<\/em><\/strong><\/span><\/p>\n<p style=\"text-align: center;\"><span style=\"font-size: 18pt;\">Marcelo Boero<\/span><\/p>\n<p style=\"text-align: center;\"><span style=\"font-size: 18pt;\">(11) 99603 2034<\/span><\/p>\n<p style=\"text-align: center;\"><span style=\"font-size: 18pt;\"><a href=\"mailto:marcelo@aspasevirgulas.com.br\">marcelo@aspasevirgulas.com.br<\/a><\/span><\/p>\n<\/div>\n<\/div>\n<p>&nbsp;<\/p>\n<p style=\"font-size: 12pt; font-weight: bold;\">\n<table style=\"background-color: white;\" border=\"0\">\n<tbody>\n<tr>\n<td style=\"font-family: Arial; font-size: 10pt; text-align: center;\"><a href=\"https:\/\/imagens.pressmanager.net\/download?foto_id=4459336&amp;release_id=521472&amp;did=1091203390&amp;envio_id=1472571&amp;hash=10271114e4513269009e2495429774f5\"><img decoding=\"async\" src=\"data:image\/gif;base64,R0lGODlhAQABAIAAAAAAAP\/\/\/ywAAAAAAQABAAACAUwAOw==\" fifu-lazy=\"1\" fifu-data-sizes=\"auto\" fifu-data-srcset=\"https:\/\/i0.wp.com\/files.pressmanager.net\/clientes\/7aab8f6c49faa72b1422236a871b607f\/imagens\/2023\/08\/15\/0a43c5ddd942066f9011df12403b978c_small.jpg?ssl=1&w=75&resize=75&ssl=1 75w, https:\/\/i0.wp.com\/files.pressmanager.net\/clientes\/7aab8f6c49faa72b1422236a871b607f\/imagens\/2023\/08\/15\/0a43c5ddd942066f9011df12403b978c_small.jpg?ssl=1&w=100&resize=100&ssl=1 100w, https:\/\/i0.wp.com\/files.pressmanager.net\/clientes\/7aab8f6c49faa72b1422236a871b607f\/imagens\/2023\/08\/15\/0a43c5ddd942066f9011df12403b978c_small.jpg?ssl=1&w=150&resize=150&ssl=1 150w, https:\/\/i0.wp.com\/files.pressmanager.net\/clientes\/7aab8f6c49faa72b1422236a871b607f\/imagens\/2023\/08\/15\/0a43c5ddd942066f9011df12403b978c_small.jpg?ssl=1&w=240&resize=240&ssl=1 240w, https:\/\/i0.wp.com\/files.pressmanager.net\/clientes\/7aab8f6c49faa72b1422236a871b607f\/imagens\/2023\/08\/15\/0a43c5ddd942066f9011df12403b978c_small.jpg?ssl=1&w=320&resize=320&ssl=1 320w, https:\/\/i0.wp.com\/files.pressmanager.net\/clientes\/7aab8f6c49faa72b1422236a871b607f\/imagens\/2023\/08\/15\/0a43c5ddd942066f9011df12403b978c_small.jpg?ssl=1&w=500&resize=500&ssl=1 500w, https:\/\/i0.wp.com\/files.pressmanager.net\/clientes\/7aab8f6c49faa72b1422236a871b607f\/imagens\/2023\/08\/15\/0a43c5ddd942066f9011df12403b978c_small.jpg?ssl=1&w=640&resize=640&ssl=1 640w, https:\/\/i0.wp.com\/files.pressmanager.net\/clientes\/7aab8f6c49faa72b1422236a871b607f\/imagens\/2023\/08\/15\/0a43c5ddd942066f9011df12403b978c_small.jpg?ssl=1&w=800&resize=800&ssl=1 800w, https:\/\/i0.wp.com\/files.pressmanager.net\/clientes\/7aab8f6c49faa72b1422236a871b607f\/imagens\/2023\/08\/15\/0a43c5ddd942066f9011df12403b978c_small.jpg?ssl=1&w=1024&resize=1024&ssl=1 1024w, https:\/\/i0.wp.com\/files.pressmanager.net\/clientes\/7aab8f6c49faa72b1422236a871b607f\/imagens\/2023\/08\/15\/0a43c5ddd942066f9011df12403b978c_small.jpg?ssl=1&w=1280&resize=1280&ssl=1 1280w, https:\/\/i0.wp.com\/files.pressmanager.net\/clientes\/7aab8f6c49faa72b1422236a871b607f\/imagens\/2023\/08\/15\/0a43c5ddd942066f9011df12403b978c_small.jpg?ssl=1&w=1600&resize=1600&ssl=1 1600w\" fifu-data-src=\"https:\/\/i0.wp.com\/files.pressmanager.net\/clientes\/7aab8f6c49faa72b1422236a871b607f\/imagens\/2023\/08\/15\/0a43c5ddd942066f9011df12403b978c_small.jpg?ssl=1\" alt=\"\" border=\"0\" vspace=\"2\" \/><\/a><br \/>\n<a style=\"color: #008cea;\" href=\"https:\/\/imagens.pressmanager.net\/download?foto_id=4459336&amp;release_id=521472&amp;did=1091203390&amp;envio_id=1472571&amp;hash=10271114e4513269009e2495429774f5\"<\/a><\/td>\n<\/tr>\n<tr>\n<td style=\"font-family: Arial; font-size: 10pt; text-align: center;\"><a href=\"https:\/\/imagens.pressmanager.net\/download?foto_id=4459337&amp;release_id=521472&amp;did=1091203390&amp;envio_id=1472571&amp;hash=10271114e4513269009e2495429774f5\"><img decoding=\"async\" src=\"data:image\/gif;base64,R0lGODlhAQABAIAAAAAAAP\/\/\/ywAAAAAAQABAAACAUwAOw==\" fifu-lazy=\"1\" fifu-data-sizes=\"auto\" fifu-data-srcset=\"https:\/\/i1.wp.com\/files.pressmanager.net\/clientes\/7aab8f6c49faa72b1422236a871b607f\/imagens\/2023\/08\/15\/70d99dc244565c9cb0870403b3ef00fa_small.jpg?ssl=1&w=75&resize=75&ssl=1 75w, https:\/\/i1.wp.com\/files.pressmanager.net\/clientes\/7aab8f6c49faa72b1422236a871b607f\/imagens\/2023\/08\/15\/70d99dc244565c9cb0870403b3ef00fa_small.jpg?ssl=1&w=100&resize=100&ssl=1 100w, https:\/\/i1.wp.com\/files.pressmanager.net\/clientes\/7aab8f6c49faa72b1422236a871b607f\/imagens\/2023\/08\/15\/70d99dc244565c9cb0870403b3ef00fa_small.jpg?ssl=1&w=150&resize=150&ssl=1 150w, https:\/\/i1.wp.com\/files.pressmanager.net\/clientes\/7aab8f6c49faa72b1422236a871b607f\/imagens\/2023\/08\/15\/70d99dc244565c9cb0870403b3ef00fa_small.jpg?ssl=1&w=240&resize=240&ssl=1 240w, https:\/\/i1.wp.com\/files.pressmanager.net\/clientes\/7aab8f6c49faa72b1422236a871b607f\/imagens\/2023\/08\/15\/70d99dc244565c9cb0870403b3ef00fa_small.jpg?ssl=1&w=320&resize=320&ssl=1 320w, https:\/\/i1.wp.com\/files.pressmanager.net\/clientes\/7aab8f6c49faa72b1422236a871b607f\/imagens\/2023\/08\/15\/70d99dc244565c9cb0870403b3ef00fa_small.jpg?ssl=1&w=500&resize=500&ssl=1 500w, https:\/\/i1.wp.com\/files.pressmanager.net\/clientes\/7aab8f6c49faa72b1422236a871b607f\/imagens\/2023\/08\/15\/70d99dc244565c9cb0870403b3ef00fa_small.jpg?ssl=1&w=640&resize=640&ssl=1 640w, https:\/\/i1.wp.com\/files.pressmanager.net\/clientes\/7aab8f6c49faa72b1422236a871b607f\/imagens\/2023\/08\/15\/70d99dc244565c9cb0870403b3ef00fa_small.jpg?ssl=1&w=800&resize=800&ssl=1 800w, https:\/\/i1.wp.com\/files.pressmanager.net\/clientes\/7aab8f6c49faa72b1422236a871b607f\/imagens\/2023\/08\/15\/70d99dc244565c9cb0870403b3ef00fa_small.jpg?ssl=1&w=1024&resize=1024&ssl=1 1024w, https:\/\/i1.wp.com\/files.pressmanager.net\/clientes\/7aab8f6c49faa72b1422236a871b607f\/imagens\/2023\/08\/15\/70d99dc244565c9cb0870403b3ef00fa_small.jpg?ssl=1&w=1280&resize=1280&ssl=1 1280w, https:\/\/i1.wp.com\/files.pressmanager.net\/clientes\/7aab8f6c49faa72b1422236a871b607f\/imagens\/2023\/08\/15\/70d99dc244565c9cb0870403b3ef00fa_small.jpg?ssl=1&w=1600&resize=1600&ssl=1 1600w\" fifu-data-src=\"https:\/\/i1.wp.com\/files.pressmanager.net\/clientes\/7aab8f6c49faa72b1422236a871b607f\/imagens\/2023\/08\/15\/70d99dc244565c9cb0870403b3ef00fa_small.jpg?ssl=1\" alt=\"Norman Vincent Peale\" border=\"0\" vspace=\"2\" \/><\/a><br \/>\nNorman Vincent Peale<br \/>\n<a style=\"color: #008cea;\" href=\"https:\/\/imagens.pressmanager.net\/download?foto_id=4459337&amp;release_id=521472&amp;did=1091203390&amp;envio_id=1472571&amp;hash=10271114e4513269009e2495429774f5\"<\/a><\/td>\n<\/tr>\n<tr>\n<td style=\"font-family: Arial; font-size: 10pt; text-align: center;\"><a href=\"https:\/\/imagens.pressmanager.net\/download?foto_id=4459341&amp;release_id=521472&amp;did=1091203390&amp;envio_id=1472571&amp;hash=10271114e4513269009e2495429774f5\"><img decoding=\"async\" src=\"data:image\/gif;base64,R0lGODlhAQABAIAAAAAAAP\/\/\/ywAAAAAAQABAAACAUwAOw==\" fifu-lazy=\"1\" fifu-data-sizes=\"auto\" fifu-data-srcset=\"https:\/\/i3.wp.com\/files.pressmanager.net\/clientes\/7aab8f6c49faa72b1422236a871b607f\/imagens\/2023\/08\/15\/6f39baba85e09a89e85178b58b77c6c1_small.jpg?ssl=1&w=75&resize=75&ssl=1 75w, https:\/\/i3.wp.com\/files.pressmanager.net\/clientes\/7aab8f6c49faa72b1422236a871b607f\/imagens\/2023\/08\/15\/6f39baba85e09a89e85178b58b77c6c1_small.jpg?ssl=1&w=100&resize=100&ssl=1 100w, https:\/\/i3.wp.com\/files.pressmanager.net\/clientes\/7aab8f6c49faa72b1422236a871b607f\/imagens\/2023\/08\/15\/6f39baba85e09a89e85178b58b77c6c1_small.jpg?ssl=1&w=150&resize=150&ssl=1 150w, https:\/\/i3.wp.com\/files.pressmanager.net\/clientes\/7aab8f6c49faa72b1422236a871b607f\/imagens\/2023\/08\/15\/6f39baba85e09a89e85178b58b77c6c1_small.jpg?ssl=1&w=240&resize=240&ssl=1 240w, https:\/\/i3.wp.com\/files.pressmanager.net\/clientes\/7aab8f6c49faa72b1422236a871b607f\/imagens\/2023\/08\/15\/6f39baba85e09a89e85178b58b77c6c1_small.jpg?ssl=1&w=320&resize=320&ssl=1 320w, https:\/\/i3.wp.com\/files.pressmanager.net\/clientes\/7aab8f6c49faa72b1422236a871b607f\/imagens\/2023\/08\/15\/6f39baba85e09a89e85178b58b77c6c1_small.jpg?ssl=1&w=500&resize=500&ssl=1 500w, https:\/\/i3.wp.com\/files.pressmanager.net\/clientes\/7aab8f6c49faa72b1422236a871b607f\/imagens\/2023\/08\/15\/6f39baba85e09a89e85178b58b77c6c1_small.jpg?ssl=1&w=640&resize=640&ssl=1 640w, https:\/\/i3.wp.com\/files.pressmanager.net\/clientes\/7aab8f6c49faa72b1422236a871b607f\/imagens\/2023\/08\/15\/6f39baba85e09a89e85178b58b77c6c1_small.jpg?ssl=1&w=800&resize=800&ssl=1 800w, https:\/\/i3.wp.com\/files.pressmanager.net\/clientes\/7aab8f6c49faa72b1422236a871b607f\/imagens\/2023\/08\/15\/6f39baba85e09a89e85178b58b77c6c1_small.jpg?ssl=1&w=1024&resize=1024&ssl=1 1024w, https:\/\/i3.wp.com\/files.pressmanager.net\/clientes\/7aab8f6c49faa72b1422236a871b607f\/imagens\/2023\/08\/15\/6f39baba85e09a89e85178b58b77c6c1_small.jpg?ssl=1&w=1280&resize=1280&ssl=1 1280w, https:\/\/i3.wp.com\/files.pressmanager.net\/clientes\/7aab8f6c49faa72b1422236a871b607f\/imagens\/2023\/08\/15\/6f39baba85e09a89e85178b58b77c6c1_small.jpg?ssl=1&w=1600&resize=1600&ssl=1 1600w\" fifu-data-src=\"https:\/\/i3.wp.com\/files.pressmanager.net\/clientes\/7aab8f6c49faa72b1422236a871b607f\/imagens\/2023\/08\/15\/6f39baba85e09a89e85178b58b77c6c1_small.jpg?ssl=1\" alt=\"Hasan Abdullah Ismaik\" border=\"0\" vspace=\"2\" \/><\/a><br \/>\nHasan Abdullah Ismaik<br \/>\n<a style=\"color: #008cea;\" href=\"https:\/\/imagens.pressmanager.net\/download?foto_id=4459341&amp;release_id=521472&amp;did=1091203390&amp;envio_id=1472571&amp;hash=10271114e4513269009e2495429774f5\"<\/a><\/td>\n<\/tr>\n<tr>\n<td style=\"font-family: Arial; font-size: 10pt; text-align: center;\"><a href=\"https:\/\/imagens.pressmanager.net\/download?foto_id=4459347&amp;release_id=521472&amp;did=1091203390&amp;envio_id=1472571&amp;hash=10271114e4513269009e2495429774f5\"><img decoding=\"async\" src=\"data:image\/gif;base64,R0lGODlhAQABAIAAAAAAAP\/\/\/ywAAAAAAQABAAACAUwAOw==\" fifu-lazy=\"1\" fifu-data-sizes=\"auto\" fifu-data-srcset=\"https:\/\/i1.wp.com\/files.pressmanager.net\/clientes\/7aab8f6c49faa72b1422236a871b607f\/imagens\/2023\/08\/15\/77bf9e3ddc1961fe3c52b141a0bd497d_small.jpg?ssl=1&w=75&resize=75&ssl=1 75w, https:\/\/i1.wp.com\/files.pressmanager.net\/clientes\/7aab8f6c49faa72b1422236a871b607f\/imagens\/2023\/08\/15\/77bf9e3ddc1961fe3c52b141a0bd497d_small.jpg?ssl=1&w=100&resize=100&ssl=1 100w, https:\/\/i1.wp.com\/files.pressmanager.net\/clientes\/7aab8f6c49faa72b1422236a871b607f\/imagens\/2023\/08\/15\/77bf9e3ddc1961fe3c52b141a0bd497d_small.jpg?ssl=1&w=150&resize=150&ssl=1 150w, https:\/\/i1.wp.com\/files.pressmanager.net\/clientes\/7aab8f6c49faa72b1422236a871b607f\/imagens\/2023\/08\/15\/77bf9e3ddc1961fe3c52b141a0bd497d_small.jpg?ssl=1&w=240&resize=240&ssl=1 240w, https:\/\/i1.wp.com\/files.pressmanager.net\/clientes\/7aab8f6c49faa72b1422236a871b607f\/imagens\/2023\/08\/15\/77bf9e3ddc1961fe3c52b141a0bd497d_small.jpg?ssl=1&w=320&resize=320&ssl=1 320w, https:\/\/i1.wp.com\/files.pressmanager.net\/clientes\/7aab8f6c49faa72b1422236a871b607f\/imagens\/2023\/08\/15\/77bf9e3ddc1961fe3c52b141a0bd497d_small.jpg?ssl=1&w=500&resize=500&ssl=1 500w, https:\/\/i1.wp.com\/files.pressmanager.net\/clientes\/7aab8f6c49faa72b1422236a871b607f\/imagens\/2023\/08\/15\/77bf9e3ddc1961fe3c52b141a0bd497d_small.jpg?ssl=1&w=640&resize=640&ssl=1 640w, https:\/\/i1.wp.com\/files.pressmanager.net\/clientes\/7aab8f6c49faa72b1422236a871b607f\/imagens\/2023\/08\/15\/77bf9e3ddc1961fe3c52b141a0bd497d_small.jpg?ssl=1&w=800&resize=800&ssl=1 800w, https:\/\/i1.wp.com\/files.pressmanager.net\/clientes\/7aab8f6c49faa72b1422236a871b607f\/imagens\/2023\/08\/15\/77bf9e3ddc1961fe3c52b141a0bd497d_small.jpg?ssl=1&w=1024&resize=1024&ssl=1 1024w, https:\/\/i1.wp.com\/files.pressmanager.net\/clientes\/7aab8f6c49faa72b1422236a871b607f\/imagens\/2023\/08\/15\/77bf9e3ddc1961fe3c52b141a0bd497d_small.jpg?ssl=1&w=1280&resize=1280&ssl=1 1280w, https:\/\/i1.wp.com\/files.pressmanager.net\/clientes\/7aab8f6c49faa72b1422236a871b607f\/imagens\/2023\/08\/15\/77bf9e3ddc1961fe3c52b141a0bd497d_small.jpg?ssl=1&w=1600&resize=1600&ssl=1 1600w\" fifu-data-src=\"https:\/\/i1.wp.com\/files.pressmanager.net\/clientes\/7aab8f6c49faa72b1422236a871b607f\/imagens\/2023\/08\/15\/77bf9e3ddc1961fe3c52b141a0bd497d_small.jpg?ssl=1\" alt=\"\" border=\"0\" vspace=\"2\" \/><\/a><br \/>\n<a style=\"color: #008cea;\" href=\"https:\/\/imagens.pressmanager.net\/download?foto_id=4459347&amp;release_id=521472&amp;did=1091203390&amp;envio_id=1472571&amp;hash=10271114e4513269009e2495429774f5\"<\/a><\/td>\n<\/tr>\n<\/tbody>\n<\/table>\n<p>&nbsp;<\/p>\n<table style=\"line-height: 20px;\" border=\"0\">\n<tbody>\n<tr>\n<td><img decoding=\"async\" src=\"data:image\/gif;base64,R0lGODlhAQABAIAAAAAAAP\/\/\/ywAAAAAAQABAAACAUwAOw==\" fifu-lazy=\"1\" fifu-data-sizes=\"auto\" fifu-data-srcset=\"https:\/\/i2.wp.com\/files.pressmanager.net\/clientes\/7aab8f6c49faa72b1422236a871b607f\/imagens\/2020\/02\/05\/b803f35aa560540efe3e4de35a6d1966.jpg?ssl=1&w=75&resize=75&ssl=1 75w, https:\/\/i2.wp.com\/files.pressmanager.net\/clientes\/7aab8f6c49faa72b1422236a871b607f\/imagens\/2020\/02\/05\/b803f35aa560540efe3e4de35a6d1966.jpg?ssl=1&w=100&resize=100&ssl=1 100w, https:\/\/i2.wp.com\/files.pressmanager.net\/clientes\/7aab8f6c49faa72b1422236a871b607f\/imagens\/2020\/02\/05\/b803f35aa560540efe3e4de35a6d1966.jpg?ssl=1&w=150&resize=150&ssl=1 150w, https:\/\/i2.wp.com\/files.pressmanager.net\/clientes\/7aab8f6c49faa72b1422236a871b607f\/imagens\/2020\/02\/05\/b803f35aa560540efe3e4de35a6d1966.jpg?ssl=1&w=240&resize=240&ssl=1 240w, https:\/\/i2.wp.com\/files.pressmanager.net\/clientes\/7aab8f6c49faa72b1422236a871b607f\/imagens\/2020\/02\/05\/b803f35aa560540efe3e4de35a6d1966.jpg?ssl=1&w=320&resize=320&ssl=1 320w, https:\/\/i2.wp.com\/files.pressmanager.net\/clientes\/7aab8f6c49faa72b1422236a871b607f\/imagens\/2020\/02\/05\/b803f35aa560540efe3e4de35a6d1966.jpg?ssl=1&w=500&resize=500&ssl=1 500w, https:\/\/i2.wp.com\/files.pressmanager.net\/clientes\/7aab8f6c49faa72b1422236a871b607f\/imagens\/2020\/02\/05\/b803f35aa560540efe3e4de35a6d1966.jpg?ssl=1&w=640&resize=640&ssl=1 640w, https:\/\/i2.wp.com\/files.pressmanager.net\/clientes\/7aab8f6c49faa72b1422236a871b607f\/imagens\/2020\/02\/05\/b803f35aa560540efe3e4de35a6d1966.jpg?ssl=1&w=800&resize=800&ssl=1 800w, https:\/\/i2.wp.com\/files.pressmanager.net\/clientes\/7aab8f6c49faa72b1422236a871b607f\/imagens\/2020\/02\/05\/b803f35aa560540efe3e4de35a6d1966.jpg?ssl=1&w=1024&resize=1024&ssl=1 1024w, https:\/\/i2.wp.com\/files.pressmanager.net\/clientes\/7aab8f6c49faa72b1422236a871b607f\/imagens\/2020\/02\/05\/b803f35aa560540efe3e4de35a6d1966.jpg?ssl=1&w=1280&resize=1280&ssl=1 1280w, https:\/\/i2.wp.com\/files.pressmanager.net\/clientes\/7aab8f6c49faa72b1422236a871b607f\/imagens\/2020\/02\/05\/b803f35aa560540efe3e4de35a6d1966.jpg?ssl=1&w=1600&resize=1600&ssl=1 1600w\" fifu-data-src=\"https:\/\/i2.wp.com\/files.pressmanager.net\/clientes\/7aab8f6c49faa72b1422236a871b607f\/imagens\/2020\/02\/05\/b803f35aa560540efe3e4de35a6d1966.jpg?ssl=1\" \/><\/td>\n<td><b>Marcelo Boero<\/b><br \/>\n(11) 99603-2034<br \/>\n<a style=\"font-size: 11px; font-weight: bold; text-decoration: none;\" href=\"http:\/\/www.aspasevirgulas.com.br\" target=\"_blank\" rel=\"noopener\">aspasevirgulas.com.br<\/a><\/td>\n<\/tr>\n<\/tbody>\n<\/table>\n<p><img decoding=\"async\" src=\"data:image\/gif;base64,R0lGODlhAQABAIAAAAAAAP\/\/\/ywAAAAAAQABAAACAUwAOw==\" fifu-lazy=\"1\" fifu-data-sizes=\"auto\" fifu-data-srcset=\"https:\/\/i1.wp.com\/click.pressmanager.net\/log_leitura_email?envio_id=1472571&did=1091203390&imglog=1&hash=10271114e4513269009e2495429774f5&ssl=1&w=75&resize=75&ssl=1 75w, https:\/\/i1.wp.com\/click.pressmanager.net\/log_leitura_email?envio_id=1472571&did=1091203390&imglog=1&hash=10271114e4513269009e2495429774f5&ssl=1&w=100&resize=100&ssl=1 100w, https:\/\/i1.wp.com\/click.pressmanager.net\/log_leitura_email?envio_id=1472571&did=1091203390&imglog=1&hash=10271114e4513269009e2495429774f5&ssl=1&w=150&resize=150&ssl=1 150w, https:\/\/i1.wp.com\/click.pressmanager.net\/log_leitura_email?envio_id=1472571&did=1091203390&imglog=1&hash=10271114e4513269009e2495429774f5&ssl=1&w=240&resize=240&ssl=1 240w, https:\/\/i1.wp.com\/click.pressmanager.net\/log_leitura_email?envio_id=1472571&did=1091203390&imglog=1&hash=10271114e4513269009e2495429774f5&ssl=1&w=320&resize=320&ssl=1 320w, https:\/\/i1.wp.com\/click.pressmanager.net\/log_leitura_email?envio_id=1472571&did=1091203390&imglog=1&hash=10271114e4513269009e2495429774f5&ssl=1&w=500&resize=500&ssl=1 500w, https:\/\/i1.wp.com\/click.pressmanager.net\/log_leitura_email?envio_id=1472571&did=1091203390&imglog=1&hash=10271114e4513269009e2495429774f5&ssl=1&w=640&resize=640&ssl=1 640w, https:\/\/i1.wp.com\/click.pressmanager.net\/log_leitura_email?envio_id=1472571&did=1091203390&imglog=1&hash=10271114e4513269009e2495429774f5&ssl=1&w=800&resize=800&ssl=1 800w, https:\/\/i1.wp.com\/click.pressmanager.net\/log_leitura_email?envio_id=1472571&did=1091203390&imglog=1&hash=10271114e4513269009e2495429774f5&ssl=1&w=1024&resize=1024&ssl=1 1024w, https:\/\/i1.wp.com\/click.pressmanager.net\/log_leitura_email?envio_id=1472571&did=1091203390&imglog=1&hash=10271114e4513269009e2495429774f5&ssl=1&w=1280&resize=1280&ssl=1 1280w, https:\/\/i1.wp.com\/click.pressmanager.net\/log_leitura_email?envio_id=1472571&did=1091203390&imglog=1&hash=10271114e4513269009e2495429774f5&ssl=1&w=1600&resize=1600&ssl=1 1600w\" fifu-data-src=\"https:\/\/i1.wp.com\/click.pressmanager.net\/log_leitura_email?envio_id=1472571&did=1091203390&imglog=1&hash=10271114e4513269009e2495429774f5&ssl=1\" alt=\"\" \/><\/p>\n<div style=\"clear: both; padding-top: 10px; text-align: center; width: 100%;\">\n<table style=\"border-collapse: separate; width: 100%;\" border=\"0\" width=\"100%\" cellspacing=\"0\" cellpadding=\"0\">\n<tbody>\n<tr>\n<td style=\"font-family: arial; vertical-align: top; font-size: 11px; line-height: 18px; color: #3f3f3f; text-align: center;\" align=\"center\" valign=\"top\">Destacado em:  <b>Comportamento, Sociedade<\/b>.<\/p>&nbsp;&nbsp;\n<p>  <a style=\"color: #153643; text-decoration: underline;\" href=\"https:\/\/unsubscribe.pressmanager.net\/unsubscribe?did=1091203390&amp;dhash=10271114e4513269009e2495429774f5&amp;eid=1472571&amp;opcao=alterar_cadastro\" target=\"_blank\" rel=\"noopener\"> <\/a>   <a style=\"color: #153643; text-decoration: underline;\" href=\"https:\/\/unsubscribe.pressmanager.net\/unsubscribe?did=1091203390&amp;dhash=10271114e4513269009e2495429774f5&amp;eid=1472571&amp;opcao=relatar_erro_editorias\" target=\"_blank\" rel=\"noopener\"> .<\/a><\/p>\n<p><span style=\"font-size: 10px;\">  <a style=\"color: #153643; text-decoration: underline;\" href=\"https:\/\/unsubscribe.pressmanager.net\/unsubscribe?did=1091203390&amp;dhash=10271114e4513269009e2495429774f5&amp;eid=1472571&amp;opcao=descadastrar\" target=\"_blank\" rel=\"noopener\"> <\/a>.<\/span><\/td>\n<\/tr>\n<\/tbody>\n<\/table>\n<\/div>\n<\/div>\n<p>&nbsp;<\/p>\n<\/div>\n<\/div>\n","protected":false},"excerpt":{"rendered":"<p>Nova edi\u00e7\u00e3o moderniza o cl\u00e1ssico, com uma vis\u00e3o universalizada e contempor\u00e2nea de seus ensinamentos e&#8230;<\/p>\n","protected":false},"author":1,"featured_media":110211,"comment_status":"closed","ping_status":"closed","sticky":false,"template":"","format":"standard","meta":{"fifu_image_url":"","fifu_image_alt":"","footnotes":""},"categories":[727],"tags":[58,12885],"class_list":["post-106659","post","type-post","status-publish","format-standard","has-post-thumbnail","hentry","category-noticias","tag-noticias","tag-verdeamarelo","wpcat-727-id"],"_links":{"self":[{"href":"https:\/\/verde-amarelo.net\/verdeamarelo\/wp-json\/wp\/v2\/posts\/106659","targetHints":{"allow":["GET"]}}],"collection":[{"href":"https:\/\/verde-amarelo.net\/verdeamarelo\/wp-json\/wp\/v2\/posts"}],"about":[{"href":"https:\/\/verde-amarelo.net\/verdeamarelo\/wp-json\/wp\/v2\/types\/post"}],"author":[{"embeddable":true,"href":"https:\/\/verde-amarelo.net\/verdeamarelo\/wp-json\/wp\/v2\/users\/1"}],"replies":[{"embeddable":true,"href":"https:\/\/verde-amarelo.net\/verdeamarelo\/wp-json\/wp\/v2\/comments?post=106659"}],"version-history":[{"count":0,"href":"https:\/\/verde-amarelo.net\/verdeamarelo\/wp-json\/wp\/v2\/posts\/106659\/revisions"}],"wp:featuredmedia":[{"embeddable":true,"href":"https:\/\/verde-amarelo.net\/verdeamarelo\/wp-json\/wp\/v2\/media\/110211"}],"wp:attachment":[{"href":"https:\/\/verde-amarelo.net\/verdeamarelo\/wp-json\/wp\/v2\/media?parent=106659"}],"wp:term":[{"taxonomy":"category","embeddable":true,"href":"https:\/\/verde-amarelo.net\/verdeamarelo\/wp-json\/wp\/v2\/categories?post=106659"},{"taxonomy":"post_tag","embeddable":true,"href":"https:\/\/verde-amarelo.net\/verdeamarelo\/wp-json\/wp\/v2\/tags?post=106659"}],"curies":[{"name":"wp","href":"https:\/\/api.w.org\/{rel}","templated":true}]}}