{"id":106667,"date":"2023-08-28T13:42:48","date_gmt":"2023-08-28T16:42:48","guid":{"rendered":"https:\/\/verde-amarelo.net\/verdeamarelo\/?p=106667"},"modified":"2023-08-28T20:48:29","modified_gmt":"2023-08-28T23:48:29","slug":"falta-1-semana-para-o-connected-smart-cities-mobility-nacional","status":"publish","type":"post","link":"https:\/\/verde-amarelo.net\/verdeamarelo\/2023\/08\/falta-1-semana-para-o-connected-smart-cities-mobility-nacional\/","title":{"rendered":"Falta 1 semana para o Connected Smart Cities &amp; Mobility Nacional"},"content":{"rendered":"<div class=\"postie-post\">\n<div>\n<div class=\"body\" style=\"padding: 40px 0px 40px 0px; background: #ffffff; background-size: auto; background-color: #ffffff;\">\n<p><!-- [if mso | IE]>\n\n\n<table align=\"center\" border=\"0\" cellpadding=\"0\" cellspacing=\"0\" class=\"cols_1-outlook 1589473358640-outlook ip-section-outlook\" role=\"presentation\" style=\"width:600px;\" width=\"600\" bgcolor=\"#ffffff\" >\n\n\n<tr>\n\n\n<td style=\"line-height:0px;font-size:0px;mso-line-height-rule:exactly;\"><![endif]--><\/p>\n<div class=\"cols_1 1589473358640 ip-section\" style=\"border: none; background: #ffffff; background-color: #ffffff; margin: 0px auto; border-radius: 0px; max-width: 600px; margin-top: 0px; margin-bottom: 0px;\">\n<div style=\"line-height: 0; font-size: 0;\">\n<table style=\"background: #ffffff; background-color: #ffffff; width: 100%; border-radius: 0px;\" role=\"presentation\" border=\"0\" cellspacing=\"0\" cellpadding=\"0\" align=\"center\">\n<tbody>\n<tr>\n<td style=\"direction: ltr; font-size: 0px; padding: 4px 4px 4px 4px; text-align: center;\"><!-- [if mso | IE]>\n\n\n<table role=\"presentation\" border=\"0\" cellpadding=\"0\" cellspacing=\"0\">\n\n\n<tr>\n\n\n<td class=\"ip-column-outlook -outlook\" style=\"vertical-align:top;width:592px;\" ><![endif]--><\/p>\n<div class=\"mj-column-per-100 mj-outlook-group-fix ip-column\" style=\"font-size: 0px; text-align: left; direction: ltr; display: inline-block; vertical-align: top; width: 100%;\">\n<table role=\"presentation\" border=\"0\" width=\"100%\" cellspacing=\"0\" cellpadding=\"0\">\n<tbody>\n<tr>\n<td style=\"background-color: transparent; border: none; border-radius: 0px; vertical-align: top; padding: 4px 4px;\">\n<table role=\"presentation\" border=\"0\" width=\"100%\" cellspacing=\"0\" cellpadding=\"0\">\n<tbody>\n<tr>\n<td class=\"ip-text-block\" style=\"font-size: 0px; padding: 40px 0px 0px 0px; word-break: break-word;\" align=\"left\"><\/td>\n<\/tr>\n<tr>\n<td align=\"left\">\n<div>\n<p><!-- htmlmin:ignore --><\/p>\n<p>O maior evento de conex\u00f5es e neg\u00f3cios de cidades inteligentes e mobilidade urbana do Brasil acontecer\u00e1 no Centro de Conven\u00e7\u00f5es Frei Caneca, em S\u00e3o Paulo, nos dias 4 e 5 de setembro, e contar\u00e1 com a presen\u00e7a de diversas autoridades p\u00fablicas e principais atores desses nichos do mercado.<\/p>&nbsp;&nbsp;\n<p>&nbsp;<\/p>\n<p>Nesta edi\u00e7\u00e3o, s\u00e3o esperados 5 mil participantes, mais de 300 palestrantes para discuss\u00e3o de eixos tem\u00e1ticos estrat\u00e9gicos e mais de 50 expositores para a divulga\u00e7\u00e3o de novas tecnologias e inova\u00e7\u00f5es em prol do avan\u00e7o de smart cities no Brasil.<\/p>&nbsp;&nbsp;\n<p><!-- htmlmin:ignore --><\/p>\n<\/div>\n<\/td>\n<\/tr>\n<\/tbody>\n<\/table>\n<\/td>\n<\/tr>\n<\/tbody>\n<\/table>\n<\/div>\n<p><!-- [if mso | IE]><\/td>\n\n\n<\/tr>\n\n\n<\/table>\n\n\n<![endif]--><\/td>\n<\/tr>\n<\/tbody>\n<\/table>\n<\/div>\n<\/div>\n<p><!-- [if mso | IE]><\/td>\n\n\n<\/tr>\n\n\n<\/table>\n\n\n\n\n<table align=\"center\" border=\"0\" cellpadding=\"0\" cellspacing=\"0\" class=\"cols_1-outlook 1589483538910-outlook ip-section-outlook\" role=\"presentation\" style=\"width:600px;\" width=\"600\" bgcolor=\"#ffffff\" >\n\n\n<tr>\n\n\n<td style=\"line-height:0px;font-size:0px;mso-line-height-rule:exactly;\"><![endif]--><\/p>\n<div>\n<div>\n<table role=\"presentation\" border=\"0\" cellspacing=\"0\" cellpadding=\"0\" align=\"center\">\n<tbody>\n<tr>\n<td><!-- [if mso | IE]>\n\n\n<table role=\"presentation\" border=\"0\" cellpadding=\"0\" cellspacing=\"0\">\n\n\n<tr>\n\n\n<td class=\"ip-column-outlook -outlook\" style=\"vertical-align:top;width:592px;\" ><![endif]--><\/p>\n<div>\n<table role=\"presentation\" border=\"0\" width=\"100%\" cellspacing=\"0\" cellpadding=\"0\">\n<tbody>\n<tr>\n<td>\n<table role=\"presentation\" border=\"0\" width=\"100%\" cellspacing=\"0\" cellpadding=\"0\">\n<tbody>\n<tr>\n<td align=\"center\">\n<table role=\"presentation\" border=\"0\" cellspacing=\"0\" cellpadding=\"0\">\n<tbody>\n<tr>\n<td><img decoding=\"async\" src=\"data:image\/gif;base64,R0lGODlhAQABAIAAAAAAAP\/\/\/ywAAAAAAQABAAACAUwAOw==\" fifu-lazy=\"1\" fifu-data-sizes=\"auto\" fifu-data-srcset=\"https:\/\/i2.wp.com\/cseprs3.s3.amazonaws.com\/email-editor-files\/bd96287a-1554-4865-3a66-08d9cfa433a8\/6c0654fc-13e5-4ca6-a7b7-d8ec54bfce5f.jpg?ssl=1&w=75&resize=75&ssl=1 75w, https:\/\/i2.wp.com\/cseprs3.s3.amazonaws.com\/email-editor-files\/bd96287a-1554-4865-3a66-08d9cfa433a8\/6c0654fc-13e5-4ca6-a7b7-d8ec54bfce5f.jpg?ssl=1&w=100&resize=100&ssl=1 100w, https:\/\/i2.wp.com\/cseprs3.s3.amazonaws.com\/email-editor-files\/bd96287a-1554-4865-3a66-08d9cfa433a8\/6c0654fc-13e5-4ca6-a7b7-d8ec54bfce5f.jpg?ssl=1&w=150&resize=150&ssl=1 150w, https:\/\/i2.wp.com\/cseprs3.s3.amazonaws.com\/email-editor-files\/bd96287a-1554-4865-3a66-08d9cfa433a8\/6c0654fc-13e5-4ca6-a7b7-d8ec54bfce5f.jpg?ssl=1&w=240&resize=240&ssl=1 240w, https:\/\/i2.wp.com\/cseprs3.s3.amazonaws.com\/email-editor-files\/bd96287a-1554-4865-3a66-08d9cfa433a8\/6c0654fc-13e5-4ca6-a7b7-d8ec54bfce5f.jpg?ssl=1&w=320&resize=320&ssl=1 320w, https:\/\/i2.wp.com\/cseprs3.s3.amazonaws.com\/email-editor-files\/bd96287a-1554-4865-3a66-08d9cfa433a8\/6c0654fc-13e5-4ca6-a7b7-d8ec54bfce5f.jpg?ssl=1&w=500&resize=500&ssl=1 500w, https:\/\/i2.wp.com\/cseprs3.s3.amazonaws.com\/email-editor-files\/bd96287a-1554-4865-3a66-08d9cfa433a8\/6c0654fc-13e5-4ca6-a7b7-d8ec54bfce5f.jpg?ssl=1&w=640&resize=640&ssl=1 640w, https:\/\/i2.wp.com\/cseprs3.s3.amazonaws.com\/email-editor-files\/bd96287a-1554-4865-3a66-08d9cfa433a8\/6c0654fc-13e5-4ca6-a7b7-d8ec54bfce5f.jpg?ssl=1&w=800&resize=800&ssl=1 800w, https:\/\/i2.wp.com\/cseprs3.s3.amazonaws.com\/email-editor-files\/bd96287a-1554-4865-3a66-08d9cfa433a8\/6c0654fc-13e5-4ca6-a7b7-d8ec54bfce5f.jpg?ssl=1&w=1024&resize=1024&ssl=1 1024w, https:\/\/i2.wp.com\/cseprs3.s3.amazonaws.com\/email-editor-files\/bd96287a-1554-4865-3a66-08d9cfa433a8\/6c0654fc-13e5-4ca6-a7b7-d8ec54bfce5f.jpg?ssl=1&w=1280&resize=1280&ssl=1 1280w, https:\/\/i2.wp.com\/cseprs3.s3.amazonaws.com\/email-editor-files\/bd96287a-1554-4865-3a66-08d9cfa433a8\/6c0654fc-13e5-4ca6-a7b7-d8ec54bfce5f.jpg?ssl=1&w=1600&resize=1600&ssl=1 1600w\" title=\"\" fifu-data-src=\"https:\/\/i2.wp.com\/cseprs3.s3.amazonaws.com\/email-editor-files\/bd96287a-1554-4865-3a66-08d9cfa433a8\/6c0654fc-13e5-4ca6-a7b7-d8ec54bfce5f.jpg?ssl=1\" alt=\"\" width=\"584\" height=\"auto\" \/><\/td>\n<\/tr>\n<\/tbody>\n<\/table>\n<\/td>\n<\/tr>\n<tr>\n<td align=\"left\">\n<div>\n<p><!-- htmlmin:ignore --><\/p>\n<pre><strong>8\u00aa edi\u00e7\u00e3o do Connected Smart Cities &amp; Mobility Nacional (CSCM), em 2022. Cr\u00e9dito: Connected Smart Cities<\/strong><\/pre>\n<p><!-- htmlmin:ignore --><\/p>\n<\/div>\n<\/td>\n<\/tr>\n<\/tbody>\n<\/table>\n<\/td>\n<\/tr>\n<\/tbody>\n<\/table>\n<\/div>\n<p><!-- [if mso | IE]><\/td>\n\n\n<\/tr>\n\n\n<\/table>\n\n\n<![endif]--><\/td>\n<\/tr>\n<\/tbody>\n<\/table>\n<\/div>\n<\/div>\n<p><!-- [if mso | IE]><\/td>\n\n\n<\/tr>\n\n\n<\/table>\n\n\n\n\n<table align=\"center\" border=\"0\" cellpadding=\"0\" cellspacing=\"0\" class=\"cols_1-outlook 1589483541660-outlook ip-section-outlook\" role=\"presentation\" style=\"width:600px;\" width=\"600\" bgcolor=\"#ffffff\" >\n\n\n<tr>\n\n\n<td style=\"line-height:0px;font-size:0px;mso-line-height-rule:exactly;\"><![endif]--><\/p>\n<div>\n<div>\n<table role=\"presentation\" border=\"0\" cellspacing=\"0\" cellpadding=\"0\" align=\"center\">\n<tbody>\n<tr>\n<td><!-- [if mso | IE]>\n\n\n<table role=\"presentation\" border=\"0\" cellpadding=\"0\" cellspacing=\"0\">\n\n\n<tr>\n\n\n<td class=\"ip-column-outlook -outlook\" style=\"vertical-align:top;width:592px;\" ><![endif]--><\/p>\n<div>\n<table role=\"presentation\" border=\"0\" width=\"100%\" cellspacing=\"0\" cellpadding=\"0\">\n<tbody>\n<tr>\n<td>\n<table role=\"presentation\" border=\"0\" width=\"100%\" cellspacing=\"0\" cellpadding=\"0\">\n<tbody>\n<tr>\n<td align=\"left\">\n<div>\n<p><!-- htmlmin:ignore --><\/p>\n<p>Como as cidades podem se tornar mais inteligentes e garantir mais qualidade de vida para os cidad\u00e3os? Atrav\u00e9s de investimentos no desenvolvimento urbano, de forma integrada, humana e sustent\u00e1vel, a vida social poder\u00e1 ser muito beneficiada. Para debater este cen\u00e1rio, desafios e perspectivas de fomento de smart cities no contexto nacional, a <a href=\"https:\/\/click.cse360.com.br\/Click\/AddCampaignEmailClick\/1faefc4d-b19e-4f6f-0337-08db926c981c\/https%253a%252f%252fconnectedsmartcities.com.br%252f\/83288b97-4297-4165-cec0-08d7c5ff26d1\/redacao@redepress.com.br\/True\" target=\"_blank\" rel=\"noopener noreferrer\">Plataforma Connected Smart Cities<\/a> realizar\u00e1 na pr\u00f3xima semana, nos dias 4 e 5 de setembro, o Connected Smart Cities &amp; Mobility Nacional (CSCM), no Centro de Conven\u00e7\u00f5es Frei Caneca, em S\u00e3o Paulo.<\/p>&nbsp;&nbsp;\n<p>&nbsp;<\/p>\n<p>Al\u00e9m de profissionais de empresas, startups, entidades de classe, agentes financeiros, organismos internacionais, pesquisadores e demais atores atuantes nos ecossistemas de cidades inteligentes e mobilidade urbana, o CSCM 2023 contar\u00e1 com a presen\u00e7a de diversas autoridades p\u00fablicas interligadas a mais de 100 prefeituras do Brasil.<\/p>&nbsp;&nbsp;\n<p>&nbsp;<\/p>\n<p>Neste \u00e2mbito, participar\u00e3o representantes das cidades de Goi\u00e2nia, Pato Branco, Santos, Jundia\u00ed, Recife, Osasco, S\u00e3o Bernardo do Campo, Belo Horizonte, Rio de Janeiro, Boa Vista, Palmas, Niter\u00f3i, Amargosa, Garopaba, Primavera do Leste, Santo Andr\u00e9, Jaguari\u00fana, Mar\u00edlia, Natal, Pindamonhangaba, Parauapebas, Mogi das Cruzes, Assa\u00ed, Fortaleza e Jacare\u00ed, entre muitas outras.<\/p>&nbsp;&nbsp;\n<p>&nbsp;<\/p>\n<p>\u201cSer\u00e1 um evento muito din\u00e2mico e rico em conte\u00fado de discuss\u00e3o, com mais de 50 pain\u00e9is tem\u00e1ticos para debate de pr\u00e1ticas e propostas de avan\u00e7o de smart cities e da mobilidade urbana. Al\u00e9m de apresenta\u00e7\u00e3o de novidades e lan\u00e7amento de solu\u00e7\u00f5es inovadoras fundamentais para o crescimento das cidades\u201d, destaca Paula Faria, CEO e idealizadora do Connected Smart Cities &amp; Mobility Nacional.<\/p>&nbsp;&nbsp;\n<p>&nbsp;<\/p>\n<p>O credenciamento para a realiza\u00e7\u00e3o da cobertura do CSCM 2023 poder\u00e1 ser feito atrav\u00e9s deste <a href=\"https:\/\/click.cse360.com.br\/Click\/AddCampaignEmailClick\/1faefc4d-b19e-4f6f-0337-08db926c981c\/https%253a%252f%252fevento.connectedsmartcities.com.br%252fcredenciamento-imprensa%252f\/83288b97-4297-4165-cec0-08d7c5ff26d1\/redacao@redepress.com.br\/True\" target=\"_blank\" rel=\"noopener noreferrer\">formul\u00e1rio de inscri\u00e7\u00e3o<\/a>.<\/p>&nbsp;&nbsp;\n<p>&nbsp;<\/p>\n<p>Confira a programa\u00e7\u00e3o<\/p>\n<p>&nbsp;<\/p>\n<p>Na abertura do evento, a partir das 9h, haver\u00e1 cerim\u00f4nia oficial com a presen\u00e7a de autoridades representativas de poderes p\u00fablicos e privados. Tamb\u00e9m ser\u00e1 apresentado o resultado da 9\u00aa edi\u00e7\u00e3o do Ranking Connected Smart Cities, edi\u00e7\u00e3o 2023. O estudo avalia e seleciona as cidades com mais de 50 mil habitantes, que possuem o maior potencial de desenvolvimento do Brasil. No levantamento, s\u00e3o considerados indicadores espec\u00edficos\u00a0e eixos tem\u00e1ticos de avalia\u00e7\u00e3o, que atestam os servi\u00e7os inteligentes nas cidades. O lan\u00e7amento do estudo ser\u00e1 feito ao vivo.<\/p>&nbsp;&nbsp;\n<p>&nbsp;<\/p>\n<p>Em seguida, ainda no dia 04, ser\u00e3o realizados mais de 20 pain\u00e9is de discuss\u00e3o sobre quest\u00f5es relevantes associadas a eixos tem\u00e1ticos estrat\u00e9gicos dentro dos ecossistemas de cidades inteligentes e mobilidade urbana, com apresenta\u00e7\u00e3o de cases, tecnologias e solu\u00e7\u00f5es j\u00e1 implantadas, que servem como oportunidade para a melhoria das mais de 5,5 mil cidades brasileiras.<\/p>&nbsp;&nbsp;\n<p>&nbsp;<\/p>\n<p>No segundo dia do evento, 5 de setembro, ser\u00e3o anunciadas as prefeituras agraciadas na 2\u00aa edi\u00e7\u00e3o do Selo Connected Smart Cities, que reconhece boas pr\u00e1ticas em cidades inteligentes, a partir do estudo de seis dimens\u00f5es de an\u00e1lise: planejamento; governan\u00e7a;\u00a0infraestrutura e servi\u00e7os Tecnologia da Informa\u00e7\u00e3o e Comunica\u00e7\u00e3o (TIC); maturidade de parcerias; ecossistema de inova\u00e7\u00e3o e tend\u00eancias de evolu\u00e7\u00e3o.<\/p>&nbsp;&nbsp;\n<p>&nbsp;<\/p>\n<p>No \u00e2mbito das startups. os finalistas da 9\u00aa edi\u00e7\u00e3o do Pr\u00eamio CSC far\u00e3o apresenta\u00e7\u00e3o das suas solu\u00e7\u00f5es, e conheceremos ao vivo os vencedores do Pr\u00eamio que reconhece neg\u00f3cios inovadores do setor p\u00fablico, de empresas e organiza\u00e7\u00f5es que atendam \u00e0s necessidades da popula\u00e7\u00e3o e contribuem para que as cidades se tornem ainda mais inteligentes e conectadas. No dia 05 ser\u00e3o realizados mais de 30 pain\u00e9is tem\u00e1ticos ao longo do espa\u00e7o de f\u00f3rum de discuss\u00e3o em uma \u00e1rea de 7 mil m\u00b2.<\/p>&nbsp;&nbsp;\n<p>&nbsp;<\/p>\n<p>Nos dois dias, o CSCM disponibilizar\u00e1 mais de 90 horas de conte\u00fado de alta qualidade, em 12 palcos simult\u00e2neos. Os pain\u00e9is de discuss\u00e3o est\u00e3o interligados aos seguintes eixos tem\u00e1ticos: Cidades Participativas e Engajadas; Cidades Conectadas; Cidades Empreendedoras; Cidades Pr\u00f3speras; Urbanismo Sustent\u00e1vel nas Cidades; Cidades Humanas, Resilientes e Inclusivas; Conectividade &amp; Integra\u00e7\u00e3o; Data Analytics; Tend\u00eancias; Mobilidade Compartilhada; Mobilidade Ativa; Ve\u00edculos El\u00e9tricos e Mobilidade Para as Pessoas.<\/p>&nbsp;&nbsp;\n<p>&nbsp;<\/p>\n<p>Conhe\u00e7a todos os palestrantes confirmados <a href=\"https:\/\/click.cse360.com.br\/Click\/AddCampaignEmailClick\/1faefc4d-b19e-4f6f-0337-08db926c981c\/https%253a%252f%252fevento.connectedsmartcities.com.br%252fprogramacao%252f\/83288b97-4297-4165-cec0-08d7c5ff26d1\/redacao@redepress.com.br\/True\" target=\"_blank\" rel=\"noopener noreferrer\">aqui<\/a>. O evento nacional tamb\u00e9m contar\u00e1 com rodadas de neg\u00f3cios, espa\u00e7os para realiza\u00e7\u00e3o de networking de impacto e apresenta\u00e7\u00e3o de cases, al\u00e9m de divulga\u00e7\u00e3o de produtos e servi\u00e7os para est\u00edmulo do crescimento de smart cities.<\/p>&nbsp;&nbsp;\n<p>&nbsp;<\/p>\n<p>Dentre as atividades previstas nas agendas dos parceiros CSCM, a Associa\u00e7\u00e3o Brasileira das Empresas de Software (ABES) realizar\u00e1, no dia 4\/9, a partir das 16 horas, o lan\u00e7amento do Manual de compras P\u00fablicas, com coordena\u00e7\u00e3o de Camila Murta, L\u00edder GT de Compras P\u00fablicas da Associa\u00e7\u00e3o ABES, e pref\u00e1cio do Ministro do Tribunal de Contas da Uni\u00e3o (TCU), Jo\u00e3o Augusto Nardes. A atividade tamb\u00e9m promover\u00e1 sorteio de exemplares do material autografado.<\/p>&nbsp;&nbsp;\n<p>&nbsp;<\/p>\n<p>O evento tamb\u00e9m disponibilizar\u00e1 arenas exclusivas para apresenta\u00e7\u00f5es de solu\u00e7\u00f5es em inova\u00e7\u00e3o, tecnologia e sustentabilidade que poder\u00e3o contribuir para o desenvolvimento de cidades brasileiras e com melhorias para a qualidade de vida da popula\u00e7\u00e3o.<\/p>&nbsp;&nbsp;\n<p>&nbsp;<\/p>\n<p>Dentre as tem\u00e1ticas, destacam-se a apresenta\u00e7\u00e3o de a\u00e7\u00f5es que auxiliam a transforma\u00e7\u00e3o digital de processos e servi\u00e7os prestados ao cidad\u00e3o; sistemas de monitoramento terrestre e a\u00e9reo; ferramentas de mapeamento da gest\u00e3o de problemas no tr\u00e1fego urbano, solu\u00e7\u00f5es de descarboniza\u00e7\u00e3o e efici\u00eancia energ\u00e9tica; mobilidade urbana e transporte p\u00fablico; ciberseguran\u00e7a, entre outras.<\/p>&nbsp;&nbsp;\n<p>&nbsp;<\/p>\n<p>No total, s\u00e3o esperados 5 mil participantes, mais de 300 palestrantes e mais de 50 expositores. \u201cO objetivo do CSCM \u00e9 promover uma forte integra\u00e7\u00e3o entre os principais protagonistas dos ecossistemas de planejamento e gest\u00e3o das cidades para reflex\u00e3o e busca de uma transforma\u00e7\u00e3o multidimensional dos espa\u00e7os urbanos, tornando-os mais inteligentes, inclusivos e conectados\u201d, destaca Paula Faria.<\/p>&nbsp;&nbsp;\n<p>&nbsp;<\/p>\n<p>O Evento Nacional acontece simultaneamente com o <a href=\"https:\/\/click.cse360.com.br\/Click\/AddCampaignEmailClick\/1faefc4d-b19e-4f6f-0337-08db926c981c\/https%253a%252f%252fairconnected.com.br%252f\/83288b97-4297-4165-cec0-08d7c5ff26d1\/redacao@redepress.com.br\/True\" target=\"_blank\" rel=\"noopener noreferrer\">AirConnected e Connected Urban Air Mobility<\/a>, uma iniciativa que promove uma programa\u00e7\u00e3o de conte\u00fado de discuss\u00e3o exclusiva envolvendo a import\u00e2ncia da conex\u00e3o das cidades inteligentes com o transporte a\u00e9reo e a mobilidade a\u00e9rea urbana.<\/p>&nbsp;&nbsp;\n<p>&nbsp;<\/p>\n<p>Sucesso das edi\u00e7\u00f5es anteriores<\/p>\n<p>&nbsp;<\/p>\n<p>Nas \u00faltimas oito edi\u00e7\u00f5es do Connected Smart Cities &amp; Mobility Nacional (CSCM), estiveram presentes mais de 20 mil visitantes, houve a participa\u00e7\u00e3o de mais de 800 marcas expositoras, entre patrocinadores, parceiros e apoiadores, e realiza\u00e7\u00e3o de mais de 1.200 reuni\u00f5es de conex\u00f5es e neg\u00f3cios.<\/p>&nbsp;&nbsp;\n<p>&nbsp;<\/p>\n<p>Servi\u00e7o:<\/p>\n<p>Connected Smart Cities &amp; Mobility Nacional (CSCM) 2023<\/p>\n<p>Local: Centro de Conven\u00e7\u00f5es Frei Caneca \u2013 R. Frei Caneca, 569 \u2013 Consola\u00e7\u00e3o, S\u00e3o Paulo<\/p>\n<p>Quando: 4 e 5 de setembro de 2023<\/p>\n<p>Para mais informa\u00e7\u00f5es e inscri\u00e7\u00f5es, clique <a href=\"https:\/\/click.cse360.com.br\/Click\/AddCampaignEmailClick\/1faefc4d-b19e-4f6f-0337-08db926c981c\/https%253a%252f%252fevento.connectedsmartcities.com.br%252fevento-nacional%252f\/83288b97-4297-4165-cec0-08d7c5ff26d1\/redacao@redepress.com.br\/True\" target=\"_blank\" rel=\"noopener noreferrer\">aqui<\/a>.<\/p>&nbsp;&nbsp;\n<p>&nbsp;<\/p>\n<p>Sobre o CSCM<\/p>\n<p>O\u00a0Connected Smart Cities &amp; Mobility Nacional \u00e9 considerado o maior evento de cidades inteligentes e mobilidade urbana do Brasil. Realizado desde 2015, o CSCM tem um formato de m\u00faltiplos palcos e promove a integra\u00e7\u00e3o entre conte\u00fado de alta qualidade, promo\u00e7\u00e3o de neg\u00f3cios e networking de impacto.<\/p>&nbsp;&nbsp;\n<p>&nbsp;<\/p>\n<p><!-- htmlmin:ignore --><\/p>\n<\/div>\n<\/td>\n<\/tr>\n<\/tbody>\n<\/table>\n<\/td>\n<\/tr>\n<\/tbody>\n<\/table>\n<\/div>\n<p><!-- [if mso | IE]><\/td>\n\n\n<\/tr>\n\n\n<\/table>\n\n\n<![endif]--><\/td>\n<\/tr>\n<\/tbody>\n<\/table>\n<\/div>\n<\/div>\n<p><!-- [if mso | IE]><\/td>\n\n\n<\/tr>\n\n\n<\/table>\n\n\n\n\n<table align=\"center\" border=\"0\" cellpadding=\"0\" cellspacing=\"0\" class=\"cols_1-outlook 1589473381732-outlook ip-section-outlook\" role=\"presentation\" style=\"width:600px;\" width=\"600\" bgcolor=\"#ffffff\" >\n\n\n<tr>\n\n\n<td style=\"line-height:0px;font-size:0px;mso-line-height-rule:exactly;\"><![endif]--><\/p>\n<div>\n<div>\n<table role=\"presentation\" border=\"0\" cellspacing=\"0\" cellpadding=\"0\" align=\"center\">\n<tbody>\n<tr>\n<td><!-- [if mso | IE]>\n\n\n<table role=\"presentation\" border=\"0\" cellpadding=\"0\" cellspacing=\"0\">\n\n\n<tr>\n\n\n<td class=\"ip-column-outlook -outlook\" style=\"vertical-align:top;width:592px;\" ><![endif]--><\/p>\n<div>\n<table role=\"presentation\" border=\"0\" width=\"100%\" cellspacing=\"0\" cellpadding=\"0\">\n<tbody>\n<tr>\n<td>\n<table role=\"presentation\" border=\"0\" width=\"100%\" cellspacing=\"0\" cellpadding=\"0\">\n<tbody>\n<tr>\n<td align=\"left\">\n<div>\n<p><!-- htmlmin:ignore --><\/p>\n<p>&nbsp;<\/p>\n<p><!-- htmlmin:ignore --><\/p>\n<\/div>\n<\/td>\n<\/tr>\n<tr>\n<td align=\"left\">\n<div>\n<p><!-- htmlmin:ignore --><\/p>\n<p>Karolina von Sydow \u2013 Necta<\/p>\n<p><a href=\"mailto:imprensa@nectainova.com.br\">imprensa@nectainova.com.br<\/a><\/p>\n<p>+55 11 95368-8829<\/p>\n<p><!-- htmlmin:ignore --><\/p>\n<\/div>\n<\/td>\n<\/tr>\n<\/tbody>\n<\/table>\n<\/td>\n<\/tr>\n<\/tbody>\n<\/table>\n<\/div>\n<p><!-- [if mso | IE]><\/td>\n\n\n<\/tr>\n\n\n<\/table>\n\n\n<![endif]--><\/td>\n<\/tr>\n<\/tbody>\n<\/table>\n<\/div>\n<\/div>\n<p><!-- [if mso | IE]><\/td>\n\n\n<\/tr>\n\n\n<\/table>\n\n\n\n\n<table align=\"center\" border=\"0\" cellpadding=\"0\" cellspacing=\"0\" class=\"cols_1-outlook 1589473634995-outlook ip-section-outlook\" role=\"presentation\" style=\"width:600px;\" width=\"600\" bgcolor=\"#ffffff\" >\n\n\n<tr>\n\n\n<td style=\"line-height:0px;font-size:0px;mso-line-height-rule:exactly;\"><![endif]--><\/p>\n<div>\n<div>\n<table role=\"presentation\" border=\"0\" cellspacing=\"0\" cellpadding=\"0\" align=\"center\">\n<tbody>\n<tr>\n<td><!-- [if mso | IE]>\n\n\n<table role=\"presentation\" border=\"0\" cellpadding=\"0\" cellspacing=\"0\">\n\n\n<tr>\n\n\n<td class=\"ip-column-outlook -outlook\" style=\"vertical-align:top;width:592px;\" ><![endif]--><\/p>\n<div>\n<table role=\"presentation\" border=\"0\" width=\"100%\" cellspacing=\"0\" cellpadding=\"0\">\n<tbody>\n<tr>\n<td>\n<table role=\"presentation\" border=\"0\" width=\"100%\" cellspacing=\"0\" cellpadding=\"0\">\n<tbody>\n<tr>\n<td align=\"center\"><!-- [if mso | IE]>\n\n\n<table align=\"center\" border=\"0\" cellpadding=\"0\" cellspacing=\"0\" style=\"border-top:solid 1px #C5C5C5;font-size:1px;margin:0px auto;width:584px;\" role=\"presentation\" width=\"584px\" >\n\n\n<tr>\n\n\n<td style=\"height:0;line-height:0;\"> &nbsp;<\/td>\n\n\n<\/tr>\n\n\n<\/table>\n\n\n<![endif]--><\/td>\n<\/tr>\n<\/tbody>\n<\/table>\n<\/td>\n<\/tr>\n<\/tbody>\n<\/table>\n<\/div>\n<p><!-- [if mso | IE]><\/td>\n\n\n<\/tr>\n\n\n<\/table>\n\n\n<![endif]--><\/td>\n<\/tr>\n<\/tbody>\n<\/table>\n<\/div>\n<\/div>\n<p><!-- [if mso | IE]><\/td>\n\n\n<\/tr>\n\n\n<\/table>\n\n\n\n\n<table align=\"center\" border=\"0\" cellpadding=\"0\" cellspacing=\"0\" class=\"cols_1-outlook 1589473863433-outlook ip-section-outlook\" role=\"presentation\" style=\"width:600px;\" width=\"600\" bgcolor=\"#f2f2f2\" >\n\n\n<tr>\n\n\n<td style=\"line-height:0px;font-size:0px;mso-line-height-rule:exactly;\"><![endif]--><\/p>\n<div>\n<div>\n<table role=\"presentation\" border=\"0\" cellspacing=\"0\" cellpadding=\"0\" align=\"center\">\n<tbody>\n<tr>\n<td><!-- [if mso | IE]>\n\n\n<table role=\"presentation\" border=\"0\" cellpadding=\"0\" cellspacing=\"0\">\n\n\n<tr>\n\n\n<td class=\"ip-column-outlook -outlook\" style=\"vertical-align:top;width:592px;\" ><![endif]--><\/p>\n<div>\n<table role=\"presentation\" border=\"0\" width=\"100%\" cellspacing=\"0\" cellpadding=\"0\">\n<tbody>\n<tr>\n<td>\n<table role=\"presentation\" border=\"0\" width=\"100%\" cellspacing=\"0\" cellpadding=\"0\">\n<tbody>\n<tr>\n<td align=\"left\"><\/td>\n<\/tr>\n<tr>\n<td align=\"left\"><\/td>\n<\/tr>\n<\/tbody>\n<\/table>\n<\/td>\n<\/tr>\n<\/tbody>\n<\/table>\n<\/div>\n<p><!-- [if mso | IE]><\/td>\n\n\n<\/tr>\n\n\n<\/table>\n\n\n<![endif]--><\/td>\n<\/tr>\n<\/tbody>\n<\/table>\n<\/div>\n<\/div>\n<p><!-- [if mso | IE]><\/td>\n\n\n<\/tr>\n\n\n<\/table>\n\n\n\n\n<table align=\"center\" border=\"0\" cellpadding=\"0\" cellspacing=\"0\" class=\"cols_1-outlook 1589473892426-outlook ip-section-outlook\" role=\"presentation\" style=\"width:600px;\" width=\"600\" bgcolor=\"#f2f2f2\" >\n\n\n<tr>\n\n\n<td style=\"line-height:0px;font-size:0px;mso-line-height-rule:exactly;\"><![endif]--><\/p>\n<div>\n<div>\n<table role=\"presentation\" border=\"0\" cellspacing=\"0\" cellpadding=\"0\" align=\"center\">\n<tbody>\n<tr>\n<td><!-- [if mso | IE]>\n\n\n<table role=\"presentation\" border=\"0\" cellpadding=\"0\" cellspacing=\"0\">\n\n\n<tr>\n\n\n<td class=\"ip-column-outlook -outlook\" style=\"vertical-align:top;width:600px;\" ><![endif]--><\/p>\n<div>\n<table role=\"presentation\" border=\"0\" width=\"100%\" cellspacing=\"0\" cellpadding=\"0\">\n<tbody>\n<tr>\n<td>\n<table role=\"presentation\" border=\"0\" width=\"100%\" cellspacing=\"0\" cellpadding=\"0\">\n<tbody>\n<tr>\n<td align=\"left\">\n<div>\n<p><!-- htmlmin:ignore --><\/p>\n<p>&nbsp;<\/p>\n<p><!-- htmlmin:ignore --><\/p>\n<\/div>\n<\/td>\n<\/tr>\n<tr>\n<td align=\"left\">\n<div>\n<p><!-- htmlmin:ignore --><\/p>\n<p>&nbsp;<\/p>\n<p><!-- htmlmin:ignore --><\/p>\n<\/div>\n<\/td>\n<\/tr>\n<\/tbody>\n<\/table>\n<\/td>\n<\/tr>\n<\/tbody>\n<\/table>\n<\/div>\n<p><!-- [if mso | IE]><\/td>\n\n\n<\/tr>\n\n\n<\/table>\n\n\n<![endif]--><\/td>\n<\/tr>\n<\/tbody>\n<\/table>\n<\/div>\n<\/div>\n<p><!-- [if mso | IE]><\/td>\n\n\n<\/tr>\n\n\n<\/table>\n\n\n\n\n<table align=\"center\" border=\"0\" cellpadding=\"0\" cellspacing=\"0\" class=\"cols_1-outlook 1589473736394-outlook ip-section-outlook\" role=\"presentation\" style=\"width:600px;\" width=\"600\" bgcolor=\"#f2f2f2\" >\n\n\n<tr>\n\n\n<td style=\"line-height:0px;font-size:0px;mso-line-height-rule:exactly;\"><![endif]--><\/p>\n<div>\n<div>\n<table role=\"presentation\" border=\"0\" cellspacing=\"0\" cellpadding=\"0\" align=\"center\">\n<tbody>\n<tr>\n<td><!-- [if mso | IE]>\n\n\n<table role=\"presentation\" border=\"0\" cellpadding=\"0\" cellspacing=\"0\">\n\n\n<tr>\n\n\n<td class=\"ip-column-outlook -outlook\" style=\"vertical-align:top;width:600px;\" ><![endif]--><\/p>\n<div>\n<table role=\"presentation\" border=\"0\" width=\"100%\" cellspacing=\"0\" cellpadding=\"0\">\n<tbody>\n<tr>\n<td>\n<table role=\"presentation\" border=\"0\" width=\"100%\" cellspacing=\"0\" cellpadding=\"0\">\n<tbody>\n<tr>\n<td align=\"left\">\n<div>\n<p><!-- htmlmin:ignore --><\/p>\n<p>&nbsp;<\/p>\n<p><!-- htmlmin:ignore --><\/p>\n<\/div>\n<\/td>\n<\/tr>\n<\/tbody>\n<\/table>\n<\/td>\n<\/tr>\n<\/tbody>\n<\/table>\n<\/div>\n<p><!-- [if mso | IE]><\/td>\n\n\n<\/tr>\n\n\n<\/table>\n\n\n<![endif]--><\/td>\n<\/tr>\n<\/tbody>\n<\/table>\n<\/div>\n<\/div>\n<p><!-- [if mso | IE]><\/td>\n\n\n<\/tr>\n\n\n<\/table>\n\n\n<![endif]--><\/p>\n<\/div>\n<div><img decoding=\"async\" src=\"data:image\/gif;base64,R0lGODlhAQABAIAAAAAAAP\/\/\/ywAAAAAAQABAAACAUwAOw==\" fifu-lazy=\"1\" fifu-data-sizes=\"auto\" fifu-data-srcset=\"https:&lt;a href=?w=75&resize=75&ssl=1 75w, https:&lt;a href=?w=100&resize=100&ssl=1 100w, https:&lt;a href=?w=150&resize=150&ssl=1 150w, https:&lt;a href=?w=240&resize=240&ssl=1 240w, https:&lt;a href=?w=320&resize=320&ssl=1 320w, https:&lt;a href=?w=500&resize=500&ssl=1 500w, https:&lt;a href=?w=640&resize=640&ssl=1 640w, https:&lt;a href=?w=800&resize=800&ssl=1 800w, https:&lt;a href=?w=1024&resize=1024&ssl=1 1024w, https:&lt;a href=?w=1280&resize=1280&ssl=1 1280w, https:&lt;a href=?w=1600&resize=1600&ssl=1 1600w\" fifu-data-src=\"https:<a href=\" \/>Registro: 1faefc4d-b19e-4f6f-0337-08db926c981c\/83288b97-4297-4165-cec0-08d7c5ff26d1\/redacao@redepress.com.br\/True&#8221; style=&#8221;visibility:hidden;&#8221;&gt;<\/div>\n<\/div>\n<\/div>\n","protected":false},"excerpt":{"rendered":"<p>O maior evento de conex\u00f5es e neg\u00f3cios de cidades inteligentes e mobilidade urbana do Brasil&#8230;<\/p>\n","protected":false},"author":1,"featured_media":110831,"comment_status":"closed","ping_status":"closed","sticky":false,"template":"","format":"standard","meta":{"fifu_image_url":"","fifu_image_alt":"","footnotes":""},"categories":[727],"tags":[58,12885],"class_list":["post-106667","post","type-post","status-publish","format-standard","has-post-thumbnail","hentry","category-noticias","tag-noticias","tag-verdeamarelo","wpcat-727-id"],"_links":{"self":[{"href":"https:\/\/verde-amarelo.net\/verdeamarelo\/wp-json\/wp\/v2\/posts\/106667","targetHints":{"allow":["GET"]}}],"collection":[{"href":"https:\/\/verde-amarelo.net\/verdeamarelo\/wp-json\/wp\/v2\/posts"}],"about":[{"href":"https:\/\/verde-amarelo.net\/verdeamarelo\/wp-json\/wp\/v2\/types\/post"}],"author":[{"embeddable":true,"href":"https:\/\/verde-amarelo.net\/verdeamarelo\/wp-json\/wp\/v2\/users\/1"}],"replies":[{"embeddable":true,"href":"https:\/\/verde-amarelo.net\/verdeamarelo\/wp-json\/wp\/v2\/comments?post=106667"}],"version-history":[{"count":0,"href":"https:\/\/verde-amarelo.net\/verdeamarelo\/wp-json\/wp\/v2\/posts\/106667\/revisions"}],"wp:featuredmedia":[{"embeddable":true,"href":"https:\/\/verde-amarelo.net\/verdeamarelo\/wp-json\/wp\/v2\/media\/110831"}],"wp:attachment":[{"href":"https:\/\/verde-amarelo.net\/verdeamarelo\/wp-json\/wp\/v2\/media?parent=106667"}],"wp:term":[{"taxonomy":"category","embeddable":true,"href":"https:\/\/verde-amarelo.net\/verdeamarelo\/wp-json\/wp\/v2\/categories?post=106667"},{"taxonomy":"post_tag","embeddable":true,"href":"https:\/\/verde-amarelo.net\/verdeamarelo\/wp-json\/wp\/v2\/tags?post=106667"}],"curies":[{"name":"wp","href":"https:\/\/api.w.org\/{rel}","templated":true}]}}