{"id":106680,"date":"2023-08-28T13:50:16","date_gmt":"2023-08-28T16:50:16","guid":{"rendered":"https:\/\/verde-amarelo.net\/verdeamarelo\/?p=106680"},"modified":"2023-08-28T20:47:48","modified_gmt":"2023-08-28T23:47:48","slug":"como-lidar-com-a-tristeza-e-a-sensacao-de-impotencia","status":"publish","type":"post","link":"https:\/\/verde-amarelo.net\/verdeamarelo\/2023\/08\/como-lidar-com-a-tristeza-e-a-sensacao-de-impotencia\/","title":{"rendered":"Como lidar com a tristeza e a sensa\u00e7\u00e3o de impot\u00eancia?"},"content":{"rendered":"<div class=\"postie-post\">\n<div>\n<div style=\"font-family: Arial; font-size: 10pt;\">\n<div style=\"text-align: left;\">\n<p style=\"font-size: 14pt; font-weight: bold; text-align: center;\">\n<p style=\"font-size: 12pt; text-align: center;\"><i>Ensinamentos filos\u00f3ficos s\u00e3o essenciais para lidar com sentimentos de culpa, ang\u00fastia, frustra\u00e7\u00e3o, luto e at\u00e9 a dor de amores n\u00e3o correspondidos<\/i><\/p>\n<div style=\"text-align: justify; font-size: 11pt;\">\n<p class=\"Normal tm7\" style=\"text-align: justify;\"><span class=\"tm8\"><img decoding=\"async\" src=\"data:image\/gif;base64,R0lGODlhAQABAIAAAAAAAP\/\/\/ywAAAAAAQABAAACAUwAOw==\" fifu-lazy=\"1\" fifu-data-sizes=\"auto\" fifu-data-srcset=\"https:\/\/i2.wp.com\/files.pressmanager.net\/clientes\/64a8e8d576d3505a7823819ae1fa6eb7\/imagens\/2023\/08\/17\/957f0b2d9af3513f30671054b3495f76_medium.jpg?ssl=1&w=75&resize=75&ssl=1 75w, https:\/\/i2.wp.com\/files.pressmanager.net\/clientes\/64a8e8d576d3505a7823819ae1fa6eb7\/imagens\/2023\/08\/17\/957f0b2d9af3513f30671054b3495f76_medium.jpg?ssl=1&w=100&resize=100&ssl=1 100w, https:\/\/i2.wp.com\/files.pressmanager.net\/clientes\/64a8e8d576d3505a7823819ae1fa6eb7\/imagens\/2023\/08\/17\/957f0b2d9af3513f30671054b3495f76_medium.jpg?ssl=1&w=150&resize=150&ssl=1 150w, https:\/\/i2.wp.com\/files.pressmanager.net\/clientes\/64a8e8d576d3505a7823819ae1fa6eb7\/imagens\/2023\/08\/17\/957f0b2d9af3513f30671054b3495f76_medium.jpg?ssl=1&w=240&resize=240&ssl=1 240w, https:\/\/i2.wp.com\/files.pressmanager.net\/clientes\/64a8e8d576d3505a7823819ae1fa6eb7\/imagens\/2023\/08\/17\/957f0b2d9af3513f30671054b3495f76_medium.jpg?ssl=1&w=320&resize=320&ssl=1 320w, https:\/\/i2.wp.com\/files.pressmanager.net\/clientes\/64a8e8d576d3505a7823819ae1fa6eb7\/imagens\/2023\/08\/17\/957f0b2d9af3513f30671054b3495f76_medium.jpg?ssl=1&w=500&resize=500&ssl=1 500w, https:\/\/i2.wp.com\/files.pressmanager.net\/clientes\/64a8e8d576d3505a7823819ae1fa6eb7\/imagens\/2023\/08\/17\/957f0b2d9af3513f30671054b3495f76_medium.jpg?ssl=1&w=640&resize=640&ssl=1 640w, https:\/\/i2.wp.com\/files.pressmanager.net\/clientes\/64a8e8d576d3505a7823819ae1fa6eb7\/imagens\/2023\/08\/17\/957f0b2d9af3513f30671054b3495f76_medium.jpg?ssl=1&w=800&resize=800&ssl=1 800w, https:\/\/i2.wp.com\/files.pressmanager.net\/clientes\/64a8e8d576d3505a7823819ae1fa6eb7\/imagens\/2023\/08\/17\/957f0b2d9af3513f30671054b3495f76_medium.jpg?ssl=1&w=1024&resize=1024&ssl=1 1024w, https:\/\/i2.wp.com\/files.pressmanager.net\/clientes\/64a8e8d576d3505a7823819ae1fa6eb7\/imagens\/2023\/08\/17\/957f0b2d9af3513f30671054b3495f76_medium.jpg?ssl=1&w=1280&resize=1280&ssl=1 1280w, https:\/\/i2.wp.com\/files.pressmanager.net\/clientes\/64a8e8d576d3505a7823819ae1fa6eb7\/imagens\/2023\/08\/17\/957f0b2d9af3513f30671054b3495f76_medium.jpg?ssl=1&w=1600&resize=1600&ssl=1 1600w\" fifu-data-src=\"https:\/\/i2.wp.com\/files.pressmanager.net\/clientes\/64a8e8d576d3505a7823819ae1fa6eb7\/imagens\/2023\/08\/17\/957f0b2d9af3513f30671054b3495f76_medium.jpg?ssl=1\" alt=\"\" width=\"194\" height=\"296\" align=\"left\" hspace=\"10\" \/>Na busca por sentido em meio ao bombardeio de informa\u00e7\u00f5es e \u00e0 confus\u00e3o do mundo moderno, o conhecimento filos\u00f3fico surge como um farol a guiar reflex\u00f5es sobre verdade, justi\u00e7a e normalidade. \u00c9 com essa cren\u00e7a que <\/span><strong><span class=\"tm9\">Margot Cardoso<\/span><\/strong><span class=\"tm8\">, mestra em Filosofia e p\u00f3s-graduada em \u00c9tica, publica o livro <\/span><strong><em><span class=\"tm10\">A Filosofia Resolve<\/span><\/em><\/strong><span class=\"tm8\">, pela editora <\/span><strong><span class=\"tm9\">Almedina Brasil<\/span><\/strong><span class=\"tm8\">, no selo Edi\u00e7\u00f5es 70.<\/span><\/p>\n<p class=\"Normal tm7\" style=\"text-align: justify;\"><span class=\"tm8\">A obra conduz os leitores pelas ideias de figuras ic\u00f4nicas como Plat\u00e3o, S\u00eaneca, Nietzsche, Zen\u00e3o de C\u00edtio, Espinosa e Bauman. Escritos em linguagem simples e elucidativa, os textos indicam as trilhas para quem busca equil\u00edbrio, paz interior e autoconhecimento, pilares da constru\u00e7\u00e3o de uma vida mais significativa.<\/span><\/p>\n<p class=\"Normal tm7\" style=\"text-align: justify;\"><span class=\"tm8\">Virtudes como coragem, empatia, resili\u00eancia e esperan\u00e7a s\u00e3o destacadas como a base que sustenta a abordagem filos\u00f3fica na resolu\u00e7\u00e3o de problemas que afligem toda a humanidade. Quem sofre pela culpa gerada pelo consumismo, por exemplo, encontrar\u00e1 alento nas palavras de Epicuro sobre a frugalidade. Aqueles que enfrentam momentos de grandes prova\u00e7\u00f5es podem se fortalecer com os ensinamentos estoicos. A dor de um amor n\u00e3o correspondido ser\u00e1 aliviada ao compreender o que Schopenhauer pensava sobre o assunto.<\/span><\/p>\n<p class=\"Normal tm7\" style=\"text-align: justify;\"><span class=\"tm8\">Cada cap\u00edtulo oferece uma perspectiva filos\u00f3fica \u00fanica sobre t\u00f3picos como busca pelo sucesso, ang\u00fastia dos caminhos n\u00e3o percorridos, equil\u00edbrio de impulsos, necessidade do sil\u00eancio, mitos sobre a alma g\u00eamea, influ\u00eancia das celebridades e import\u00e2ncia de respeitar os pr\u00f3prios limites. Tamb\u00e9m exploram o excesso de est\u00edmulos tecnol\u00f3gicos, a press\u00e3o social pela felicidade, a solid\u00e3o, as emo\u00e7\u00f5es negativas como parte da experi\u00eancia humana, a import\u00e2ncia de colocar-se no lugar do outro e a coragem de ser imperfeito.<\/span><\/p>\n<p class=\"Normal tm7\" style=\"text-align: justify;\"><span class=\"tm8\">O mundo experimenta hoje um interesse renovado pela filosofia, com pensadores como Luc Ferry, Alain de Botton, Peter Singer e John Gray ocupando as listas de best-sellers e influenciando debates. No Brasil, figuras como M\u00e1rio Sergio Cortella e Cl\u00f3vis de Barros Filho se destacam como palestrantes que atraem grandes p\u00fablicos e recheiam o notici\u00e1rio com suas reflex\u00f5es.<\/span><\/p>\n<p class=\"Normal tm7\" style=\"text-align: justify;\"><strong><em><span class=\"tm10\">A Filosofia Resolve<\/span><\/em><\/strong><span class=\"tm8\"> n\u00e3o apenas apresenta um panorama da filosofia desde a antiguidade, mas tamb\u00e9m incentiva o aproveitamento desses ensinamentos para lidar com nossas pr\u00f3prias complexidades e inquieta\u00e7\u00f5es. Com o lan\u00e7amento, a autora responde \u00e0 pergunta &#8220;O que a filosofia pode fazer por n\u00f3s?&#8221; e permite que os leitores entendam como utilizar esse conhecimento para solucionar problemas e viver uma vida melhor.<\/span><\/p>\n<p class=\"Normal tm11\"><strong><span class=\"tm9\">Ficha t\u00e9cnica<\/span><\/strong><\/p>\n<p class=\"Normal tm11\"><strong><span class=\"tm9\">Livro:<\/span><\/strong> <span class=\"tm8\">A Filosofia Resolve &#8211; Como os fil\u00f3sofos nos ajudam a solucionar problemas e a viver uma vida melhor<\/span><span class=\"tm8\"><br \/>\n<\/span><strong><span class=\"tm9\">Autora:<\/span><\/strong> <span class=\"tm8\">Margot Cardoso<\/span><span class=\"tm8\"><br \/>\n<\/span><strong><span class=\"tm9\">Editora:<\/span><\/strong><span class=\"tm8\"> Almedina Brasil, Edi\u00e7\u00f5es 70<br \/>\n<\/span><strong><span class=\"tm9\">ISBN:<\/span><\/strong> <span class=\"tm8\">9786554271486<\/span><span class=\"tm8\"><br \/>\n<\/span><strong><span class=\"tm9\">P\u00e1ginas:<\/span><\/strong><span class=\"tm8\"> 284<br \/>\n<\/span><strong><span class=\"tm9\">Formato:<\/span><\/strong> <span class=\"tm8\">23x16x1,4<\/span><span class=\"tm8\"><br \/>\n<\/span><strong><span class=\"tm9\">Pre\u00e7o:<\/span><\/strong> <span class=\"tm8\">R$ 79,00<\/span><span class=\"tm8\"><br \/>\n<\/span><strong><span class=\"tm9\">Onde encontrar:<\/span> <\/strong><u><a href=\"https:\/\/www.almedina.com.br\/produto\/a-filosofia-resolve-11787\"><span class=\"tm8\">Almedina Brasil<\/span><\/a><\/u><span class=\"tm8\"> | <\/span><u><a href=\"https:\/\/www.amazon.com.br\/Filosofia-Resolve-Fil\u00f3sofos-Solucionar-Problemas\/dp\/6554271481\/ref=sr_1_2?__mk_pt_BR=\u00c5M\u00c5\u017d\u00d5\u00d1&amp;crid=1RE5UWUAZ48R9&amp;keywords=A+Filosofia+Resolve&amp;qid=1692214643&amp;sprefix=a+filosofia+resolve,aps,278&amp;sr=\"><span class=\"tm8\">Amazon<\/span><\/a><\/u><\/p>\n<p class=\"Normal tm12\"><strong><span class=\"tm9\">Sobre a autora<\/span><\/strong><\/p>\n<p class=\"Normal tm7\" style=\"text-align: justify;\"><span class=\"tm8\"><img decoding=\"async\" src=\"data:image\/gif;base64,R0lGODlhAQABAIAAAAAAAP\/\/\/ywAAAAAAQABAAACAUwAOw==\" fifu-lazy=\"1\" fifu-data-sizes=\"auto\" fifu-data-srcset=\"https:\/\/i0.wp.com\/files.pressmanager.net\/clientes\/64a8e8d576d3505a7823819ae1fa6eb7\/imagens\/2023\/08\/17\/3c8907075b893398d7691935b9c43913_medium.jpg?ssl=1&w=75&resize=75&ssl=1 75w, https:\/\/i0.wp.com\/files.pressmanager.net\/clientes\/64a8e8d576d3505a7823819ae1fa6eb7\/imagens\/2023\/08\/17\/3c8907075b893398d7691935b9c43913_medium.jpg?ssl=1&w=100&resize=100&ssl=1 100w, https:\/\/i0.wp.com\/files.pressmanager.net\/clientes\/64a8e8d576d3505a7823819ae1fa6eb7\/imagens\/2023\/08\/17\/3c8907075b893398d7691935b9c43913_medium.jpg?ssl=1&w=150&resize=150&ssl=1 150w, https:\/\/i0.wp.com\/files.pressmanager.net\/clientes\/64a8e8d576d3505a7823819ae1fa6eb7\/imagens\/2023\/08\/17\/3c8907075b893398d7691935b9c43913_medium.jpg?ssl=1&w=240&resize=240&ssl=1 240w, https:\/\/i0.wp.com\/files.pressmanager.net\/clientes\/64a8e8d576d3505a7823819ae1fa6eb7\/imagens\/2023\/08\/17\/3c8907075b893398d7691935b9c43913_medium.jpg?ssl=1&w=320&resize=320&ssl=1 320w, https:\/\/i0.wp.com\/files.pressmanager.net\/clientes\/64a8e8d576d3505a7823819ae1fa6eb7\/imagens\/2023\/08\/17\/3c8907075b893398d7691935b9c43913_medium.jpg?ssl=1&w=500&resize=500&ssl=1 500w, https:\/\/i0.wp.com\/files.pressmanager.net\/clientes\/64a8e8d576d3505a7823819ae1fa6eb7\/imagens\/2023\/08\/17\/3c8907075b893398d7691935b9c43913_medium.jpg?ssl=1&w=640&resize=640&ssl=1 640w, https:\/\/i0.wp.com\/files.pressmanager.net\/clientes\/64a8e8d576d3505a7823819ae1fa6eb7\/imagens\/2023\/08\/17\/3c8907075b893398d7691935b9c43913_medium.jpg?ssl=1&w=800&resize=800&ssl=1 800w, https:\/\/i0.wp.com\/files.pressmanager.net\/clientes\/64a8e8d576d3505a7823819ae1fa6eb7\/imagens\/2023\/08\/17\/3c8907075b893398d7691935b9c43913_medium.jpg?ssl=1&w=1024&resize=1024&ssl=1 1024w, https:\/\/i0.wp.com\/files.pressmanager.net\/clientes\/64a8e8d576d3505a7823819ae1fa6eb7\/imagens\/2023\/08\/17\/3c8907075b893398d7691935b9c43913_medium.jpg?ssl=1&w=1280&resize=1280&ssl=1 1280w, https:\/\/i0.wp.com\/files.pressmanager.net\/clientes\/64a8e8d576d3505a7823819ae1fa6eb7\/imagens\/2023\/08\/17\/3c8907075b893398d7691935b9c43913_medium.jpg?ssl=1&w=1600&resize=1600&ssl=1 1600w\" fifu-data-src=\"https:\/\/i0.wp.com\/files.pressmanager.net\/clientes\/64a8e8d576d3505a7823819ae1fa6eb7\/imagens\/2023\/08\/17\/3c8907075b893398d7691935b9c43913_medium.jpg?ssl=1\" alt=\"\" width=\"77\" height=\"84\" align=\"left\" hspace=\"10\" \/>Margot Cardoso nasceu em S\u00e3o Paulo, licenciou-se em Jornalismo e Hist\u00f3ria e vive em Lisboa desde o in\u00edcio do mil\u00eanio. Depois de mais de quinze anos como jornalista, voltou para o seu primeiro amor: a filosofia. Fez uma p\u00f3s-gradua\u00e7\u00e3o em \u00c9tica pela Universidade de S\u00e3o Paulo e um mestrado em Filosofia pela Universidade de Lisboa. Desde 2018 que \u00e9 colunista na revista brasileira Vida Simples, onde, semanalmente, escreve sobre os encontros e os desencontros da arte de viver \u00e0 luz dos grandes pensadores. Quando em 2001 foi para Lisboa fazer o mestrado em Jornalismo, nunca mais voltou. \u00c9 imensamente grata por essa segunda vida na terra de Cam\u00f5es, que lhe trouxe serenidade, maturidade e um filho portugu\u00eas.<\/span><\/p>\n<p class=\"Normal tm7\"><strong><span class=\"tm9\">Redes sociais do autor<\/span><\/strong><\/p>\n<ul>\n<li class=\"Normal tm14\"><u><a href=\"https:\/\/www.instagram.com\/margotcardoso\/\"><span class=\"tm8\">Instagram<\/span><\/a><\/u><\/li>\n<li class=\"Normal tm14\"><u><a href=\"https:\/\/www.facebook.com\/margotcardosofilosofia\"><span class=\"tm8\">Facebook<\/span><\/a><\/u><\/li>\n<li class=\"Normal tm14\"><u><a href=\"https:\/\/www.linkedin.com\/in\/margot-cardoso-42236219\/?originalSubdomain=pt\"><span class=\"tm8\">LinkedIn<\/span><\/a><\/u><\/li>\n<\/ul>\n<p class=\"Normal tm12\"><strong><span class=\"tm9\">Sobre a editora<\/span><\/strong><\/p>\n<p class=\"Normal tm12\" style=\"text-align: justify;\"><span class=\"tm8\">Fundada em 1955, em Coimbra, a Almedina orgulha-se de publicar obras que contribuem para o pensamento cr\u00edtico e a reflex\u00e3o. L\u00edder em edi\u00e7\u00f5es jur\u00eddicas em Portugal, a editora publica t\u00edtulos de Filosofia, Administra\u00e7\u00e3o, Economia, Ci\u00eancias Sociais e Humanas, Educa\u00e7\u00e3o e Literatura. Em seu compromisso com a difus\u00e3o do conhecimento, ela expande suas fronteiras al\u00e9m-mar e hoje traz ao p\u00fablico brasileiro livros sobre temas atuais, em sintonia com as necessidades de uma sociedade em constante muta\u00e7\u00e3o.<\/span><\/p>\n<p class=\"Normal tm12\"><strong><span class=\"tm9\">Conhe\u00e7a as redes sociais da editora<\/span><\/strong><\/p>\n<ul>\n<li class=\"Par_grafodalista tm19\"><u><a href=\"https:\/\/www.instagram.com\/almedinabrasil\/\"><span class=\"tm8\">Instagram &#8211; Almedina Brasil<\/span><\/a><\/u><\/li>\n<li class=\"Par_grafodalista tm19\"><u><a href=\"https:\/\/www.instagram.com\/almedinajuridico\/\"><span class=\"tm8\">Instagram &#8211; Almedina Jur\u00eddico<\/span><\/a><\/u><\/li>\n<li class=\"Par_grafodalista tm19\"><u><a href=\"https:\/\/www.almedina.com.br\/\"><span class=\"tm8\">Site<\/span><\/a><\/u><\/li>\n<li class=\"Par_grafodalista tm19\"><u><a href=\"https:\/\/www.linkedin.com\/company\/almedina-brasil\/\"><span class=\"tm8\">LinkedIn<\/span><\/a><\/u><\/li>\n<li class=\"Par_grafodalista tm19\"><u><a href=\"https:\/\/www.facebook.com\/almedinabr\"><span class=\"tm8\">Facebook<\/span><\/a><\/u><\/li>\n<\/ul>\n<p class=\"Normal tm20\"><strong><span class=\"tm9\">\u00a0<\/span><\/strong><\/p>\n<p class=\"Normal tm20\" style=\"text-align: center;\">\n<\/div>\n<\/div>\n<p>&nbsp;<\/p>\n<p style=\"font-size: 12pt; font-weight: bold;\">\n<table style=\"background-color: white;\" border=\"0\">\n<tbody>\n<tr>\n<td style=\"font-family: Arial; font-size: 10pt; text-align: center;\"><a href=\"https:\/\/imagens.pressmanager.net\/download?foto_id=4486486&amp;release_id=525668&amp;did=1091219759&amp;envio_id=1472604&amp;hash=2d6aadfcc239185f19531cf8c898324e\"><img decoding=\"async\" src=\"data:image\/gif;base64,R0lGODlhAQABAIAAAAAAAP\/\/\/ywAAAAAAQABAAACAUwAOw==\" fifu-lazy=\"1\" fifu-data-sizes=\"auto\" fifu-data-srcset=\"https:\/\/i2.wp.com\/files.pressmanager.net\/clientes\/64a8e8d576d3505a7823819ae1fa6eb7\/imagens\/2023\/08\/28\/9785ee77c1efd5dde66eb2a2cf716b3c_small.jpg?ssl=1&w=75&resize=75&ssl=1 75w, https:\/\/i2.wp.com\/files.pressmanager.net\/clientes\/64a8e8d576d3505a7823819ae1fa6eb7\/imagens\/2023\/08\/28\/9785ee77c1efd5dde66eb2a2cf716b3c_small.jpg?ssl=1&w=100&resize=100&ssl=1 100w, https:\/\/i2.wp.com\/files.pressmanager.net\/clientes\/64a8e8d576d3505a7823819ae1fa6eb7\/imagens\/2023\/08\/28\/9785ee77c1efd5dde66eb2a2cf716b3c_small.jpg?ssl=1&w=150&resize=150&ssl=1 150w, https:\/\/i2.wp.com\/files.pressmanager.net\/clientes\/64a8e8d576d3505a7823819ae1fa6eb7\/imagens\/2023\/08\/28\/9785ee77c1efd5dde66eb2a2cf716b3c_small.jpg?ssl=1&w=240&resize=240&ssl=1 240w, https:\/\/i2.wp.com\/files.pressmanager.net\/clientes\/64a8e8d576d3505a7823819ae1fa6eb7\/imagens\/2023\/08\/28\/9785ee77c1efd5dde66eb2a2cf716b3c_small.jpg?ssl=1&w=320&resize=320&ssl=1 320w, https:\/\/i2.wp.com\/files.pressmanager.net\/clientes\/64a8e8d576d3505a7823819ae1fa6eb7\/imagens\/2023\/08\/28\/9785ee77c1efd5dde66eb2a2cf716b3c_small.jpg?ssl=1&w=500&resize=500&ssl=1 500w, https:\/\/i2.wp.com\/files.pressmanager.net\/clientes\/64a8e8d576d3505a7823819ae1fa6eb7\/imagens\/2023\/08\/28\/9785ee77c1efd5dde66eb2a2cf716b3c_small.jpg?ssl=1&w=640&resize=640&ssl=1 640w, https:\/\/i2.wp.com\/files.pressmanager.net\/clientes\/64a8e8d576d3505a7823819ae1fa6eb7\/imagens\/2023\/08\/28\/9785ee77c1efd5dde66eb2a2cf716b3c_small.jpg?ssl=1&w=800&resize=800&ssl=1 800w, https:\/\/i2.wp.com\/files.pressmanager.net\/clientes\/64a8e8d576d3505a7823819ae1fa6eb7\/imagens\/2023\/08\/28\/9785ee77c1efd5dde66eb2a2cf716b3c_small.jpg?ssl=1&w=1024&resize=1024&ssl=1 1024w, https:\/\/i2.wp.com\/files.pressmanager.net\/clientes\/64a8e8d576d3505a7823819ae1fa6eb7\/imagens\/2023\/08\/28\/9785ee77c1efd5dde66eb2a2cf716b3c_small.jpg?ssl=1&w=1280&resize=1280&ssl=1 1280w, https:\/\/i2.wp.com\/files.pressmanager.net\/clientes\/64a8e8d576d3505a7823819ae1fa6eb7\/imagens\/2023\/08\/28\/9785ee77c1efd5dde66eb2a2cf716b3c_small.jpg?ssl=1&w=1600&resize=1600&ssl=1 1600w\" fifu-data-src=\"https:\/\/i2.wp.com\/files.pressmanager.net\/clientes\/64a8e8d576d3505a7823819ae1fa6eb7\/imagens\/2023\/08\/28\/9785ee77c1efd5dde66eb2a2cf716b3c_small.jpg?ssl=1\" border=\"0\" vspace=\"2\" \/><\/a><br \/>\n<i>Divulga\u00e7\u00e3o<\/i><br \/>\n<a style=\"color: #008cea;\" href=\"https:\/\/imagens.pressmanager.net\/download?foto_id=4486486&amp;release_id=525668&amp;did=1091219759&amp;envio_id=1472604&amp;hash=2d6aadfcc239185f19531cf8c898324e\"<\/a><\/td>\n<\/tr>\n<tr>\n<td style=\"font-family: Arial; font-size: 10pt; text-align: center;\"><a href=\"https:\/\/imagens.pressmanager.net\/download?foto_id=4486487&amp;release_id=525668&amp;did=1091219759&amp;envio_id=1472604&amp;hash=2d6aadfcc239185f19531cf8c898324e\"><img decoding=\"async\" src=\"data:image\/gif;base64,R0lGODlhAQABAIAAAAAAAP\/\/\/ywAAAAAAQABAAACAUwAOw==\" fifu-lazy=\"1\" fifu-data-sizes=\"auto\" fifu-data-srcset=\"https:\/\/i0.wp.com\/files.pressmanager.net\/clientes\/64a8e8d576d3505a7823819ae1fa6eb7\/imagens\/2023\/08\/28\/d11cde4160a38feae60c7b3dff7a0cff_small.jpg?ssl=1&w=75&resize=75&ssl=1 75w, https:\/\/i0.wp.com\/files.pressmanager.net\/clientes\/64a8e8d576d3505a7823819ae1fa6eb7\/imagens\/2023\/08\/28\/d11cde4160a38feae60c7b3dff7a0cff_small.jpg?ssl=1&w=100&resize=100&ssl=1 100w, https:\/\/i0.wp.com\/files.pressmanager.net\/clientes\/64a8e8d576d3505a7823819ae1fa6eb7\/imagens\/2023\/08\/28\/d11cde4160a38feae60c7b3dff7a0cff_small.jpg?ssl=1&w=150&resize=150&ssl=1 150w, https:\/\/i0.wp.com\/files.pressmanager.net\/clientes\/64a8e8d576d3505a7823819ae1fa6eb7\/imagens\/2023\/08\/28\/d11cde4160a38feae60c7b3dff7a0cff_small.jpg?ssl=1&w=240&resize=240&ssl=1 240w, https:\/\/i0.wp.com\/files.pressmanager.net\/clientes\/64a8e8d576d3505a7823819ae1fa6eb7\/imagens\/2023\/08\/28\/d11cde4160a38feae60c7b3dff7a0cff_small.jpg?ssl=1&w=320&resize=320&ssl=1 320w, https:\/\/i0.wp.com\/files.pressmanager.net\/clientes\/64a8e8d576d3505a7823819ae1fa6eb7\/imagens\/2023\/08\/28\/d11cde4160a38feae60c7b3dff7a0cff_small.jpg?ssl=1&w=500&resize=500&ssl=1 500w, https:\/\/i0.wp.com\/files.pressmanager.net\/clientes\/64a8e8d576d3505a7823819ae1fa6eb7\/imagens\/2023\/08\/28\/d11cde4160a38feae60c7b3dff7a0cff_small.jpg?ssl=1&w=640&resize=640&ssl=1 640w, https:\/\/i0.wp.com\/files.pressmanager.net\/clientes\/64a8e8d576d3505a7823819ae1fa6eb7\/imagens\/2023\/08\/28\/d11cde4160a38feae60c7b3dff7a0cff_small.jpg?ssl=1&w=800&resize=800&ssl=1 800w, https:\/\/i0.wp.com\/files.pressmanager.net\/clientes\/64a8e8d576d3505a7823819ae1fa6eb7\/imagens\/2023\/08\/28\/d11cde4160a38feae60c7b3dff7a0cff_small.jpg?ssl=1&w=1024&resize=1024&ssl=1 1024w, https:\/\/i0.wp.com\/files.pressmanager.net\/clientes\/64a8e8d576d3505a7823819ae1fa6eb7\/imagens\/2023\/08\/28\/d11cde4160a38feae60c7b3dff7a0cff_small.jpg?ssl=1&w=1280&resize=1280&ssl=1 1280w, https:\/\/i0.wp.com\/files.pressmanager.net\/clientes\/64a8e8d576d3505a7823819ae1fa6eb7\/imagens\/2023\/08\/28\/d11cde4160a38feae60c7b3dff7a0cff_small.jpg?ssl=1&w=1600&resize=1600&ssl=1 1600w\" fifu-data-src=\"https:\/\/i0.wp.com\/files.pressmanager.net\/clientes\/64a8e8d576d3505a7823819ae1fa6eb7\/imagens\/2023\/08\/28\/d11cde4160a38feae60c7b3dff7a0cff_small.jpg?ssl=1\" border=\"0\" vspace=\"2\" \/><\/a><br \/>\n<i>Divulga\u00e7\u00e3o<\/i><br \/>\n<a style=\"color: #008cea;\" href=\"https:\/\/imagens.pressmanager.net\/download?foto_id=4486487&amp;release_id=525668&amp;did=1091219759&amp;envio_id=1472604&amp;hash=2d6aadfcc239185f19531cf8c898324e\"<\/a><\/td>\n<\/tr>\n<\/tbody>\n<\/table>\n<p>&nbsp;<\/p>\n<p style=\"font-size: 9pt; border-top: 1px solid #D0D0DD; text-align: center;\">\n<table border=\"0\">\n<tbody>\n<tr>\n<td><\/td>\n<td valign=\"center\"><\/td>\n<td><\/td>\n<td style=\"font-family: Verdana; font-size: 8.5pt;\" valign=\"center\"><span style=\"text-transform: uppercase;\"><b>Ana Paula Gon\u00e7alves<\/b><\/span><\/p>\n<p>Fone : (11) 2275-6787<br \/>\nCelular: (47) 99904-6159<br \/>\nCaixa Postal: 80.397<br \/>\n04046-973 S\u00e3o Paulo\/SP<\/td>\n<td><\/td>\n<\/tr>\n<tr>\n<td colspan=\"4\"><a href=\"http:\/\/www.lcagencia.com.br\" target=\"_blank\" rel=\"noopener\"><img decoding=\"async\" src=\"data:image\/gif;base64,R0lGODlhAQABAIAAAAAAAP\/\/\/ywAAAAAAQABAAACAUwAOw==\" fifu-lazy=\"1\" fifu-data-sizes=\"auto\" fifu-data-srcset=\"https:\/\/i3.wp.com\/files.pressmanager.net\/clientes\/64a8e8d576d3505a7823819ae1fa6eb7\/imagens\/2019\/03\/25\/a6094bb54a282eae8a256f81ce23f73c.png?ssl=1&w=75&resize=75&ssl=1 75w, https:\/\/i3.wp.com\/files.pressmanager.net\/clientes\/64a8e8d576d3505a7823819ae1fa6eb7\/imagens\/2019\/03\/25\/a6094bb54a282eae8a256f81ce23f73c.png?ssl=1&w=100&resize=100&ssl=1 100w, https:\/\/i3.wp.com\/files.pressmanager.net\/clientes\/64a8e8d576d3505a7823819ae1fa6eb7\/imagens\/2019\/03\/25\/a6094bb54a282eae8a256f81ce23f73c.png?ssl=1&w=150&resize=150&ssl=1 150w, https:\/\/i3.wp.com\/files.pressmanager.net\/clientes\/64a8e8d576d3505a7823819ae1fa6eb7\/imagens\/2019\/03\/25\/a6094bb54a282eae8a256f81ce23f73c.png?ssl=1&w=240&resize=240&ssl=1 240w, https:\/\/i3.wp.com\/files.pressmanager.net\/clientes\/64a8e8d576d3505a7823819ae1fa6eb7\/imagens\/2019\/03\/25\/a6094bb54a282eae8a256f81ce23f73c.png?ssl=1&w=320&resize=320&ssl=1 320w, https:\/\/i3.wp.com\/files.pressmanager.net\/clientes\/64a8e8d576d3505a7823819ae1fa6eb7\/imagens\/2019\/03\/25\/a6094bb54a282eae8a256f81ce23f73c.png?ssl=1&w=500&resize=500&ssl=1 500w, https:\/\/i3.wp.com\/files.pressmanager.net\/clientes\/64a8e8d576d3505a7823819ae1fa6eb7\/imagens\/2019\/03\/25\/a6094bb54a282eae8a256f81ce23f73c.png?ssl=1&w=640&resize=640&ssl=1 640w, https:\/\/i3.wp.com\/files.pressmanager.net\/clientes\/64a8e8d576d3505a7823819ae1fa6eb7\/imagens\/2019\/03\/25\/a6094bb54a282eae8a256f81ce23f73c.png?ssl=1&w=800&resize=800&ssl=1 800w, https:\/\/i3.wp.com\/files.pressmanager.net\/clientes\/64a8e8d576d3505a7823819ae1fa6eb7\/imagens\/2019\/03\/25\/a6094bb54a282eae8a256f81ce23f73c.png?ssl=1&w=1024&resize=1024&ssl=1 1024w, https:\/\/i3.wp.com\/files.pressmanager.net\/clientes\/64a8e8d576d3505a7823819ae1fa6eb7\/imagens\/2019\/03\/25\/a6094bb54a282eae8a256f81ce23f73c.png?ssl=1&w=1280&resize=1280&ssl=1 1280w, https:\/\/i3.wp.com\/files.pressmanager.net\/clientes\/64a8e8d576d3505a7823819ae1fa6eb7\/imagens\/2019\/03\/25\/a6094bb54a282eae8a256f81ce23f73c.png?ssl=1&w=1600&resize=1600&ssl=1 1600w\" fifu-data-src=\"https:\/\/i3.wp.com\/files.pressmanager.net\/clientes\/64a8e8d576d3505a7823819ae1fa6eb7\/imagens\/2019\/03\/25\/a6094bb54a282eae8a256f81ce23f73c.png?ssl=1\" alt=\"LC - Ag\u00eancia de Comunica\u00e7\u00e3o\" width=\"430\" border=\"0\" \/><\/a><\/td>\n<\/tr>\n<\/tbody>\n<\/table>\n<p><img decoding=\"async\" src=\"data:image\/gif;base64,R0lGODlhAQABAIAAAAAAAP\/\/\/ywAAAAAAQABAAACAUwAOw==\" fifu-lazy=\"1\" fifu-data-sizes=\"auto\" fifu-data-srcset=\"https:\/\/i1.wp.com\/click.pressmanager.net\/log_leitura_email?envio_id=1472604&did=1091219759&imglog=1&hash=2d6aadfcc239185f19531cf8c898324e&ssl=1&w=75&resize=75&ssl=1 75w, https:\/\/i1.wp.com\/click.pressmanager.net\/log_leitura_email?envio_id=1472604&did=1091219759&imglog=1&hash=2d6aadfcc239185f19531cf8c898324e&ssl=1&w=100&resize=100&ssl=1 100w, https:\/\/i1.wp.com\/click.pressmanager.net\/log_leitura_email?envio_id=1472604&did=1091219759&imglog=1&hash=2d6aadfcc239185f19531cf8c898324e&ssl=1&w=150&resize=150&ssl=1 150w, https:\/\/i1.wp.com\/click.pressmanager.net\/log_leitura_email?envio_id=1472604&did=1091219759&imglog=1&hash=2d6aadfcc239185f19531cf8c898324e&ssl=1&w=240&resize=240&ssl=1 240w, https:\/\/i1.wp.com\/click.pressmanager.net\/log_leitura_email?envio_id=1472604&did=1091219759&imglog=1&hash=2d6aadfcc239185f19531cf8c898324e&ssl=1&w=320&resize=320&ssl=1 320w, https:\/\/i1.wp.com\/click.pressmanager.net\/log_leitura_email?envio_id=1472604&did=1091219759&imglog=1&hash=2d6aadfcc239185f19531cf8c898324e&ssl=1&w=500&resize=500&ssl=1 500w, https:\/\/i1.wp.com\/click.pressmanager.net\/log_leitura_email?envio_id=1472604&did=1091219759&imglog=1&hash=2d6aadfcc239185f19531cf8c898324e&ssl=1&w=640&resize=640&ssl=1 640w, https:\/\/i1.wp.com\/click.pressmanager.net\/log_leitura_email?envio_id=1472604&did=1091219759&imglog=1&hash=2d6aadfcc239185f19531cf8c898324e&ssl=1&w=800&resize=800&ssl=1 800w, https:\/\/i1.wp.com\/click.pressmanager.net\/log_leitura_email?envio_id=1472604&did=1091219759&imglog=1&hash=2d6aadfcc239185f19531cf8c898324e&ssl=1&w=1024&resize=1024&ssl=1 1024w, https:\/\/i1.wp.com\/click.pressmanager.net\/log_leitura_email?envio_id=1472604&did=1091219759&imglog=1&hash=2d6aadfcc239185f19531cf8c898324e&ssl=1&w=1280&resize=1280&ssl=1 1280w, https:\/\/i1.wp.com\/click.pressmanager.net\/log_leitura_email?envio_id=1472604&did=1091219759&imglog=1&hash=2d6aadfcc239185f19531cf8c898324e&ssl=1&w=1600&resize=1600&ssl=1 1600w\" fifu-data-src=\"https:\/\/i1.wp.com\/click.pressmanager.net\/log_leitura_email?envio_id=1472604&did=1091219759&imglog=1&hash=2d6aadfcc239185f19531cf8c898324e&ssl=1\" alt=\"\" \/><\/p>\n<div style=\"clear: both; padding-top: 10px; text-align: center; width: 100%;\">\n<table style=\"border-collapse: separate; width: 100%;\" border=\"0\" width=\"100%\" cellspacing=\"0\" cellpadding=\"0\">\n<tbody>\n<tr>\n<td style=\"font-family: arial; vertical-align: top; font-size: 11px; line-height: 18px; color: #3f3f3f; text-align: center;\" align=\"center\" valign=\"top\">Destacado em:  <b>Comportamento<\/b>.<\/p>&nbsp;&nbsp;\n<p>  <a style=\"color: #153643; text-decoration: underline;\" href=\"https:\/\/unsubscribe.pressmanager.net\/unsubscribe?did=1091219759&amp;dhash=2d6aadfcc239185f19531cf8c898324e&amp;eid=1472604&amp;opcao=alterar_cadastro\" target=\"_blank\" rel=\"noopener\"> <\/a>   <a style=\"color: #153643; text-decoration: underline;\" href=\"https:\/\/unsubscribe.pressmanager.net\/unsubscribe?did=1091219759&amp;dhash=2d6aadfcc239185f19531cf8c898324e&amp;eid=1472604&amp;opcao=relatar_erro_editorias\" target=\"_blank\" rel=\"noopener\"> .<\/a><\/p>\n<p><span style=\"font-size: 10px;\">  <a style=\"color: #153643; text-decoration: underline;\" href=\"https:\/\/unsubscribe.pressmanager.net\/unsubscribe?did=1091219759&amp;dhash=2d6aadfcc239185f19531cf8c898324e&amp;eid=1472604&amp;opcao=descadastrar\" target=\"_blank\" rel=\"noopener\"> <\/a>.<\/span><\/td>\n<\/tr>\n<\/tbody>\n<\/table>\n<\/div>\n<\/div>\n<p>&nbsp;<\/p>\n<\/div>\n<\/div>\n","protected":false},"excerpt":{"rendered":"<p>Ensinamentos filos\u00f3ficos s\u00e3o essenciais para lidar com sentimentos de culpa, ang\u00fastia, frustra\u00e7\u00e3o, luto e at\u00e9&#8230;<\/p>\n","protected":false},"author":1,"featured_media":110829,"comment_status":"closed","ping_status":"closed","sticky":false,"template":"","format":"standard","meta":{"fifu_image_url":"","fifu_image_alt":"","footnotes":""},"categories":[727],"tags":[58,12885],"class_list":["post-106680","post","type-post","status-publish","format-standard","has-post-thumbnail","hentry","category-noticias","tag-noticias","tag-verdeamarelo","wpcat-727-id"],"_links":{"self":[{"href":"https:\/\/verde-amarelo.net\/verdeamarelo\/wp-json\/wp\/v2\/posts\/106680","targetHints":{"allow":["GET"]}}],"collection":[{"href":"https:\/\/verde-amarelo.net\/verdeamarelo\/wp-json\/wp\/v2\/posts"}],"about":[{"href":"https:\/\/verde-amarelo.net\/verdeamarelo\/wp-json\/wp\/v2\/types\/post"}],"author":[{"embeddable":true,"href":"https:\/\/verde-amarelo.net\/verdeamarelo\/wp-json\/wp\/v2\/users\/1"}],"replies":[{"embeddable":true,"href":"https:\/\/verde-amarelo.net\/verdeamarelo\/wp-json\/wp\/v2\/comments?post=106680"}],"version-history":[{"count":0,"href":"https:\/\/verde-amarelo.net\/verdeamarelo\/wp-json\/wp\/v2\/posts\/106680\/revisions"}],"wp:featuredmedia":[{"embeddable":true,"href":"https:\/\/verde-amarelo.net\/verdeamarelo\/wp-json\/wp\/v2\/media\/110829"}],"wp:attachment":[{"href":"https:\/\/verde-amarelo.net\/verdeamarelo\/wp-json\/wp\/v2\/media?parent=106680"}],"wp:term":[{"taxonomy":"category","embeddable":true,"href":"https:\/\/verde-amarelo.net\/verdeamarelo\/wp-json\/wp\/v2\/categories?post=106680"},{"taxonomy":"post_tag","embeddable":true,"href":"https:\/\/verde-amarelo.net\/verdeamarelo\/wp-json\/wp\/v2\/tags?post=106680"}],"curies":[{"name":"wp","href":"https:\/\/api.w.org\/{rel}","templated":true}]}}