{"id":107199,"date":"2023-08-30T15:56:55","date_gmt":"2023-08-30T18:56:55","guid":{"rendered":"https:\/\/verde-amarelo.net\/verdeamarelo\/?p=107199"},"modified":"2023-08-30T20:44:26","modified_gmt":"2023-08-30T23:44:26","slug":"apos-aporte-mob2con-anuncia-chegada-de-novos-gerentes-rodrigo-bacchi-e-marcelo-jacinto","status":"publish","type":"post","link":"https:\/\/verde-amarelo.net\/verdeamarelo\/2023\/08\/apos-aporte-mob2con-anuncia-chegada-de-novos-gerentes-rodrigo-bacchi-e-marcelo-jacinto\/","title":{"rendered":"Ap\u00f3s aporte, Mob2Con anuncia chegada de novos gerentes, Rodrigo Bacchi e Marcelo Jacinto"},"content":{"rendered":"<div class=\"postie-post\">\n<div>\n<div style=\"font-family: Arial; font-size: 10pt;\">\n<p style=\"font-size: 10pt; text-align: left;\">\n<p><img decoding=\"async\" src=\"data:image\/gif;base64,R0lGODlhAQABAIAAAAAAAP\/\/\/ywAAAAAAQABAAACAUwAOw==\" fifu-lazy=\"1\" fifu-data-sizes=\"auto\" fifu-data-srcset=\"https:\/\/i1.wp.com\/files.pressmanager.net\/clientes\/9cb75677a4b9efe29ba629ff18ddda75\/imagens\/2023\/04\/19\/e1cb3aaf5f093511f7e8a51a0a2d2f2c.png?ssl=1&w=75&resize=75&ssl=1 75w, https:\/\/i1.wp.com\/files.pressmanager.net\/clientes\/9cb75677a4b9efe29ba629ff18ddda75\/imagens\/2023\/04\/19\/e1cb3aaf5f093511f7e8a51a0a2d2f2c.png?ssl=1&w=100&resize=100&ssl=1 100w, https:\/\/i1.wp.com\/files.pressmanager.net\/clientes\/9cb75677a4b9efe29ba629ff18ddda75\/imagens\/2023\/04\/19\/e1cb3aaf5f093511f7e8a51a0a2d2f2c.png?ssl=1&w=150&resize=150&ssl=1 150w, https:\/\/i1.wp.com\/files.pressmanager.net\/clientes\/9cb75677a4b9efe29ba629ff18ddda75\/imagens\/2023\/04\/19\/e1cb3aaf5f093511f7e8a51a0a2d2f2c.png?ssl=1&w=240&resize=240&ssl=1 240w, https:\/\/i1.wp.com\/files.pressmanager.net\/clientes\/9cb75677a4b9efe29ba629ff18ddda75\/imagens\/2023\/04\/19\/e1cb3aaf5f093511f7e8a51a0a2d2f2c.png?ssl=1&w=320&resize=320&ssl=1 320w, https:\/\/i1.wp.com\/files.pressmanager.net\/clientes\/9cb75677a4b9efe29ba629ff18ddda75\/imagens\/2023\/04\/19\/e1cb3aaf5f093511f7e8a51a0a2d2f2c.png?ssl=1&w=500&resize=500&ssl=1 500w, https:\/\/i1.wp.com\/files.pressmanager.net\/clientes\/9cb75677a4b9efe29ba629ff18ddda75\/imagens\/2023\/04\/19\/e1cb3aaf5f093511f7e8a51a0a2d2f2c.png?ssl=1&w=640&resize=640&ssl=1 640w, https:\/\/i1.wp.com\/files.pressmanager.net\/clientes\/9cb75677a4b9efe29ba629ff18ddda75\/imagens\/2023\/04\/19\/e1cb3aaf5f093511f7e8a51a0a2d2f2c.png?ssl=1&w=800&resize=800&ssl=1 800w, https:\/\/i1.wp.com\/files.pressmanager.net\/clientes\/9cb75677a4b9efe29ba629ff18ddda75\/imagens\/2023\/04\/19\/e1cb3aaf5f093511f7e8a51a0a2d2f2c.png?ssl=1&w=1024&resize=1024&ssl=1 1024w, https:\/\/i1.wp.com\/files.pressmanager.net\/clientes\/9cb75677a4b9efe29ba629ff18ddda75\/imagens\/2023\/04\/19\/e1cb3aaf5f093511f7e8a51a0a2d2f2c.png?ssl=1&w=1280&resize=1280&ssl=1 1280w, https:\/\/i1.wp.com\/files.pressmanager.net\/clientes\/9cb75677a4b9efe29ba629ff18ddda75\/imagens\/2023\/04\/19\/e1cb3aaf5f093511f7e8a51a0a2d2f2c.png?ssl=1&w=1600&resize=1600&ssl=1 1600w\" fifu-data-src=\"https:\/\/i1.wp.com\/files.pressmanager.net\/clientes\/9cb75677a4b9efe29ba629ff18ddda75\/imagens\/2023\/04\/19\/e1cb3aaf5f093511f7e8a51a0a2d2f2c.png?ssl=1\" alt=\"Mob2Con\" \/><\/p>\n<div style=\"text-align: left;\">\n<p style=\"font-size: 14pt; font-weight: bold; text-align: center;\">\n<p style=\"font-size: 12pt; text-align: center;\"><i>Dupla chega \u00e0 retailtech com o objetivo de expandir a carteira de clientes e assegurar a satisfa\u00e7\u00e3o dos parceiros<\/i><\/p>\n<div style=\"text-align: justify; font-size: 11pt;\">\n<p><span style=\"font-weight: 400;\">Considerada uma das principais retailtechs do pa\u00eds, a <\/span><a href=\"https:\/\/mob2con.com.br\/\"><strong>Mob2Con<\/strong><\/a> <span style=\"font-weight: 400;\">acaba de anunciar a contrata\u00e7\u00e3o do Gerente de Redes Varejistas, Marcelo Jacinto, e do Gerente de Ind\u00fastrias, Rodrigo Bacchi. A chegada da dupla d\u00e1 in\u00edcio ao projeto de expans\u00e3o da startup ap\u00f3s a capta\u00e7\u00e3o de um aporte de R$ 5 milh\u00f5es junto ao grupo Hindiana.<\/span><\/p>\n<p><span style=\"font-weight: 400;\">Segundo o CEO da Mob2Con, Carlos Wayand, contar com a experi\u00eancia dos novos l\u00edderes ser\u00e1 um importante passo estrat\u00e9gico para a startup alcan\u00e7ar o objetivo de expandir a sua atua\u00e7\u00e3o nos estados do Paran\u00e1, Rio Grande do Sul, Bahia, Cear\u00e1 e Pernambuco.<\/span><\/p>\n<p><span style=\"font-weight: 400;\">&#8220;Para ter \u00eaxito nesse objetivo e atingir nossas metas, precisamos ter as pessoas certas, nas posi\u00e7\u00f5es certas. A chegada dos dois profissionais ser\u00e1 primordial nesse processo, j\u00e1 que ambos possuem d\u00e9cadas de trajet\u00f3ria profissional e conhecem profundamente a l\u00edngua do mercado varejista&#8221;, avalia.<\/span><\/p>\n<p><strong>Hist\u00f3rico de atua\u00e7\u00e3o e desafios dos novos profissionais<\/strong><\/p>\n<p><span style=\"font-weight: 400;\">Com mais de 30 anos de experi\u00eancia no setor de varejo e servi\u00e7os, Marcelo Jacinto tem o objetivo de ampliar a carteira de redes varejistas da corpora\u00e7\u00e3o. Para isso, o profissional espera utilizar toda a sua expertise para assegurar que os parceiros apresentem aumento na efici\u00eancia operacional e de rentabilidade com as solu\u00e7\u00f5es da Mob2Con. &#8220;Meu objetivo ser\u00e1 levar a tecnologia propriet\u00e1ria para novos parceiros e regi\u00f5es. A ideia \u00e9 expandir as oportunidades que o produto entrega e assim deixar claro para o mercado os ganhos gerados ao contar com a sua utiliza\u00e7\u00e3o&#8221;, pontua Jacinto.<\/span><\/p>\n<p><span style=\"font-weight: 400;\">J\u00e1 Rodrigo Bacchi, que soma mais de 27 anos de carreira no mercado varejista em empresas como Ambev, Unilever, Accera e Lyrio, inicia sua trajet\u00f3ria na retailtech com a finalidade de estreitar as rela\u00e7\u00f5es da companhia com as ind\u00fastrias e ag\u00eancias de promotores. <\/span><span style=\"font-weight: 400;\">Al\u00e9m da capta\u00e7\u00e3o por novos parceiros nestes setores, o profissional ser\u00e1 respons\u00e1vel <\/span><span style=\"font-weight: 400;\">pela lideran\u00e7a da \u00e1rea de customer success, visando garantir a satisfa\u00e7\u00e3o do cliente com as solu\u00e7\u00f5es da marca. <\/span><span style=\"font-weight: 400;\">&#8220;Estou muito motivado com o desafio de expans\u00e3o e consolida\u00e7\u00e3o da Mob2Con no pa\u00eds. O foco do trabalho ser\u00e1 nos aproximar dos nossos clientes e buscar satisfazer as expectativas dos parceiros&#8221;, afirma Bacchi.<\/span><\/p>\n<p><strong>Pr\u00f3ximos passos<\/strong><\/p>\n<p><span style=\"font-weight: 400;\">Atualmente utilizada por mais de 50 redes supermercadistas nacionais &#8211; incluindo os gigantes Carrefour, Assa\u00ed e Coop -, em 1.700 pontos de venda, a tecnologia da Mob2Con est\u00e1 presente em 185 munic\u00edpios, de 25 estados. At\u00e9 o final de 2023, a meta \u00e9 aumentar todos esses indicadores.<\/span><span style=\"font-weight: 400;\"><br \/>\n<\/span><\/p>\n<p><span style=\"font-weight: 400;\">Fundada em 2015, a startup disponibiliza ao mercado uma tecnologia anal\u00edtica que revoluciona o processo de reposi\u00e7\u00e3o de g\u00f4ndolas, conectando redes varejistas, ind\u00fastrias e ag\u00eancias de promotores, para garantir que os consumidores encontrem seus produtos favoritos facilmente nas prateleiras.<\/span> <span style=\"font-weight: 400;\">Com isso, o varejo assegura um melhor rendimento por meio do preenchimento de gaps, abastecimento das g\u00f4ndolas e da redu\u00e7\u00e3o de danos provocada pela ruptura, termo dado quando um item espec\u00edfico acaba e n\u00e3o pode ser reposto rapidamente nas lojas.<\/span><\/p>\n<\/div>\n<\/div>\n<p>&nbsp;<\/p>\n<p><center><img decoding=\"async\" src=\"data:image\/gif;base64,R0lGODlhAQABAIAAAAAAAP\/\/\/ywAAAAAAQABAAACAUwAOw==\" fifu-lazy=\"1\" fifu-data-sizes=\"auto\" fifu-data-srcset=\"https:\/\/i2.wp.com\/files.pressmanager.net\/clientes\/9cb75677a4b9efe29ba629ff18ddda75\/imagens\/2023\/08\/30\/2fb1b796c51fb18bebd84d790b8b39e0_small.jpg?ssl=1&w=75&resize=75&ssl=1 75w, https:\/\/i2.wp.com\/files.pressmanager.net\/clientes\/9cb75677a4b9efe29ba629ff18ddda75\/imagens\/2023\/08\/30\/2fb1b796c51fb18bebd84d790b8b39e0_small.jpg?ssl=1&w=100&resize=100&ssl=1 100w, https:\/\/i2.wp.com\/files.pressmanager.net\/clientes\/9cb75677a4b9efe29ba629ff18ddda75\/imagens\/2023\/08\/30\/2fb1b796c51fb18bebd84d790b8b39e0_small.jpg?ssl=1&w=150&resize=150&ssl=1 150w, https:\/\/i2.wp.com\/files.pressmanager.net\/clientes\/9cb75677a4b9efe29ba629ff18ddda75\/imagens\/2023\/08\/30\/2fb1b796c51fb18bebd84d790b8b39e0_small.jpg?ssl=1&w=240&resize=240&ssl=1 240w, https:\/\/i2.wp.com\/files.pressmanager.net\/clientes\/9cb75677a4b9efe29ba629ff18ddda75\/imagens\/2023\/08\/30\/2fb1b796c51fb18bebd84d790b8b39e0_small.jpg?ssl=1&w=320&resize=320&ssl=1 320w, https:\/\/i2.wp.com\/files.pressmanager.net\/clientes\/9cb75677a4b9efe29ba629ff18ddda75\/imagens\/2023\/08\/30\/2fb1b796c51fb18bebd84d790b8b39e0_small.jpg?ssl=1&w=500&resize=500&ssl=1 500w, https:\/\/i2.wp.com\/files.pressmanager.net\/clientes\/9cb75677a4b9efe29ba629ff18ddda75\/imagens\/2023\/08\/30\/2fb1b796c51fb18bebd84d790b8b39e0_small.jpg?ssl=1&w=640&resize=640&ssl=1 640w, https:\/\/i2.wp.com\/files.pressmanager.net\/clientes\/9cb75677a4b9efe29ba629ff18ddda75\/imagens\/2023\/08\/30\/2fb1b796c51fb18bebd84d790b8b39e0_small.jpg?ssl=1&w=800&resize=800&ssl=1 800w, https:\/\/i2.wp.com\/files.pressmanager.net\/clientes\/9cb75677a4b9efe29ba629ff18ddda75\/imagens\/2023\/08\/30\/2fb1b796c51fb18bebd84d790b8b39e0_small.jpg?ssl=1&w=1024&resize=1024&ssl=1 1024w, https:\/\/i2.wp.com\/files.pressmanager.net\/clientes\/9cb75677a4b9efe29ba629ff18ddda75\/imagens\/2023\/08\/30\/2fb1b796c51fb18bebd84d790b8b39e0_small.jpg?ssl=1&w=1280&resize=1280&ssl=1 1280w, https:\/\/i2.wp.com\/files.pressmanager.net\/clientes\/9cb75677a4b9efe29ba629ff18ddda75\/imagens\/2023\/08\/30\/2fb1b796c51fb18bebd84d790b8b39e0_small.jpg?ssl=1&w=1600&resize=1600&ssl=1 1600w\" fifu-data-src=\"https:\/\/i2.wp.com\/files.pressmanager.net\/clientes\/9cb75677a4b9efe29ba629ff18ddda75\/imagens\/2023\/08\/30\/2fb1b796c51fb18bebd84d790b8b39e0_small.jpg?ssl=1\" alt=\"Rodrigo Bacchi e Marcelo Jacinto\" border=\"0\" hspace=\"10\" vspace=\"10\" \/><br \/>\n<a style=\"font-size: 11pt;\" href=\"https:\/\/imagens.pressmanager.net\/galeria?rid=526715&amp;rhash=25364e52309f3b0bd1eeb2efa871c6ee&amp;did=1093111394&amp;dhash=d13f4e7af762ce7b56f375a1ec2a8343\" target=\"_blank\" rel=\"noopener\"><b>Visualizar todas as imagens em alta resolu\u00e7\u00e3o<\/b><\/a><\/center>&nbsp;<\/p>\n<h6 style=\"font-size: 11pt; border-top: 1px solid #D0D0DD; text-align: center;\">\n<b>J\u00e9ssica Santos<\/b><br \/>\nPR Specialist<br \/>\n<a href=\"mailto:jessica.santos@motim.cc\">jessica.santos@motim.cc<\/a><br \/>\n(15) 99128-2833<\/h6>\n<p><img decoding=\"async\" src=\"data:image\/gif;base64,R0lGODlhAQABAIAAAAAAAP\/\/\/ywAAAAAAQABAAACAUwAOw==\" fifu-lazy=\"1\" fifu-data-sizes=\"auto\" fifu-data-srcset=\"https:\/\/i1.wp.com\/click.pressmanager.net\/log_leitura_email?envio_id=1474911&did=1093111394&imglog=1&hash=d13f4e7af762ce7b56f375a1ec2a8343&ssl=1&w=75&resize=75&ssl=1 75w, https:\/\/i1.wp.com\/click.pressmanager.net\/log_leitura_email?envio_id=1474911&did=1093111394&imglog=1&hash=d13f4e7af762ce7b56f375a1ec2a8343&ssl=1&w=100&resize=100&ssl=1 100w, https:\/\/i1.wp.com\/click.pressmanager.net\/log_leitura_email?envio_id=1474911&did=1093111394&imglog=1&hash=d13f4e7af762ce7b56f375a1ec2a8343&ssl=1&w=150&resize=150&ssl=1 150w, https:\/\/i1.wp.com\/click.pressmanager.net\/log_leitura_email?envio_id=1474911&did=1093111394&imglog=1&hash=d13f4e7af762ce7b56f375a1ec2a8343&ssl=1&w=240&resize=240&ssl=1 240w, https:\/\/i1.wp.com\/click.pressmanager.net\/log_leitura_email?envio_id=1474911&did=1093111394&imglog=1&hash=d13f4e7af762ce7b56f375a1ec2a8343&ssl=1&w=320&resize=320&ssl=1 320w, https:\/\/i1.wp.com\/click.pressmanager.net\/log_leitura_email?envio_id=1474911&did=1093111394&imglog=1&hash=d13f4e7af762ce7b56f375a1ec2a8343&ssl=1&w=500&resize=500&ssl=1 500w, https:\/\/i1.wp.com\/click.pressmanager.net\/log_leitura_email?envio_id=1474911&did=1093111394&imglog=1&hash=d13f4e7af762ce7b56f375a1ec2a8343&ssl=1&w=640&resize=640&ssl=1 640w, https:\/\/i1.wp.com\/click.pressmanager.net\/log_leitura_email?envio_id=1474911&did=1093111394&imglog=1&hash=d13f4e7af762ce7b56f375a1ec2a8343&ssl=1&w=800&resize=800&ssl=1 800w, https:\/\/i1.wp.com\/click.pressmanager.net\/log_leitura_email?envio_id=1474911&did=1093111394&imglog=1&hash=d13f4e7af762ce7b56f375a1ec2a8343&ssl=1&w=1024&resize=1024&ssl=1 1024w, https:\/\/i1.wp.com\/click.pressmanager.net\/log_leitura_email?envio_id=1474911&did=1093111394&imglog=1&hash=d13f4e7af762ce7b56f375a1ec2a8343&ssl=1&w=1280&resize=1280&ssl=1 1280w, https:\/\/i1.wp.com\/click.pressmanager.net\/log_leitura_email?envio_id=1474911&did=1093111394&imglog=1&hash=d13f4e7af762ce7b56f375a1ec2a8343&ssl=1&w=1600&resize=1600&ssl=1 1600w\" fifu-data-src=\"https:\/\/i1.wp.com\/click.pressmanager.net\/log_leitura_email?envio_id=1474911&did=1093111394&imglog=1&hash=d13f4e7af762ce7b56f375a1ec2a8343&ssl=1\" alt=\"\" \/><\/p>\n<div style=\"clear: both; padding-top: 10px; text-align: center; width: 100%;\">\n<table style=\"border-collapse: separate; width: 100%;\" border=\"0\" width=\"100%\" cellspacing=\"0\" cellpadding=\"0\">\n<tbody>\n<tr>\n<td style=\"font-family: arial; vertical-align: top; font-size: 11px; line-height: 18px; color: #3f3f3f; text-align: center;\" align=\"center\" valign=\"top\">Destacado em:  <b>Economia, Administra\u00e7\u00e3o e Gest\u00e3o<\/b>.<\/p>&nbsp;&nbsp;\n<p>  <a style=\"color: #153643; text-decoration: underline;\" href=\"https:\/\/unsubscribe.pressmanager.net\/unsubscribe?did=1093111394&amp;dhash=d13f4e7af762ce7b56f375a1ec2a8343&amp;eid=1474911&amp;opcao=alterar_cadastro\" target=\"_blank\" rel=\"noopener\"> <\/a>   <a style=\"color: #153643; text-decoration: underline;\" href=\"https:\/\/unsubscribe.pressmanager.net\/unsubscribe?did=1093111394&amp;dhash=d13f4e7af762ce7b56f375a1ec2a8343&amp;eid=1474911&amp;opcao=relatar_erro_editorias\" target=\"_blank\" rel=\"noopener\"> .<\/a><\/p>\n<p><span style=\"font-size: 10px;\">  <a style=\"color: #153643; text-decoration: underline;\" href=\"https:\/\/unsubscribe.pressmanager.net\/unsubscribe?did=1093111394&amp;dhash=d13f4e7af762ce7b56f375a1ec2a8343&amp;eid=1474911&amp;opcao=descadastrar\" target=\"_blank\" rel=\"noopener\"> <\/a>.<\/span><\/td>\n<\/tr>\n<\/tbody>\n<\/table>\n<\/div>\n<\/div>\n<p>&nbsp;<\/p>\n<\/div>\n<\/div>\n","protected":false},"excerpt":{"rendered":"<p>Dupla chega \u00e0 retailtech com o objetivo de expandir a carteira de clientes e assegurar&#8230;<\/p>\n","protected":false},"author":1,"featured_media":0,"comment_status":"closed","ping_status":"closed","sticky":false,"template":"","format":"standard","meta":{"fifu_image_url":"","fifu_image_alt":"","footnotes":""},"categories":[727],"tags":[58,12885],"class_list":["post-107199","post","type-post","status-publish","format-standard","hentry","category-noticias","tag-noticias","tag-verdeamarelo","wpcat-727-id"],"_links":{"self":[{"href":"https:\/\/verde-amarelo.net\/verdeamarelo\/wp-json\/wp\/v2\/posts\/107199","targetHints":{"allow":["GET"]}}],"collection":[{"href":"https:\/\/verde-amarelo.net\/verdeamarelo\/wp-json\/wp\/v2\/posts"}],"about":[{"href":"https:\/\/verde-amarelo.net\/verdeamarelo\/wp-json\/wp\/v2\/types\/post"}],"author":[{"embeddable":true,"href":"https:\/\/verde-amarelo.net\/verdeamarelo\/wp-json\/wp\/v2\/users\/1"}],"replies":[{"embeddable":true,"href":"https:\/\/verde-amarelo.net\/verdeamarelo\/wp-json\/wp\/v2\/comments?post=107199"}],"version-history":[{"count":0,"href":"https:\/\/verde-amarelo.net\/verdeamarelo\/wp-json\/wp\/v2\/posts\/107199\/revisions"}],"wp:attachment":[{"href":"https:\/\/verde-amarelo.net\/verdeamarelo\/wp-json\/wp\/v2\/media?parent=107199"}],"wp:term":[{"taxonomy":"category","embeddable":true,"href":"https:\/\/verde-amarelo.net\/verdeamarelo\/wp-json\/wp\/v2\/categories?post=107199"},{"taxonomy":"post_tag","embeddable":true,"href":"https:\/\/verde-amarelo.net\/verdeamarelo\/wp-json\/wp\/v2\/tags?post=107199"}],"curies":[{"name":"wp","href":"https:\/\/api.w.org\/{rel}","templated":true}]}}