{"id":107200,"date":"2023-08-30T15:58:11","date_gmt":"2023-08-30T18:58:11","guid":{"rendered":"https:\/\/verde-amarelo.net\/verdeamarelo\/?p=107200"},"modified":"2023-08-30T20:44:02","modified_gmt":"2023-08-30T23:44:02","slug":"sugestao-de-pauta-dor-de-ouvido-reclamacoes-aumentam-durante-o-inverno","status":"publish","type":"post","link":"https:\/\/verde-amarelo.net\/verdeamarelo\/2023\/08\/sugestao-de-pauta-dor-de-ouvido-reclamacoes-aumentam-durante-o-inverno\/","title":{"rendered":"Dor de ouvido: reclama\u00e7\u00f5es aumentam durante o inverno"},"content":{"rendered":"<p>Dor de ouvido: reclama\u00e7\u00f5es aumentam durante o inverno<\/p>\n<p><i>Infec\u00e7\u00f5es e inflama\u00e7\u00f5es na regi\u00e3o do ouvido, conhecidas como otites m\u00e9dias, frequentemente resultam de doen\u00e7as respirat\u00f3rias<\/i><\/p>\n<div>\n<div>Com pouco mais de um m\u00eas de inverno pela frente e com dias amenos alternando-se com outros bastante fechados em curtos intervalos de tempo, a sa\u00fade exige aten\u00e7\u00e3o redobrada. As temperaturas mais baixas e os ambientes menos ventilados permitem uma circula\u00e7\u00e3o mais f\u00e1cil de v\u00edrus e bact\u00e9rias, seja dentro de casas, escolas, locais de trabalho, shoppings ou transportes p\u00fablicos. Esse\u00a0 cen\u00e1rio cria condi\u00e7\u00f5es ideais para a propaga\u00e7\u00e3o de doen\u00e7as, especialmente as respirat\u00f3rias. \u00c9 por essa raz\u00e3o que, em compara\u00e7\u00e3o com as esta\u00e7\u00f5es mais quentes, \u00e9 mais comum vermos quadros de gripe e resfriado no inverno.<\/div>\n<div><\/div>\n<div>A partir da\u00ed, h\u00e1 um efeito domin\u00f3 de complica\u00e7\u00f5es trazidas por essas doen\u00e7as, como as dores de ouvido causadas por infec\u00e7\u00f5es e inflama\u00e7\u00f5es, que tamb\u00e9m tendem a aumentar. Muitas dessas otites m\u00e9dias, como s\u00e3o chamadas, resultam de quadros de doen\u00e7as respirat\u00f3rias. Portanto, identificar o momento apropriado para buscar atendimento especializado \u00e9 essencial. \u201cTemos que levar em considera\u00e7\u00e3o um conjunto de fatores para fazer essa avalia\u00e7\u00e3o. Um paciente que tem hist\u00f3rico recente de infec\u00e7\u00e3o das vias a\u00e9reas superiores, muitas vezes gripe ou resfriado, pode evoluir para dor de ouvido, progredindo para sintomas como dificuldade de audi\u00e7\u00e3o e, ocasionalmente, febre, n\u00e1useas e v\u00f4mito. Ou at\u00e9 mesmo uma crian\u00e7a muito pequena que n\u00e3o expressa a dor propriamente dita, podendo ficar irritada, ter dificuldades para dormir e, associado a isso, frequentemente ter febre\u201d, exemplifica o otorrinolaringologista dos hospitais Universit\u00e1rio Cajuru e S\u00e3o Marcelino Champagnat, Henrique Furlan.<\/div>\n<div><\/div>\n<div><strong>Como tratar<\/strong><\/div>\n<div>O tratamento para casos de otite m\u00e9dia varia dependendo da gravidade do quadro. Na maior parte dos casos, o organismo reage de forma positiva e apenas o uso de anti-inflamat\u00f3rios \u00e9 necess\u00e1rio. No entanto, em algumas situa\u00e7\u00f5es, podem ocorrer complica\u00e7\u00f5es, necessitando de um tratamento mais espec\u00edfico. \u201cPrincipalmente em crian\u00e7as, \u00e9 comum observar sinais de infec\u00e7\u00e3o mais extensa, causando, inclusive, complica\u00e7\u00f5es na regi\u00e3o da orelha. Em casos mais graves, o\u00a0 sistema nervoso central \u00e9 afetado, podendo levar ao desenvolvimento de meningite ou de abscesso intracraniano, que \u00e9 um processo inflamat\u00f3rio no c\u00e9rebro\u201d, observa Furlan.<\/div>\n<\/div>\n","protected":false},"excerpt":{"rendered":"<p>Dor de ouvido: reclama\u00e7\u00f5es aumentam durante o inverno Infec\u00e7\u00f5es e inflama\u00e7\u00f5es na regi\u00e3o do ouvido,&#8230;<\/p>\n","protected":false},"author":1,"featured_media":0,"comment_status":"closed","ping_status":"closed","sticky":false,"template":"","format":"standard","meta":{"fifu_image_url":"","fifu_image_alt":"","footnotes":""},"categories":[727],"tags":[58,12885],"class_list":["post-107200","post","type-post","status-publish","format-standard","hentry","category-noticias","tag-noticias","tag-verdeamarelo","wpcat-727-id"],"_links":{"self":[{"href":"https:\/\/verde-amarelo.net\/verdeamarelo\/wp-json\/wp\/v2\/posts\/107200","targetHints":{"allow":["GET"]}}],"collection":[{"href":"https:\/\/verde-amarelo.net\/verdeamarelo\/wp-json\/wp\/v2\/posts"}],"about":[{"href":"https:\/\/verde-amarelo.net\/verdeamarelo\/wp-json\/wp\/v2\/types\/post"}],"author":[{"embeddable":true,"href":"https:\/\/verde-amarelo.net\/verdeamarelo\/wp-json\/wp\/v2\/users\/1"}],"replies":[{"embeddable":true,"href":"https:\/\/verde-amarelo.net\/verdeamarelo\/wp-json\/wp\/v2\/comments?post=107200"}],"version-history":[{"count":0,"href":"https:\/\/verde-amarelo.net\/verdeamarelo\/wp-json\/wp\/v2\/posts\/107200\/revisions"}],"wp:attachment":[{"href":"https:\/\/verde-amarelo.net\/verdeamarelo\/wp-json\/wp\/v2\/media?parent=107200"}],"wp:term":[{"taxonomy":"category","embeddable":true,"href":"https:\/\/verde-amarelo.net\/verdeamarelo\/wp-json\/wp\/v2\/categories?post=107200"},{"taxonomy":"post_tag","embeddable":true,"href":"https:\/\/verde-amarelo.net\/verdeamarelo\/wp-json\/wp\/v2\/tags?post=107200"}],"curies":[{"name":"wp","href":"https:\/\/api.w.org\/{rel}","templated":true}]}}