{"id":107205,"date":"2023-08-30T16:07:56","date_gmt":"2023-08-30T19:07:56","guid":{"rendered":"https:\/\/verde-amarelo.net\/verdeamarelo\/?p=107205"},"modified":"2023-08-30T20:43:21","modified_gmt":"2023-08-30T23:43:21","slug":"shell-eco-marathon-hidrogenio-estreia-como-categoria-na-competicao","status":"publish","type":"post","link":"https:\/\/verde-amarelo.net\/verdeamarelo\/2023\/08\/shell-eco-marathon-hidrogenio-estreia-como-categoria-na-competicao\/","title":{"rendered":"Shell Eco-marathon | Hidrog\u00eanio estreia como categoria na competi\u00e7\u00e3o"},"content":{"rendered":"<div class=\"postie-post\">\n<div>\n<div style=\"font-family: Arial; font-size: 10pt;\">\n<div style=\"text-align: left;\">\n<p style=\"font-size: 14pt; font-weight: bold; text-align: center;\">\n<p style=\"font-size: 12pt; text-align: center;\"><i>Competi\u00e7\u00e3o acad\u00eamica vai premiar prot\u00f3tipos automotivos ultra eficientes no Pier Mau\u00e1<\/i><\/p>\n<div style=\"text-align: justify; font-size: 11pt;\">\n<p>A <a href=\"https:\/\/www.shell.com.br\/imprensa\/press-releases-2023\/shell-eco-marathon-brasil-vai-premiar-prototipos-automotivos-ultra-eficientes-no-pier-maua.html\">6\u00aa edi\u00e7\u00e3o brasileira da Shell Eco-Marathon<\/a> ter\u00e1, pela primeira vez, entre as categorias da competi\u00e7\u00e3o, o hidrog\u00eanio. O combust\u00edvel tem ganhado espa\u00e7o estrat\u00e9gico, pois \u00e9 uma alternativa para a produ\u00e7\u00e3o de energia limpa e a descarboniza\u00e7\u00e3o. Neste ano, estudantes da Bol\u00edvia e do M\u00e9xico, das equipes Capit\u00e1n Victor Ustariz e Hydro Dzec respectivamente, constru\u00edram prot\u00f3tipos de ve\u00edculos com tecnologia para produzir, armazenar e utilizar hidrog\u00eanio como fonte de energia.<\/p>&nbsp;&nbsp;\n<p>&#8220;Esses prot\u00f3tipos incluem c\u00e9lulas de combust\u00edvel avan\u00e7adas que convertem hidrog\u00eanio em eletricidade, tanques de armazenamento de alta press\u00e3o para o g\u00e1s e m\u00e9todos eficientes de produ\u00e7\u00e3o de hidrog\u00eanio, como a eletr\u00f3lise. Al\u00e9m disso, os prot\u00f3tipos precisam de sistemas de controle sofisticados para gerir o fluxo de hidrog\u00eanio e oxig\u00eanio dentro da c\u00e9lula de combust\u00edvel e regular a produ\u00e7\u00e3o de energia&#8221;, explica Norman Koch, Chefe de Opera\u00e7\u00f5es de Marca da Shell<\/p>\n<p>Para participar da competi\u00e7\u00e3o, os futuros engenheiros desenvolvem sistemas energ\u00e9ticos mais eficientes, projetando dispositivos mais inovadores, com melhores performances e menos consumo de combust\u00edvel. &#8220;Como engenheiros focados no desenvolvimento tecnol\u00f3gico, estamos dispostos e interessados em enfrentar os problemas da transi\u00e7\u00e3o energ\u00e9tica, mas tamb\u00e9m somos realistas quanto \u00e0 complexidade de transformar essas ideias em realidade. Sabemos que uma mudan\u00e7a n\u00e3o ocorre da noite para o dia, mas requer algu\u00e9m para inici\u00e1-la e pessoas para sustent\u00e1-la ao longo do tempo, bem como recursos para concretizar as ideias&#8221;, diz Enrique Gabriel Munive Roldan da equipe Hydro Dzec.<\/p>&nbsp;&nbsp;\n<p>&nbsp;<\/p>\n<p>Nas \u00faltimas edi\u00e7\u00f5es da Shell Eco-marathon no exterior, houve crescente interesse na utiliza\u00e7\u00e3o do hidrog\u00eanio como combust\u00edvel devido ao seu potencial para transporte com emiss\u00e3o zero. Globalmente, cerca de 10% das equipes utilizam ve\u00edculos movidos a c\u00e9lulas de combust\u00edvel de hidrog\u00eanio, mostrando a tend\u00eancia para o desenvolvimento de ve\u00edculos mais eficientes para o futuro. &#8220;N\u00f3s esperamos contribuir para o nosso pa\u00eds com a mudan\u00e7a da matriz energ\u00e9tica do g\u00e1s natural para o hidrog\u00eanio, promovendo o desenvolvimento econ\u00f4mico e sustent\u00e1vel, acrescenta Ernesto Alejandro Oblitas Paredes da equipe Capit\u00e1n Victor Ustariz.<\/p>&nbsp;&nbsp;\n<p>Al\u00e9m da categoria de hidrog\u00eanio, os prot\u00f3tipos desenvolvidos por estudantes do Brasil e da Am\u00e9rica Latina v\u00e3o concorrer nas categorias Combust\u00e3o Interna (etanol e gasolina) e Bateria El\u00e9trica. Nesta edi\u00e7\u00e3o, 66% dos prot\u00f3tipos concorrem na categoria Bateria El\u00e9trica, mais que o dobro do n\u00famero de ve\u00edculos da categoria Combust\u00e3o Interna. A expectativa \u00e9 que a competi\u00e7\u00e3o traga uma s\u00e9rie de tecnologias inovadoras que podem impulsionar a mobilidade sustent\u00e1vel e oferecer novas op\u00e7\u00f5es para o mercado.<\/p>&nbsp;&nbsp;\n<p>&#8220;As tecnologias desenvolvidas na Shell Eco-marathon podem levar a ve\u00edculos mais eficientes em termos energ\u00e9ticos, com emiss\u00f5es de carbono reduzidas e menor consumo de recursos. Estes avan\u00e7os tamb\u00e9m contribuem para o desenvolvimento de ve\u00edculos el\u00e9tricos e movidos a hidrog\u00eanio que t\u00eam autonomias mais longas e tempos de reabastecimento mais r\u00e1pidos, tornando o transporte sustent\u00e1vel mais pr\u00e1tico e atrativo. Al\u00e9m disso, os estudantes que participam na Shell Eco-marathon desenvolvem compet\u00eancias pr\u00e1ticas e conhecimentos que os ajudar\u00e3o no futuro a resolver novos desafios energ\u00e9ticos para o setor da mobilidade e em outras \u00e1reas, destaca Norman Koch, l\u00edder de Opera\u00e7\u00f5es de Marca da Shell<\/p>\n<p><strong>Sobre a Shell Eco-marathon <\/strong><\/p>\n<p>\u00c9 a competi\u00e7\u00e3o global da Shell que convoca estudantes universit\u00e1rios para projetar, construir e operar prot\u00f3tipos de ve\u00edculos com maior efici\u00eancia energ\u00e9tica do mundo. Ao longo dos \u00faltimos 35 anos, o programa tem dado vida \u00e0 miss\u00e3o da Shell de impulsionar o progresso, fornecendo mais solu\u00e7\u00f5es energ\u00e9ticas mais limpas. Tudo em nome da colabora\u00e7\u00e3o e da inova\u00e7\u00e3o, \u00e0 medida que as ideias dos estudantes ajudam a moldar um futuro com menos emiss\u00f5es de carbono. Na 6\u00aa edi\u00e7\u00e3o brasileira, a competi\u00e7\u00e3o ter\u00e1 tr\u00eas categorias de energia: Combust\u00e3o Interna (gasolina e etanol), Bateria El\u00e9trica e Hidrog\u00eanio, categoria de estreia na competi\u00e7\u00e3o.\u00a0 Para serem avaliados, os ve\u00edculos passam por inspe\u00e7\u00e3o t\u00e9cnica e devem percorrer um circuito com o m\u00ednimo de combust\u00edvel poss\u00edvel. A equipe vencedora ser\u00e1 a que fizer a maior dist\u00e2ncia com a menor quantidade de energia. Neste ano, a competi\u00e7\u00e3o vai reunir cerca de 500 estudantes de v\u00e1rias regi\u00f5es do Brasil e de pa\u00edses como Bol\u00edvia, Col\u00f4mbia, M\u00e9xico e Peru.<\/p>&nbsp;&nbsp;\n<p>Na edi\u00e7\u00e3o de 2022, a equipe Pato a Jato, da Universidade Tecnol\u00f3gica Federal do Paran\u00e1 (UTFPR), unidade de Pato Branco, se consagrou tetracampe\u00e3 na categoria de Combust\u00e3o Interna, com o resultado de 619 km\/litro de etanol.\u00a0 Na categoria de Bateria El\u00e9trica, o campeonato premiou a equipe Milhagem, da Universidade Federal de Minas Gerais, que completou o circuito com uma efici\u00eancia energ\u00e9tica de 312 km\/kWh.<\/p>&nbsp;&nbsp;\n<p><strong>Sobre a Shell Brasil<\/strong><\/p>\n<p>H\u00e1 110 anos no pa\u00eds, a Shell \u00e9 uma empresa de energia integrada com participa\u00e7\u00e3o em <em>Upstream<\/em>, no Novo Mercado de G\u00e1s Natural, Trading, Pesquisa &amp; Desenvolvimento e no Desenvolvimento de Energias Renov\u00e1veis, com um neg\u00f3cio de comercializa\u00e7\u00e3o no mercado livre e produtos ambientais, a Shell Energy Brasil. Aqui, a distribui\u00e7\u00e3o de combust\u00edveis \u00e9 gerenciada pela joint-venture Ra\u00edzen, que recentemente adquiriu tamb\u00e9m o neg\u00f3cio de lubrificantes da Shell Brasil. A companhia trabalha para atender a\u0300 crescente demanda por energia de forma econ\u00f4mica, ambiental e socialmente respons\u00e1vel, avaliando tend\u00eancias e cen\u00e1rios para responder ao desafio do futuro da energia.<\/p>&nbsp;&nbsp;\n<p>&nbsp;<\/p>\n<p><strong>Para mais informa\u00e7\u00f5es:<\/strong><\/p>\n<p><strong>Assessoria de Imprensa Shell Brasil<\/strong><\/p>\n<p><strong>Edelman<\/strong><\/p>\n<p><a href=\"mailto:assessoria-shell@edelman.com\">assessoria-shell@edelman.com<\/a><\/p>\n<p>&nbsp;<\/p>\n<\/div>\n<\/div>\n<p>&nbsp;<\/p>\n<div style=\"border-top: 1px solid #D0D0DD;\">\n<pre style=\"font-size: 11pt; text-align: left; color: #635e5e; width: 50%; line-height: 25px;\">\r\n\u00a0\r\n\r\n<b style=\"color: #2f5597;\">Fernanda Romano<\/b> \r\ntel: +55 (11) 3066-7777 \r\n<b style=\"color: #2f5597;\">Edelman SP<\/b> | Rua Fradique Coutinho, 50, 12\u00ba andar \u2013 Pinheiros, SP\r\n<a href=\"https:\/\/www.edelman.com.br\/\" target=\"_blank\" rel=\"noopener\">www.edelman.com.br<\/a><\/pre>\n<\/div>\n<p><img decoding=\"async\" src=\"data:image\/gif;base64,R0lGODlhAQABAIAAAAAAAP\/\/\/ywAAAAAAQABAAACAUwAOw==\" fifu-lazy=\"1\" fifu-data-sizes=\"auto\" fifu-data-srcset=\"https:\/\/i2.wp.com\/click.pressmanager.net\/log_leitura_email?envio_id=1474934&did=1093140491&imglog=1&hash=e359e2f285e82c71b4c6054b3d5c2da7&ssl=1&w=75&resize=75&ssl=1 75w, https:\/\/i2.wp.com\/click.pressmanager.net\/log_leitura_email?envio_id=1474934&did=1093140491&imglog=1&hash=e359e2f285e82c71b4c6054b3d5c2da7&ssl=1&w=100&resize=100&ssl=1 100w, https:\/\/i2.wp.com\/click.pressmanager.net\/log_leitura_email?envio_id=1474934&did=1093140491&imglog=1&hash=e359e2f285e82c71b4c6054b3d5c2da7&ssl=1&w=150&resize=150&ssl=1 150w, https:\/\/i2.wp.com\/click.pressmanager.net\/log_leitura_email?envio_id=1474934&did=1093140491&imglog=1&hash=e359e2f285e82c71b4c6054b3d5c2da7&ssl=1&w=240&resize=240&ssl=1 240w, https:\/\/i2.wp.com\/click.pressmanager.net\/log_leitura_email?envio_id=1474934&did=1093140491&imglog=1&hash=e359e2f285e82c71b4c6054b3d5c2da7&ssl=1&w=320&resize=320&ssl=1 320w, https:\/\/i2.wp.com\/click.pressmanager.net\/log_leitura_email?envio_id=1474934&did=1093140491&imglog=1&hash=e359e2f285e82c71b4c6054b3d5c2da7&ssl=1&w=500&resize=500&ssl=1 500w, https:\/\/i2.wp.com\/click.pressmanager.net\/log_leitura_email?envio_id=1474934&did=1093140491&imglog=1&hash=e359e2f285e82c71b4c6054b3d5c2da7&ssl=1&w=640&resize=640&ssl=1 640w, https:\/\/i2.wp.com\/click.pressmanager.net\/log_leitura_email?envio_id=1474934&did=1093140491&imglog=1&hash=e359e2f285e82c71b4c6054b3d5c2da7&ssl=1&w=800&resize=800&ssl=1 800w, https:\/\/i2.wp.com\/click.pressmanager.net\/log_leitura_email?envio_id=1474934&did=1093140491&imglog=1&hash=e359e2f285e82c71b4c6054b3d5c2da7&ssl=1&w=1024&resize=1024&ssl=1 1024w, https:\/\/i2.wp.com\/click.pressmanager.net\/log_leitura_email?envio_id=1474934&did=1093140491&imglog=1&hash=e359e2f285e82c71b4c6054b3d5c2da7&ssl=1&w=1280&resize=1280&ssl=1 1280w, https:\/\/i2.wp.com\/click.pressmanager.net\/log_leitura_email?envio_id=1474934&did=1093140491&imglog=1&hash=e359e2f285e82c71b4c6054b3d5c2da7&ssl=1&w=1600&resize=1600&ssl=1 1600w\" fifu-data-src=\"https:\/\/i2.wp.com\/click.pressmanager.net\/log_leitura_email?envio_id=1474934&did=1093140491&imglog=1&hash=e359e2f285e82c71b4c6054b3d5c2da7&ssl=1\" alt=\"\" \/><\/p>\n<div style=\"clear: both; padding-top: 10px; text-align: center; width: 100%;\">\n<table style=\"border-collapse: separate; width: 100%;\" border=\"0\" width=\"100%\" cellspacing=\"0\" cellpadding=\"0\">\n<tbody>\n<tr>\n<td style=\"font-family: arial; vertical-align: top; font-size: 11px; line-height: 18px; color: #3f3f3f; text-align: center;\" align=\"center\" valign=\"top\">Destacado em:  <b>Comportamento, Educa\u00e7\u00e3o<\/b>.<\/p>&nbsp;&nbsp;\n<p>  <a style=\"color: #153643; text-decoration: underline;\" href=\"https:\/\/unsubscribe.pressmanager.net\/unsubscribe?did=1093140491&amp;dhash=e359e2f285e82c71b4c6054b3d5c2da7&amp;eid=1474934&amp;opcao=alterar_cadastro\" target=\"_blank\" rel=\"noopener\"> <\/a>   <a style=\"color: #153643; text-decoration: underline;\" href=\"https:\/\/unsubscribe.pressmanager.net\/unsubscribe?did=1093140491&amp;dhash=e359e2f285e82c71b4c6054b3d5c2da7&amp;eid=1474934&amp;opcao=relatar_erro_editorias\" target=\"_blank\" rel=\"noopener\"> .<\/a><\/p>\n<p><span style=\"font-size: 10px;\">  <a style=\"color: #153643; text-decoration: underline;\" href=\"https:\/\/unsubscribe.pressmanager.net\/unsubscribe?did=1093140491&amp;dhash=e359e2f285e82c71b4c6054b3d5c2da7&amp;eid=1474934&amp;opcao=descadastrar\" target=\"_blank\" rel=\"noopener\"> <\/a>.<\/span><\/td>\n<\/tr>\n<\/tbody>\n<\/table>\n<\/div>\n<\/div>\n<p>&nbsp;<\/p>\n<\/div>\n<\/div>\n","protected":false},"excerpt":{"rendered":"<p>Competi\u00e7\u00e3o acad\u00eamica vai premiar prot\u00f3tipos automotivos ultra eficientes no Pier Mau\u00e1 A 6\u00aa edi\u00e7\u00e3o brasileira&#8230;<\/p>\n","protected":false},"author":1,"featured_media":0,"comment_status":"closed","ping_status":"closed","sticky":false,"template":"","format":"standard","meta":{"fifu_image_url":"","fifu_image_alt":"","footnotes":""},"categories":[727],"tags":[58,12885],"class_list":["post-107205","post","type-post","status-publish","format-standard","hentry","category-noticias","tag-noticias","tag-verdeamarelo","wpcat-727-id"],"_links":{"self":[{"href":"https:\/\/verde-amarelo.net\/verdeamarelo\/wp-json\/wp\/v2\/posts\/107205","targetHints":{"allow":["GET"]}}],"collection":[{"href":"https:\/\/verde-amarelo.net\/verdeamarelo\/wp-json\/wp\/v2\/posts"}],"about":[{"href":"https:\/\/verde-amarelo.net\/verdeamarelo\/wp-json\/wp\/v2\/types\/post"}],"author":[{"embeddable":true,"href":"https:\/\/verde-amarelo.net\/verdeamarelo\/wp-json\/wp\/v2\/users\/1"}],"replies":[{"embeddable":true,"href":"https:\/\/verde-amarelo.net\/verdeamarelo\/wp-json\/wp\/v2\/comments?post=107205"}],"version-history":[{"count":0,"href":"https:\/\/verde-amarelo.net\/verdeamarelo\/wp-json\/wp\/v2\/posts\/107205\/revisions"}],"wp:attachment":[{"href":"https:\/\/verde-amarelo.net\/verdeamarelo\/wp-json\/wp\/v2\/media?parent=107205"}],"wp:term":[{"taxonomy":"category","embeddable":true,"href":"https:\/\/verde-amarelo.net\/verdeamarelo\/wp-json\/wp\/v2\/categories?post=107205"},{"taxonomy":"post_tag","embeddable":true,"href":"https:\/\/verde-amarelo.net\/verdeamarelo\/wp-json\/wp\/v2\/tags?post=107205"}],"curies":[{"name":"wp","href":"https:\/\/api.w.org\/{rel}","templated":true}]}}