{"id":107207,"date":"2023-08-30T16:14:03","date_gmt":"2023-08-30T19:14:03","guid":{"rendered":"https:\/\/verde-amarelo.net\/verdeamarelo\/?p=107207"},"modified":"2023-08-30T20:42:56","modified_gmt":"2023-08-30T23:42:56","slug":"espm-promove-tres-abertas-remotas-e-gratuitas-para-o-mes-de-setembro","status":"publish","type":"post","link":"https:\/\/verde-amarelo.net\/verdeamarelo\/2023\/08\/espm-promove-tres-abertas-remotas-e-gratuitas-para-o-mes-de-setembro\/","title":{"rendered":"ESPM promove tr\u00eas abertas remotas e gratuitas para o m\u00eas de setembro"},"content":{"rendered":"<div class=\"postie-post\">\n<div>\n<p>&nbsp;<\/p>\n<div style=\"font-family: Arial; font-size: 10pt;\">\n<p><img decoding=\"async\" src=\"data:image\/gif;base64,R0lGODlhAQABAIAAAAAAAP\/\/\/ywAAAAAAQABAAACAUwAOw==\" fifu-lazy=\"1\" fifu-data-sizes=\"auto\" fifu-data-srcset=\"https:\/\/i0.wp.com\/files.pressmanager.net\/clientes\/c70a92f0abb0a029940c88856fa030b8\/imagens\/2022\/12\/15\/6efaef4d9db4d9167c2c6619bed6de4a.png?ssl=1&w=75&resize=75&ssl=1 75w, https:\/\/i0.wp.com\/files.pressmanager.net\/clientes\/c70a92f0abb0a029940c88856fa030b8\/imagens\/2022\/12\/15\/6efaef4d9db4d9167c2c6619bed6de4a.png?ssl=1&w=100&resize=100&ssl=1 100w, https:\/\/i0.wp.com\/files.pressmanager.net\/clientes\/c70a92f0abb0a029940c88856fa030b8\/imagens\/2022\/12\/15\/6efaef4d9db4d9167c2c6619bed6de4a.png?ssl=1&w=150&resize=150&ssl=1 150w, https:\/\/i0.wp.com\/files.pressmanager.net\/clientes\/c70a92f0abb0a029940c88856fa030b8\/imagens\/2022\/12\/15\/6efaef4d9db4d9167c2c6619bed6de4a.png?ssl=1&w=240&resize=240&ssl=1 240w, https:\/\/i0.wp.com\/files.pressmanager.net\/clientes\/c70a92f0abb0a029940c88856fa030b8\/imagens\/2022\/12\/15\/6efaef4d9db4d9167c2c6619bed6de4a.png?ssl=1&w=320&resize=320&ssl=1 320w, https:\/\/i0.wp.com\/files.pressmanager.net\/clientes\/c70a92f0abb0a029940c88856fa030b8\/imagens\/2022\/12\/15\/6efaef4d9db4d9167c2c6619bed6de4a.png?ssl=1&w=500&resize=500&ssl=1 500w, https:\/\/i0.wp.com\/files.pressmanager.net\/clientes\/c70a92f0abb0a029940c88856fa030b8\/imagens\/2022\/12\/15\/6efaef4d9db4d9167c2c6619bed6de4a.png?ssl=1&w=640&resize=640&ssl=1 640w, https:\/\/i0.wp.com\/files.pressmanager.net\/clientes\/c70a92f0abb0a029940c88856fa030b8\/imagens\/2022\/12\/15\/6efaef4d9db4d9167c2c6619bed6de4a.png?ssl=1&w=800&resize=800&ssl=1 800w, https:\/\/i0.wp.com\/files.pressmanager.net\/clientes\/c70a92f0abb0a029940c88856fa030b8\/imagens\/2022\/12\/15\/6efaef4d9db4d9167c2c6619bed6de4a.png?ssl=1&w=1024&resize=1024&ssl=1 1024w, https:\/\/i0.wp.com\/files.pressmanager.net\/clientes\/c70a92f0abb0a029940c88856fa030b8\/imagens\/2022\/12\/15\/6efaef4d9db4d9167c2c6619bed6de4a.png?ssl=1&w=1280&resize=1280&ssl=1 1280w, https:\/\/i0.wp.com\/files.pressmanager.net\/clientes\/c70a92f0abb0a029940c88856fa030b8\/imagens\/2022\/12\/15\/6efaef4d9db4d9167c2c6619bed6de4a.png?ssl=1&w=1600&resize=1600&ssl=1 1600w\" fifu-data-src=\"https:\/\/i0.wp.com\/files.pressmanager.net\/clientes\/c70a92f0abb0a029940c88856fa030b8\/imagens\/2022\/12\/15\/6efaef4d9db4d9167c2c6619bed6de4a.png?ssl=1\" alt=\"ESPM \" \/><\/p>\n<div style=\"text-align: left;\">\n<p style=\"font-size: 14pt; font-weight: bold; text-align: center;\">\n<p style=\"font-size: 12pt; text-align: center;\"><i>Estrat\u00e9gias de branded content utilizadas para a divulga\u00e7\u00e3o do filme da Barbie est\u00e1 entre as aulas oferecidas<\/i><\/p>\n<div style=\"text-align: justify; font-size: 11pt;\">\n<p><strong>S\u00e3o Paulo, 30 de agosto de 2023.<\/strong><span style=\"font-weight: 400;\"> A ESPM, escola de neg\u00f3cios inovadora, refer\u00eancia brasileira no ensino superior nas \u00e1reas de Comunica\u00e7\u00e3o, Marketing, Consumo, Administra\u00e7\u00e3o, Economia Criativa e Tecnologia, lan\u00e7ar\u00e1, nos dias 13 e 14 de setembro, aulas abertas inaugurais, de forma online e gratuita, para os interessados nestes temas.<\/span><\/p>\n<p><span style=\"font-weight: 400;\">As aulas abordar\u00e3o assuntos como: estrat\u00e9gias de branded content utilizadas para a divulga\u00e7\u00e3o do filme da Barbie, intelig\u00eancia artificial e data science na intelig\u00eancia de mercado, e quais s\u00e3o as perspectivas dentro do campo do UX Design. Os interessados podem fazer a inscri\u00e7\u00e3o no site da institui\u00e7\u00e3o, gratuitamente.<\/span><\/p>\n<p>&nbsp;<\/p>\n<p><span style=\"font-weight: 400;\">Confira a programa\u00e7\u00e3o:<\/span><\/p>\n<p>&nbsp;<\/p>\n<p><strong>&#8211; Aula Aberta: Barbie, o filme: A estrat\u00e9gia de branded content para o reposicionamento de imagem e marca Mattel<\/strong><\/p>\n<p><span style=\"font-weight: 400;\">Data: 13\/09\/2023<\/span><\/p>\n<p><span style=\"font-weight: 400;\">Hor\u00e1rio: Das 19h \u00e0s 21h40<\/span><\/p>\n<p><span style=\"font-weight: 400;\">Descri\u00e7\u00e3o: Debate sobre estrat\u00e9gias de branded content para o reposicionamento da marca, com uso da t\u00e9cnica de storytelling para a abordagem das mudan\u00e7as do papel feminino na sociedade.\u00a0<\/span><\/p>\n<p><span style=\"font-weight: 400;\">Modalidade: Online<\/span><\/p>\n<p><a href=\"https:\/\/www.espm.br\/eventos\/pos-graduacao-eventos\/aula-aberta-barbie-o-filme\/\"><span style=\"font-weight: 400;\">Inscreva-se aqui<\/span><\/a><\/p>\n<p>&nbsp;<\/p>\n<p><strong>&#8211; Aula Aberta: Intelig\u00eancia artificial e data science aplicados \u00e0 intelig\u00eancia de mercado<\/strong><\/p>\n<p><span style=\"font-weight: 400;\">Data: 14\/09\/2023<\/span><\/p>\n<p><span style=\"font-weight: 400;\">Hor\u00e1rio: Das 19h \u00e0s 21h40<\/span><\/p>\n<p><span style=\"font-weight: 400;\">Descri\u00e7\u00e3o: Apresenta\u00e7\u00e3o do papel essencial da ci\u00eancia de dados no contexto dos neg\u00f3cios e do marketing.<\/span><\/p>\n<p><span style=\"font-weight: 400;\">Modalidade: Online<\/span><\/p>\n<p><a href=\"https:\/\/www.espm.br\/eventos\/pos-graduacao-eventos\/aula-aberta-inteligencia-artificial-e-data-science-aplicados-a-inteligencia-de-mercado\/\"><span style=\"font-weight: 400;\">Inscreva-se aqui<\/span><\/a><\/p>\n<p>&nbsp;<\/p>\n<p><strong>&#8211; Aula Aberta: perspectivas no campo do UX Design<\/strong><\/p>\n<p><span style=\"font-weight: 400;\">Data: 14\/09\/2023\u00a0<\/span><\/p>\n<p><span style=\"font-weight: 400;\">Hor\u00e1rio: Das 19h \u00e0s 21h40<\/span><\/p>\n<p><span style=\"font-weight: 400;\">Descri\u00e7\u00e3o: Discuss\u00e3o da forma\u00e7\u00e3o profissional de um UX designer nas perspectivas de tend\u00eancias e desafios do mercado, ferramentas, m\u00e9todos e t\u00e9cnicas.<\/span><\/p>\n<p><span style=\"font-weight: 400;\">Modalidade: Online<\/span><\/p>\n<p><a href=\"https:\/\/www.espm.br\/eventos\/pos-graduacao-eventos\/aula-aberta-perspectivas-no-campo-do-ux-design\/\"><span style=\"font-weight: 400;\">Inscreva-se aqui<\/span><\/a><\/p>\n<p>&nbsp;<\/p>\n<\/div>\n<\/div>\n<h6 style=\"font-size: 11pt; border-top: 1px solid #D0D0DD; text-align: center;\">\n<p><b>Gislaine Felipe<\/b><br \/>\n<a href=\"mailto:gislaine.felipe@novapr.com.br\">gislaine.felipe@novapr.com.br<\/a><br \/>\n(11) 95359-1299<\/h6>\n<p><img decoding=\"async\" src=\"data:image\/gif;base64,R0lGODlhAQABAIAAAAAAAP\/\/\/ywAAAAAAQABAAACAUwAOw==\" fifu-lazy=\"1\" fifu-data-sizes=\"auto\" fifu-data-srcset=\"https:\/\/i1.wp.com\/click.pressmanager.net\/log_leitura_email?envio_id=1474944&did=1093150149&imglog=1&hash=48192d8e071b28713b9e7063b4e53244&ssl=1&w=75&resize=75&ssl=1 75w, https:\/\/i1.wp.com\/click.pressmanager.net\/log_leitura_email?envio_id=1474944&did=1093150149&imglog=1&hash=48192d8e071b28713b9e7063b4e53244&ssl=1&w=100&resize=100&ssl=1 100w, https:\/\/i1.wp.com\/click.pressmanager.net\/log_leitura_email?envio_id=1474944&did=1093150149&imglog=1&hash=48192d8e071b28713b9e7063b4e53244&ssl=1&w=150&resize=150&ssl=1 150w, https:\/\/i1.wp.com\/click.pressmanager.net\/log_leitura_email?envio_id=1474944&did=1093150149&imglog=1&hash=48192d8e071b28713b9e7063b4e53244&ssl=1&w=240&resize=240&ssl=1 240w, https:\/\/i1.wp.com\/click.pressmanager.net\/log_leitura_email?envio_id=1474944&did=1093150149&imglog=1&hash=48192d8e071b28713b9e7063b4e53244&ssl=1&w=320&resize=320&ssl=1 320w, https:\/\/i1.wp.com\/click.pressmanager.net\/log_leitura_email?envio_id=1474944&did=1093150149&imglog=1&hash=48192d8e071b28713b9e7063b4e53244&ssl=1&w=500&resize=500&ssl=1 500w, https:\/\/i1.wp.com\/click.pressmanager.net\/log_leitura_email?envio_id=1474944&did=1093150149&imglog=1&hash=48192d8e071b28713b9e7063b4e53244&ssl=1&w=640&resize=640&ssl=1 640w, https:\/\/i1.wp.com\/click.pressmanager.net\/log_leitura_email?envio_id=1474944&did=1093150149&imglog=1&hash=48192d8e071b28713b9e7063b4e53244&ssl=1&w=800&resize=800&ssl=1 800w, https:\/\/i1.wp.com\/click.pressmanager.net\/log_leitura_email?envio_id=1474944&did=1093150149&imglog=1&hash=48192d8e071b28713b9e7063b4e53244&ssl=1&w=1024&resize=1024&ssl=1 1024w, https:\/\/i1.wp.com\/click.pressmanager.net\/log_leitura_email?envio_id=1474944&did=1093150149&imglog=1&hash=48192d8e071b28713b9e7063b4e53244&ssl=1&w=1280&resize=1280&ssl=1 1280w, https:\/\/i1.wp.com\/click.pressmanager.net\/log_leitura_email?envio_id=1474944&did=1093150149&imglog=1&hash=48192d8e071b28713b9e7063b4e53244&ssl=1&w=1600&resize=1600&ssl=1 1600w\" fifu-data-src=\"https:\/\/i1.wp.com\/click.pressmanager.net\/log_leitura_email?envio_id=1474944&did=1093150149&imglog=1&hash=48192d8e071b28713b9e7063b4e53244&ssl=1\" alt=\"\" \/><\/p>\n<div style=\"clear: both; padding-top: 10px; text-align: center; width: 100%;\">\n<table style=\"border-collapse: separate; width: 100%;\" border=\"0\" width=\"100%\" cellspacing=\"0\" cellpadding=\"0\">\n<tbody>\n<tr>\n<td style=\"font-family: arial; vertical-align: top; font-size: 11px; line-height: 18px; color: #3f3f3f; text-align: center;\" align=\"center\" valign=\"top\">Destacado em:  <b>Comportamento, Educa\u00e7\u00e3o, Marketing, Sociedade<\/b>.<\/p>&nbsp;&nbsp;\n<p>  <a style=\"color: #153643; text-decoration: underline;\" href=\"https:\/\/unsubscribe.pressmanager.net\/unsubscribe?did=1093150149&amp;dhash=48192d8e071b28713b9e7063b4e53244&amp;eid=1474944&amp;opcao=alterar_cadastro\" target=\"_blank\" rel=\"noopener\"> <\/a>   <a style=\"color: #153643; text-decoration: underline;\" href=\"https:\/\/unsubscribe.pressmanager.net\/unsubscribe?did=1093150149&amp;dhash=48192d8e071b28713b9e7063b4e53244&amp;eid=1474944&amp;opcao=relatar_erro_editorias\" target=\"_blank\" rel=\"noopener\"> .<\/a><\/p>\n<p><span style=\"font-size: 10px;\">  <a style=\"color: #153643; text-decoration: underline;\" href=\"https:\/\/unsubscribe.pressmanager.net\/unsubscribe?did=1093150149&amp;dhash=48192d8e071b28713b9e7063b4e53244&amp;eid=1474944&amp;opcao=descadastrar\" target=\"_blank\" rel=\"noopener\"> <\/a>.<\/span><\/td>\n<\/tr>\n<\/tbody>\n<\/table>\n<\/div>\n<\/div>\n<p>&nbsp;<\/p>\n<\/div>\n<\/div>\n","protected":false},"excerpt":{"rendered":"<p>&nbsp; Estrat\u00e9gias de branded content utilizadas para a divulga\u00e7\u00e3o do filme da Barbie est\u00e1 entre&#8230;<\/p>\n","protected":false},"author":1,"featured_media":0,"comment_status":"closed","ping_status":"closed","sticky":false,"template":"","format":"standard","meta":{"fifu_image_url":"","fifu_image_alt":"","footnotes":""},"categories":[727],"tags":[58,12885],"class_list":["post-107207","post","type-post","status-publish","format-standard","hentry","category-noticias","tag-noticias","tag-verdeamarelo","wpcat-727-id"],"_links":{"self":[{"href":"https:\/\/verde-amarelo.net\/verdeamarelo\/wp-json\/wp\/v2\/posts\/107207","targetHints":{"allow":["GET"]}}],"collection":[{"href":"https:\/\/verde-amarelo.net\/verdeamarelo\/wp-json\/wp\/v2\/posts"}],"about":[{"href":"https:\/\/verde-amarelo.net\/verdeamarelo\/wp-json\/wp\/v2\/types\/post"}],"author":[{"embeddable":true,"href":"https:\/\/verde-amarelo.net\/verdeamarelo\/wp-json\/wp\/v2\/users\/1"}],"replies":[{"embeddable":true,"href":"https:\/\/verde-amarelo.net\/verdeamarelo\/wp-json\/wp\/v2\/comments?post=107207"}],"version-history":[{"count":0,"href":"https:\/\/verde-amarelo.net\/verdeamarelo\/wp-json\/wp\/v2\/posts\/107207\/revisions"}],"wp:attachment":[{"href":"https:\/\/verde-amarelo.net\/verdeamarelo\/wp-json\/wp\/v2\/media?parent=107207"}],"wp:term":[{"taxonomy":"category","embeddable":true,"href":"https:\/\/verde-amarelo.net\/verdeamarelo\/wp-json\/wp\/v2\/categories?post=107207"},{"taxonomy":"post_tag","embeddable":true,"href":"https:\/\/verde-amarelo.net\/verdeamarelo\/wp-json\/wp\/v2\/tags?post=107207"}],"curies":[{"name":"wp","href":"https:\/\/api.w.org\/{rel}","templated":true}]}}