{"id":108806,"date":"2023-09-07T13:40:50","date_gmt":"2023-09-07T16:40:50","guid":{"rendered":"https:\/\/verde-amarelo.net\/verdeamarelo\/?p=108806"},"modified":"2023-09-07T18:00:44","modified_gmt":"2023-09-07T21:00:44","slug":"feira-das-ideias-promove-empreendedorismo-e-artes-no-shopping-vila-olimpia","status":"publish","type":"post","link":"https:\/\/verde-amarelo.net\/verdeamarelo\/2023\/09\/feira-das-ideias-promove-empreendedorismo-e-artes-no-shopping-vila-olimpia\/","title":{"rendered":"Feira das Ideias promove empreendedorismo e artes no Shopping Vila Ol\u00edmpia"},"content":{"rendered":"<div>\n<div>\n<p>&nbsp;<\/p>\n<div>\n<div>\n<p>&nbsp;<\/p>\n<h2><em>Voltado para todas as idades, com entrada gratuita, pet friendly, ser\u00e3o dos dias com a miss\u00e3o de gerar oportunidades de neg\u00f3cios, encontros e conectar ideias<\/em><\/h2>\n<div>\n<p>&nbsp;<\/p>\n<p>&nbsp;<\/p>\n<p>&nbsp;<\/p>\n<p>&nbsp;<\/p>\n<p>Voltado para todas as idades, com entrada gratuita, <a href=\"https:\/\/www.awin1.com\/cread.php?awinmid=17870&amp;awinaffid=690303\" target=\"_blank\" rel=\"noopener\">pet friendly<\/a>, ser\u00e3o dos dias com a miss\u00e3o de gerar oportunidades de neg\u00f3cios, encontros e conectar ideias<\/p>\n<p>Acontece em 16 e 17 de setembro, das 11h \u00e0s 20h, no Terra\u00e7o do Shopping Vila Ol\u00edmpia, a Feira das Ideias. Com entrada gratuita e voltada para todas as idades, a Feira das Ideias tem a miss\u00e3o de reunir pequenos empreendedores e artistas independentes com o objetivo de gerar oportunidades de neg\u00f3cios, encontros e conectar ideias.<\/p>&nbsp;&nbsp;\n<p>Com a participa\u00e7\u00e3o de 40 expositores de gastronomia, emp\u00f3rio, moda, acess\u00f3rios, autocuidado e bem-estar, jardinagem, <a href=\"https:\/\/www.awin1.com\/cread.php?awinmid=17727&amp;awinaffid=690303\" target=\"_blank\" rel=\"noopener\">decora\u00e7\u00e3o<\/a> e produtos hol\u00edsticos, a Feira das Ideias traz em sua programa\u00e7\u00e3o duas oficinas gratuitas: de Kokedama com Rian da Kokedama Xique Xique, que \u00e9 voltada para iniciantes que pretendem conhecer sobre o mundo das kokedamas e ser\u00e1 no s\u00e1bado \u00e0s 15h; e\u00a0 outra de t\u00e9cnicas b\u00e1sicas de macram\u00ea com Marcela da Est\u00fadio <a href=\"https:\/\/www.awin1.com\/cread.php?awinmid=40914&amp;awinaffid=690303\" target=\"_blank\" rel=\"noopener\">Fibra<\/a>, que consistir\u00e1 em ensinar o passo a passo para fazer um lindo chaveiro todo em macram\u00ea no domingo, \u00e0s 15h. Crian\u00e7as podem participar desde que acompanhadas por um adulto respons\u00e1vel. Todo material ser\u00e1 fornecido pelo evento e os objetos realizados poder\u00e3o ser levados embora como recorda\u00e7\u00e3o.<\/p>&nbsp;&nbsp;\n<p>Para participar das oficinas basta realizar inscri\u00e7\u00e3o pr\u00e9via pelo Instagram da <a href=\"https:\/\/www.instagram.com\/feiradasideias\/\">Feira das Ideias<\/a>.<\/p>&nbsp;&nbsp;\n<p>Shows gr\u00e1tis e ao vivo na programa\u00e7\u00e3o<\/p>\n<p>Durante os dois dias da Feira das Ideias no <a href=\"https:\/\/e-compare.com.br\/wp\/\" target=\"_blank\" rel=\"noopener\">Shopping<\/a> Vila Ol\u00edmpia, \u00e0s 16h, os visitantes poder\u00e3o se divertir com shows da Nalla, uma cantora de rua, compositora e modelo, nascida no Paran\u00e1, que veio para S\u00e3o Paulo em 2015 com o sonho de procurar novas e melhores oportunidades no ramo da m\u00fasica na cidade &#8220;onde tudo acontece&#8221;.<\/p>&nbsp;&nbsp;\n<p>Sendo assim, ela j\u00e1 soma sete anos tendo a Avenida Paulista como seu palco, onde ela performa suas m\u00fasicas, um mix de can\u00e7\u00f5es originais e covers que misturam a m\u00fasica pop com a batida do reggae, com cantoras de refer\u00eancia tais como Rihanna, Amy Whinehouse, Erika Badu entre outras.<\/p>&nbsp;&nbsp;\n<p>Sobre a Feira das Ideias<\/p>\n<p>Promovida pelos s\u00f3cios Rara, Felipe e Ricardo, a primeira edi\u00e7\u00e3o da Feira das Ideias foi em 2018, ou seja, h\u00e1 cinco anos que s\u00e3o priorizadas a confian\u00e7a na capacidade dos profissionais criativos no que diz respeito \u00e0\u00a0intensifica\u00e7\u00e3o de oportunidades de neg\u00f3cios. &#8220;Unidos pelo sonho de conectar pessoas e prosperar neg\u00f3cios, acreditamos no poder do colaborativismo!&#8221;, afirmam os s\u00f3cios. &#8220;J\u00e1 s\u00e3o mais de 300 pequenos neg\u00f3cios e artistas impactados&#8221;, complementam. &#8220;Nosso plano \u00e9 realizar cada vez mais edi\u00e7\u00f5es que conectem o m\u00e1ximo de pessoas com muita\u00a0criatividade e um novo olhar para um consumo mais consciente&#8221;.<\/p>&nbsp;&nbsp;\n<p>Mais informa\u00e7\u00f5es sobre a Feira das Ideias no Shopping Vila Ol\u00edmpia e inscri\u00e7\u00f5es pr\u00e9vias das oficinas podem ser feitas pela p\u00e1gina oficial do Instagram <a href=\"https:\/\/www.instagram.com\/feiradasideias\/\">https:\/\/www.instagram.com\/feiradasideias\/<\/a><\/p>\n<p>O Shopping Vila Ol\u00edmpia est\u00e1 na R. Olimp\u00edadas, 360 &#8211; Vila Ol\u00edmpia, S\u00e3o Paulo \u2013 Terra\u00e7o \u2013 3\u00ba piso.<\/p>&nbsp;&nbsp;\n<p>Sobre o Shopping Vila Ol\u00edmpia: Inaugurado em novembro de 2009, o Shopping Vila Ol\u00edmpia possui 191 lojas, um piso todo dedicado \u00e0 alimenta\u00e7\u00e3o, boliche com as 12 pistas mais modernas do Pa\u00eds e sete salas de <a target=\"_blank\"  href=\"https:\/\/www.vigilanterodoviario.com.br\/retro\/\"><a href=\"https:\/\/www.vigilanterodoviario.com.br\/retro\/\" target=\"_blank\" rel=\"noopener\">cinema<\/a><\/a> Kinoplex, entre elas as duas primeiras salas Platinum do grupo Severiano Ribeiro. Desde 2014, o empreendimento tamb\u00e9m conta com o Teatro Claro, resultado da parceria da Brain Mais e a CLARO, que re\u00fane conforto e tecnologia, com 2.300 m\u00b2, capacidade de 799 lugares e estrutura para receber grandes espet\u00e1culos. O Shopping Vila Ol\u00edmpia \u00e9 uma op\u00e7\u00e3o para os consumidores das regi\u00f5es que compreendem sua \u00e1rea de abrang\u00eancia, tanto aqueles provenientes dos edif\u00edcios comerciais, como os moradores do entorno. Possui um mix de lojas variado, que alia marcas como Osklen, Clube Melissa, Richards, VR, Daiso, <a href=\"https:\/\/www.awin1.com\/cread.php?awinmid=17801&amp;awinaffid=690303\" target=\"_blank\" rel=\"noopener\">Renner<\/a> e Riachuelo; uma forte oferta de servi\u00e7os, est\u00e9tica e beleza, assim como diversas op\u00e7\u00f5es de gastronomia, com destaque para Madero, Outback, Pecorino, Coco Bambu Conceito, Casa Porte\u00f1a, Abbraccio, e novidades como a 1\u00aa opera\u00e7\u00e3o do Del\u00edrio Tropical em SP, Cacau Show e o Restaurante Macaxeira.<\/p>&nbsp;&nbsp;\n<p>&nbsp;<\/p>\n<p>Servi\u00e7o Feira das Ideias no Shopping Vila Ol\u00edmpia<\/p>\n<p>Data: 16 e 17 de setembro, s\u00e1bado e domingo<\/p>\n<p>Hor\u00e1rio: 11h \u00e0s 20h<\/p>\n<p>Local: Shopping Vila Ol\u00edmpia &#8211; Terra\u00e7o \u2013 3\u00ba piso<\/p>\n<p>Endere\u00e7o: R. Olimp\u00edadas, 360 &#8211; Vila Ol\u00edmpia, S\u00e3o Paulo CEP: 04551-000.<\/p>&nbsp;&nbsp;\n<p>Inscri\u00e7\u00f5es pr\u00e9vias para oficinas e mais informa\u00e7\u00f5es: <a href=\"https:\/\/www.instagram.com\/feiradasideias\/\">https:\/\/www.instagram.com\/feiradasideias\/<\/a><\/p>\n<\/div>\n<\/div>\n<p>&nbsp;<\/p>\n<hr \/>\n<table border=\"0\">\n<tbody>\n<tr>\n<td>\n<h6><a href=\"https:\/\/imagens.pressmanager.net\/download?foto_id=4510378&amp;release_id=528853&amp;did=1097803196&amp;envio_id=1480190&amp;hash=34d6b9ee2888bca7504a4a2c03a68994\"><img decoding=\"async\" src=\"data:image\/gif;base64,R0lGODlhAQABAIAAAAAAAP\/\/\/ywAAAAAAQABAAACAUwAOw==\" fifu-lazy=\"1\" fifu-data-sizes=\"auto\" fifu-data-srcset=\"https:\/\/i1.wp.com\/files.pressmanager.net\/clientes\/ca2e598594b6e571db8a4909166f3687\/imagens\/2023\/09\/06\/366963854ea40997eaaef3626dada369_small.jpg?ssl=1&w=75&resize=75&ssl=1 75w, https:\/\/i1.wp.com\/files.pressmanager.net\/clientes\/ca2e598594b6e571db8a4909166f3687\/imagens\/2023\/09\/06\/366963854ea40997eaaef3626dada369_small.jpg?ssl=1&w=100&resize=100&ssl=1 100w, https:\/\/i1.wp.com\/files.pressmanager.net\/clientes\/ca2e598594b6e571db8a4909166f3687\/imagens\/2023\/09\/06\/366963854ea40997eaaef3626dada369_small.jpg?ssl=1&w=150&resize=150&ssl=1 150w, https:\/\/i1.wp.com\/files.pressmanager.net\/clientes\/ca2e598594b6e571db8a4909166f3687\/imagens\/2023\/09\/06\/366963854ea40997eaaef3626dada369_small.jpg?ssl=1&w=240&resize=240&ssl=1 240w, https:\/\/i1.wp.com\/files.pressmanager.net\/clientes\/ca2e598594b6e571db8a4909166f3687\/imagens\/2023\/09\/06\/366963854ea40997eaaef3626dada369_small.jpg?ssl=1&w=320&resize=320&ssl=1 320w, https:\/\/i1.wp.com\/files.pressmanager.net\/clientes\/ca2e598594b6e571db8a4909166f3687\/imagens\/2023\/09\/06\/366963854ea40997eaaef3626dada369_small.jpg?ssl=1&w=500&resize=500&ssl=1 500w, https:\/\/i1.wp.com\/files.pressmanager.net\/clientes\/ca2e598594b6e571db8a4909166f3687\/imagens\/2023\/09\/06\/366963854ea40997eaaef3626dada369_small.jpg?ssl=1&w=640&resize=640&ssl=1 640w, https:\/\/i1.wp.com\/files.pressmanager.net\/clientes\/ca2e598594b6e571db8a4909166f3687\/imagens\/2023\/09\/06\/366963854ea40997eaaef3626dada369_small.jpg?ssl=1&w=800&resize=800&ssl=1 800w, https:\/\/i1.wp.com\/files.pressmanager.net\/clientes\/ca2e598594b6e571db8a4909166f3687\/imagens\/2023\/09\/06\/366963854ea40997eaaef3626dada369_small.jpg?ssl=1&w=1024&resize=1024&ssl=1 1024w, https:\/\/i1.wp.com\/files.pressmanager.net\/clientes\/ca2e598594b6e571db8a4909166f3687\/imagens\/2023\/09\/06\/366963854ea40997eaaef3626dada369_small.jpg?ssl=1&w=1280&resize=1280&ssl=1 1280w, https:\/\/i1.wp.com\/files.pressmanager.net\/clientes\/ca2e598594b6e571db8a4909166f3687\/imagens\/2023\/09\/06\/366963854ea40997eaaef3626dada369_small.jpg?ssl=1&w=1600&resize=1600&ssl=1 1600w\" fifu-data-src=\"https:\/\/i1.wp.com\/files.pressmanager.net\/clientes\/ca2e598594b6e571db8a4909166f3687\/imagens\/2023\/09\/06\/366963854ea40997eaaef3626dada369_small.jpg?ssl=1\" border=\"0\" vspace=\"2\" \/><\/a><\/h6>\n<p>Feira das Ideias no Shopping Vila Ol\u00edmpia<br \/>\nCamila Rocha &#8211; Criola Fotografia<\/td>\n<\/tr>\n<tr>\n<td><a href=\"https:\/\/imagens.pressmanager.net\/download?foto_id=4510380&amp;release_id=528853&amp;did=1097803196&amp;envio_id=1480190&amp;hash=34d6b9ee2888bca7504a4a2c03a68994\"><img decoding=\"async\" src=\"data:image\/gif;base64,R0lGODlhAQABAIAAAAAAAP\/\/\/ywAAAAAAQABAAACAUwAOw==\" fifu-lazy=\"1\" fifu-data-sizes=\"auto\" fifu-data-srcset=\"https:\/\/i3.wp.com\/files.pressmanager.net\/clientes\/ca2e598594b6e571db8a4909166f3687\/imagens\/2023\/09\/06\/672a15e4af7b374a83019126f072334b_small.jpg?ssl=1&w=75&resize=75&ssl=1 75w, https:\/\/i3.wp.com\/files.pressmanager.net\/clientes\/ca2e598594b6e571db8a4909166f3687\/imagens\/2023\/09\/06\/672a15e4af7b374a83019126f072334b_small.jpg?ssl=1&w=100&resize=100&ssl=1 100w, https:\/\/i3.wp.com\/files.pressmanager.net\/clientes\/ca2e598594b6e571db8a4909166f3687\/imagens\/2023\/09\/06\/672a15e4af7b374a83019126f072334b_small.jpg?ssl=1&w=150&resize=150&ssl=1 150w, https:\/\/i3.wp.com\/files.pressmanager.net\/clientes\/ca2e598594b6e571db8a4909166f3687\/imagens\/2023\/09\/06\/672a15e4af7b374a83019126f072334b_small.jpg?ssl=1&w=240&resize=240&ssl=1 240w, https:\/\/i3.wp.com\/files.pressmanager.net\/clientes\/ca2e598594b6e571db8a4909166f3687\/imagens\/2023\/09\/06\/672a15e4af7b374a83019126f072334b_small.jpg?ssl=1&w=320&resize=320&ssl=1 320w, https:\/\/i3.wp.com\/files.pressmanager.net\/clientes\/ca2e598594b6e571db8a4909166f3687\/imagens\/2023\/09\/06\/672a15e4af7b374a83019126f072334b_small.jpg?ssl=1&w=500&resize=500&ssl=1 500w, https:\/\/i3.wp.com\/files.pressmanager.net\/clientes\/ca2e598594b6e571db8a4909166f3687\/imagens\/2023\/09\/06\/672a15e4af7b374a83019126f072334b_small.jpg?ssl=1&w=640&resize=640&ssl=1 640w, https:\/\/i3.wp.com\/files.pressmanager.net\/clientes\/ca2e598594b6e571db8a4909166f3687\/imagens\/2023\/09\/06\/672a15e4af7b374a83019126f072334b_small.jpg?ssl=1&w=800&resize=800&ssl=1 800w, https:\/\/i3.wp.com\/files.pressmanager.net\/clientes\/ca2e598594b6e571db8a4909166f3687\/imagens\/2023\/09\/06\/672a15e4af7b374a83019126f072334b_small.jpg?ssl=1&w=1024&resize=1024&ssl=1 1024w, https:\/\/i3.wp.com\/files.pressmanager.net\/clientes\/ca2e598594b6e571db8a4909166f3687\/imagens\/2023\/09\/06\/672a15e4af7b374a83019126f072334b_small.jpg?ssl=1&w=1280&resize=1280&ssl=1 1280w, https:\/\/i3.wp.com\/files.pressmanager.net\/clientes\/ca2e598594b6e571db8a4909166f3687\/imagens\/2023\/09\/06\/672a15e4af7b374a83019126f072334b_small.jpg?ssl=1&w=1600&resize=1600&ssl=1 1600w\" fifu-data-src=\"https:\/\/i3.wp.com\/files.pressmanager.net\/clientes\/ca2e598594b6e571db8a4909166f3687\/imagens\/2023\/09\/06\/672a15e4af7b374a83019126f072334b_small.jpg?ssl=1\" border=\"0\" vspace=\"2\" \/><\/a><br \/>\nFeira das Ideias no Shopping Vila Ol\u00edmpia<br \/>\nCamila Rocha &#8211; Criola Fotografia<\/td>\n<\/tr>\n<tr>\n<td><a href=\"https:\/\/imagens.pressmanager.net\/download?foto_id=4510384&amp;release_id=528853&amp;did=1097803196&amp;envio_id=1480190&amp;hash=34d6b9ee2888bca7504a4a2c03a68994\"><img decoding=\"async\" src=\"data:image\/gif;base64,R0lGODlhAQABAIAAAAAAAP\/\/\/ywAAAAAAQABAAACAUwAOw==\" fifu-lazy=\"1\" fifu-data-sizes=\"auto\" fifu-data-srcset=\"https:\/\/i1.wp.com\/files.pressmanager.net\/clientes\/ca2e598594b6e571db8a4909166f3687\/imagens\/2023\/09\/06\/e37c9e32545ead5fa4fd93afb2539de4_small.jpg?ssl=1&w=75&resize=75&ssl=1 75w, https:\/\/i1.wp.com\/files.pressmanager.net\/clientes\/ca2e598594b6e571db8a4909166f3687\/imagens\/2023\/09\/06\/e37c9e32545ead5fa4fd93afb2539de4_small.jpg?ssl=1&w=100&resize=100&ssl=1 100w, https:\/\/i1.wp.com\/files.pressmanager.net\/clientes\/ca2e598594b6e571db8a4909166f3687\/imagens\/2023\/09\/06\/e37c9e32545ead5fa4fd93afb2539de4_small.jpg?ssl=1&w=150&resize=150&ssl=1 150w, https:\/\/i1.wp.com\/files.pressmanager.net\/clientes\/ca2e598594b6e571db8a4909166f3687\/imagens\/2023\/09\/06\/e37c9e32545ead5fa4fd93afb2539de4_small.jpg?ssl=1&w=240&resize=240&ssl=1 240w, https:\/\/i1.wp.com\/files.pressmanager.net\/clientes\/ca2e598594b6e571db8a4909166f3687\/imagens\/2023\/09\/06\/e37c9e32545ead5fa4fd93afb2539de4_small.jpg?ssl=1&w=320&resize=320&ssl=1 320w, https:\/\/i1.wp.com\/files.pressmanager.net\/clientes\/ca2e598594b6e571db8a4909166f3687\/imagens\/2023\/09\/06\/e37c9e32545ead5fa4fd93afb2539de4_small.jpg?ssl=1&w=500&resize=500&ssl=1 500w, https:\/\/i1.wp.com\/files.pressmanager.net\/clientes\/ca2e598594b6e571db8a4909166f3687\/imagens\/2023\/09\/06\/e37c9e32545ead5fa4fd93afb2539de4_small.jpg?ssl=1&w=640&resize=640&ssl=1 640w, https:\/\/i1.wp.com\/files.pressmanager.net\/clientes\/ca2e598594b6e571db8a4909166f3687\/imagens\/2023\/09\/06\/e37c9e32545ead5fa4fd93afb2539de4_small.jpg?ssl=1&w=800&resize=800&ssl=1 800w, https:\/\/i1.wp.com\/files.pressmanager.net\/clientes\/ca2e598594b6e571db8a4909166f3687\/imagens\/2023\/09\/06\/e37c9e32545ead5fa4fd93afb2539de4_small.jpg?ssl=1&w=1024&resize=1024&ssl=1 1024w, https:\/\/i1.wp.com\/files.pressmanager.net\/clientes\/ca2e598594b6e571db8a4909166f3687\/imagens\/2023\/09\/06\/e37c9e32545ead5fa4fd93afb2539de4_small.jpg?ssl=1&w=1280&resize=1280&ssl=1 1280w, https:\/\/i1.wp.com\/files.pressmanager.net\/clientes\/ca2e598594b6e571db8a4909166f3687\/imagens\/2023\/09\/06\/e37c9e32545ead5fa4fd93afb2539de4_small.jpg?ssl=1&w=1600&resize=1600&ssl=1 1600w\" fifu-data-src=\"https:\/\/i1.wp.com\/files.pressmanager.net\/clientes\/ca2e598594b6e571db8a4909166f3687\/imagens\/2023\/09\/06\/e37c9e32545ead5fa4fd93afb2539de4_small.jpg?ssl=1\" border=\"0\" vspace=\"2\" \/><\/a><br \/>\nFeira das Ideias no Shopping Vila Ol\u00edmpia<br \/>\nCamila Rocha &#8211; Criola Fotografia<\/td>\n<\/tr>\n<tr>\n<td><a href=\"https:\/\/imagens.pressmanager.net\/download?foto_id=4510386&amp;release_id=528853&amp;did=1097803196&amp;envio_id=1480190&amp;hash=34d6b9ee2888bca7504a4a2c03a68994\"><img decoding=\"async\" src=\"data:image\/gif;base64,R0lGODlhAQABAIAAAAAAAP\/\/\/ywAAAAAAQABAAACAUwAOw==\" fifu-lazy=\"1\" fifu-data-sizes=\"auto\" fifu-data-srcset=\"https:\/\/i2.wp.com\/files.pressmanager.net\/clientes\/ca2e598594b6e571db8a4909166f3687\/imagens\/2023\/09\/06\/815a49d343dd229e63da39f5e09ea199_small.jpg?ssl=1&w=75&resize=75&ssl=1 75w, https:\/\/i2.wp.com\/files.pressmanager.net\/clientes\/ca2e598594b6e571db8a4909166f3687\/imagens\/2023\/09\/06\/815a49d343dd229e63da39f5e09ea199_small.jpg?ssl=1&w=100&resize=100&ssl=1 100w, https:\/\/i2.wp.com\/files.pressmanager.net\/clientes\/ca2e598594b6e571db8a4909166f3687\/imagens\/2023\/09\/06\/815a49d343dd229e63da39f5e09ea199_small.jpg?ssl=1&w=150&resize=150&ssl=1 150w, https:\/\/i2.wp.com\/files.pressmanager.net\/clientes\/ca2e598594b6e571db8a4909166f3687\/imagens\/2023\/09\/06\/815a49d343dd229e63da39f5e09ea199_small.jpg?ssl=1&w=240&resize=240&ssl=1 240w, https:\/\/i2.wp.com\/files.pressmanager.net\/clientes\/ca2e598594b6e571db8a4909166f3687\/imagens\/2023\/09\/06\/815a49d343dd229e63da39f5e09ea199_small.jpg?ssl=1&w=320&resize=320&ssl=1 320w, https:\/\/i2.wp.com\/files.pressmanager.net\/clientes\/ca2e598594b6e571db8a4909166f3687\/imagens\/2023\/09\/06\/815a49d343dd229e63da39f5e09ea199_small.jpg?ssl=1&w=500&resize=500&ssl=1 500w, https:\/\/i2.wp.com\/files.pressmanager.net\/clientes\/ca2e598594b6e571db8a4909166f3687\/imagens\/2023\/09\/06\/815a49d343dd229e63da39f5e09ea199_small.jpg?ssl=1&w=640&resize=640&ssl=1 640w, https:\/\/i2.wp.com\/files.pressmanager.net\/clientes\/ca2e598594b6e571db8a4909166f3687\/imagens\/2023\/09\/06\/815a49d343dd229e63da39f5e09ea199_small.jpg?ssl=1&w=800&resize=800&ssl=1 800w, https:\/\/i2.wp.com\/files.pressmanager.net\/clientes\/ca2e598594b6e571db8a4909166f3687\/imagens\/2023\/09\/06\/815a49d343dd229e63da39f5e09ea199_small.jpg?ssl=1&w=1024&resize=1024&ssl=1 1024w, https:\/\/i2.wp.com\/files.pressmanager.net\/clientes\/ca2e598594b6e571db8a4909166f3687\/imagens\/2023\/09\/06\/815a49d343dd229e63da39f5e09ea199_small.jpg?ssl=1&w=1280&resize=1280&ssl=1 1280w, https:\/\/i2.wp.com\/files.pressmanager.net\/clientes\/ca2e598594b6e571db8a4909166f3687\/imagens\/2023\/09\/06\/815a49d343dd229e63da39f5e09ea199_small.jpg?ssl=1&w=1600&resize=1600&ssl=1 1600w\" fifu-data-src=\"https:\/\/i2.wp.com\/files.pressmanager.net\/clientes\/ca2e598594b6e571db8a4909166f3687\/imagens\/2023\/09\/06\/815a49d343dd229e63da39f5e09ea199_small.jpg?ssl=1\" border=\"0\" vspace=\"2\" \/><\/a><br \/>\nFeira das Ideias no Shopping Vila Ol\u00edmpia<br \/>\nCamila Rocha &#8211; Criola Fotografia<\/td>\n<\/tr>\n<\/tbody>\n<\/table>\n<p>&nbsp;<\/p>\n<p>&nbsp;<\/p>\n<div>\n<table border=\"0\" width=\"100%\" cellspacing=\"0\" cellpadding=\"0\">\n<tbody>\n<tr>\n<td align=\"center\" valign=\"top\"><\/td>\n<\/tr>\n<\/tbody>\n<\/table>\n<\/div>\n<\/div>\n<p>&nbsp;<\/p>\n<\/div>\n<\/div>\n","protected":false},"excerpt":{"rendered":"<p>&nbsp; &nbsp; Voltado para todas as idades, com entrada gratuita, pet friendly, ser\u00e3o dos dias&#8230;<\/p>\n","protected":false},"author":1,"featured_media":0,"comment_status":"closed","ping_status":"closed","sticky":false,"template":"","format":"standard","meta":{"fifu_image_url":"","fifu_image_alt":"","footnotes":""},"categories":[746,748,29,727],"tags":[58,12885],"class_list":["post-108806","post","type-post","status-publish","format-standard","hentry","category-comportamento","category-consumidor","category-eventos","category-noticias","tag-noticias","tag-verdeamarelo","wpcat-746-id","wpcat-748-id","wpcat-29-id","wpcat-727-id"],"_links":{"self":[{"href":"https:\/\/verde-amarelo.net\/verdeamarelo\/wp-json\/wp\/v2\/posts\/108806","targetHints":{"allow":["GET"]}}],"collection":[{"href":"https:\/\/verde-amarelo.net\/verdeamarelo\/wp-json\/wp\/v2\/posts"}],"about":[{"href":"https:\/\/verde-amarelo.net\/verdeamarelo\/wp-json\/wp\/v2\/types\/post"}],"author":[{"embeddable":true,"href":"https:\/\/verde-amarelo.net\/verdeamarelo\/wp-json\/wp\/v2\/users\/1"}],"replies":[{"embeddable":true,"href":"https:\/\/verde-amarelo.net\/verdeamarelo\/wp-json\/wp\/v2\/comments?post=108806"}],"version-history":[{"count":0,"href":"https:\/\/verde-amarelo.net\/verdeamarelo\/wp-json\/wp\/v2\/posts\/108806\/revisions"}],"wp:attachment":[{"href":"https:\/\/verde-amarelo.net\/verdeamarelo\/wp-json\/wp\/v2\/media?parent=108806"}],"wp:term":[{"taxonomy":"category","embeddable":true,"href":"https:\/\/verde-amarelo.net\/verdeamarelo\/wp-json\/wp\/v2\/categories?post=108806"},{"taxonomy":"post_tag","embeddable":true,"href":"https:\/\/verde-amarelo.net\/verdeamarelo\/wp-json\/wp\/v2\/tags?post=108806"}],"curies":[{"name":"wp","href":"https:\/\/api.w.org\/{rel}","templated":true}]}}