{"id":174659,"date":"2024-04-09T18:42:30","date_gmt":"2024-04-09T21:42:30","guid":{"rendered":"https:\/\/verde-amarelo.net\/verdeamarelo\/?p=174659"},"modified":"2024-05-13T19:16:09","modified_gmt":"2024-05-13T22:16:09","slug":"o-alimento-que-parece-carne-mas-e-100-vegetal-estara-no-estande-da-embrapa-na-anuga-2024","status":"publish","type":"post","link":"https:\/\/verde-amarelo.net\/verdeamarelo\/2024\/04\/o-alimento-que-parece-carne-mas-e-100-vegetal-estara-no-estande-da-embrapa-na-anuga-2024\/","title":{"rendered":"O alimento que parece carne, mas \u00e9 100% vegetal  estar\u00e1 no estande da Embrapa na ANUGA 2024"},"content":{"rendered":"<p><!-- [if mso | IE]>\n\n\n<table align=\"center\" border=\"0\" cellpadding=\"0\" cellspacing=\"0\" class=\"cols_1-outlook 1589473356616-outlook ip-section-outlook\" role=\"presentation\" style=\"width:600px;\" width=\"600\" bgcolor=\"#ffffff\" >\n\n\n<tr>\n\n\n<td style=\"line-height:0px;font-size:0px;mso-line-height-rule:exactly;\"><![endif]--><\/p>\n<p><!-- [if mso | IE]>\n\n\n<table role=\"presentation\" border=\"0\" cellpadding=\"0\" cellspacing=\"0\">\n\n\n<tr>\n\n\n<td class=\"ip-column-outlook -outlook\" style=\"vertical-align:top;width:592px;\" ><![endif]--><\/p>\n<p>&nbsp;<\/p>\n<p><!-- [if mso | IE]><\/td>\n\n\n<\/tr>\n\n\n<\/table>\n\n\n<![endif]--><\/p>\n<p><!-- [if mso | IE]><\/td>\n\n\n<\/tr>\n\n\n<\/table>\n\n\n\n\n<table align=\"center\" border=\"0\" cellpadding=\"0\" cellspacing=\"0\" class=\"cols_1-outlook 1589473358640-outlook ip-section-outlook\" role=\"presentation\" style=\"width:600px;\" width=\"600\" bgcolor=\"#ffffff\" >\n\n\n<tr>\n\n\n<td style=\"line-height:0px;font-size:0px;mso-line-height-rule:exactly;\"><![endif]--><\/p>\n<p><!-- [if mso | IE]>\n\n\n<table role=\"presentation\" border=\"0\" cellpadding=\"0\" cellspacing=\"0\">\n\n\n<tr>\n\n\n<td class=\"ip-column-outlook -outlook\" style=\"vertical-align:top;width:592px;\" ><![endif]--><\/p>\n<p><!-- htmlmin:ignore --><\/p>\n<p style=\"margin: 0;\">\n<p><!-- htmlmin:ignore --><\/p>\n<p><!-- [if mso | IE]><\/td>\n\n\n<\/tr>\n\n\n<\/table>\n\n\n<![endif]--><\/p>\n<p><!-- [if mso | IE]><\/td>\n\n\n<\/tr>\n\n\n<\/table>\n\n\n\n\n<table align=\"center\" border=\"0\" cellpadding=\"0\" cellspacing=\"0\" class=\"cols_1-outlook 1589484351563-outlook ip-section-outlook\" role=\"presentation\" style=\"width:600px;\" width=\"600\" bgcolor=\"#ffffff\" >\n\n\n<tr>\n\n\n<td style=\"line-height:0px;font-size:0px;mso-line-height-rule:exactly;\"><![endif]--><\/p>\n<p><!-- [if mso | IE]>\n\n\n<table role=\"presentation\" border=\"0\" cellpadding=\"0\" cellspacing=\"0\">\n\n\n<tr>\n\n\n<td class=\"ip-column-outlook -outlook\" style=\"vertical-align:top;width:592px;\" ><![endif]--><\/p>\n<p><!-- htmlmin:ignore --><\/p>\n<p style=\"margin: 0;\">Hamb\u00farguer, kafta e nugget com textura, sabor e apar\u00eancia de alimentos de origem animal, por\u00e9m feitos a base de vegetais<em style=\"background-color: transparent; color: #000000;\">. <\/em>Esses produtos, chamados de <em style=\"background-color: transparent; color: #000000;\">plant-based,<\/em> j\u00e1 s\u00e3o bem conhecidos de quem \u00e9 vegano, mas gra\u00e7as a Ci\u00eancia vem ganhando cada vez mais adeptos. O p\u00fablico da Anuga 2024 vai poder conferir o sabor e entender a pesquisa que est\u00e1 por tr\u00e1s dessas iguarias veganas desenvolvidas pela Embrapa Agroind\u00fastria de Alimentos em parceria com a <a style=\"color: #434343;\" href=\"https:\/\/click.cse360.com.br\/Click\/AddCampaignEmailClick\/4aa49dcf-09ae-4ce6-69c8-08dc531c35c9\/https%253a%252f%252famazonikamundi.com.br%252f\/83288b97-4297-4165-cec0-08d7c5ff26d1\/redacao@redepress.com.br\/True\" target=\"_blank\" rel=\"noopener noreferrer\">Amazonika Mundi<\/a>.<\/p>&nbsp;&nbsp;\n<p style=\"margin: 0;\">\n<p style=\"margin: 0;\">Feitos \u00e0 base de fibra de caju, os produtos foram desenvolvidos para atender a um p\u00fablico cada vez mais exigente e preocupado com o consumo consciente e sustent\u00e1vel. O uso da fibra de caju, por exemplo, promove uma solu\u00e7\u00e3o sustent\u00e1vel para os res\u00edduos da ind\u00fastria de sucos, assim como os ingredientes amaz\u00f4nicos contidos nas formula\u00e7\u00f5es (farinha de baba\u00e7u, cogumelos Yanomami e pimenta ind\u00edgena ass\u00ees\u00ee) promovem a bioeconomia, gerando renda para fam\u00edlias daquela regi\u00e3o.<\/p>&nbsp;&nbsp;\n<p style=\"margin: 0;\">\n<p style=\"margin: 0;\">A Tirinha Amazonika(nugget), Kafta Amazonika (kafta), Amazonika Burger (hamb\u00farguer) estar\u00e3o dispon\u00edveis para degusta\u00e7\u00e3o no estande da estatal (localizado na rua F &#8211; Estande: #F.235). Assim, o p\u00fablico do evento poder\u00e1 conferir a carne de origem vegetal. Todos foram desenvolvidos buscando-se as mesmas caracter\u00edsticas sensoriais de textura, sabor e apar\u00eancia similares \u00e0queles feitos com produtos de origem animal.<\/p>&nbsp;&nbsp;\n<p style=\"margin: 0;\">\n<p style=\"margin: 0;\"><strong style=\"background-color: transparent; color: #434343;\">Sobre a Anuga Select Brazil <\/strong>\u2013 \u00c9 organizada pela Koelnmesse Brasil em parceria com duas unidades da Funda\u00e7\u00e3o Get\u00falio Vargas (FGV), a FGV Europe e a FGV Agro, dedicada a atividades relacionadas ao agroneg\u00f3cio e \u00e0 ind\u00fastria aliment\u00edcia e de bebidas. O evento acontece de 9 a 11 de abril de 2024, no Distrito Anhembi, em S\u00e3o Paulo.<\/p>&nbsp;&nbsp;\n<p style=\"margin: 0;\">\n<p style=\"margin: 0;\"><strong style=\"background-color: transparent; color: #000000;\">Servi\u00e7o:<\/strong><\/p>\n<p style=\"margin: 0;\">Anuga Select Brazil 2024<\/p>\n<p style=\"margin: 0;\">Localiza\u00e7\u00e3o do estande da Embrapa: RUA F &#8211; ESTANDE: #F.235, n\u00ba 12 (entre os setores <em style=\"background-color: transparent; color: #000000;\">Organics<\/em> e <em style=\"background-color: transparent; color: #000000;\">Sweet&amp;Snacks<\/em>).<\/p>&nbsp;&nbsp;\n<p style=\"margin: 0;\">Hor\u00e1rio de funcionamento: 10 \u00e0s 19h<\/p>\n<p style=\"margin: 0;\">Local: Distrito Anhembi<\/p>\n<p style=\"margin: 0;\">\n<p style=\"margin: 0;\"><strong style=\"color: #333333;\"><em>Assessoria de Imprensa:<\/em><\/strong><\/p>\n<p style=\"margin: 0;\"><em style=\"color: #333333;\">Ana Lucia Ferreira (MTb 16913\/RJ)<\/em><\/p>\n<p style=\"margin: 0;\"><em style=\"color: #333333;\">Embrapa Agroind\u00fastria de Alimentos<\/em><\/p>\n<p style=\"margin: 0;\"><em style=\"color: #333333;\">Contatos: (21) 99339-1850<\/em><\/p>\n<p style=\"margin: 0;\"><em><a href=\"mailto:analucia.ferreira@embrapa.br\">analucia.ferreira@embrapa.br<\/a><\/em><em style=\"color: #333333;\">\u00a0<\/em><\/p>\n<p style=\"margin: 0;\">\n<p style=\"font-size: 11px; text-align: center;\">\n","protected":false},"excerpt":{"rendered":"<p>&nbsp; Hamb\u00farguer, kafta e nugget com textura, sabor e apar\u00eancia de alimentos de origem animal,&#8230;<\/p>\n","protected":false},"author":1,"featured_media":0,"comment_status":"closed","ping_status":"closed","sticky":false,"template":"","format":"standard","meta":{"fifu_image_url":"","fifu_image_alt":"","footnotes":""},"categories":[739,727],"tags":[179,7538,47,3269,2703,4315,686,7726,3836,2494,3247,806,1874,735,175,6570,2039,771,2040,2411,3897,1689,1440,1223,2823,1098,2576,3865,1262,3016,4110,58,1214,3265,888,664,779,933,3542,874,372,2570,3819,1967,1042,1910,1886,6732,4076,12885],"class_list":["post-174659","post","type-post","status-publish","format-standard","hentry","category-agropecuaria","category-noticias","tag-acontece","tag-agro","tag-alimentos","tag-anhembi","tag-animal","tag-anuga","tag-assessoria","tag-assessoria-de-imprensa","tag-assim","tag-atividades","tag-base","tag-bebidas","tag-bem","tag-brasil","tag-carne","tag-ciencia","tag-consciente","tag-consumo","tag-consumo-consciente","tag-distrito","tag-e","tag-embrapa","tag-estatal","tag-evento","tag-familias","tag-fgv","tag-fibra","tag-funcionamento","tag-hamburguer","tag-imprensa","tag-ingredientes","tag-noticias","tag-organics","tag-publico","tag-parceria","tag-pesquisa","tag-produtos","tag-renda","tag-residuos","tag-sao-paulo","tag-servico","tag-setores","tag-snacks","tag-solucao","tag-sucos","tag-unidades","tag-vegano","tag-vegetais","tag-vegetal","tag-verdeamarelo","wpcat-739-id","wpcat-727-id"],"_links":{"self":[{"href":"https:\/\/verde-amarelo.net\/verdeamarelo\/wp-json\/wp\/v2\/posts\/174659","targetHints":{"allow":["GET"]}}],"collection":[{"href":"https:\/\/verde-amarelo.net\/verdeamarelo\/wp-json\/wp\/v2\/posts"}],"about":[{"href":"https:\/\/verde-amarelo.net\/verdeamarelo\/wp-json\/wp\/v2\/types\/post"}],"author":[{"embeddable":true,"href":"https:\/\/verde-amarelo.net\/verdeamarelo\/wp-json\/wp\/v2\/users\/1"}],"replies":[{"embeddable":true,"href":"https:\/\/verde-amarelo.net\/verdeamarelo\/wp-json\/wp\/v2\/comments?post=174659"}],"version-history":[{"count":0,"href":"https:\/\/verde-amarelo.net\/verdeamarelo\/wp-json\/wp\/v2\/posts\/174659\/revisions"}],"wp:attachment":[{"href":"https:\/\/verde-amarelo.net\/verdeamarelo\/wp-json\/wp\/v2\/media?parent=174659"}],"wp:term":[{"taxonomy":"category","embeddable":true,"href":"https:\/\/verde-amarelo.net\/verdeamarelo\/wp-json\/wp\/v2\/categories?post=174659"},{"taxonomy":"post_tag","embeddable":true,"href":"https:\/\/verde-amarelo.net\/verdeamarelo\/wp-json\/wp\/v2\/tags?post=174659"}],"curies":[{"name":"wp","href":"https:\/\/api.w.org\/{rel}","templated":true}]}}