{"id":174679,"date":"2024-04-09T19:53:59","date_gmt":"2024-04-09T22:53:59","guid":{"rendered":"https:\/\/verde-amarelo.net\/verdeamarelo\/?p=174679"},"modified":"2024-05-13T19:16:08","modified_gmt":"2024-05-13T22:16:08","slug":"sugestao-de-pauta-mcassab-debate-uso-de-antimicrobianos-em-aves-no-simposio-brasil-sul-de-avicultura","status":"publish","type":"post","link":"https:\/\/verde-amarelo.net\/verdeamarelo\/2024\/04\/sugestao-de-pauta-mcassab-debate-uso-de-antimicrobianos-em-aves-no-simposio-brasil-sul-de-avicultura\/","title":{"rendered":"MCassab debate uso de antimicrobianos em aves no Simp\u00f3sio Brasil Sul de Avicultura"},"content":{"rendered":"<div class=\"postie-post\">\n<div>\n<div class=\"WordSection1\">\n<p class=\"MsoNormal\" style=\"text-align: justify; line-height: 150%;\">\n<p class=\"MsoNormal\" style=\"text-align: justify; line-height: 150%;\"><span style=\"font-size: 12.0pt; line-height: 150%;\">A MCassab Nutri\u00e7\u00e3o e Sa\u00fade Animal patrocina a palestra &#8220;Atualiza\u00e7\u00f5es sobre o uso de antimicrobianos na avicultura brasileira&#8221;, ministrada pela Professora Doutora Paula Gabriela Pires, na sala Welcy Canais, a partir das 12h, no dia 10 de abril, como parte do 24\u00ba Simp\u00f3sio Brasil Sul de Avicultura. O evento acontece em Chapec\u00f3 (SC) entre os dias 09 e 11 de abril. <b>\u00a0<\/b><\/span><\/p>\n<p class=\"MsoNormal\" style=\"text-align: justify; line-height: 150%;\"><span style=\"font-size: 12.0pt; line-height: 150%;\">&#8220;Esse \u00e9 um evento muito importante porque re\u00fane especialistas do Brasil e de diversos pa\u00edses. \u00c9 uma excelente oportunidade para trocar informa\u00e7\u00f5es e adquirir conhecimento t\u00e9cnico, o que \u00e9 sempre muito positivo para o nosso trabalho&#8221;, destaca Maria Carolina Toth,\u00a0gerente de\u00a0Produto \u2013 N\u00facleo de Inova\u00e7\u00e3o e Tecnologia\u00a0da MCassab. <\/span><\/p>\n<p class=\"MsoNormal\" style=\"text-align: justify; line-height: 150%; text-autospace: none;\"><span style=\"font-size: 12.0pt; line-height: 150%;\">Al\u00e9m da palestra sobre antimicrobianos, a MCassab apresentar\u00e1 no simp\u00f3sio BZPAC 15%, que teve seu registro ampliado pelo Minist\u00e9rio da Agricultura e Pecu\u00e1ria (MAPA), <\/span><span style=\"font-size: 12.0pt; line-height: 150%;\">agora passa a ter dupla indica\u00e7\u00e3o como<\/span><span style=\"font-size: 12.0pt; line-height: 150%;\"> melhorador de desempenho e terap\u00eautico.<\/span><span style=\"font-size: 12.0pt; line-height: 150%;\"> &#8220;A amplia\u00e7\u00e3o de uso \u00e9 uma grande conquista, pois reconhece a efetiva contribui\u00e7\u00e3o do produto para a sa\u00fade e o bem-estar animal&#8221;, esclarece a especialista da MCassab.\u00a0<\/span><\/p>\n<p style=\"margin: 0cm; text-align: justify; line-height: 150%;\"><strong><span style=\"font-size: 12.0pt; line-height: 150%;\">Sobre a MCassab &#8211;\u00a0<\/span><\/strong><span style=\"font-size: 12.0pt; line-height: 150%;\">O Grupo MCassab \u00e9 uma organiza\u00e7\u00e3o familiar nacional, de 95 anos, com administra\u00e7\u00e3o profissional, que distribui ao mercado brasileiro e latino-americano.<span class=\"ui-provider\"> Com matriz em S\u00e3o Paulo (SP), a empresa est\u00e1 presente nas grandes capitais do Brasil, al\u00e9m de escrit\u00f3rios na Argentina, Paraguai, Uruguai, Col\u00f4mbia, China e \u00cdndia.<\/span> O neg\u00f3cio de\u00a0<strong>Nutri\u00e7\u00e3o e Sa\u00fade Animal<\/strong>\u00a0\u00e9 um dos maiores do Brasil, atuando com especialidades e ingredientes para avicultura, suinocultura, pecu\u00e1ria de corte e leite, aquacultura e petfood.\u00a0A\u00a0<strong>Fider<\/strong>\u00a0Pescados, que se dedica \u00e0 cria\u00e7\u00e3o e ao desenvolvimento de produtos a partir da til\u00e1pia.\u00a0O neg\u00f3cio de\u00a0<strong>Distribui\u00e7\u00e3o\u00a0<\/strong>atende \u00e0 \u00e1rea industrial com o fornecimento de mat\u00e9rias-primas para cosm\u00e9ticos, limpeza dom\u00e9stica e institucional, farmac\u00eautica, veterin\u00e1ria, qu\u00edmica e agr\u00edcola. A\u00a0<strong>NUTROR<\/strong>\u00a0oferece pr\u00e9-misturas customizadas ao mercado de alimentos, bebidas, suplementos e nutri\u00e7\u00e3o cl\u00ednica. Ciente do seu compromisso com as pessoas, o meio ambiente e a governan\u00e7a corporativa, a MCassab publicou o seu Relat\u00f3rio de Sustentabilidade 2023, cuja \u00edntegra \u00e9 acess\u00edvel pelo link\u00a0<a href=\"https:\/\/www.mcassab.com.br\/sustentabilidade_grupo_mcassab\/\">https:\/\/www.mcassab.com.br\/sustentabilidade_grupo_mcassab\/<\/a> Mais informa\u00e7\u00f5es:\u00a0<a href=\"https:\/\/www.mcassab.com.br\/\" target=\"_blank\" rel=\"noopener\">www.mcassab.com.br<\/a><\/span><\/p>\n<p class=\"MsoNormal\">\n<p class=\"MsoNormal\">\n<\/div>\n<div id=\"DAB4FAD8-2DD7-40BB-A1B8-4E2AA1F9FDF2\">\n<p>&nbsp;<\/p>\n<\/div>\n<\/div>\n<\/div>\n","protected":false},"excerpt":{"rendered":"<p>A MCassab Nutri\u00e7\u00e3o e Sa\u00fade Animal patrocina a palestra &#8220;Atualiza\u00e7\u00f5es sobre o uso de antimicrobianos&#8230;<\/p>\n","protected":false},"author":1,"featured_media":0,"comment_status":"closed","ping_status":"closed","sticky":false,"template":"","format":"standard","meta":{"fifu_image_url":"","fifu_image_alt":"","footnotes":""},"categories":[739,727],"tags":[7738,179,1314,47,2703,3841,8283,806,1874,594,735,4437,2989,967,3229,4191,75,146,1275,3340,1739,1026,3897,2008,1223,2660,3713,1538,1219,2025,7578,3567,4110,810,647,6834,48,2882,220,6658,1690,32,2810,2915,58,3734,1531,5334,1691,1366,2373,2505,4024,779,8624,177,2569,874,1619,4221,8266,3005,1143,42,152,3368,12885],"class_list":["post-174679","post","type-post","status-publish","format-standard","hentry","category-agropecuaria","category-noticias","tag-7738","tag-acontece","tag-agricultura","tag-alimentos","tag-animal","tag-argentina","tag-atualizacoes","tag-bebidas","tag-bem","tag-bem-estar","tag-brasil","tag-brasileiro","tag-canais","tag-china","tag-clinica","tag-colombia","tag-conhecimento","tag-corte","tag-cosmeticos","tag-desenvolvimento","tag-dia","tag-distribuicao","tag-e","tag-empresa","tag-evento","tag-farmaceutica","tag-gerente","tag-governanca","tag-governanca-corporativa","tag-grupo","tag-industrial","tag-informacoes","tag-ingredientes","tag-inovacao","tag-inovacao-e-tecnologia","tag-institucional","tag-leite","tag-limpeza","tag-limpeza-domestica","tag-materias","tag-meio-ambiente","tag-mercado","tag-ministerio","tag-negocio","tag-noticias","tag-oportunidade","tag-organizacao","tag-palestra","tag-pecuaria","tag-pessoas","tag-positivo","tag-presente","tag-produto","tag-produtos","tag-professora","tag-profissional","tag-relatorio","tag-sao-paulo","tag-saude","tag-sala","tag-sp","tag-sul","tag-suplementos","tag-tecnologia","tag-trabalho","tag-uruguai","tag-verdeamarelo","wpcat-739-id","wpcat-727-id"],"_links":{"self":[{"href":"https:\/\/verde-amarelo.net\/verdeamarelo\/wp-json\/wp\/v2\/posts\/174679","targetHints":{"allow":["GET"]}}],"collection":[{"href":"https:\/\/verde-amarelo.net\/verdeamarelo\/wp-json\/wp\/v2\/posts"}],"about":[{"href":"https:\/\/verde-amarelo.net\/verdeamarelo\/wp-json\/wp\/v2\/types\/post"}],"author":[{"embeddable":true,"href":"https:\/\/verde-amarelo.net\/verdeamarelo\/wp-json\/wp\/v2\/users\/1"}],"replies":[{"embeddable":true,"href":"https:\/\/verde-amarelo.net\/verdeamarelo\/wp-json\/wp\/v2\/comments?post=174679"}],"version-history":[{"count":0,"href":"https:\/\/verde-amarelo.net\/verdeamarelo\/wp-json\/wp\/v2\/posts\/174679\/revisions"}],"wp:attachment":[{"href":"https:\/\/verde-amarelo.net\/verdeamarelo\/wp-json\/wp\/v2\/media?parent=174679"}],"wp:term":[{"taxonomy":"category","embeddable":true,"href":"https:\/\/verde-amarelo.net\/verdeamarelo\/wp-json\/wp\/v2\/categories?post=174679"},{"taxonomy":"post_tag","embeddable":true,"href":"https:\/\/verde-amarelo.net\/verdeamarelo\/wp-json\/wp\/v2\/tags?post=174679"}],"curies":[{"name":"wp","href":"https:\/\/api.w.org\/{rel}","templated":true}]}}