{"id":180071,"date":"2024-05-13T15:30:26","date_gmt":"2024-05-13T18:30:26","guid":{"rendered":"https:\/\/verde-amarelo.net\/verdeamarelo\/?p=180071"},"modified":"2024-08-26T17:23:04","modified_gmt":"2024-08-26T20:23:04","slug":"pauta-incofios-apresenta-produtos-em-nova-edicao-do-o-negocio-da-moda","status":"publish","type":"post","link":"https:\/\/verde-amarelo.net\/verdeamarelo\/2024\/05\/pauta-incofios-apresenta-produtos-em-nova-edicao-do-o-negocio-da-moda\/","title":{"rendered":"Incofios apresenta produtos em nova edi\u00e7\u00e3o do &#8220;O Neg\u00f3cio da Moda&#8221;"},"content":{"rendered":"<p>&nbsp;<\/p>\n<p style=\"text-align: center;\"><a href=\"https:\/\/verde-amarelo.net\/verdeamarelo\/wp-content\/uploads\/2024\/05\/fd7d8232db5c45466eea4dbf41ec82ba_medium.webp\"><img decoding=\"async\" src=\"data:image\/gif;base64,R0lGODlhAQABAIAAAAAAAP\/\/\/ywAAAAAAQABAAACAUwAOw==\" fifu-lazy=\"1\" fifu-data-sizes=\"auto\" fifu-data-srcset=\"https:\/\/i0.wp.com\/verde-amarelo.net\/verdeamarelo\/wp-content\/uploads\/2024\/05\/fd7d8232db5c45466eea4dbf41ec82ba_medium.webp?ssl=1&w=75&resize=75&ssl=1 75w, https:\/\/i0.wp.com\/verde-amarelo.net\/verdeamarelo\/wp-content\/uploads\/2024\/05\/fd7d8232db5c45466eea4dbf41ec82ba_medium.webp?ssl=1&w=100&resize=100&ssl=1 100w, https:\/\/i0.wp.com\/verde-amarelo.net\/verdeamarelo\/wp-content\/uploads\/2024\/05\/fd7d8232db5c45466eea4dbf41ec82ba_medium.webp?ssl=1&w=150&resize=150&ssl=1 150w, https:\/\/i0.wp.com\/verde-amarelo.net\/verdeamarelo\/wp-content\/uploads\/2024\/05\/fd7d8232db5c45466eea4dbf41ec82ba_medium.webp?ssl=1&w=240&resize=240&ssl=1 240w, https:\/\/i0.wp.com\/verde-amarelo.net\/verdeamarelo\/wp-content\/uploads\/2024\/05\/fd7d8232db5c45466eea4dbf41ec82ba_medium.webp?ssl=1&w=320&resize=320&ssl=1 320w, https:\/\/i0.wp.com\/verde-amarelo.net\/verdeamarelo\/wp-content\/uploads\/2024\/05\/fd7d8232db5c45466eea4dbf41ec82ba_medium.webp?ssl=1&w=500&resize=500&ssl=1 500w, https:\/\/i0.wp.com\/verde-amarelo.net\/verdeamarelo\/wp-content\/uploads\/2024\/05\/fd7d8232db5c45466eea4dbf41ec82ba_medium.webp?ssl=1&w=640&resize=640&ssl=1 640w, https:\/\/i0.wp.com\/verde-amarelo.net\/verdeamarelo\/wp-content\/uploads\/2024\/05\/fd7d8232db5c45466eea4dbf41ec82ba_medium.webp?ssl=1&w=800&resize=800&ssl=1 800w, https:\/\/i0.wp.com\/verde-amarelo.net\/verdeamarelo\/wp-content\/uploads\/2024\/05\/fd7d8232db5c45466eea4dbf41ec82ba_medium.webp?ssl=1&w=1024&resize=1024&ssl=1 1024w, https:\/\/i0.wp.com\/verde-amarelo.net\/verdeamarelo\/wp-content\/uploads\/2024\/05\/fd7d8232db5c45466eea4dbf41ec82ba_medium.webp?ssl=1&w=1280&resize=1280&ssl=1 1280w, https:\/\/i0.wp.com\/verde-amarelo.net\/verdeamarelo\/wp-content\/uploads\/2024\/05\/fd7d8232db5c45466eea4dbf41ec82ba_medium.webp?ssl=1&w=1600&resize=1600&ssl=1 1600w\" class=\"aligncenter size-full wp-image-180263\" fifu-data-src=\"https:\/\/i0.wp.com\/verde-amarelo.net\/verdeamarelo\/wp-content\/uploads\/2024\/05\/fd7d8232db5c45466eea4dbf41ec82ba_medium.webp?ssl=1\" width=\"300\" height=\"168\" alt=\"[PAUTA] Incofios apresenta produtos em nova edi\u00e7\u00e3o do \"O Neg\u00f3cio da Moda\"\" title=\"[PAUTA] Incofios apresenta produtos em nova edi\u00e7\u00e3o do \"O Neg\u00f3cio da Moda\"\" \/><\/a><\/p>\n<p style=\"font-size: 14pt; font-weight: bold; text-align: center;\">\n<p style=\"font-size: 12pt; text-align: center;\"><i>Empresa vai levar os fios de algod\u00e3o de alta qualidade produzidos em SC para o mercado goiano<\/i><\/p>\n<p>Fomentar os neg\u00f3cios entre os participantes, o networking e a partilha de conte\u00fado s\u00e3o os grandes objetivos da primeira edi\u00e7\u00e3o de 2024 do evento &#8220;O Neg\u00f3cio da Moda&#8221; (ONDM), que acontece no Centro de Conven\u00e7\u00f5es de Goi\u00e2nia, nos dias 15 e 16 de maio. Focado na ind\u00fastria t\u00eaxtil, o evento recebe uma grande variedade de profissionais de diversos segmentos da moda, que v\u00e3o apresentar temas atuais de relev\u00e2ncia, como sustentabilidade, marketplace (compras online) e cases de sucesso na \u00e1rea.<\/p>&nbsp;&nbsp;\n<p>Com o objetivo de estreitar o relacionamento com nossos clientes e expandir nossa presen\u00e7a no mercado t\u00eaxtil de Goi\u00e2nia, a Incofios, uma empresa sediada em Indaial e reconhecida no mercado brasileiro pela produ\u00e7\u00e3o de fios de algod\u00e3o de alta qualidade, estar\u00e1 presente no evento para apresentar suas op\u00e7\u00f5es de fios de excel\u00eancia.<\/p>&nbsp;&nbsp;\n<p>&#8220;A Incofios j\u00e1 teve uma presen\u00e7a mais significativa na regi\u00e3o de Goi\u00e1s, e embora mantenha uma base de clientes no estado, vejo a participa\u00e7\u00e3o em um evento t\u00e3o consolidado como O Neg\u00f3cio da Moda como uma excelente oportunidade para apresentarmos nossos produtos e estabelecermos parcerias s\u00f3lidas.&#8221;, afirma Lavinia Kaun, analista comercial da Incofios.<\/p>&nbsp;&nbsp;\n<p>&nbsp;<\/p>\n<p><strong>O Neg\u00f3cio da Moda<\/strong><\/p>\n<p>O projeto do ONDM nasceu em 2015, em Santa Catarina, e se destaca no calend\u00e1rio da moda e do t\u00eaxtil. O evento oferece uma din\u00e2mica de muita intera\u00e7\u00e3o entre os participantes, com o objetivo de promover debates e trocas de ideias sobre o que acontece neste setor.<\/p>&nbsp;&nbsp;\n<p>Grandes influenciadores, designers, empres\u00e1rios e especialistas v\u00e3o compartilhar conhecimento no palco do Centro de Conven\u00e7\u00f5es. Com base nisso, &#8220;O Neg\u00f3cio da Moda&#8221; \u00e9 destinado aos empres\u00e1rios, empreendedores, estilistas, gerentes comerciais, diretores e outros profissionais do ramo, que buscam bons fornecedores, parceiros, produtos e servi\u00e7os para atender a ind\u00fastria da confec\u00e7\u00e3o.<\/p>&nbsp;&nbsp;\n<p>Esta edi\u00e7\u00e3o, que ser\u00e1 sediada em Goi\u00e2nia, foi escolhida de forma estrat\u00e9gica pela organiza\u00e7\u00e3o do evento por representar um dos maiores polos de confec\u00e7\u00e3o no Brasil. O destaque da regi\u00e3o ocorre por conta do cultivo de algod\u00e3o na regi\u00e3o e, como vantagem geogr\u00e1fica, pela proximidade com outras \u00e1reas centrais.<\/p>&nbsp;&nbsp;\n<p>&nbsp;<\/p>\n<p><strong>Sobre a Incofios<\/strong><\/p>\n<p>A Incofios \u00e9 uma empresa l\u00edder no mercado t\u00eaxtil com duas d\u00e9cadas de experi\u00eancia na produ\u00e7\u00e3o de fios 100% algod\u00e3o de alta qualidade. Fundada em 2001, com sede em Indaial, no Vale do Itaja\u00ed, em Santa Catarina, a Incofios \u00e9 uma empresa de esp\u00edrito jovem com vis\u00e3o estrat\u00e9gica sobre seu segmento. Inova\u00e7\u00e3o, tecnologia e respeito aos clientes e colaboradores s\u00e3o a base para o crescimento da marca no mercado. Saiba mais em <a href=\"http:\/\/www.incofios.com.br\/\"><strong>www.incofios.com.br\/<\/strong><\/a>.<\/p>&nbsp;&nbsp;\n<p>&nbsp;<\/p>\n<p>&nbsp;<\/p>\n<p><center><img decoding=\"async\" src=\"data:image\/gif;base64,R0lGODlhAQABAIAAAAAAAP\/\/\/ywAAAAAAQABAAACAUwAOw==\" fifu-lazy=\"1\" fifu-data-sizes=\"auto\" fifu-data-srcset=\"https:\/\/i2.wp.com\/files.pressmanager.net\/clientes\/5ec0512c8be4310903ecbe115074588f\/imagens\/2024\/05\/13\/fd7d8232db5c45466eea4dbf41ec82ba_small.jpg?ssl=1&w=75&resize=75&ssl=1 75w, https:\/\/i2.wp.com\/files.pressmanager.net\/clientes\/5ec0512c8be4310903ecbe115074588f\/imagens\/2024\/05\/13\/fd7d8232db5c45466eea4dbf41ec82ba_small.jpg?ssl=1&w=100&resize=100&ssl=1 100w, https:\/\/i2.wp.com\/files.pressmanager.net\/clientes\/5ec0512c8be4310903ecbe115074588f\/imagens\/2024\/05\/13\/fd7d8232db5c45466eea4dbf41ec82ba_small.jpg?ssl=1&w=150&resize=150&ssl=1 150w, https:\/\/i2.wp.com\/files.pressmanager.net\/clientes\/5ec0512c8be4310903ecbe115074588f\/imagens\/2024\/05\/13\/fd7d8232db5c45466eea4dbf41ec82ba_small.jpg?ssl=1&w=240&resize=240&ssl=1 240w, https:\/\/i2.wp.com\/files.pressmanager.net\/clientes\/5ec0512c8be4310903ecbe115074588f\/imagens\/2024\/05\/13\/fd7d8232db5c45466eea4dbf41ec82ba_small.jpg?ssl=1&w=320&resize=320&ssl=1 320w, https:\/\/i2.wp.com\/files.pressmanager.net\/clientes\/5ec0512c8be4310903ecbe115074588f\/imagens\/2024\/05\/13\/fd7d8232db5c45466eea4dbf41ec82ba_small.jpg?ssl=1&w=500&resize=500&ssl=1 500w, https:\/\/i2.wp.com\/files.pressmanager.net\/clientes\/5ec0512c8be4310903ecbe115074588f\/imagens\/2024\/05\/13\/fd7d8232db5c45466eea4dbf41ec82ba_small.jpg?ssl=1&w=640&resize=640&ssl=1 640w, https:\/\/i2.wp.com\/files.pressmanager.net\/clientes\/5ec0512c8be4310903ecbe115074588f\/imagens\/2024\/05\/13\/fd7d8232db5c45466eea4dbf41ec82ba_small.jpg?ssl=1&w=800&resize=800&ssl=1 800w, https:\/\/i2.wp.com\/files.pressmanager.net\/clientes\/5ec0512c8be4310903ecbe115074588f\/imagens\/2024\/05\/13\/fd7d8232db5c45466eea4dbf41ec82ba_small.jpg?ssl=1&w=1024&resize=1024&ssl=1 1024w, https:\/\/i2.wp.com\/files.pressmanager.net\/clientes\/5ec0512c8be4310903ecbe115074588f\/imagens\/2024\/05\/13\/fd7d8232db5c45466eea4dbf41ec82ba_small.jpg?ssl=1&w=1280&resize=1280&ssl=1 1280w, https:\/\/i2.wp.com\/files.pressmanager.net\/clientes\/5ec0512c8be4310903ecbe115074588f\/imagens\/2024\/05\/13\/fd7d8232db5c45466eea4dbf41ec82ba_small.jpg?ssl=1&w=1600&resize=1600&ssl=1 1600w\" fifu-data-src=\"https:\/\/i2.wp.com\/files.pressmanager.net\/clientes\/5ec0512c8be4310903ecbe115074588f\/imagens\/2024\/05\/13\/fd7d8232db5c45466eea4dbf41ec82ba_small.jpg?ssl=1\" alt=\"Incofios, de SC, apresneta fios de algod\u00e3o de alta qualidade na nova edi\u00e7\u00e3o do ONDM\" border=\"0\" hspace=\"10\" vspace=\"10\" \/> <img decoding=\"async\" src=\"data:image\/gif;base64,R0lGODlhAQABAIAAAAAAAP\/\/\/ywAAAAAAQABAAACAUwAOw==\" fifu-lazy=\"1\" fifu-data-sizes=\"auto\" fifu-data-srcset=\"https:\/\/i3.wp.com\/files.pressmanager.net\/clientes\/5ec0512c8be4310903ecbe115074588f\/imagens\/2024\/05\/13\/f9f7319b2b7029342df1451e13d50913_small.jpg?ssl=1&w=75&resize=75&ssl=1 75w, https:\/\/i3.wp.com\/files.pressmanager.net\/clientes\/5ec0512c8be4310903ecbe115074588f\/imagens\/2024\/05\/13\/f9f7319b2b7029342df1451e13d50913_small.jpg?ssl=1&w=100&resize=100&ssl=1 100w, https:\/\/i3.wp.com\/files.pressmanager.net\/clientes\/5ec0512c8be4310903ecbe115074588f\/imagens\/2024\/05\/13\/f9f7319b2b7029342df1451e13d50913_small.jpg?ssl=1&w=150&resize=150&ssl=1 150w, https:\/\/i3.wp.com\/files.pressmanager.net\/clientes\/5ec0512c8be4310903ecbe115074588f\/imagens\/2024\/05\/13\/f9f7319b2b7029342df1451e13d50913_small.jpg?ssl=1&w=240&resize=240&ssl=1 240w, https:\/\/i3.wp.com\/files.pressmanager.net\/clientes\/5ec0512c8be4310903ecbe115074588f\/imagens\/2024\/05\/13\/f9f7319b2b7029342df1451e13d50913_small.jpg?ssl=1&w=320&resize=320&ssl=1 320w, https:\/\/i3.wp.com\/files.pressmanager.net\/clientes\/5ec0512c8be4310903ecbe115074588f\/imagens\/2024\/05\/13\/f9f7319b2b7029342df1451e13d50913_small.jpg?ssl=1&w=500&resize=500&ssl=1 500w, https:\/\/i3.wp.com\/files.pressmanager.net\/clientes\/5ec0512c8be4310903ecbe115074588f\/imagens\/2024\/05\/13\/f9f7319b2b7029342df1451e13d50913_small.jpg?ssl=1&w=640&resize=640&ssl=1 640w, https:\/\/i3.wp.com\/files.pressmanager.net\/clientes\/5ec0512c8be4310903ecbe115074588f\/imagens\/2024\/05\/13\/f9f7319b2b7029342df1451e13d50913_small.jpg?ssl=1&w=800&resize=800&ssl=1 800w, https:\/\/i3.wp.com\/files.pressmanager.net\/clientes\/5ec0512c8be4310903ecbe115074588f\/imagens\/2024\/05\/13\/f9f7319b2b7029342df1451e13d50913_small.jpg?ssl=1&w=1024&resize=1024&ssl=1 1024w, https:\/\/i3.wp.com\/files.pressmanager.net\/clientes\/5ec0512c8be4310903ecbe115074588f\/imagens\/2024\/05\/13\/f9f7319b2b7029342df1451e13d50913_small.jpg?ssl=1&w=1280&resize=1280&ssl=1 1280w, https:\/\/i3.wp.com\/files.pressmanager.net\/clientes\/5ec0512c8be4310903ecbe115074588f\/imagens\/2024\/05\/13\/f9f7319b2b7029342df1451e13d50913_small.jpg?ssl=1&w=1600&resize=1600&ssl=1 1600w\" fifu-data-src=\"https:\/\/i3.wp.com\/files.pressmanager.net\/clientes\/5ec0512c8be4310903ecbe115074588f\/imagens\/2024\/05\/13\/f9f7319b2b7029342df1451e13d50913_small.jpg?ssl=1\" alt=\"Empresa participa mais uma vez de evento consolidado no segmento t\u00eaxtil\" border=\"0\" hspace=\"10\" vspace=\"10\" \/><br \/>\n<b><\/b><\/center>&nbsp;<\/p>\n<p style=\"font-size: 11pt; border-top: 1px solid #D0D0DD; text-align: center;\">\n<b>Aline Camargo<\/b><br \/>\nJornalista &#8211; Presse Comunica\u00e7\u00e3o<br \/>\n<a href=\"mailto:redacao3@presse.inf.br\">redacao3@presse.inf.br<\/a><br \/>\n(47) 3041-2990 \/ (47) 98915-6186<\/p>\n<p><img decoding=\"async\" src=\"data:image\/gif;base64,R0lGODlhAQABAIAAAAAAAP\/\/\/ywAAAAAAQABAAACAUwAOw==\" fifu-lazy=\"1\" fifu-data-sizes=\"auto\" fifu-data-srcset=\"https:\/\/i3.wp.com\/click.pressmanager.net\/log_leitura_email?envio_id=1667966&did=1258815938&imglog=1&hash=e0285a265907ac2355a0b93cedbbe14c&ssl=1&w=75&resize=75&ssl=1 75w, https:\/\/i3.wp.com\/click.pressmanager.net\/log_leitura_email?envio_id=1667966&did=1258815938&imglog=1&hash=e0285a265907ac2355a0b93cedbbe14c&ssl=1&w=100&resize=100&ssl=1 100w, https:\/\/i3.wp.com\/click.pressmanager.net\/log_leitura_email?envio_id=1667966&did=1258815938&imglog=1&hash=e0285a265907ac2355a0b93cedbbe14c&ssl=1&w=150&resize=150&ssl=1 150w, https:\/\/i3.wp.com\/click.pressmanager.net\/log_leitura_email?envio_id=1667966&did=1258815938&imglog=1&hash=e0285a265907ac2355a0b93cedbbe14c&ssl=1&w=240&resize=240&ssl=1 240w, https:\/\/i3.wp.com\/click.pressmanager.net\/log_leitura_email?envio_id=1667966&did=1258815938&imglog=1&hash=e0285a265907ac2355a0b93cedbbe14c&ssl=1&w=320&resize=320&ssl=1 320w, https:\/\/i3.wp.com\/click.pressmanager.net\/log_leitura_email?envio_id=1667966&did=1258815938&imglog=1&hash=e0285a265907ac2355a0b93cedbbe14c&ssl=1&w=500&resize=500&ssl=1 500w, https:\/\/i3.wp.com\/click.pressmanager.net\/log_leitura_email?envio_id=1667966&did=1258815938&imglog=1&hash=e0285a265907ac2355a0b93cedbbe14c&ssl=1&w=640&resize=640&ssl=1 640w, https:\/\/i3.wp.com\/click.pressmanager.net\/log_leitura_email?envio_id=1667966&did=1258815938&imglog=1&hash=e0285a265907ac2355a0b93cedbbe14c&ssl=1&w=800&resize=800&ssl=1 800w, https:\/\/i3.wp.com\/click.pressmanager.net\/log_leitura_email?envio_id=1667966&did=1258815938&imglog=1&hash=e0285a265907ac2355a0b93cedbbe14c&ssl=1&w=1024&resize=1024&ssl=1 1024w, https:\/\/i3.wp.com\/click.pressmanager.net\/log_leitura_email?envio_id=1667966&did=1258815938&imglog=1&hash=e0285a265907ac2355a0b93cedbbe14c&ssl=1&w=1280&resize=1280&ssl=1 1280w, https:\/\/i3.wp.com\/click.pressmanager.net\/log_leitura_email?envio_id=1667966&did=1258815938&imglog=1&hash=e0285a265907ac2355a0b93cedbbe14c&ssl=1&w=1600&resize=1600&ssl=1 1600w\" fifu-data-src=\"https:\/\/i3.wp.com\/click.pressmanager.net\/log_leitura_email?envio_id=1667966&did=1258815938&imglog=1&hash=e0285a265907ac2355a0b93cedbbe14c&ssl=1\" alt=\"\" \/><\/p>\n","protected":false},"excerpt":{"rendered":"<p>&nbsp; Empresa vai levar os fios de algod\u00e3o de alta qualidade produzidos em SC para&#8230;<\/p>\n","protected":false},"author":1,"featured_media":180263,"comment_status":"closed","ping_status":"closed","sticky":false,"template":"","format":"standard","meta":{"fifu_image_url":"","fifu_image_alt":"","footnotes":""},"categories":[10006,748,7488,727],"tags":[179,4378,2490,3247,735,4437,7666,4433,3270,585,2722,3694,769,4768,1683,1455,75,2475,1896,3271,595,133,3897,3581,3396,2008,2009,1223,775,260,4383,2853,6585,1604,810,3662,3972,2655,140,1150,32,972,2915,7308,6127,58,323,3734,1531,6104,2245,15,4017,2505,1012,779,574,1812,1243,6220,157,6554,3167,3375,460,209,6160,1460,42,1398,4764,12885,6798],"class_list":["post-180071","post","type-post","status-publish","format-standard","has-post-thumbnail","hentry","category-brasileconomia","category-consumidor","category-destaques","category-noticias","tag-acontece","tag-algodao","tag-alta","tag-base","tag-brasil","tag-brasileiro","tag-calendario","tag-cases","tag-centro-de-convencoes","tag-clientes","tag-colaboradores","tag-comercial","tag-compras","tag-compras-online","tag-comunicacao","tag-confeccao","tag-conhecimento","tag-conta","tag-conteudo","tag-convencoes","tag-crescimento","tag-destaque","tag-e","tag-edicao","tag-empreendedores","tag-empresa","tag-empresarios","tag-evento","tag-experiencia","tag-forma","tag-fornecedores","tag-goias","tag-goiania","tag-influenciadores","tag-inovacao","tag-interacao","tag-jovem","tag-lider","tag-marca","tag-marketplace","tag-mercado","tag-moda","tag-negocio","tag-networking","tag-nossos-clientes","tag-noticias","tag-online","tag-oportunidade","tag-organizacao","tag-outras","tag-parceiros","tag-parcerias","tag-presenca","tag-presente","tag-producao","tag-produtos","tag-profissionais","tag-projeto","tag-proximidade","tag-qualidade","tag-relacionamento","tag-santa-catarina","tag-sede","tag-segmento","tag-servicos","tag-setor","tag-sucesso","tag-textil","tag-tecnologia","tag-vale","tag-variedade","tag-verdeamarelo","tag-visao","wpcat-10006-id","wpcat-748-id","wpcat-7488-id","wpcat-727-id"],"_links":{"self":[{"href":"https:\/\/verde-amarelo.net\/verdeamarelo\/wp-json\/wp\/v2\/posts\/180071","targetHints":{"allow":["GET"]}}],"collection":[{"href":"https:\/\/verde-amarelo.net\/verdeamarelo\/wp-json\/wp\/v2\/posts"}],"about":[{"href":"https:\/\/verde-amarelo.net\/verdeamarelo\/wp-json\/wp\/v2\/types\/post"}],"author":[{"embeddable":true,"href":"https:\/\/verde-amarelo.net\/verdeamarelo\/wp-json\/wp\/v2\/users\/1"}],"replies":[{"embeddable":true,"href":"https:\/\/verde-amarelo.net\/verdeamarelo\/wp-json\/wp\/v2\/comments?post=180071"}],"version-history":[{"count":0,"href":"https:\/\/verde-amarelo.net\/verdeamarelo\/wp-json\/wp\/v2\/posts\/180071\/revisions"}],"wp:featuredmedia":[{"embeddable":true,"href":"https:\/\/verde-amarelo.net\/verdeamarelo\/wp-json\/wp\/v2\/media\/180263"}],"wp:attachment":[{"href":"https:\/\/verde-amarelo.net\/verdeamarelo\/wp-json\/wp\/v2\/media?parent=180071"}],"wp:term":[{"taxonomy":"category","embeddable":true,"href":"https:\/\/verde-amarelo.net\/verdeamarelo\/wp-json\/wp\/v2\/categories?post=180071"},{"taxonomy":"post_tag","embeddable":true,"href":"https:\/\/verde-amarelo.net\/verdeamarelo\/wp-json\/wp\/v2\/tags?post=180071"}],"curies":[{"name":"wp","href":"https:\/\/api.w.org\/{rel}","templated":true}]}}