{"id":186459,"date":"2024-06-12T17:17:21","date_gmt":"2024-06-12T20:17:21","guid":{"rendered":"https:\/\/verde-amarelo.net\/verdeamarelo\/?p=186459"},"modified":"2024-06-12T17:43:29","modified_gmt":"2024-06-12T20:43:29","slug":"palestra-sobre-virginia-woolf-encerra-a-exposicao-uma-casa-toda-sua-na-casa-museu-eva-klabin","status":"publish","type":"post","link":"https:\/\/verde-amarelo.net\/verdeamarelo\/2024\/06\/palestra-sobre-virginia-woolf-encerra-a-exposicao-uma-casa-toda-sua-na-casa-museu-eva-klabin\/","title":{"rendered":"Palestra sobre Virginia Woolf encerra a exposi\u00e7\u00e3o &#8220;Uma Casa Toda Sua&#8221;, na Casa Museu Eva Klabin"},"content":{"rendered":"<p><!-- [if mso | IE]>\n\n\n<table align=\"center\" border=\"0\" cellpadding=\"0\" cellspacing=\"0\" class=\"cols_1-outlook 1697474517808-outlook ip-section-outlook\" role=\"presentation\" style=\"width:600px;\" width=\"600\" bgcolor=\"#ffffff\" >\n\n\n<tr>\n\n\n<td style=\"line-height:0px;font-size:0px;mso-line-height-rule:exactly;\"><![endif]--><\/p>\n<p><!-- [if mso | IE]>\n\n\n<table role=\"presentation\" border=\"0\" cellpadding=\"0\" cellspacing=\"0\">\n\n\n<tr>\n\n\n<td class=\"ip-column-outlook -outlook\" style=\"vertical-align:top;width:592px;\" ><![endif]--><\/p>\n<p><img decoding=\"async\" src=\"data:image\/gif;base64,R0lGODlhAQABAIAAAAAAAP\/\/\/ywAAAAAAQABAAACAUwAOw==\" fifu-lazy=\"1\" fifu-data-sizes=\"auto\" fifu-data-srcset=\"https:\/\/i3.wp.com\/cseprs3.s3.amazonaws.com\/email-editor-files\/8a986c88-81e1-48e4-5cfd-08dab69030a2\/844fcc22-a996-4ab3-83bf-898e9bf6f506.png?ssl=1&w=75&resize=75&ssl=1 75w, https:\/\/i3.wp.com\/cseprs3.s3.amazonaws.com\/email-editor-files\/8a986c88-81e1-48e4-5cfd-08dab69030a2\/844fcc22-a996-4ab3-83bf-898e9bf6f506.png?ssl=1&w=100&resize=100&ssl=1 100w, https:\/\/i3.wp.com\/cseprs3.s3.amazonaws.com\/email-editor-files\/8a986c88-81e1-48e4-5cfd-08dab69030a2\/844fcc22-a996-4ab3-83bf-898e9bf6f506.png?ssl=1&w=150&resize=150&ssl=1 150w, https:\/\/i3.wp.com\/cseprs3.s3.amazonaws.com\/email-editor-files\/8a986c88-81e1-48e4-5cfd-08dab69030a2\/844fcc22-a996-4ab3-83bf-898e9bf6f506.png?ssl=1&w=240&resize=240&ssl=1 240w, https:\/\/i3.wp.com\/cseprs3.s3.amazonaws.com\/email-editor-files\/8a986c88-81e1-48e4-5cfd-08dab69030a2\/844fcc22-a996-4ab3-83bf-898e9bf6f506.png?ssl=1&w=320&resize=320&ssl=1 320w, https:\/\/i3.wp.com\/cseprs3.s3.amazonaws.com\/email-editor-files\/8a986c88-81e1-48e4-5cfd-08dab69030a2\/844fcc22-a996-4ab3-83bf-898e9bf6f506.png?ssl=1&w=500&resize=500&ssl=1 500w, https:\/\/i3.wp.com\/cseprs3.s3.amazonaws.com\/email-editor-files\/8a986c88-81e1-48e4-5cfd-08dab69030a2\/844fcc22-a996-4ab3-83bf-898e9bf6f506.png?ssl=1&w=640&resize=640&ssl=1 640w, https:\/\/i3.wp.com\/cseprs3.s3.amazonaws.com\/email-editor-files\/8a986c88-81e1-48e4-5cfd-08dab69030a2\/844fcc22-a996-4ab3-83bf-898e9bf6f506.png?ssl=1&w=800&resize=800&ssl=1 800w, https:\/\/i3.wp.com\/cseprs3.s3.amazonaws.com\/email-editor-files\/8a986c88-81e1-48e4-5cfd-08dab69030a2\/844fcc22-a996-4ab3-83bf-898e9bf6f506.png?ssl=1&w=1024&resize=1024&ssl=1 1024w, https:\/\/i3.wp.com\/cseprs3.s3.amazonaws.com\/email-editor-files\/8a986c88-81e1-48e4-5cfd-08dab69030a2\/844fcc22-a996-4ab3-83bf-898e9bf6f506.png?ssl=1&w=1280&resize=1280&ssl=1 1280w, https:\/\/i3.wp.com\/cseprs3.s3.amazonaws.com\/email-editor-files\/8a986c88-81e1-48e4-5cfd-08dab69030a2\/844fcc22-a996-4ab3-83bf-898e9bf6f506.png?ssl=1&w=1600&resize=1600&ssl=1 1600w\" style=\"border: none; border-radius: 0px; display: block; outline: none; text-decoration: none; height: auto; width: 100%; font-size: 13px;\" title=\"\" fifu-data-src=\"https:\/\/i3.wp.com\/cseprs3.s3.amazonaws.com\/email-editor-files\/8a986c88-81e1-48e4-5cfd-08dab69030a2\/844fcc22-a996-4ab3-83bf-898e9bf6f506.png?ssl=1\" alt=\"\" width=\"130\" height=\"auto\" \/><\/p>\n<p><!-- [if mso | IE]><\/td>\n\n\n<\/tr>\n\n\n<\/table>\n\n\n<![endif]--><\/p>\n<p><!-- [if mso | IE]><\/td>\n\n\n<\/tr>\n\n\n<\/table>\n\n\n\n\n<table align=\"center\" border=\"0\" cellpadding=\"0\" cellspacing=\"0\" class=\"cols_1-outlook 1697474519262-outlook ip-section-outlook\" role=\"presentation\" style=\"width:600px;\" width=\"600\" bgcolor=\"#ffffff\" >\n\n\n<tr>\n\n\n<td style=\"line-height:0px;font-size:0px;mso-line-height-rule:exactly;\"><![endif]--><\/p>\n<p><!-- [if mso | IE]>\n\n\n<table role=\"presentation\" border=\"0\" cellpadding=\"0\" cellspacing=\"0\">\n\n\n<tr>\n\n\n<td class=\"ip-column-outlook -outlook\" style=\"vertical-align:top;width:592px;\" ><![endif]--><\/p>\n<p><!-- htmlmin:ignore --><\/p>\n<p class=\"ql-align-center\" style=\"margin: 0; text-align: center;\"><strong style=\"background-color: transparent;\">\u00a0<\/strong><\/p>\n<p><!-- htmlmin:ignore --><\/p>\n<p><!-- htmlmin:ignore --><\/p>\n<p class=\"ql-align-center\" style=\"margin: 0; text-align: center;\"><strong style=\"background-color: transparent;\"><em>O projeto recebe o professor Dr. Vitor Alevato do Amaral no dia 13 de junho em &#8220;Uma palavra t\u00e3o vaga quanto a vida&#8221;<\/em><\/strong><\/p>\n<p><!-- htmlmin:ignore --><\/p>\n<p><!-- [if mso | IE]><\/td>\n\n\n<\/tr>\n\n\n<\/table>\n\n\n<![endif]--><\/p>\n<p><!-- [if mso | IE]><\/td>\n\n\n<\/tr>\n\n\n<\/table>\n\n\n\n\n<table align=\"center\" border=\"0\" cellpadding=\"0\" cellspacing=\"0\" class=\"cols_1-outlook 1697474520750-outlook ip-section-outlook\" role=\"presentation\" style=\"width:600px;\" width=\"600\" bgcolor=\"#ffffff\" >\n\n\n<tr>\n\n\n<td style=\"line-height:0px;font-size:0px;mso-line-height-rule:exactly;\"><![endif]--><\/p>\n<p><!-- [if mso | IE]>\n\n\n<table role=\"presentation\" border=\"0\" cellpadding=\"0\" cellspacing=\"0\">\n\n\n<tr>\n\n\n<td class=\"ip-column-outlook -outlook\" style=\"vertical-align:top;width:592px;\" ><![endif]--><\/p>\n<p><img decoding=\"async\" src=\"data:image\/gif;base64,R0lGODlhAQABAIAAAAAAAP\/\/\/ywAAAAAAQABAAACAUwAOw==\" fifu-lazy=\"1\" fifu-data-sizes=\"auto\" fifu-data-srcset=\"https:\/\/i3.wp.com\/cseprs3.s3.amazonaws.com\/email-editor-files\/8a986c88-81e1-48e4-5cfd-08dab69030a2\/01f5d19d-245f-4bf0-ac22-f3fd0d89123b.jpeg?ssl=1&w=75&resize=75&ssl=1 75w, https:\/\/i3.wp.com\/cseprs3.s3.amazonaws.com\/email-editor-files\/8a986c88-81e1-48e4-5cfd-08dab69030a2\/01f5d19d-245f-4bf0-ac22-f3fd0d89123b.jpeg?ssl=1&w=100&resize=100&ssl=1 100w, https:\/\/i3.wp.com\/cseprs3.s3.amazonaws.com\/email-editor-files\/8a986c88-81e1-48e4-5cfd-08dab69030a2\/01f5d19d-245f-4bf0-ac22-f3fd0d89123b.jpeg?ssl=1&w=150&resize=150&ssl=1 150w, https:\/\/i3.wp.com\/cseprs3.s3.amazonaws.com\/email-editor-files\/8a986c88-81e1-48e4-5cfd-08dab69030a2\/01f5d19d-245f-4bf0-ac22-f3fd0d89123b.jpeg?ssl=1&w=240&resize=240&ssl=1 240w, https:\/\/i3.wp.com\/cseprs3.s3.amazonaws.com\/email-editor-files\/8a986c88-81e1-48e4-5cfd-08dab69030a2\/01f5d19d-245f-4bf0-ac22-f3fd0d89123b.jpeg?ssl=1&w=320&resize=320&ssl=1 320w, https:\/\/i3.wp.com\/cseprs3.s3.amazonaws.com\/email-editor-files\/8a986c88-81e1-48e4-5cfd-08dab69030a2\/01f5d19d-245f-4bf0-ac22-f3fd0d89123b.jpeg?ssl=1&w=500&resize=500&ssl=1 500w, https:\/\/i3.wp.com\/cseprs3.s3.amazonaws.com\/email-editor-files\/8a986c88-81e1-48e4-5cfd-08dab69030a2\/01f5d19d-245f-4bf0-ac22-f3fd0d89123b.jpeg?ssl=1&w=640&resize=640&ssl=1 640w, https:\/\/i3.wp.com\/cseprs3.s3.amazonaws.com\/email-editor-files\/8a986c88-81e1-48e4-5cfd-08dab69030a2\/01f5d19d-245f-4bf0-ac22-f3fd0d89123b.jpeg?ssl=1&w=800&resize=800&ssl=1 800w, https:\/\/i3.wp.com\/cseprs3.s3.amazonaws.com\/email-editor-files\/8a986c88-81e1-48e4-5cfd-08dab69030a2\/01f5d19d-245f-4bf0-ac22-f3fd0d89123b.jpeg?ssl=1&w=1024&resize=1024&ssl=1 1024w, https:\/\/i3.wp.com\/cseprs3.s3.amazonaws.com\/email-editor-files\/8a986c88-81e1-48e4-5cfd-08dab69030a2\/01f5d19d-245f-4bf0-ac22-f3fd0d89123b.jpeg?ssl=1&w=1280&resize=1280&ssl=1 1280w, https:\/\/i3.wp.com\/cseprs3.s3.amazonaws.com\/email-editor-files\/8a986c88-81e1-48e4-5cfd-08dab69030a2\/01f5d19d-245f-4bf0-ac22-f3fd0d89123b.jpeg?ssl=1&w=1600&resize=1600&ssl=1 1600w\" style=\"border: none; border-radius: 0px; display: block; outline: none; text-decoration: none; height: auto; width: 100%; font-size: 13px;\" title=\"\" fifu-data-src=\"https:\/\/i3.wp.com\/cseprs3.s3.amazonaws.com\/email-editor-files\/8a986c88-81e1-48e4-5cfd-08dab69030a2\/01f5d19d-245f-4bf0-ac22-f3fd0d89123b.jpeg?ssl=1\" alt=\"\" width=\"400\" height=\"auto\" \/><\/p>\n<p><!-- htmlmin:ignore --><\/p>\n<p class=\"ql-align-center\" style=\"margin: 0; text-align: center;\">Obra de Claudia Hersz integra a exposi\u00e7\u00e3o &#8220;Uma Casa Toda Sua&#8221; (<a style=\"background-color: transparent; color: #1155cc;\" href=\"https:\/\/click.cse360.com.br\/Click\/AddCampaignEmailClick\/5f0e93fa-48da-41b8-a08b-08dc84ade30c\/https%253a%252f%252fdrive.google.com%252fdrive%252ffolders%252f1W--qr_qaIHGR6altNj4naxlI_ajgb-1d\/83288b97-4297-4165-cec0-08d7c5ff26d1\/redacao@redepress.com.br\/True\" target=\"_blank\" rel=\"noopener noreferrer\">Foto<\/a>: Divulga\u00e7\u00e3o)<\/p>\n<p><!-- htmlmin:ignore --><\/p>\n<p><!-- [if mso | IE]><\/td>\n\n\n<\/tr>\n\n\n<\/table>\n\n\n<![endif]--><\/p>\n<p><!-- [if mso | IE]><\/td>\n\n\n<\/tr>\n\n\n<\/table>\n\n\n\n\n<table align=\"center\" border=\"0\" cellpadding=\"0\" cellspacing=\"0\" class=\"cols_1-outlook 1697474522407-outlook ip-section-outlook\" role=\"presentation\" style=\"width:600px;\" width=\"600\" bgcolor=\"#ffffff\" >\n\n\n<tr>\n\n\n<td style=\"line-height:0px;font-size:0px;mso-line-height-rule:exactly;\"><![endif]--><\/p>\n<p><!-- [if mso | IE]>\n\n\n<table role=\"presentation\" border=\"0\" cellpadding=\"0\" cellspacing=\"0\">\n\n\n<tr>\n\n\n<td class=\"ip-column-outlook -outlook\" style=\"vertical-align:top;width:592px;\" ><![endif]--><\/p>\n<p><!-- htmlmin:ignore --><\/p>\n<p class=\"ql-align-justify\" style=\"margin: 0; text-align: justify;\">O professor<strong style=\"background-color: transparent;\"> Dr. Vitor Alevato do Amaral<\/strong>, do departamento de Letras da UFF, vai ministrar a palestra <strong style=\"background-color: transparent;\">&#8220;Uma palavra t\u00e3o vaga quanto a vida: uma conversa sobre Virginia Woolf&#8221;<\/strong>, na pr\u00f3xima <strong style=\"background-color: transparent;\">quinta-feira (13), \u00e0s 17h, na Casa Museu Eva Klabin<\/strong>. A atividade encerra a exposi\u00e7\u00e3o<strong style=\"background-color: transparent;\"> \u201cUma Casa Toda Sua\u201d<\/strong>, inspirada na obra \u201cUm Teto Todo Seu\u201d, de Virginia Woolf. Desde abril, a mostra, com a curadoria de<strong style=\"background-color: transparent;\"> Isabel Portella,<\/strong> prop\u00f5e um di\u00e1logo po\u00e9tico e introspectivo entre o trabalho de catorze artistas mulheres. Antes do debate, \u00e0s 16h, haver\u00e1 uma visita guiada com a curadora da exposi\u00e7\u00e3o.<\/p>&nbsp;&nbsp;\n<p class=\"ql-align-justify\" style=\"margin: 0; text-align: justify;\">\n<p class=\"ql-align-justify\" style=\"margin: 0; text-align: justify;\"><em style=\"background-color: transparent;\">\u201cO que proponho \u00e9 uma exposi\u00e7\u00e3o s\u00f3 com artistas mulheres independentes. M\u00e3es solo, mulheres negras, l\u00e9sbicas, trans, perif\u00e9ricas, deficientes, idosas e mulheres livres, que fazem seus trabalhos com garra e for\u00e7a, independentes de cr\u00edticas e do mundo f\u00e1lico dos curadores homens que habitam o nosso cen\u00e1rio art\u00edstico atual\u201d<\/em>, explica Isabel Portella.<\/p>&nbsp;&nbsp;\n<p class=\"ql-align-justify\" style=\"margin: 0; text-align: justify;\">\n<p class=\"ql-align-justify\" style=\"margin: 0; text-align: justify;\">\u201cUma Casa Toda Sua\u201d foi inspirada no livro &#8220;Um Teto Todo Seu&#8221;, publicado por Woolf em 1929. Nos textos, a autora reflete sobre as condi\u00e7\u00f5es femininas no \u00e2mbito social, profissional, liter\u00e1rio e psicol\u00f3gico daquela \u00e9poca, abrindo espa\u00e7o para incont\u00e1veis conversas sobre o lugar da mulher na sociedade e se consolidando como um marco do feminismo do s\u00e9culo XX. A exposi\u00e7\u00e3o \u00e9 realizada pelo Minist\u00e9rio da Cultura e produzida pela AREA27. Conta ainda com o apoio da Atlantis e com o patroc\u00ednio da Klabin S.A, e pode ser visitada at\u00e9 quarta-feira, dia 13 de junho, na <strong style=\"background-color: transparent;\">Casa Museu Eva Klabin, das 14h \u00e0s 18h, com entrada gratuita.<\/strong><\/p>\n<p><!-- htmlmin:ignore --><\/p>\n<p><img decoding=\"async\" src=\"data:image\/gif;base64,R0lGODlhAQABAIAAAAAAAP\/\/\/ywAAAAAAQABAAACAUwAOw==\" fifu-lazy=\"1\" fifu-data-sizes=\"auto\" fifu-data-srcset=\"https:\/\/i3.wp.com\/cseprs3.s3.amazonaws.com\/email-editor-files\/8a986c88-81e1-48e4-5cfd-08dab69030a2\/a342bee0-b186-4333-9b6f-e158cfd11ed6.jpeg?ssl=1&w=75&resize=75&ssl=1 75w, https:\/\/i3.wp.com\/cseprs3.s3.amazonaws.com\/email-editor-files\/8a986c88-81e1-48e4-5cfd-08dab69030a2\/a342bee0-b186-4333-9b6f-e158cfd11ed6.jpeg?ssl=1&w=100&resize=100&ssl=1 100w, https:\/\/i3.wp.com\/cseprs3.s3.amazonaws.com\/email-editor-files\/8a986c88-81e1-48e4-5cfd-08dab69030a2\/a342bee0-b186-4333-9b6f-e158cfd11ed6.jpeg?ssl=1&w=150&resize=150&ssl=1 150w, https:\/\/i3.wp.com\/cseprs3.s3.amazonaws.com\/email-editor-files\/8a986c88-81e1-48e4-5cfd-08dab69030a2\/a342bee0-b186-4333-9b6f-e158cfd11ed6.jpeg?ssl=1&w=240&resize=240&ssl=1 240w, https:\/\/i3.wp.com\/cseprs3.s3.amazonaws.com\/email-editor-files\/8a986c88-81e1-48e4-5cfd-08dab69030a2\/a342bee0-b186-4333-9b6f-e158cfd11ed6.jpeg?ssl=1&w=320&resize=320&ssl=1 320w, https:\/\/i3.wp.com\/cseprs3.s3.amazonaws.com\/email-editor-files\/8a986c88-81e1-48e4-5cfd-08dab69030a2\/a342bee0-b186-4333-9b6f-e158cfd11ed6.jpeg?ssl=1&w=500&resize=500&ssl=1 500w, https:\/\/i3.wp.com\/cseprs3.s3.amazonaws.com\/email-editor-files\/8a986c88-81e1-48e4-5cfd-08dab69030a2\/a342bee0-b186-4333-9b6f-e158cfd11ed6.jpeg?ssl=1&w=640&resize=640&ssl=1 640w, https:\/\/i3.wp.com\/cseprs3.s3.amazonaws.com\/email-editor-files\/8a986c88-81e1-48e4-5cfd-08dab69030a2\/a342bee0-b186-4333-9b6f-e158cfd11ed6.jpeg?ssl=1&w=800&resize=800&ssl=1 800w, https:\/\/i3.wp.com\/cseprs3.s3.amazonaws.com\/email-editor-files\/8a986c88-81e1-48e4-5cfd-08dab69030a2\/a342bee0-b186-4333-9b6f-e158cfd11ed6.jpeg?ssl=1&w=1024&resize=1024&ssl=1 1024w, https:\/\/i3.wp.com\/cseprs3.s3.amazonaws.com\/email-editor-files\/8a986c88-81e1-48e4-5cfd-08dab69030a2\/a342bee0-b186-4333-9b6f-e158cfd11ed6.jpeg?ssl=1&w=1280&resize=1280&ssl=1 1280w, https:\/\/i3.wp.com\/cseprs3.s3.amazonaws.com\/email-editor-files\/8a986c88-81e1-48e4-5cfd-08dab69030a2\/a342bee0-b186-4333-9b6f-e158cfd11ed6.jpeg?ssl=1&w=1600&resize=1600&ssl=1 1600w\" style=\"border: none; border-radius: 0px; display: block; outline: none; text-decoration: none; height: auto; width: 100%; font-size: 13px;\" title=\"\" fifu-data-src=\"https:\/\/i3.wp.com\/cseprs3.s3.amazonaws.com\/email-editor-files\/8a986c88-81e1-48e4-5cfd-08dab69030a2\/a342bee0-b186-4333-9b6f-e158cfd11ed6.jpeg?ssl=1\" alt=\"\" width=\"400\" height=\"auto\" \/><\/p>\n<p><!-- htmlmin:ignore --><\/p>\n<p class=\"ql-align-justify\" style=\"margin: 0; text-align: justify;\"><strong style=\"background-color: transparent;\">SERVI\u00c7O:<\/strong><\/p>\n<p class=\"ql-align-justify\" style=\"margin: 0; text-align: justify;\">Uma Casa Toda Sua:<\/p>\n<p class=\"ql-align-justify\" style=\"margin: 0; text-align: justify;\">Dia: 13 de junho<\/p>\n<p class=\"ql-align-justify\" style=\"margin: 0; text-align: justify;\">Visita\u00e7\u00e3o com a curadora: 16h<\/p>\n<p class=\"ql-align-justify\" style=\"margin: 0; text-align: justify;\">Palestra com Dr. Vitor Alevato do Amaral: 17h<\/p>\n<p class=\"ql-align-justify\" style=\"margin: 0; text-align: justify;\">Local: Casa Museu Eva Klabin (Av. Epit\u00e1cio Pessoa, 2480 &#8211; Lagoa)<\/p>\n<p class=\"ql-align-justify\" style=\"margin: 0; text-align: justify;\">Entrada gratuita<\/p>\n<p class=\"ql-align-justify\" style=\"margin: 0; text-align: justify;\">Classifica\u00e7\u00e3o livre<\/p>\n<p style=\"margin: 0;\">\n<p style=\"margin: 0;\"><strong style=\"background-color: transparent;\">Sobre a Casa Museu Eva Klabin:<\/strong><\/p>\n<p class=\"ql-align-justify\" style=\"margin: 0; text-align: justify;\">Uma das primeiras resid\u00eancias da Lagoa Rodrigo de Freitas, a Casa Museu Eva Klabin re\u00fane mais de duas mil obras que cobrem um arco de tempo de cinco mil anos, desde o Antigo Egito (3000 a.c.) ao impressionismo, passando pelas mais diferentes civiliza\u00e7\u00f5es. A cole\u00e7\u00e3o abrange pinturas, esculturas, mobili\u00e1rio e objetos de arte decorativa e est\u00e1 em exposi\u00e7\u00e3o permanente e aberta ao p\u00fablico na resid\u00eancia em que a colecionadora viveu por mais de 30 anos. A Casa oferece programa\u00e7\u00e3o cultural variada, que inclui, al\u00e9m das visitas ao acervo, exposi\u00e7\u00f5es tempor\u00e1rias de artistas contempor\u00e2neos, oficinas, cursos e confer\u00eancias para adultos e crian\u00e7as. Enquanto refer\u00eancia no calend\u00e1rio cultural do Rio de Janeiro, a programa\u00e7\u00e3o musical conta com a s\u00e9rie Concertos de Eva, com os Concertinhos de Eva, dedicados ao p\u00fablico infantil, e com os shows de Nova MPB no jardim. Espa\u00e7o de troca de ideias e aprendizados no presente, a Casa Museu mant\u00e9m um di\u00e1logo constante com o passado e encontra sua originalidade na combina\u00e7\u00e3o entre o cl\u00e1ssico e o contempor\u00e2neo.<\/p>&nbsp;&nbsp;\n<p class=\"ql-align-justify\" style=\"margin: 0; text-align: justify;\">\n<p><!-- htmlmin:ignore --><\/p>\n<p><!-- [if mso | IE]><\/td>\n\n\n<\/tr>\n\n\n<\/table>\n\n\n<![endif]--><\/p>\n<p><!-- [if mso | IE]><\/td>\n\n\n<\/tr>\n\n\n<\/table>\n\n\n\n\n<table align=\"center\" border=\"0\" cellpadding=\"0\" cellspacing=\"0\" class=\"cols_1-outlook 1697474524053-outlook ip-section-outlook\" role=\"presentation\" style=\"width:600px;\" width=\"600\" bgcolor=\"#ffffff\" >\n\n\n<tr>\n\n\n<td style=\"line-height:0px;font-size:0px;mso-line-height-rule:exactly;\"><![endif]--><\/p>\n<p><!-- [if mso | IE]>\n\n\n<table role=\"presentation\" border=\"0\" cellpadding=\"0\" cellspacing=\"0\">\n\n\n<tr>\n\n\n<td class=\"ip-column-outlook -outlook\" style=\"vertical-align:top;width:592px;\" ><![endif]--><\/p>\n<p>&nbsp;<\/p>\n<p><!-- [if mso | IE]><\/td>\n\n\n<\/tr>\n\n\n<\/table>\n\n\n<![endif]--><\/p>\n<p><!-- [if mso | IE]><\/td>\n\n\n<\/tr>\n\n\n<\/table>\n\n\n<![endif]--><\/p>\n<p><img decoding=\"async\" src=\"data:image\/gif;base64,R0lGODlhAQABAIAAAAAAAP\/\/\/ywAAAAAAQABAAACAUwAOw==\" fifu-lazy=\"1\" fifu-data-sizes=\"auto\" fifu-data-srcset=\"https:&lt;a href= 75w, https:&lt;a href= 100w, https:&lt;a href= 150w, https:&lt;a href= 240w, https:&lt;a href= 320w, https:&lt;a href= 500w, https:&lt;a href= 640w, https:&lt;a href= 800w, https:&lt;a href= 1024w, https:&lt;a href= 1280w, https:&lt;a href= 1600w\" fifu-data-src=\"https:&lt;a href=\" \/>Registro: 5f0e93fa-48da-41b8-a08b-08dc84ade30c\/83288b97-4297-4165-cec0-08d7c5ff26d1\/redacao@redepress.com.br\/True&#8221; style=&#8221;visibility:hidden;&#8221;&gt;<\/p>\n<p style=\"font-size: 11px; text-align: center;\">Registro: 5f0e93fa-48da-41b8-a08b-08dc84ade30c\/83288b97-4297-4165-cec0-08d7c5ff26d1.<\/p>&nbsp;&nbsp;\n","protected":false},"excerpt":{"rendered":"<p>\u00a0 O projeto recebe o professor Dr. Vitor Alevato do Amaral no dia 13 de&#8230;<\/p>\n","protected":false},"author":1,"featured_media":0,"comment_status":"closed","ping_status":"closed","sticky":false,"template":"","format":"standard","meta":{"fifu_image_url":"","fifu_image_alt":"","footnotes":""},"categories":[7489,7490,727],"tags":[5461,1888,3743,3505,7666,2425,4241,8530,1951,2475,1405,715,3778,1363,4591,1739,8391,3897,4301,4273,7604,3714,1478,313,1122,1714,8411,2810,3457,1761,1738,707,2921,58,3555,8335,3243,5334,3265,2673,1780,169,2505,8529,177,341,1812,6030,3650,3363,717,372,718,3308,4057,152,2924,2944,12885],"class_list":["post-186459","post","type-post","status-publish","format-standard","hentry","category-conhecimento","category-cultura","category-noticias","tag-amaral","tag-apoio","tag-arte","tag-c","tag-calendario","tag-casa","tag-classico","tag-classificacao","tag-colecao","tag-conta","tag-criancas","tag-cultura","tag-curadoria","tag-cursos","tag-debate","tag-dia","tag-dialogo","tag-e","tag-exposicao","tag-feira","tag-feminismo","tag-homens","tag-infantil","tag-inscricao","tag-klabin","tag-livro","tag-marco","tag-ministerio","tag-mpb","tag-mulher","tag-mulheres","tag-mundo","tag-negras","tag-noticias","tag-nova","tag-obra","tag-obras","tag-palestra","tag-publico","tag-publico-infantil","tag-patrocinio","tag-permanente","tag-presente","tag-professor","tag-profissional","tag-programacao","tag-projeto","tag-redepress","tag-residencia","tag-rio","tag-rio-de-janeiro","tag-servico","tag-shows","tag-social","tag-sociedade","tag-trabalho","tag-trans","tag-vaga","tag-verdeamarelo","wpcat-7489-id","wpcat-7490-id","wpcat-727-id"],"_links":{"self":[{"href":"https:\/\/verde-amarelo.net\/verdeamarelo\/wp-json\/wp\/v2\/posts\/186459","targetHints":{"allow":["GET"]}}],"collection":[{"href":"https:\/\/verde-amarelo.net\/verdeamarelo\/wp-json\/wp\/v2\/posts"}],"about":[{"href":"https:\/\/verde-amarelo.net\/verdeamarelo\/wp-json\/wp\/v2\/types\/post"}],"author":[{"embeddable":true,"href":"https:\/\/verde-amarelo.net\/verdeamarelo\/wp-json\/wp\/v2\/users\/1"}],"replies":[{"embeddable":true,"href":"https:\/\/verde-amarelo.net\/verdeamarelo\/wp-json\/wp\/v2\/comments?post=186459"}],"version-history":[{"count":0,"href":"https:\/\/verde-amarelo.net\/verdeamarelo\/wp-json\/wp\/v2\/posts\/186459\/revisions"}],"wp:attachment":[{"href":"https:\/\/verde-amarelo.net\/verdeamarelo\/wp-json\/wp\/v2\/media?parent=186459"}],"wp:term":[{"taxonomy":"category","embeddable":true,"href":"https:\/\/verde-amarelo.net\/verdeamarelo\/wp-json\/wp\/v2\/categories?post=186459"},{"taxonomy":"post_tag","embeddable":true,"href":"https:\/\/verde-amarelo.net\/verdeamarelo\/wp-json\/wp\/v2\/tags?post=186459"}],"curies":[{"name":"wp","href":"https:\/\/api.w.org\/{rel}","templated":true}]}}