{"id":187565,"date":"2024-06-21T09:29:32","date_gmt":"2024-06-21T12:29:32","guid":{"rendered":"https:\/\/verde-amarelo.net\/verdeamarelo\/?p=187565"},"modified":"2024-06-21T13:33:31","modified_gmt":"2024-06-21T16:33:31","slug":"o-que-sao-empresas-juniores-e-como-elas-podem-ajudar-o-seu-negocio-2","status":"publish","type":"post","link":"https:\/\/verde-amarelo.net\/verdeamarelo\/2024\/06\/o-que-sao-empresas-juniores-e-como-elas-podem-ajudar-o-seu-negocio-2\/","title":{"rendered":"O que s\u00e3o empresas juniores e como elas podem ajudar o seu neg\u00f3cio?"},"content":{"rendered":"<p><!-- [if mso | IE]>\n\n\n<table align=\"center\" border=\"0\" cellpadding=\"0\" cellspacing=\"0\" class=\"cols_1-outlook 1707246064925-outlook ip-section-outlook\" role=\"presentation\" style=\"width:600px;\" width=\"600\" bgcolor=\"#ffffff\" >\n\n\n<tr>\n\n\n<td style=\"line-height:0px;font-size:0px;mso-line-height-rule:exactly;\"><![endif]--><\/p>\n<p><!-- [if mso | IE]>\n\n\n<table role=\"presentation\" border=\"0\" cellpadding=\"0\" cellspacing=\"0\">\n\n\n<tr>\n\n\n<td class=\"ip-column-outlook -outlook\" style=\"vertical-align:top;width:592px;\" ><![endif]--><\/p>\n<p><!-- htmlmin:ignore --><\/p>\n<p class=\"ql-align-justify\" style=\"margin: 0; text-align: justify;\">\n<p class=\"ql-align-justify\" style=\"margin: 0; text-align: justify;\">\n<p class=\"ql-align-center\" style=\"margin: 0; text-align: center;\">\n<p><!-- htmlmin:ignore --><\/p>\n<p><!-- htmlmin:ignore --><\/p>\n<p class=\"ql-align-center\" style=\"margin: 0; text-align: center;\"><em>Empresas juniores s\u00e3o organiza\u00e7\u00f5es formadas por universit\u00e1rios que oferecem servi\u00e7os de consultoria a pre\u00e7os acess\u00edveis. Elias Gabriel, Presidente Executivo da Brasil J\u00fanior, esclarece como essas empresas podem fortalecer pequenos neg\u00f3cios e contribuir para a forma\u00e7\u00e3o profissional dos estudantes<\/em>.<\/p>&nbsp;&nbsp;\n<p><!-- htmlmin:ignore --><\/p>\n<p><!-- htmlmin:ignore --><\/p>\n<p class=\"ql-align-justify\" style=\"margin: 0; text-align: justify;\">Muitos pequenos empres\u00e1rios ainda n\u00e3o conhecem o potencial das empresas juniores. Formadas por universit\u00e1rios, essas organiza\u00e7\u00f5es oferecem servi\u00e7os de consultoria e desenvolvimento de projetos a pre\u00e7os acess\u00edveis, fortalecendo tanto os neg\u00f3cios quanto a forma\u00e7\u00e3o acad\u00eamica dos estudantes.<\/p>&nbsp;&nbsp;\n<p class=\"ql-align-justify\" style=\"margin: 0; text-align: justify;\">\n<p class=\"ql-align-justify\" style=\"margin: 0; text-align: justify;\">Selecionamos algumas informa\u00e7\u00f5es importantes para esclarecer o funcionamento e os benef\u00edcios dessas organiza\u00e7\u00f5es.<\/p>&nbsp;&nbsp;\n<p class=\"ql-align-justify\" style=\"margin: 0; text-align: justify;\">\n<p class=\"ql-align-justify\" style=\"margin: 0; text-align: justify;\"><strong>1. O que \u00e9 uma empresa j\u00fanior?<\/strong><\/p>\n<p class=\"ql-align-justify\" style=\"margin: 0; text-align: justify;\">Uma empresa j\u00fanior \u00e9 uma organiza\u00e7\u00e3o sem fins lucrativos, formada e gerida por universit\u00e1rios. Seu objetivo \u00e9 proporcionar experi\u00eancia pr\u00e1tica nas \u00e1reas de estudo dos estudantes. Elas oferecem servi\u00e7os de consultoria e desenvolvimento de projetos para empresas, entidades e a sociedade em geral.<\/p>&nbsp;&nbsp;\n<p class=\"ql-align-justify\" style=\"margin: 0; text-align: justify;\">\n<p class=\"ql-align-justify\" style=\"margin: 0; text-align: justify;\"><strong>2. Funcionamento das empresas juniores:<\/strong><\/p>\n<p class=\"ql-align-justify\" style=\"margin: 0; text-align: justify;\">Essas empresas s\u00e3o estruturadas em tr\u00eas n\u00edveis: n\u00facleos regionais, federa\u00e7\u00f5es estaduais e confedera\u00e7\u00f5es nacionais. Cada n\u00edvel apoia e orienta as empresas juniores vinculadas, garantindo a qualidade dos servi\u00e7os e a forma\u00e7\u00e3o cont\u00ednua dos membros. Atualmente, existem mais de 1.625 empresas juniores em 320 institui\u00e7\u00f5es de ensino superior em todas as 27 unidades federativas do Brasil.<\/p>&nbsp;&nbsp;\n<p class=\"ql-align-justify\" style=\"margin: 0; text-align: justify;\">\n<p class=\"ql-align-justify\" style=\"margin: 0; text-align: justify;\"><strong>3. Benef\u00edcios de contratar uma empresa j\u00fanior:<\/strong><\/p>\n<p class=\"ql-align-justify\" style=\"margin: 0; text-align: justify;\">As empresas juniores oferecem servi\u00e7os a pre\u00e7os reduzidos, com foco no aprendizado dos estudantes, suporte de professores mentores e acesso a recursos das universidades. Pequenos e m\u00e9dios empreendedores encontram nestas empresas uma excelente rela\u00e7\u00e3o custo-benef\u00edcio para desenvolver projetos inovadores e eficientes.<\/p>&nbsp;&nbsp;\n<p class=\"ql-align-justify\" style=\"margin: 0; text-align: justify;\">\n<p class=\"ql-align-justify\" style=\"margin: 0; text-align: justify;\"><strong>4. Regula\u00e7\u00e3o no Brasil:<\/strong><\/p>\n<p class=\"ql-align-justify\" style=\"margin: 0; text-align: justify;\">As empresas juniores s\u00e3o regulamentadas pela Lei n\u00ba 13.267 de 2016, que estabelece a participa\u00e7\u00e3o das universidades no movimento, garantindo a formaliza\u00e7\u00e3o e o suporte necess\u00e1rio para seu funcionamento.<\/p>&nbsp;&nbsp;\n<p class=\"ql-align-justify\" style=\"margin: 0; text-align: justify;\">\n<p class=\"ql-align-justify\" style=\"margin: 0; text-align: justify;\"><strong>5. Impacto na carreira dos estudantes:<\/strong><\/p>\n<p class=\"ql-align-justify\" style=\"margin: 0; text-align: justify;\">Participar de uma empresa j\u00fanior permite que os estudantes apliquem na pr\u00e1tica os conhecimentos adquiridos em sala de aula, desenvolvendo habilidades de gest\u00e3o, trabalho em equipe, lideran\u00e7a e resolu\u00e7\u00e3o de problemas, altamente valorizadas no mercado de trabalho. Jovens que participam do Movimento Empresa J\u00fanior (MEJ) se empregam quatro vezes mais r\u00e1pido do que aqueles que n\u00e3o participam. Al\u00e9m disso, 50% dos p\u00f3s-juniores trabalham ativamente com as bandeiras de educa\u00e7\u00e3o, juventude e empreendedorismo, e a m\u00e9dia da import\u00e2ncia do MEJ para que os p\u00f3s-juniores alcan\u00e7assem o emprego atual \u00e9 de 8,6.<\/p>&nbsp;&nbsp;\n<p class=\"ql-align-justify\" style=\"margin: 0; text-align: justify;\">\n<p class=\"ql-align-justify\" style=\"margin: 0; text-align: justify;\"><strong>6. Contribui\u00e7\u00e3o para o empreendedorismo:<\/strong><\/p>\n<p class=\"ql-align-justify\" style=\"margin: 0; text-align: justify;\">Elias Gabriel, Presidente Executivo da Brasil J\u00fanior, destaca que contratar uma empresa j\u00fanior beneficia a forma\u00e7\u00e3o pr\u00e1tica de futuros profissionais, oferece servi\u00e7os inovadores e de baixo custo, e tem um impacto social significativo, ajudando a resolver problemas e melhorar a qualidade de vida das comunidades.<\/p>&nbsp;&nbsp;\n<p style=\"margin: 0;\">\n<p style=\"margin: 0;\">\n<hr \/>\n<p style=\"margin: 0;\">\n<h6 style=\"margin: 0;\">Tais Gomes<\/h6>\n<h6 style=\"margin: 0;\">TG Comunica\u00e7\u00e3o<\/h6>\n<h6 style=\"margin: 0;\">(11) 98834-9744<\/h6>\n<h6 style=\"margin: 0;\"><a href=\"mailto:tais.gomes@tgcom.in\">tais.gomes@tgcom.in<\/a><\/h6>\n<h6 style=\"margin: 0;\"><\/h6>\n<h6 style=\"margin: 0;\">Nicole Duarte<\/h6>\n<h6 style=\"margin: 0;\">TG Comunica\u00e7\u00e3o<\/h6>\n<h6 style=\"margin: 0;\">(85) 99188-3389<\/h6>\n<h6 class=\"ql-align-justify\" style=\"margin: 0; text-align: justify;\"><a href=\"mailto:nicole.duarte@tgcom.in\">nicole.duarte@tgcom.in<\/a>\u00a0\u00a0<a style=\"display: inline-block; background: #414141; color: #ffffff; font-family: Arial, Helvetica, sans-serif; font-size: 16px; font-style: normal; font-weight: 400; line-height: 30px; margin: 0; text-decoration: none; text-transform: none; padding: 10px 25px 10px 25px; mso-padding-alt: 0px; border-radius: 3px;\" href=\"https:\/\/click.cse360.com.br\/Click\/AddCampaignEmailClick\/687704a2-0d00-44f6-5789-08dc8ed67709\/https%253a%252f%252fcseprs3.s3.amazonaws.com%252femail-editor-files%252f7ae36a22-3998-481b-74b9-08dbd015c446%252f7189d926-6fdd-4110-845c-4039ebce3224.JPG\/83288b97-4297-4165-cec0-08d7c5ff26d1\/redacao@redepress.com.br\/True\" target=\"https:\/\/cseprs3.s3.amazonaws.com\/email-editor-files\/7ae36a22-3998-481b-74b9-08dbd015c446\/7189d926-6fdd-4110-845c-4039ebce3224.JPG\" rel=\"noopener\"><!-- htmlmin:ignore --> <\/a><\/h6>\n<p><!-- [if mso | IE]><\/td>\n\n\n<\/tr>\n\n\n<\/table>\n\n\n<![endif]--><\/p>\n<p><!-- [if mso | IE]><\/td>\n\n\n<\/tr>\n\n\n<\/table>\n\n\n\n\n<table align=\"center\" border=\"0\" cellpadding=\"0\" cellspacing=\"0\" class=\"cols_2-outlook 1707361291339-outlook ip-section-outlook\" role=\"presentation\" style=\"width:600px;\" width=\"600\" bgcolor=\"#ffffff\" >\n\n\n<tr>\n\n\n<td style=\"line-height:0px;font-size:0px;mso-line-height-rule:exactly;\"><![endif]--><\/p>\n<p><!-- [if mso | IE]>\n\n\n<table role=\"presentation\" border=\"0\" cellpadding=\"0\" cellspacing=\"0\">\n\n\n<tr>\n\n\n<td class=\"ip-column-outlook -outlook\" style=\"vertical-align:top;width:296px;\" ><![endif]--><\/p>\n<p>&nbsp;<\/p>\n<p>&nbsp;<\/p>\n<p><!-- [if mso | IE]><\/td>\n\n\n\n\n<td class=\"ip-column-outlook -outlook\" style=\"vertical-align:top;width:296px;\" ><![endif]--><\/p>\n<p><!-- htmlmin:ignore --><\/p>\n<p style=\"margin: 0;\"><strong>Quem \u00e9 a Brasil J\u00fanior?<\/strong><\/p>\n<p style=\"margin: 0;\">\n<p class=\"ql-align-justify\" style=\"margin: 0; text-align: justify;\">A Brasil J\u00fanior (Confedera\u00e7\u00e3o Brasileira de Empresas Juniores) \u00e9 uma organiza\u00e7\u00e3o sem fins lucrativos cuja principal miss\u00e3o \u00e9 representar e potencializar o Movimento Empresa J\u00fanior (MEJ) como agente de forma\u00e7\u00e3o de lideran\u00e7as comprometidas e capazes de transformar o pa\u00eds em um Brasil Empreendedor.\u00a0Em 2023, o MEJ foi respons\u00e1vel pela forma\u00e7\u00e3o empreendedora de mais de 29 mil jovens espalhados pelo pa\u00eds e pelo faturamento de R$ 80 milh\u00f5es, dinheiro que \u00e9 100% investido na forma\u00e7\u00e3o dos membros das mais de 1.500 empresas juniores.<\/p>&nbsp;&nbsp;\n<p><!-- htmlmin:ignore --><\/p>\n<p><!-- [if mso | IE]><\/td>\n\n\n<\/tr>\n\n\n<\/table>\n\n\n<![endif]--><\/p>\n<p><!-- [if mso | IE]><\/td>\n\n\n<\/tr>\n\n\n<\/table>\n\n\n\n\n<table align=\"center\" border=\"0\" cellpadding=\"0\" cellspacing=\"0\" class=\"cols_2-outlook 1707249357645-outlook ip-section-outlook\" role=\"presentation\" style=\"width:600px;\" width=\"600\" bgcolor=\"#ffffff\" >\n\n\n<tr>\n\n\n<td style=\"line-height:0px;font-size:0px;mso-line-height-rule:exactly;\"><![endif]--><\/p>\n<p><!-- [if mso | IE]>\n\n\n<table role=\"presentation\" border=\"0\" cellpadding=\"0\" cellspacing=\"0\">\n\n\n<tr>\n\n\n<td class=\"ip-column-outlook -outlook\" style=\"vertical-align:top;width:296px;\" ><![endif]--><\/p>\n<p><img decoding=\"async\" src=\"data:image\/gif;base64,R0lGODlhAQABAIAAAAAAAP\/\/\/ywAAAAAAQABAAACAUwAOw==\" fifu-lazy=\"1\" fifu-data-sizes=\"auto\" fifu-data-srcset=\"https:\/\/i0.wp.com\/cseprs3.s3.amazonaws.com\/email-editor-files\/7ae36a22-3998-481b-74b9-08dbd015c446\/3248d87b-a0dc-4318-a814-fd93138cb621.jpg?ssl=1&w=75&resize=75&ssl=1 75w, https:\/\/i0.wp.com\/cseprs3.s3.amazonaws.com\/email-editor-files\/7ae36a22-3998-481b-74b9-08dbd015c446\/3248d87b-a0dc-4318-a814-fd93138cb621.jpg?ssl=1&w=100&resize=100&ssl=1 100w, https:\/\/i0.wp.com\/cseprs3.s3.amazonaws.com\/email-editor-files\/7ae36a22-3998-481b-74b9-08dbd015c446\/3248d87b-a0dc-4318-a814-fd93138cb621.jpg?ssl=1&w=150&resize=150&ssl=1 150w, https:\/\/i0.wp.com\/cseprs3.s3.amazonaws.com\/email-editor-files\/7ae36a22-3998-481b-74b9-08dbd015c446\/3248d87b-a0dc-4318-a814-fd93138cb621.jpg?ssl=1&w=240&resize=240&ssl=1 240w, https:\/\/i0.wp.com\/cseprs3.s3.amazonaws.com\/email-editor-files\/7ae36a22-3998-481b-74b9-08dbd015c446\/3248d87b-a0dc-4318-a814-fd93138cb621.jpg?ssl=1&w=320&resize=320&ssl=1 320w, https:\/\/i0.wp.com\/cseprs3.s3.amazonaws.com\/email-editor-files\/7ae36a22-3998-481b-74b9-08dbd015c446\/3248d87b-a0dc-4318-a814-fd93138cb621.jpg?ssl=1&w=500&resize=500&ssl=1 500w, https:\/\/i0.wp.com\/cseprs3.s3.amazonaws.com\/email-editor-files\/7ae36a22-3998-481b-74b9-08dbd015c446\/3248d87b-a0dc-4318-a814-fd93138cb621.jpg?ssl=1&w=640&resize=640&ssl=1 640w, https:\/\/i0.wp.com\/cseprs3.s3.amazonaws.com\/email-editor-files\/7ae36a22-3998-481b-74b9-08dbd015c446\/3248d87b-a0dc-4318-a814-fd93138cb621.jpg?ssl=1&w=800&resize=800&ssl=1 800w, https:\/\/i0.wp.com\/cseprs3.s3.amazonaws.com\/email-editor-files\/7ae36a22-3998-481b-74b9-08dbd015c446\/3248d87b-a0dc-4318-a814-fd93138cb621.jpg?ssl=1&w=1024&resize=1024&ssl=1 1024w, https:\/\/i0.wp.com\/cseprs3.s3.amazonaws.com\/email-editor-files\/7ae36a22-3998-481b-74b9-08dbd015c446\/3248d87b-a0dc-4318-a814-fd93138cb621.jpg?ssl=1&w=1280&resize=1280&ssl=1 1280w, https:\/\/i0.wp.com\/cseprs3.s3.amazonaws.com\/email-editor-files\/7ae36a22-3998-481b-74b9-08dbd015c446\/3248d87b-a0dc-4318-a814-fd93138cb621.jpg?ssl=1&w=1600&resize=1600&ssl=1 1600w\" style=\"border: none; border-radius: 0px; display: block; outline: none; text-decoration: none; height: auto; width: 100%; font-size: 13px;\" title=\"Cr\u00e9dito: Tharick\" fifu-data-src=\"https:\/\/i0.wp.com\/cseprs3.s3.amazonaws.com\/email-editor-files\/7ae36a22-3998-481b-74b9-08dbd015c446\/3248d87b-a0dc-4318-a814-fd93138cb621.jpg?ssl=1\" alt=\"Cr\u00e9dito: Tharick\" width=\"288\" height=\"auto\" \/><\/p>\n<p><!-- [if mso | IE]><\/td>\n\n\n\n\n<td class=\"ip-column-outlook -outlook\" style=\"vertical-align:top;width:296px;\" ><![endif]--><\/p>\n<p><!-- htmlmin:ignore --><\/p>\n<p style=\"margin: 0;\"><strong>Quem \u00e9 o Presidente Executivo?<\/strong><\/p>\n<p style=\"margin: 0;\">\n<p class=\"ql-align-justify\" style=\"margin: 0; text-align: justify;\">Elias Gabriel \u00e9 potiguar, 23 anos, cursa Gest\u00e3o de Pol\u00edticas P\u00fablicas na UFRN (Universidade Federal do Rio Grande do Norte). Tamb\u00e9m j\u00e1 foi Presidente Executivo da Federa\u00e7\u00e3o RN J\u00fanior e Conselheiro Estadual da Juventude do Governo do Estado do Rio Grande do Norte.<\/p>&nbsp;&nbsp;\n<p><!-- htmlmin:ignore --><\/p>\n<p><!-- [if mso | IE]><\/td>\n\n\n<\/tr>\n\n\n<\/table>\n\n\n<![endif]--><\/p>\n<p><!-- [if mso | IE]><\/td>\n\n\n<\/tr>\n\n\n<\/table>\n\n\n\n\n<table align=\"center\" border=\"0\" cellpadding=\"0\" cellspacing=\"0\" class=\"cols_1-outlook 1589473381732-outlook ip-section-outlook\" role=\"presentation\" style=\"width:600px;\" width=\"600\" bgcolor=\"#ffffff\" >\n\n\n<tr>\n\n\n<td style=\"line-height:0px;font-size:0px;mso-line-height-rule:exactly;\"><![endif]--><\/p>\n<p><!-- [if mso | IE]>\n\n\n<table role=\"presentation\" border=\"0\" cellpadding=\"0\" cellspacing=\"0\">\n\n\n<tr>\n\n\n<td class=\"ip-column-outlook -outlook\" style=\"vertical-align:top;width:592px;\" ><![endif]--><\/p>\n<p><!-- htmlmin:ignore --><\/p>\n<p>&nbsp;<\/p>\n","protected":false},"excerpt":{"rendered":"<p>Empresas juniores s\u00e3o organiza\u00e7\u00f5es formadas por universit\u00e1rios que oferecem servi\u00e7os de consultoria a pre\u00e7os acess\u00edveis&#8230;.<\/p>\n","protected":false},"author":1,"featured_media":0,"comment_status":"closed","ping_status":"closed","sticky":false,"template":"","format":"standard","meta":{"fifu_image_url":"","fifu_image_alt":"","footnotes":""},"categories":[7488,8703,731,727],"tags":[11761,7738,3401,1680,1111,735,1525,1683,1487,3517,3340,1420,3897,119,8693,3396,931,808,2008,2009,39,2533,3626,1984,7424,1206,3279,775,776,410,3865,3018,219,1626,8207,2010,3567,3617,2857,2217,1488,3219,32,2943,8628,3785,58,1531,3220,1843,1377,1702,2597,574,177,3439,6220,6292,3599,6618,3363,4221,460,3308,4057,2028,152,1910,3805,12885],"class_list":["post-187565","post","type-post","status-publish","format-standard","hentry","category-destaques","category-economia","category-negocios","category-noticias","tag-11761","tag-7738","tag-bandeiras","tag-beneficio","tag-beneficios","tag-brasil","tag-carreira","tag-comunicacao","tag-consultoria","tag-custo","tag-desenvolvimento","tag-dinheiro","tag-e","tag-educacao","tag-empreendedor","tag-empreendedores","tag-empreendedorismo","tag-emprego","tag-empresa","tag-empresarios","tag-empresas","tag-ensino","tag-entidades","tag-equipe","tag-estudantes","tag-estudo","tag-executivo","tag-experiencia","tag-faturamento","tag-formacao","tag-funcionamento","tag-geral","tag-gestao","tag-governo","tag-governo-do-estado","tag-impacto","tag-informacoes","tag-inovadores","tag-jovens","tag-lei","tag-lideranca","tag-medios","tag-mercado","tag-mercado-de-trabalho","tag-missao","tag-movimento","tag-noticias","tag-organizacao","tag-pequenos","tag-pequenos-negocios","tag-precos","tag-presidente","tag-problemas","tag-profissionais","tag-profissional","tag-projetos","tag-qualidade","tag-qualidade-de-vida","tag-recursos","tag-relacao","tag-rio","tag-sala","tag-servicos","tag-social","tag-sociedade","tag-suporte","tag-trabalho","tag-unidades","tag-universidade","tag-verdeamarelo","wpcat-7488-id","wpcat-8703-id","wpcat-731-id","wpcat-727-id"],"_links":{"self":[{"href":"https:\/\/verde-amarelo.net\/verdeamarelo\/wp-json\/wp\/v2\/posts\/187565","targetHints":{"allow":["GET"]}}],"collection":[{"href":"https:\/\/verde-amarelo.net\/verdeamarelo\/wp-json\/wp\/v2\/posts"}],"about":[{"href":"https:\/\/verde-amarelo.net\/verdeamarelo\/wp-json\/wp\/v2\/types\/post"}],"author":[{"embeddable":true,"href":"https:\/\/verde-amarelo.net\/verdeamarelo\/wp-json\/wp\/v2\/users\/1"}],"replies":[{"embeddable":true,"href":"https:\/\/verde-amarelo.net\/verdeamarelo\/wp-json\/wp\/v2\/comments?post=187565"}],"version-history":[{"count":0,"href":"https:\/\/verde-amarelo.net\/verdeamarelo\/wp-json\/wp\/v2\/posts\/187565\/revisions"}],"wp:attachment":[{"href":"https:\/\/verde-amarelo.net\/verdeamarelo\/wp-json\/wp\/v2\/media?parent=187565"}],"wp:term":[{"taxonomy":"category","embeddable":true,"href":"https:\/\/verde-amarelo.net\/verdeamarelo\/wp-json\/wp\/v2\/categories?post=187565"},{"taxonomy":"post_tag","embeddable":true,"href":"https:\/\/verde-amarelo.net\/verdeamarelo\/wp-json\/wp\/v2\/tags?post=187565"}],"curies":[{"name":"wp","href":"https:\/\/api.w.org\/{rel}","templated":true}]}}