{"id":188873,"date":"2024-07-03T17:21:03","date_gmt":"2024-07-03T20:21:03","guid":{"rendered":"https:\/\/verde-amarelo.net\/verdeamarelo\/?p=188873"},"modified":"2024-07-03T21:26:26","modified_gmt":"2024-07-04T00:26:26","slug":"mapa-da-mina-acessorios-inaugura-na-capital-paulista","status":"publish","type":"post","link":"https:\/\/verde-amarelo.net\/verdeamarelo\/2024\/07\/mapa-da-mina-acessorios-inaugura-na-capital-paulista\/","title":{"rendered":"Mapa da Mina Acess\u00f3rios inaugura na capital paulista"},"content":{"rendered":"<p><i>Expans\u00e3o da franquia refor\u00e7a confian\u00e7a dos investidores no mercado de moda e varejo em S\u00e3o Paulo<\/i><\/p>\n<h6><img decoding=\"async\" src=\"data:image\/gif;base64,R0lGODlhAQABAIAAAAAAAP\/\/\/ywAAAAAAQABAAACAUwAOw==\" fifu-lazy=\"1\" fifu-data-sizes=\"auto\" fifu-data-srcset=\"https:\/\/i2.wp.com\/files.pressmanager.net\/clientes\/6553258b3e83124270ca58fb2103dc2b\/imagens\/2024\/06\/11\/7a2ebad4e9da862f8c1bb1ff29b0e602_medium.jpg?ssl=1&w=75&resize=75&ssl=1 75w, https:\/\/i2.wp.com\/files.pressmanager.net\/clientes\/6553258b3e83124270ca58fb2103dc2b\/imagens\/2024\/06\/11\/7a2ebad4e9da862f8c1bb1ff29b0e602_medium.jpg?ssl=1&w=100&resize=100&ssl=1 100w, https:\/\/i2.wp.com\/files.pressmanager.net\/clientes\/6553258b3e83124270ca58fb2103dc2b\/imagens\/2024\/06\/11\/7a2ebad4e9da862f8c1bb1ff29b0e602_medium.jpg?ssl=1&w=150&resize=150&ssl=1 150w, https:\/\/i2.wp.com\/files.pressmanager.net\/clientes\/6553258b3e83124270ca58fb2103dc2b\/imagens\/2024\/06\/11\/7a2ebad4e9da862f8c1bb1ff29b0e602_medium.jpg?ssl=1&w=240&resize=240&ssl=1 240w, https:\/\/i2.wp.com\/files.pressmanager.net\/clientes\/6553258b3e83124270ca58fb2103dc2b\/imagens\/2024\/06\/11\/7a2ebad4e9da862f8c1bb1ff29b0e602_medium.jpg?ssl=1&w=320&resize=320&ssl=1 320w, https:\/\/i2.wp.com\/files.pressmanager.net\/clientes\/6553258b3e83124270ca58fb2103dc2b\/imagens\/2024\/06\/11\/7a2ebad4e9da862f8c1bb1ff29b0e602_medium.jpg?ssl=1&w=500&resize=500&ssl=1 500w, https:\/\/i2.wp.com\/files.pressmanager.net\/clientes\/6553258b3e83124270ca58fb2103dc2b\/imagens\/2024\/06\/11\/7a2ebad4e9da862f8c1bb1ff29b0e602_medium.jpg?ssl=1&w=640&resize=640&ssl=1 640w, https:\/\/i2.wp.com\/files.pressmanager.net\/clientes\/6553258b3e83124270ca58fb2103dc2b\/imagens\/2024\/06\/11\/7a2ebad4e9da862f8c1bb1ff29b0e602_medium.jpg?ssl=1&w=800&resize=800&ssl=1 800w, https:\/\/i2.wp.com\/files.pressmanager.net\/clientes\/6553258b3e83124270ca58fb2103dc2b\/imagens\/2024\/06\/11\/7a2ebad4e9da862f8c1bb1ff29b0e602_medium.jpg?ssl=1&w=1024&resize=1024&ssl=1 1024w, https:\/\/i2.wp.com\/files.pressmanager.net\/clientes\/6553258b3e83124270ca58fb2103dc2b\/imagens\/2024\/06\/11\/7a2ebad4e9da862f8c1bb1ff29b0e602_medium.jpg?ssl=1&w=1280&resize=1280&ssl=1 1280w, https:\/\/i2.wp.com\/files.pressmanager.net\/clientes\/6553258b3e83124270ca58fb2103dc2b\/imagens\/2024\/06\/11\/7a2ebad4e9da862f8c1bb1ff29b0e602_medium.jpg?ssl=1&w=1600&resize=1600&ssl=1 1600w\" style=\"display: block; margin-left: auto; margin-right: auto;\" fifu-data-src=\"https:\/\/i2.wp.com\/files.pressmanager.net\/clientes\/6553258b3e83124270ca58fb2103dc2b\/imagens\/2024\/06\/11\/7a2ebad4e9da862f8c1bb1ff29b0e602_medium.jpg?ssl=1\" alt=\"\" width=\"300\" height=\"168\" \/><\/h6>\n<p>A <strong><a href=\"http:\/\/www.mapadamina.com.br\/\">Mapa da Mina Acess\u00f3rios<\/a><\/strong>, especializada em semijoias com produ\u00e7\u00e3o pr\u00f3pria, inaugura primeira unidade da rede de franquias na cidade de S\u00e3o Paulo, a maior metr\u00f3pole do pa\u00eds. Localizada no Shopping Plaza Sul, segundo piso, Jardim da Sa\u00fade, a loja traz consigo toda a qualidade e excel\u00eancia que a marca consolidou ao longo de sua trajet\u00f3ria.<\/p>&nbsp;&nbsp;\n<p style=\"text-align: justify;\">Segundo pesquisa da <strong>IEMI \u2013 Intelig\u00eancia de Mercado<\/strong>,\u00a0<strong>o varejo brasileiro de moda deve movimentar um volume de 2,1 bilh\u00f5es de pe\u00e7as na temporada de outono-inverno 2024<\/strong>. Esse n\u00famero representa crescimento de\u00a0<strong>2,8%<\/strong>\u00a0em compara\u00e7\u00e3o ao ano passado. J\u00e1 um outro levantamento do IBGE, as vendas do com\u00e9rcio varejista <strong>subiram 2,5%<\/strong> no primeiro trimestre de 2024, em compara\u00e7\u00e3o com o \u00faltimo per\u00edodo do ano passado.<\/p>&nbsp;&nbsp;\n<p>Rodrigo Romano Reis e Stefanie Romano s\u00e3o os franqueados da nova unidade e compartilham seu otimismo para o empreendimento. &#8220;<em>Estamos confiantes no potencial da Mapa da Mina para se destacar em S\u00e3o Paulo. Os acess\u00f3rios se tornaram uma carta na manga para expressar estilo e personalidade, e acreditamos que nossa marca trar\u00e1 visibilidade e sucesso para toda a equipe<\/em>&#8220;, afirma Rodrigo.<\/p>&nbsp;&nbsp;\n<p><img decoding=\"async\" src=\"data:image\/gif;base64,R0lGODlhAQABAIAAAAAAAP\/\/\/ywAAAAAAQABAAACAUwAOw==\" fifu-lazy=\"1\" fifu-data-sizes=\"auto\" fifu-data-srcset=\"https:\/\/i1.wp.com\/files.pressmanager.net\/clientes\/6553258b3e83124270ca58fb2103dc2b\/imagens\/2024\/06\/11\/99776b0dac8d78d94a55374e11a38a3d_medium.jpg?ssl=1&w=75&resize=75&ssl=1 75w, https:\/\/i1.wp.com\/files.pressmanager.net\/clientes\/6553258b3e83124270ca58fb2103dc2b\/imagens\/2024\/06\/11\/99776b0dac8d78d94a55374e11a38a3d_medium.jpg?ssl=1&w=100&resize=100&ssl=1 100w, https:\/\/i1.wp.com\/files.pressmanager.net\/clientes\/6553258b3e83124270ca58fb2103dc2b\/imagens\/2024\/06\/11\/99776b0dac8d78d94a55374e11a38a3d_medium.jpg?ssl=1&w=150&resize=150&ssl=1 150w, https:\/\/i1.wp.com\/files.pressmanager.net\/clientes\/6553258b3e83124270ca58fb2103dc2b\/imagens\/2024\/06\/11\/99776b0dac8d78d94a55374e11a38a3d_medium.jpg?ssl=1&w=240&resize=240&ssl=1 240w, https:\/\/i1.wp.com\/files.pressmanager.net\/clientes\/6553258b3e83124270ca58fb2103dc2b\/imagens\/2024\/06\/11\/99776b0dac8d78d94a55374e11a38a3d_medium.jpg?ssl=1&w=320&resize=320&ssl=1 320w, https:\/\/i1.wp.com\/files.pressmanager.net\/clientes\/6553258b3e83124270ca58fb2103dc2b\/imagens\/2024\/06\/11\/99776b0dac8d78d94a55374e11a38a3d_medium.jpg?ssl=1&w=500&resize=500&ssl=1 500w, https:\/\/i1.wp.com\/files.pressmanager.net\/clientes\/6553258b3e83124270ca58fb2103dc2b\/imagens\/2024\/06\/11\/99776b0dac8d78d94a55374e11a38a3d_medium.jpg?ssl=1&w=640&resize=640&ssl=1 640w, https:\/\/i1.wp.com\/files.pressmanager.net\/clientes\/6553258b3e83124270ca58fb2103dc2b\/imagens\/2024\/06\/11\/99776b0dac8d78d94a55374e11a38a3d_medium.jpg?ssl=1&w=800&resize=800&ssl=1 800w, https:\/\/i1.wp.com\/files.pressmanager.net\/clientes\/6553258b3e83124270ca58fb2103dc2b\/imagens\/2024\/06\/11\/99776b0dac8d78d94a55374e11a38a3d_medium.jpg?ssl=1&w=1024&resize=1024&ssl=1 1024w, https:\/\/i1.wp.com\/files.pressmanager.net\/clientes\/6553258b3e83124270ca58fb2103dc2b\/imagens\/2024\/06\/11\/99776b0dac8d78d94a55374e11a38a3d_medium.jpg?ssl=1&w=1280&resize=1280&ssl=1 1280w, https:\/\/i1.wp.com\/files.pressmanager.net\/clientes\/6553258b3e83124270ca58fb2103dc2b\/imagens\/2024\/06\/11\/99776b0dac8d78d94a55374e11a38a3d_medium.jpg?ssl=1&w=1600&resize=1600&ssl=1 1600w\" style=\"display: block; margin-left: auto; margin-right: auto;\" fifu-data-src=\"https:\/\/i1.wp.com\/files.pressmanager.net\/clientes\/6553258b3e83124270ca58fb2103dc2b\/imagens\/2024\/06\/11\/99776b0dac8d78d94a55374e11a38a3d_medium.jpg?ssl=1\" alt=\"\" width=\"300\" height=\"300\" \/><\/p>\n<p><em>A chegada da rede \u00e0 capital paulista \u00e9 uma conquista para a marca e representa uma oportunidade para investidores interessados no mercado de moda e varejo, conhecerem o modelo de neg\u00f3cio da empresa carioca. Com uma nova fase de expans\u00e3o planejada, que prev\u00ea dobrar o n\u00famero de unidades nos pr\u00f3ximos dois anos, a franquia demonstra confian\u00e7a no potencial de crescimento e lucratividade do setor<\/em>&#8220;, real\u00e7a Marcos Pertile, s\u00f3cio-diretor da rede Mapa da Mina.<\/p>&nbsp;&nbsp;\n<p>A inaugura\u00e7\u00e3o da unidade paulistana tamb\u00e9m \u00e9 motivo de grande expectativa para Stefanie. &#8220;<em>Estamos ansiosos para trazer o que h\u00e1 de melhor em produtos de qualidade, experi\u00eancia de compra, estilo, eleg\u00e2ncia e acessibilidade<\/em>&#8220;, destaca a empreendedora.<\/p>&nbsp;&nbsp;\n<p style=\"text-align: justify;\">As <a href=\"https:\/\/www.magazinevoce.com.br\/magazineezu\/busca\/semijoias\/?from=submit\" target=\"_blank\" rel=\"noopener\">semijoias<\/a> de fabrica\u00e7\u00e3o pr\u00f3pria, s\u00e3o produzidas com materiais de alta qualidade e proporcionam uma apar\u00eancia luxuosa a pre\u00e7os acess\u00edveis. Essa variedade est\u00e1 dispon\u00edvel em todas as lojas e no site da rede.<\/p>&nbsp;&nbsp;\n<p>Todas as pe\u00e7as da marca s\u00e3o <a href=\"https:\/\/www.magazinevoce.com.br\/magazineezu\/busca\/folheadas+a+ouro+18k\/?from=submit\" target=\"_blank\" rel=\"noopener\">folheadas a Ouro 18k<\/a>, prata 925 ou a\u00e7o inoxid\u00e1vel. Com material antial\u00e9rgico e com garantia de 1 ano, tamb\u00e9m oferecem durabilidade e satisfa\u00e7\u00e3o.<\/p>&nbsp;&nbsp;\n<p>De acordo com os \u00faltimos dados divulgados pela Associa\u00e7\u00e3o Brasileira de Franchising \u2013 ABF, o mercado de franquias registrou <strong>crescimento nominal de 19,1% no primeiro trimestre de 2024<\/strong>, em compara\u00e7\u00e3o com o per\u00edodo do ano anterior. O faturamento geral do setor avan\u00e7ou de R$ 50,854 bilh\u00f5es para <strong>R$ 60,560 bilh\u00f5es<\/strong>.<\/p>&nbsp;&nbsp;\n<p><img decoding=\"async\" src=\"data:image\/gif;base64,R0lGODlhAQABAIAAAAAAAP\/\/\/ywAAAAAAQABAAACAUwAOw==\" fifu-lazy=\"1\" fifu-data-sizes=\"auto\" fifu-data-srcset=\"https:\/\/i2.wp.com\/files.pressmanager.net\/clientes\/6553258b3e83124270ca58fb2103dc2b\/imagens\/2024\/06\/11\/7e6c0110e23d370e669d0352fc6993d1_medium.jpg?ssl=1&w=75&resize=75&ssl=1 75w, https:\/\/i2.wp.com\/files.pressmanager.net\/clientes\/6553258b3e83124270ca58fb2103dc2b\/imagens\/2024\/06\/11\/7e6c0110e23d370e669d0352fc6993d1_medium.jpg?ssl=1&w=100&resize=100&ssl=1 100w, https:\/\/i2.wp.com\/files.pressmanager.net\/clientes\/6553258b3e83124270ca58fb2103dc2b\/imagens\/2024\/06\/11\/7e6c0110e23d370e669d0352fc6993d1_medium.jpg?ssl=1&w=150&resize=150&ssl=1 150w, https:\/\/i2.wp.com\/files.pressmanager.net\/clientes\/6553258b3e83124270ca58fb2103dc2b\/imagens\/2024\/06\/11\/7e6c0110e23d370e669d0352fc6993d1_medium.jpg?ssl=1&w=240&resize=240&ssl=1 240w, https:\/\/i2.wp.com\/files.pressmanager.net\/clientes\/6553258b3e83124270ca58fb2103dc2b\/imagens\/2024\/06\/11\/7e6c0110e23d370e669d0352fc6993d1_medium.jpg?ssl=1&w=320&resize=320&ssl=1 320w, https:\/\/i2.wp.com\/files.pressmanager.net\/clientes\/6553258b3e83124270ca58fb2103dc2b\/imagens\/2024\/06\/11\/7e6c0110e23d370e669d0352fc6993d1_medium.jpg?ssl=1&w=500&resize=500&ssl=1 500w, https:\/\/i2.wp.com\/files.pressmanager.net\/clientes\/6553258b3e83124270ca58fb2103dc2b\/imagens\/2024\/06\/11\/7e6c0110e23d370e669d0352fc6993d1_medium.jpg?ssl=1&w=640&resize=640&ssl=1 640w, https:\/\/i2.wp.com\/files.pressmanager.net\/clientes\/6553258b3e83124270ca58fb2103dc2b\/imagens\/2024\/06\/11\/7e6c0110e23d370e669d0352fc6993d1_medium.jpg?ssl=1&w=800&resize=800&ssl=1 800w, https:\/\/i2.wp.com\/files.pressmanager.net\/clientes\/6553258b3e83124270ca58fb2103dc2b\/imagens\/2024\/06\/11\/7e6c0110e23d370e669d0352fc6993d1_medium.jpg?ssl=1&w=1024&resize=1024&ssl=1 1024w, https:\/\/i2.wp.com\/files.pressmanager.net\/clientes\/6553258b3e83124270ca58fb2103dc2b\/imagens\/2024\/06\/11\/7e6c0110e23d370e669d0352fc6993d1_medium.jpg?ssl=1&w=1280&resize=1280&ssl=1 1280w, https:\/\/i2.wp.com\/files.pressmanager.net\/clientes\/6553258b3e83124270ca58fb2103dc2b\/imagens\/2024\/06\/11\/7e6c0110e23d370e669d0352fc6993d1_medium.jpg?ssl=1&w=1600&resize=1600&ssl=1 1600w\" style=\"display: block; margin-left: auto; margin-right: auto;\" fifu-data-src=\"https:\/\/i2.wp.com\/files.pressmanager.net\/clientes\/6553258b3e83124270ca58fb2103dc2b\/imagens\/2024\/06\/11\/7e6c0110e23d370e669d0352fc6993d1_medium.jpg?ssl=1\" alt=\"\" width=\"300\" height=\"300\" \/><\/p>\n<h6><\/h6>\n<h4 style=\"text-align: justify;\"><strong>Servi\u00e7o:<\/strong><\/h4>\n<h4 style=\"text-align: justify;\"><strong>Mapa da Mina Acess\u00f3rios<\/strong> <strong>&#8211; Unidade S\u00e3o Paulo <\/strong><\/h4>\n<h4 style=\"text-align: justify;\"><strong>Endere\u00e7o<\/strong>: Shopping Plaza Sul, segundo piso, Jardim da Sa\u00fade, S\u00e3o Paulo &#8211; SP<\/h4>\n<h4 style=\"text-align: justify;\"><strong>Telefone e whatsapp<\/strong>: (11) 97687-3115<\/h4>\n<h6 style=\"text-align: justify;\"><\/h6>\n<h6 style=\"text-align: justify;\"><\/h6>\n<h6 style=\"text-align: justify;\"><strong>Sobre a Mapa da Mina Acess\u00f3rios<\/strong><\/h6>\n<h6 style=\"text-align: justify;\">Fundada em 1995 pelo casal Elisangela Machado e Jamil Machado, no munic\u00edpio de Duque de Caxias (RJ), \u00e9 hoje uma rede brasileira com destaque na fabrica\u00e7\u00e3o e venda especializada de semijoias. No franchising desde 2012, possui dois modelos de neg\u00f3cio: loja e quiosque. Conta com mais de 50 opera\u00e7\u00f5es e 500 revendedores, com faturamento m\u00e9dio mensal de R$ 50.000,00 e prazo de retorno de investimento entre 18 e 36 meses e capital de giro de R$ 20.000,00.<\/h6>\n<h6><\/h6>\n<h6><\/h6>\n<hr \/>\n<h6><strong>Oficina da Comunica\u00e7\u00e3o Integrada<\/strong> \u2013 Assessoria de comunica\u00e7\u00e3o do<strong> Mapa da Mina <\/strong><strong>Acess\u00f3rios<\/strong><\/h6>\n<h6>(11) 99210-8191 \/ (11) 2275-0833<\/h6>\n<h6>Fran Oliveira \u2013 <a href=\"mailto:fran@oficina.inf.br\">fran@oficina.inf.br<\/a><\/h6>\n<h6>Eric Ribeiro \u2013 <a href=\"mailto:eric@oficina.inf.br\">eric@oficina.inf.br<\/a><\/h6>\n<p>&nbsp;<\/p>\n<p>&nbsp;<\/p>\n","protected":false},"excerpt":{"rendered":"<p>Expans\u00e3o da franquia refor\u00e7a confian\u00e7a dos investidores no mercado de moda e varejo em S\u00e3o&#8230;<\/p>\n","protected":false},"author":1,"featured_media":0,"comment_status":"closed","ping_status":"closed","sticky":false,"template":"","format":"standard","meta":{"fifu_image_url":"","fifu_image_alt":"","footnotes":""},"categories":[10006,746,10931,756,731,727,762],"tags":[11761,1954,1490,4257,2082,2490,686,4233,4121,4437,2575,2841,8505,767,2309,1683,7729,1003,2475,595,1430,133,3755,3897,2008,1984,861,2457,775,776,4641,1854,3343,1294,887,3018,849,3328,2046,280,1401,825,256,3977,140,32,5691,972,2864,2915,58,3555,1438,3734,3244,1445,664,3949,1377,1012,779,6220,3966,1660,4303,1716,874,1619,3258,372,209,2077,2120,8266,6160,3005,2101,2459,1910,446,85,4764,612,12885,990],"class_list":["post-188873","post","type-post","status-publish","format-standard","hentry","category-brasileconomia","category-comportamento","category-lancamentosmercado","category-mercado","category-negocios","category-noticias","category-vendas","tag-11761","tag-aco","tag-abf","tag-acessorios","tag-acordo","tag-alta","tag-assessoria","tag-associacao","tag-associacao-brasileira-de-franchising","tag-brasileiro","tag-capital","tag-capital-paulista","tag-carta","tag-comercio","tag-compra","tag-comunicacao","tag-comunicacao-integrada","tag-confianca","tag-conta","tag-crescimento","tag-dados","tag-destaque","tag-diretor","tag-e","tag-empresa","tag-equipe","tag-expansao","tag-expectativa","tag-experiencia","tag-faturamento","tag-fran","tag-franchising","tag-franqueados","tag-franquia","tag-franquias","tag-geral","tag-ibge","tag-inauguracao","tag-investidores","tag-investimento","tag-levantamento","tag-loja","tag-lojas","tag-lucratividade","tag-marca","tag-mercado","tag-mina","tag-moda","tag-modelo","tag-negocio","tag-noticias","tag-nova","tag-operacoes","tag-oportunidade","tag-otimismo","tag-pecas","tag-pesquisa","tag-prazo","tag-precos","tag-producao","tag-produtos","tag-qualidade","tag-quiosque","tag-rede","tag-retorno","tag-revendedores","tag-sao-paulo","tag-saude","tag-satisfacao","tag-servico","tag-setor","tag-shopping","tag-site","tag-sp","tag-sucesso","tag-sul","tag-temporada","tag-trimestre","tag-unidades","tag-varejista","tag-varejo","tag-variedade","tag-vendas","tag-verdeamarelo","tag-whatsapp","wpcat-10006-id","wpcat-746-id","wpcat-10931-id","wpcat-756-id","wpcat-731-id","wpcat-727-id","wpcat-762-id"],"_links":{"self":[{"href":"https:\/\/verde-amarelo.net\/verdeamarelo\/wp-json\/wp\/v2\/posts\/188873","targetHints":{"allow":["GET"]}}],"collection":[{"href":"https:\/\/verde-amarelo.net\/verdeamarelo\/wp-json\/wp\/v2\/posts"}],"about":[{"href":"https:\/\/verde-amarelo.net\/verdeamarelo\/wp-json\/wp\/v2\/types\/post"}],"author":[{"embeddable":true,"href":"https:\/\/verde-amarelo.net\/verdeamarelo\/wp-json\/wp\/v2\/users\/1"}],"replies":[{"embeddable":true,"href":"https:\/\/verde-amarelo.net\/verdeamarelo\/wp-json\/wp\/v2\/comments?post=188873"}],"version-history":[{"count":0,"href":"https:\/\/verde-amarelo.net\/verdeamarelo\/wp-json\/wp\/v2\/posts\/188873\/revisions"}],"wp:attachment":[{"href":"https:\/\/verde-amarelo.net\/verdeamarelo\/wp-json\/wp\/v2\/media?parent=188873"}],"wp:term":[{"taxonomy":"category","embeddable":true,"href":"https:\/\/verde-amarelo.net\/verdeamarelo\/wp-json\/wp\/v2\/categories?post=188873"},{"taxonomy":"post_tag","embeddable":true,"href":"https:\/\/verde-amarelo.net\/verdeamarelo\/wp-json\/wp\/v2\/tags?post=188873"}],"curies":[{"name":"wp","href":"https:\/\/api.w.org\/{rel}","templated":true}]}}