{"id":189171,"date":"2024-07-05T14:15:31","date_gmt":"2024-07-05T17:15:31","guid":{"rendered":"https:\/\/verde-amarelo.net\/verdeamarelo\/?p=189171"},"modified":"2025-02-03T12:41:28","modified_gmt":"2025-02-03T15:41:28","slug":"rsc-453-egr-publica-edital-para-executar-manutencao-do-trecho-entre-estrela-e-garibaldi","status":"publish","type":"post","link":"https:\/\/verde-amarelo.net\/verdeamarelo\/2024\/07\/rsc-453-egr-publica-edital-para-executar-manutencao-do-trecho-entre-estrela-e-garibaldi\/","title":{"rendered":"RSC-453: EGR publica edital para executar manuten\u00e7\u00e3o do trecho entre Estrela e Garibaldi"},"content":{"rendered":"<div class=\"postie-post\">\n<div dir=\"ltr\">\n<p><span style=\"font-size: large;\"><i>Disputa p\u00fablica definir\u00e1 a contrata\u00e7\u00e3o da empresa respons\u00e1vel pelas obras na estrada<\/i><\/span><\/p>\n<div>\n<p><span style=\"font-size: large;\"><i>\u00a0<\/i><\/span><\/p>\n<div><img decoding=\"async\" src=\"data:image\/gif;base64,R0lGODlhAQABAIAAAAAAAP\/\/\/ywAAAAAAQABAAACAUwAOw==\" fifu-lazy=\"1\" fifu-data-sizes=\"auto\" fifu-data-srcset=\"https:\/\/i2.wp.com\/verde-amarelo.net\/verdeamarelo\/wp-content\/uploads\/2024\/07\/Foto.webp?ssl=1&w=75&resize=75&ssl=1 75w, https:\/\/i2.wp.com\/verde-amarelo.net\/verdeamarelo\/wp-content\/uploads\/2024\/07\/Foto.webp?ssl=1&w=100&resize=100&ssl=1 100w, https:\/\/i2.wp.com\/verde-amarelo.net\/verdeamarelo\/wp-content\/uploads\/2024\/07\/Foto.webp?ssl=1&w=150&resize=150&ssl=1 150w, https:\/\/i2.wp.com\/verde-amarelo.net\/verdeamarelo\/wp-content\/uploads\/2024\/07\/Foto.webp?ssl=1&w=240&resize=240&ssl=1 240w, https:\/\/i2.wp.com\/verde-amarelo.net\/verdeamarelo\/wp-content\/uploads\/2024\/07\/Foto.webp?ssl=1&w=320&resize=320&ssl=1 320w, https:\/\/i2.wp.com\/verde-amarelo.net\/verdeamarelo\/wp-content\/uploads\/2024\/07\/Foto.webp?ssl=1&w=500&resize=500&ssl=1 500w, https:\/\/i2.wp.com\/verde-amarelo.net\/verdeamarelo\/wp-content\/uploads\/2024\/07\/Foto.webp?ssl=1&w=640&resize=640&ssl=1 640w, https:\/\/i2.wp.com\/verde-amarelo.net\/verdeamarelo\/wp-content\/uploads\/2024\/07\/Foto.webp?ssl=1&w=800&resize=800&ssl=1 800w, https:\/\/i2.wp.com\/verde-amarelo.net\/verdeamarelo\/wp-content\/uploads\/2024\/07\/Foto.webp?ssl=1&w=1024&resize=1024&ssl=1 1024w, https:\/\/i2.wp.com\/verde-amarelo.net\/verdeamarelo\/wp-content\/uploads\/2024\/07\/Foto.webp?ssl=1&w=1280&resize=1280&ssl=1 1280w, https:\/\/i2.wp.com\/verde-amarelo.net\/verdeamarelo\/wp-content\/uploads\/2024\/07\/Foto.webp?ssl=1&w=1600&resize=1600&ssl=1 1600w\" fifu-data-src=\"https:\/\/i2.wp.com\/verde-amarelo.net\/verdeamarelo\/wp-content\/uploads\/2024\/07\/Foto.webp?ssl=1\" alt=\"Foto.jpeg\" width=\"542\" height=\"243\" \/><\/p>\n<p>O edital para a contrata\u00e7\u00e3o de uma empresa para execu\u00e7\u00e3o da obra de manuten\u00e7\u00e3o da RSC-453 entre Estrela e Garibaldi e na ERS-128, entre Fazenda Vila Nova e Teut\u00f4nia, foi publicado nesta quinta-feira (04.07) pela Empresa Ga\u00facha de Rodovias (EGR) no Di\u00e1rio Oficial do Estado e na p\u00e1gina de licita\u00e7\u00f5es do site da EGR \u2013 ap\u00f3s suspens\u00e3o em decorr\u00eancia das enchentes que assolaram o estado.<\/p>&nbsp;&nbsp;\n<p>As melhorias na RSC-453 e na ERS-128 qualificar\u00e3o o tra\u00e7ado vi\u00e1rio e v\u00e3o possibilitar o refor\u00e7o da seguran\u00e7a. Com isso, o objetivo \u00e9 reduzir riscos de acidentes e garantir um deslocamento tranquilo para os condutores que diariamente circulam pelo local. A previs\u00e3o da estatal \u00e9 iniciar as obras logo ap\u00f3s a finaliza\u00e7\u00e3o do processo licitat\u00f3rio.<\/p>&nbsp;&nbsp;\n<p>O investimento total previsto no contrato de manuten\u00e7\u00e3o da RSC-453 ser\u00e1 definido de acordo com as propostas apresentadas, estando limitado ao valor de R$ 13,8 milh\u00f5es. Entre os servi\u00e7os que ser\u00e3o realizados, est\u00e1 a constru\u00e7\u00e3o da r\u00f3tula do bairro Boa Uni\u00e3o (na RSC-453 em Estrela), com investimento em torno de R$ 300 mil, e ajustes no acesso ao bairro Pinheiros para melhorar a trafegabilidade.<\/p>&nbsp;&nbsp;\n<p>De acordo com o diretor-presidente da EGR, Lu\u00eds Fernando Vanac\u00f4r, as obras s\u00e3o fundamentais para viabilizar a melhor fluidez do tr\u00e1fego das estradas que s\u00e3o reconhecidas como importantes liga\u00e7\u00f5es entre o Vale do Taquari e a Regi\u00e3o da Serra Ga\u00facha. \u201cDiariamente, esse trecho conta com uma grande circula\u00e7\u00e3o de caminh\u00f5es e ve\u00edculos que se deslocam pela regi\u00e3o. Por isso, entendemos que os servi\u00e7os de manuten\u00e7\u00e3o do tra\u00e7ado vi\u00e1rio refor\u00e7ar\u00e3o significativamente a seguran\u00e7a dos motoristas\u201d, destaca Vanac\u00f4r, ao refor\u00e7ar que esses segmentos conectam Estrela at\u00e9 Garibaldi \u2014 passando por Teut\u00f4nia, Westf\u00e1lia, Boa Vista do Sul e Carlos Barbosa.<\/p>&nbsp;&nbsp;<\/div>\n<div>\n<hr \/>\n<p><b><i>Texto: Ascom EGR<\/i><\/b><\/div>\n<\/div>\n<\/div>\n<\/div>\n","protected":false},"excerpt":{"rendered":"<p>Disputa p\u00fablica definir\u00e1 a contrata\u00e7\u00e3o da empresa respons\u00e1vel pelas obras na estrada \u00a0 O edital&#8230;<\/p>\n","protected":false},"author":1,"featured_media":218350,"comment_status":"closed","ping_status":"closed","sticky":false,"template":"","format":"standard","meta":{"fifu_image_url":"https:\/\/verde-amarelo.net\/verdeamarelo\/wp-content\/uploads\/2024\/07\/Foto.webp","fifu_image_alt":"","footnotes":""},"categories":[727,12926,8704,10015],"tags":[2082,3327,5073,1667,2224,3991,1810,2475,3873,4250,3755,2958,3897,8678,2008,8636,1440,8614,4088,200,4273,5903,280,4167,4268,6131,8540,2524,58,3555,8335,3243,1702,1799,8227,1191,8616,460,2120,3005,3716,8332,1398,10333,1589,12885],"class_list":["post-189171","post","type-post","status-publish","format-standard","has-post-thumbnail","hentry","category-noticias","category-regional","category-reliquias","category-transporte-e-infraestrutura","tag-acordo","tag-bairro","tag-barbosa","tag-boa-vista","tag-caminhoes","tag-condutores","tag-construcao","tag-conta","tag-contratacao","tag-contrato","tag-diretor","tag-disputa","tag-e","tag-edital","tag-empresa","tag-enchentes","tag-estatal","tag-estrada","tag-estradas","tag-fazenda","tag-feira","tag-garibaldi","tag-investimento","tag-ligacoes","tag-logo","tag-manutencao","tag-melhorias","tag-motoristas","tag-noticias","tag-nova","tag-obra","tag-obras","tag-presidente","tag-previsao","tag-rodovias","tag-seguranca","tag-serra","tag-servicos","tag-site","tag-sul","tag-suspensao","tag-trafego","tag-vale","tag-valor","tag-veiculos","tag-verdeamarelo","wpcat-727-id","wpcat-12926-id","wpcat-8704-id","wpcat-10015-id"],"_links":{"self":[{"href":"https:\/\/verde-amarelo.net\/verdeamarelo\/wp-json\/wp\/v2\/posts\/189171","targetHints":{"allow":["GET"]}}],"collection":[{"href":"https:\/\/verde-amarelo.net\/verdeamarelo\/wp-json\/wp\/v2\/posts"}],"about":[{"href":"https:\/\/verde-amarelo.net\/verdeamarelo\/wp-json\/wp\/v2\/types\/post"}],"author":[{"embeddable":true,"href":"https:\/\/verde-amarelo.net\/verdeamarelo\/wp-json\/wp\/v2\/users\/1"}],"replies":[{"embeddable":true,"href":"https:\/\/verde-amarelo.net\/verdeamarelo\/wp-json\/wp\/v2\/comments?post=189171"}],"version-history":[{"count":0,"href":"https:\/\/verde-amarelo.net\/verdeamarelo\/wp-json\/wp\/v2\/posts\/189171\/revisions"}],"wp:featuredmedia":[{"embeddable":true,"href":"https:\/\/verde-amarelo.net\/verdeamarelo\/wp-json\/wp\/v2\/media\/218350"}],"wp:attachment":[{"href":"https:\/\/verde-amarelo.net\/verdeamarelo\/wp-json\/wp\/v2\/media?parent=189171"}],"wp:term":[{"taxonomy":"category","embeddable":true,"href":"https:\/\/verde-amarelo.net\/verdeamarelo\/wp-json\/wp\/v2\/categories?post=189171"},{"taxonomy":"post_tag","embeddable":true,"href":"https:\/\/verde-amarelo.net\/verdeamarelo\/wp-json\/wp\/v2\/tags?post=189171"}],"curies":[{"name":"wp","href":"https:\/\/api.w.org\/{rel}","templated":true}]}}