{"id":191432,"date":"2024-08-01T08:45:05","date_gmt":"2024-08-01T11:45:05","guid":{"rendered":"https:\/\/verde-amarelo.net\/verdeamarelo\/?p=191432"},"modified":"2024-08-01T12:02:53","modified_gmt":"2024-08-01T15:02:53","slug":"miguel-silva-quer-vencer-e-retomar-lideranca-na-f4-junior","status":"publish","type":"post","link":"https:\/\/verde-amarelo.net\/verdeamarelo\/2024\/08\/miguel-silva-quer-vencer-e-retomar-lideranca-na-f4-junior\/","title":{"rendered":"Miguel Silva quer vencer e retomar  lideran\u00e7a na F4 J\u00fanior"},"content":{"rendered":"<p style=\"font-size: 30px; line-height: 1.2; text-align: center; mso-line-height-alt: 36px; margin: 0;\">\n<p><!-- [if mso]><\/td>\n\n\n<\/tr>\n\n\n<\/table>\n\n\n<![endif]--> <!-- [if (!mso)&(!IE)]><!--><\/p>\n<p><!--<![endif]--><\/p>\n<p><!-- [if (mso)|(IE)]><\/td>\n\n\n<\/tr>\n\n\n<\/table>\n\n\n<![endif]--> <!-- [if (mso)|(IE)]><\/td>\n\n\n<\/tr>\n\n\n<\/table>\n\n\n<\/td>\n\n\n<\/tr>\n\n\n<\/table>\n\n\n<![endif]--><\/p>\n<p><!-- [if (mso)|(IE)]>\n\n\n<table width=\"100%\" cellpadding=\"0\" cellspacing=\"0\" border=\"0\" style=\"background-color:#F0F0F0;\">\n\n\n<tr>\n\n\n<td align=\"center\">\n\n\n<table cellpadding=\"0\" cellspacing=\"0\" border=\"0\" style=\"width:100%\">\n\n\n<tr class=\"layout-full-width\" style=\"background-color:#FFFFFF\"><![endif]--> <!-- [if (mso)|(IE)]>\n\n\n<td align=\"center\" width=\"750\" style=\"background-color:#FFFFFF;width:100%; border-top: 0px solid transparent; border-left: 0px solid transparent; border-bottom: 0px solid transparent; border-right: 0px solid transparent;\" valign=\"top\">\n\n\n<table width=\"100%\" cellpadding=\"0\" cellspacing=\"0\" border=\"0\">\n\n\n<tr>\n\n\n<td style=\"padding-right: 0px; padding-left: 0px; padding-top:5px; padding-bottom:5px;\"><![endif]--><\/p>\n<p><!-- [if (!mso)&(!IE)]><!--><\/p>\n<p><!--<![endif]--> <!-- [if mso]>\n\n\n<table width=\"100%\" cellpadding=\"0\" cellspacing=\"0\" border=\"0\">\n\n\n<tr>\n\n\n<td style=\"padding-right: 10px; padding-left: 10px; padding-top: 10px; padding-bottom: 10px; font-family: Trebuchet MS, Verdana, sans-serif\"><![endif]--><\/p>\n<p style=\"font-size: 12px; line-height: 1.2; text-align: center; color: #555555; font-family: Trebuchet MS, Verdana, Geneva, sans-serif; mso-line-height-alt: 14px; margin: 0;\"><em>Piloto de 12 anos de idade tem quatro vit\u00f3rias e uma segunda coloca\u00e7\u00e3o nas cinco etapas que disputou<\/em><\/p>\n<p><!-- [if mso]><\/td>\n\n\n<\/tr>\n\n\n<\/table>\n\n\n<![endif]--> <!-- [if (!mso)&(!IE)]><!--><\/p>\n<p><!--<![endif]--><\/p>\n<p><!-- [if (mso)|(IE)]><\/td>\n\n\n<\/tr>\n\n\n<\/table>\n\n\n<![endif]--> <!-- [if (mso)|(IE)]><\/td>\n\n\n<\/tr>\n\n\n<\/table>\n\n\n<\/td>\n\n\n<\/tr>\n\n\n<\/table>\n\n\n<![endif]--><\/p>\n<p><!-- ##############| 2 COLUNA | TEXTO + IMAGEM *FIM* |######################### --><\/p>\n<p><!-- [if (mso)|(IE)]>\n\n\n<table width=\"100%\" cellpadding=\"0\" cellspacing=\"0\" border=\"0\" style=\"background-color:transparent;\">\n\n\n<tr>\n\n\n<td align=\"center\">\n\n\n<table cellpadding=\"0\" cellspacing=\"0\" border=\"0\" style=\"width:100%\">\n\n\n<tr class=\"layout-full-width\" style=\"background-color:#FFFFFF\"><![endif]--> <!-- [if (mso)|(IE)]>\n\n\n<td align=\"center\" width=\"562\" style=\"background-color:#FFFFFF;width:562px; border-top: 0px solid transparent; border-left: 0px solid transparent; border-bottom: 0px solid transparent; border-right: 0px solid transparent;\" valign=\"top\">\n\n\n<table width=\"100%\" cellpadding=\"0\" cellspacing=\"0\" border=\"0\">\n\n\n<tr>\n\n\n<td style=\"padding-right: 0px; padding-left: 0px; padding-top:5px; padding-bottom:5px;\"><![endif]--><\/p>\n<p><!-- [if (!mso)&(!IE)]><!--><\/p>\n<p><!--<![endif]--> <!-- [if mso]>\n\n\n<table width=\"100%\" cellpadding=\"0\" cellspacing=\"0\" border=\"0\">\n\n\n<tr>\n\n\n<td style=\"padding-right: 10px; padding-left: 10px; padding-top: 0px; padding-bottom: 10px; font-family: 'Trebuchet MS', Tahoma, sans-serif\"><![endif]--><\/p>\n<p style=\"font-size: 18px; line-height: 1.5; text-align: justify; mso-line-height-alt: 27px; margin: 0;\">\n<p>&nbsp;<\/p>\n<p>Campe\u00e3o invicto do 1\u00ba turno com quatro vit\u00f3rias seguidas, e com uma segunda coloca\u00e7\u00e3o na abertura do 2\u00ba turno, Miguel Silva (RodOil\/Shield Oil\/SOS Bike M\u00f3vel) participar\u00e1 neste domingo (04\/8) da s\u00e9tima etapa do V11 Aldeia Cup, com o intuito de recuperar a lideran\u00e7a da F4 J\u00fanior e da F4 J\u00fanior Light, depois de ter se ausentado da rodada anterior.<\/p>&nbsp;&nbsp;\n<p>\u201cAcho que ser\u00e1 uma etapa bem legal para o meu aprendizado, e mais uma oportunidade para tentar mais uma vit\u00f3ria e retomar a lideran\u00e7a do campeonato\u201d, emplaca \u2018Miguelito\u2019, que perdeu a lideran\u00e7a das categorias por ter se ausentado da rodada anterior para fazer testes na It\u00e1lia.<\/p>&nbsp;&nbsp;\n<p>\u201cVamos com tudo pra cima. Vamos focar nos treinos, pra tentar ganhar a etapa e buscar assumir a lideran\u00e7a novamente ou ficar perto. As expectativas s\u00e3o muito boas, queremos vencer\u201d, avisou Odair Brito, chefe da equipe Dai Motorsport\/Nikima Racing.<\/p>&nbsp;&nbsp;\n<p>Pontua\u00e7\u00e3o da F4 J\u00fanior depois de seis etapas: 1) Dudu Pagliaro, 83; 2) Miguel Silva, 66; 3) Samuel Santiago, 55; 4) Enrico Martinho, 46; 5) Pietro Galafassi, 38; 6) Jo\u00e3o Francisco, 28; 7) Marcella Assump\u00e7\u00e3o, 28; 8) Vinicius Duzzi, 24; 9) Luiz Migliorini, 21; 10) Enzo Brand\u00e3o,16.<\/p>&nbsp;&nbsp;\n<p>Pontua\u00e7\u00e3o da F4 J\u00fanior Light ap\u00f3s seis etapas: 1) Dudu Pagliaro, 89; 2) Miguel Silva, 65; 3) Enrico Martinho, 56; 4) Vinicius Duzzi, 45; 5) Jo\u00e3o Francisco, 44; 6) Enzo Brand\u00e3o, 34; 7) Arthur Pil\u00e3o, 30; 8) Lucas Guimar\u00e3es, 29; 9) Marcelo Kairis, 20; 10) Luiz Las Casas, 10.<\/p>&nbsp;&nbsp;\n<p>Siga:<\/p>\n<p>@miguelito_kart_25<\/p>\n<p>@rodoilcombustiveis<\/p>\n<p>@shieldoillubricants<\/p>\n<p>@sosbikemovel<\/p>\n<p>@daimotorsport<\/p>\n<p>@nikimaracing<\/p>\n<p>@costafe16<\/p>\n<p>&nbsp;<\/p>\n<p><!-- [if mso]><\/td>\n\n\n<\/tr>\n\n\n<\/table>\n\n\n<![endif]--> <!-- [if (!mso)&(!IE)]><!--><\/p>\n<p><!--<![endif]--><\/p>\n<p><!-- [if (mso)|(IE)]><\/td>\n\n\n<\/tr>\n\n\n<\/table>\n\n\n<![endif]--> <!-- [if (mso)|(IE)]><\/td>\n\n\n<![endif]--> <!-- [if (mso)|(IE)]>\n\n\n<td align=\"center\" width=\"187\" style=\"background-color:#FFFFFF;width:187px; border-top: 0px solid transparent; border-left: 0px solid transparent; border-bottom: 0px solid transparent; border-right: 0px solid transparent;\" valign=\"top\">\n\n\n<table width=\"100%\" cellpadding=\"0\" cellspacing=\"0\" border=\"0\">\n\n\n<tr>\n\n\n<td style=\"padding-right: 0px; padding-left: 0px; padding-top:5px; padding-bottom:5px;\"><![endif]--><\/p>\n<p><!-- [if (!mso)&(!IE)]><!--><\/p>\n<p><!--<![endif]--> <!-- [if mso]>\n\n\n<table width=\"100%\" cellpadding=\"0\" cellspacing=\"0\" border=\"0\">\n\n\n<tr>\n\n\n<td style=\"padding-right: 12px; padding-left: 10px; padding-top: 0px; padding-bottom: 5px; font-family: 'Trebuchet MS', Tahoma, sans-serif\"><![endif]--><\/p>\n<p style=\"font-size: 12px; line-height: 1.2; text-align: center; mso-line-height-alt: 14px; margin: 0;\">Miguel Silva est\u00e1 pronto para retomar a lideran\u00e7a da F4 J\u00fanior<br \/>\n(Foto: Leonardo Dias)<\/p>\n<p><!-- [if mso]><\/td>\n\n\n<\/tr>\n\n\n<\/table>\n\n\n<![endif]--><\/p>\n<p><!-- [if mso]>\n\n\n<table width=\"100%\" cellpadding=\"0\" cellspacing=\"0\" border=\"0\">\n\n\n<tr style=\"line-height:0px\">\n\n\n<td style=\"padding-right: 10px;padding-left: 10px;\" align=\"center\"><![endif]--> <a tabindex=\"-1\" href=\"https:\/\/admin.presskit.com.br\/anexos_checkurl.jpg?fd=1&amp;newsid=441216&amp;anexoid=1118444&amp;usuid=621345&amp;usu=contato%40redelajeado.com.br\" target=\"_blank\" rel=\"noopener\"><img decoding=\"async\" src=\"data:image\/gif;base64,R0lGODlhAQABAIAAAAAAAP\/\/\/ywAAAAAAQABAAACAUwAOw==\" fifu-lazy=\"1\" fifu-data-sizes=\"auto\" fifu-data-srcset=\"https:\/\/i2.wp.com\/admin.presskit.com.br\/anexos_checkurl.jpg?fd=0&tipoimg=web&newsid=441216&anexoid=1118444&usuid=621345&usu=contato%40redelajeado.com.br&log=0&ssl=1&w=75&resize=75&ssl=1 75w, https:\/\/i2.wp.com\/admin.presskit.com.br\/anexos_checkurl.jpg?fd=0&tipoimg=web&newsid=441216&anexoid=1118444&usuid=621345&usu=contato%40redelajeado.com.br&log=0&ssl=1&w=100&resize=100&ssl=1 100w, https:\/\/i2.wp.com\/admin.presskit.com.br\/anexos_checkurl.jpg?fd=0&tipoimg=web&newsid=441216&anexoid=1118444&usuid=621345&usu=contato%40redelajeado.com.br&log=0&ssl=1&w=150&resize=150&ssl=1 150w, https:\/\/i2.wp.com\/admin.presskit.com.br\/anexos_checkurl.jpg?fd=0&tipoimg=web&newsid=441216&anexoid=1118444&usuid=621345&usu=contato%40redelajeado.com.br&log=0&ssl=1&w=240&resize=240&ssl=1 240w, https:\/\/i2.wp.com\/admin.presskit.com.br\/anexos_checkurl.jpg?fd=0&tipoimg=web&newsid=441216&anexoid=1118444&usuid=621345&usu=contato%40redelajeado.com.br&log=0&ssl=1&w=320&resize=320&ssl=1 320w, https:\/\/i2.wp.com\/admin.presskit.com.br\/anexos_checkurl.jpg?fd=0&tipoimg=web&newsid=441216&anexoid=1118444&usuid=621345&usu=contato%40redelajeado.com.br&log=0&ssl=1&w=500&resize=500&ssl=1 500w, https:\/\/i2.wp.com\/admin.presskit.com.br\/anexos_checkurl.jpg?fd=0&tipoimg=web&newsid=441216&anexoid=1118444&usuid=621345&usu=contato%40redelajeado.com.br&log=0&ssl=1&w=640&resize=640&ssl=1 640w, https:\/\/i2.wp.com\/admin.presskit.com.br\/anexos_checkurl.jpg?fd=0&tipoimg=web&newsid=441216&anexoid=1118444&usuid=621345&usu=contato%40redelajeado.com.br&log=0&ssl=1&w=800&resize=800&ssl=1 800w, https:\/\/i2.wp.com\/admin.presskit.com.br\/anexos_checkurl.jpg?fd=0&tipoimg=web&newsid=441216&anexoid=1118444&usuid=621345&usu=contato%40redelajeado.com.br&log=0&ssl=1&w=1024&resize=1024&ssl=1 1024w, https:\/\/i2.wp.com\/admin.presskit.com.br\/anexos_checkurl.jpg?fd=0&tipoimg=web&newsid=441216&anexoid=1118444&usuid=621345&usu=contato%40redelajeado.com.br&log=0&ssl=1&w=1280&resize=1280&ssl=1 1280w, https:\/\/i2.wp.com\/admin.presskit.com.br\/anexos_checkurl.jpg?fd=0&tipoimg=web&newsid=441216&anexoid=1118444&usuid=621345&usu=contato%40redelajeado.com.br&log=0&ssl=1&w=1600&resize=1600&ssl=1 1600w\" class=\"center autowidth fullwidth\" style=\"text-decoration: none; -ms-interpolation-mode: bicubic; height: auto; border: none; width: 100%; max-width: 167px; display: block;\" title=\"Miguel Silva est\u00e1 pronto para retomar a lideran\u00e7a da F4 J\u00fanior (Foto: Leonardo Dias)\" fifu-data-src=\"https:\/\/i2.wp.com\/admin.presskit.com.br\/anexos_checkurl.jpg?fd=0&tipoimg=web&newsid=441216&anexoid=1118444&usuid=621345&usu=contato%40redelajeado.com.br&log=0&ssl=1\" alt=\"Miguel Silva est\u00e1 pronto para retomar a lideran\u00e7a da F4 J\u00fanior (Foto: Leonardo Dias)\" width=\"167\" align=\"middle\" border=\"0\" \/><\/a> <!-- [if mso]><\/td>\n\n\n<\/tr>\n\n\n<\/table>\n\n\n<![endif]--><\/p>\n<p><!-- [if mso]>\n\n\n<table width=\"100%\" cellpadding=\"0\" cellspacing=\"0\" border=\"0\">\n\n\n<tr>\n\n\n<td style=\"padding-right: 10px; padding-left: 10px; padding-top: 5px; padding-bottom: 30px; font-family: 'Trebuchet MS', Tahoma, sans-serif\"><![endif]--><\/p>\n<p style=\"font-size: 12px; line-height: 1.2; text-align: center; mso-line-height-alt: 14px; margin: 0;\">\n<p><!-- [if mso]><\/td>\n\n\n<\/tr>\n\n\n<\/table>\n\n\n<![endif]--> <!-- [if mso]>\n\n\n<table width=\"100%\" cellpadding=\"0\" cellspacing=\"0\" border=\"0\">\n\n\n<tr>\n\n\n<td style=\"padding-right: 12px; padding-left: 10px; padding-top: 0px; padding-bottom: 5px; font-family: 'Trebuchet MS', Tahoma, sans-serif\"><![endif]--><\/p>\n<p style=\"font-size: 12px; line-height: 1.2; text-align: center; mso-line-height-alt: 14px; margin: 0;\">Miguel Silva \u00e9 o maior vencedor da F4 Jr na V11 Aldeia Cup<br \/>\n(Foto: Leonardo Dias)<\/p>\n<p><!-- [if mso]><\/td>\n\n\n<\/tr>\n\n\n<\/table>\n\n\n<![endif]--><\/p>\n<p><!-- [if mso]>\n\n\n<table width=\"100%\" cellpadding=\"0\" cellspacing=\"0\" border=\"0\">\n\n\n<tr style=\"line-height:0px\">\n\n\n<td style=\"padding-right: 10px;padding-left: 10px;\" align=\"center\"><![endif]--> <a tabindex=\"-1\" href=\"https:\/\/admin.presskit.com.br\/anexos_checkurl.jpg?fd=1&amp;newsid=441216&amp;anexoid=1118443&amp;usuid=621345&amp;usu=contato%40redelajeado.com.br\" target=\"_blank\" rel=\"noopener\"><img decoding=\"async\" src=\"data:image\/gif;base64,R0lGODlhAQABAIAAAAAAAP\/\/\/ywAAAAAAQABAAACAUwAOw==\" fifu-lazy=\"1\" fifu-data-sizes=\"auto\" fifu-data-srcset=\"https:\/\/i0.wp.com\/admin.presskit.com.br\/anexos_checkurl.jpg?fd=0&tipoimg=web&newsid=441216&anexoid=1118443&usuid=621345&usu=contato%40redelajeado.com.br&log=0&ssl=1&w=75&resize=75&ssl=1 75w, https:\/\/i0.wp.com\/admin.presskit.com.br\/anexos_checkurl.jpg?fd=0&tipoimg=web&newsid=441216&anexoid=1118443&usuid=621345&usu=contato%40redelajeado.com.br&log=0&ssl=1&w=100&resize=100&ssl=1 100w, https:\/\/i0.wp.com\/admin.presskit.com.br\/anexos_checkurl.jpg?fd=0&tipoimg=web&newsid=441216&anexoid=1118443&usuid=621345&usu=contato%40redelajeado.com.br&log=0&ssl=1&w=150&resize=150&ssl=1 150w, https:\/\/i0.wp.com\/admin.presskit.com.br\/anexos_checkurl.jpg?fd=0&tipoimg=web&newsid=441216&anexoid=1118443&usuid=621345&usu=contato%40redelajeado.com.br&log=0&ssl=1&w=240&resize=240&ssl=1 240w, https:\/\/i0.wp.com\/admin.presskit.com.br\/anexos_checkurl.jpg?fd=0&tipoimg=web&newsid=441216&anexoid=1118443&usuid=621345&usu=contato%40redelajeado.com.br&log=0&ssl=1&w=320&resize=320&ssl=1 320w, https:\/\/i0.wp.com\/admin.presskit.com.br\/anexos_checkurl.jpg?fd=0&tipoimg=web&newsid=441216&anexoid=1118443&usuid=621345&usu=contato%40redelajeado.com.br&log=0&ssl=1&w=500&resize=500&ssl=1 500w, https:\/\/i0.wp.com\/admin.presskit.com.br\/anexos_checkurl.jpg?fd=0&tipoimg=web&newsid=441216&anexoid=1118443&usuid=621345&usu=contato%40redelajeado.com.br&log=0&ssl=1&w=640&resize=640&ssl=1 640w, https:\/\/i0.wp.com\/admin.presskit.com.br\/anexos_checkurl.jpg?fd=0&tipoimg=web&newsid=441216&anexoid=1118443&usuid=621345&usu=contato%40redelajeado.com.br&log=0&ssl=1&w=800&resize=800&ssl=1 800w, https:\/\/i0.wp.com\/admin.presskit.com.br\/anexos_checkurl.jpg?fd=0&tipoimg=web&newsid=441216&anexoid=1118443&usuid=621345&usu=contato%40redelajeado.com.br&log=0&ssl=1&w=1024&resize=1024&ssl=1 1024w, https:\/\/i0.wp.com\/admin.presskit.com.br\/anexos_checkurl.jpg?fd=0&tipoimg=web&newsid=441216&anexoid=1118443&usuid=621345&usu=contato%40redelajeado.com.br&log=0&ssl=1&w=1280&resize=1280&ssl=1 1280w, https:\/\/i0.wp.com\/admin.presskit.com.br\/anexos_checkurl.jpg?fd=0&tipoimg=web&newsid=441216&anexoid=1118443&usuid=621345&usu=contato%40redelajeado.com.br&log=0&ssl=1&w=1600&resize=1600&ssl=1 1600w\" class=\"center autowidth fullwidth\" style=\"text-decoration: none; -ms-interpolation-mode: bicubic; height: auto; border: none; width: 100%; max-width: 167px; display: block;\" title=\"Miguel Silva \u00e9 o maior vencedor da F4 Jr na V11 Aldeia Cup (Foto: Leonardo Dias)\" fifu-data-src=\"https:\/\/i0.wp.com\/admin.presskit.com.br\/anexos_checkurl.jpg?fd=0&tipoimg=web&newsid=441216&anexoid=1118443&usuid=621345&usu=contato%40redelajeado.com.br&log=0&ssl=1\" alt=\"Miguel Silva \u00e9 o maior vencedor da F4 Jr na V11 Aldeia Cup (Foto: Leonardo Dias)\" width=\"167\" align=\"middle\" border=\"0\" \/><\/a> <!-- [if mso]><\/td>\n\n\n<\/tr>\n\n\n<\/table>\n\n\n<![endif]--><\/p>\n<p><!-- [if mso]>\n\n\n<table width=\"100%\" cellpadding=\"0\" cellspacing=\"0\" border=\"0\">\n\n\n<tr>\n\n\n<td style=\"padding-right: 10px; padding-left: 10px; padding-top: 5px; padding-bottom: 30px; font-family: 'Trebuchet MS', Tahoma, sans-serif\"><![endif]--><\/p>\n<p style=\"font-size: 12px; line-height: 1.5; text-align: justify; mso-line-height-alt: 14px; margin: 0; margin-top: 20px;\">\n<p><!-- [if mso]><\/td>\n\n\n<\/tr>\n\n\n<\/table>\n\n\n<![endif]--> <!-- [if (!mso)&(!IE)]><!--><\/p>\n<p><!--<![endif]--><\/p>\n<p><!-- [if (mso)|(IE)]><\/td>\n\n\n<\/tr>\n\n\n<\/table>\n\n\n<![endif]--> <!-- [if (mso)|(IE)]><\/td>\n\n\n<\/tr>\n\n\n<\/table>\n\n\n<\/td>\n\n\n<\/tr>\n\n\n<\/table>\n\n\n<![endif]--><\/p>\n<p><!-- [if (mso)|(IE)]><\/td>\n\n\n<\/tr>\n\n\n<\/table>\n\n\n<![endif]--><\/p>\n<p><!-- [if (IE)]><\/div>\n\n\n<![endif]--><\/p>\n","protected":false},"excerpt":{"rendered":"<p>Piloto de 12 anos de idade tem quatro vit\u00f3rias e uma segunda coloca\u00e7\u00e3o nas cinco&#8230;<\/p>\n","protected":false},"author":1,"featured_media":0,"comment_status":"closed","ping_status":"closed","sticky":false,"template":"","format":"standard","meta":{"fifu_image_url":"","fifu_image_alt":"","footnotes":""},"categories":[8428,12365,727],"tags":[58,12885],"class_list":["post-191432","post","type-post","status-publish","format-standard","hentry","category-automobilismo","category-brasileventosvelocidade","category-noticias","tag-noticias","tag-verdeamarelo","wpcat-8428-id","wpcat-12365-id","wpcat-727-id"],"_links":{"self":[{"href":"https:\/\/verde-amarelo.net\/verdeamarelo\/wp-json\/wp\/v2\/posts\/191432","targetHints":{"allow":["GET"]}}],"collection":[{"href":"https:\/\/verde-amarelo.net\/verdeamarelo\/wp-json\/wp\/v2\/posts"}],"about":[{"href":"https:\/\/verde-amarelo.net\/verdeamarelo\/wp-json\/wp\/v2\/types\/post"}],"author":[{"embeddable":true,"href":"https:\/\/verde-amarelo.net\/verdeamarelo\/wp-json\/wp\/v2\/users\/1"}],"replies":[{"embeddable":true,"href":"https:\/\/verde-amarelo.net\/verdeamarelo\/wp-json\/wp\/v2\/comments?post=191432"}],"version-history":[{"count":0,"href":"https:\/\/verde-amarelo.net\/verdeamarelo\/wp-json\/wp\/v2\/posts\/191432\/revisions"}],"wp:attachment":[{"href":"https:\/\/verde-amarelo.net\/verdeamarelo\/wp-json\/wp\/v2\/media?parent=191432"}],"wp:term":[{"taxonomy":"category","embeddable":true,"href":"https:\/\/verde-amarelo.net\/verdeamarelo\/wp-json\/wp\/v2\/categories?post=191432"},{"taxonomy":"post_tag","embeddable":true,"href":"https:\/\/verde-amarelo.net\/verdeamarelo\/wp-json\/wp\/v2\/tags?post=191432"}],"curies":[{"name":"wp","href":"https:\/\/api.w.org\/{rel}","templated":true}]}}