{"id":191900,"date":"2024-08-07T09:09:59","date_gmt":"2024-08-07T12:09:59","guid":{"rendered":"https:\/\/verde-amarelo.net\/verdeamarelo\/?p=191900"},"modified":"2024-08-07T18:55:32","modified_gmt":"2024-08-07T21:55:32","slug":"bolsonaro-lanca-ataque-radical-aos-candidatos-que-se-aliarem-a-partidos-de-esquerda","status":"publish","type":"post","link":"https:\/\/verde-amarelo.net\/verdeamarelo\/2024\/08\/bolsonaro-lanca-ataque-radical-aos-candidatos-que-se-aliarem-a-partidos-de-esquerda\/","title":{"rendered":"Bolsonaro defende que candidatos do PL n\u00e3o se aliem a partidos de esquerda"},"content":{"rendered":"<p><!-- [if mso | IE]>\n\n\n<table align=\"center\" border=\"0\" cellpadding=\"0\" cellspacing=\"0\" class=\"cols_1-outlook 1669660989325-outlook ip-section-outlook\" role=\"presentation\" style=\"width:600px;\" width=\"600\" bgcolor=\"#ffffff\" >\n\n\n<tr>\n\n\n<td style=\"line-height:0px;font-size:0px;mso-line-height-rule:exactly;\"><![endif]--><\/p>\n<p><!-- [if mso | IE]>\n\n\n<table role=\"presentation\" border=\"0\" cellpadding=\"0\" cellspacing=\"0\">\n\n\n<tr>\n\n\n<td class=\"ip-column-outlook -outlook\" style=\"vertical-align:top;width:592px;\" ><![endif]--><\/p>\n<p><!-- htmlmin:ignore --><\/p>\n<p><!-- [if mso | IE]>\n\n\n<table align=\"center\" border=\"0\" cellpadding=\"0\" cellspacing=\"0\" style=\"border-top:solid 4px #000000;font-size:1px;margin:0px auto;width:534px;\" role=\"presentation\" width=\"534px\" >\n\n\n<tr>\n\n\n<td style=\"height:0;line-height:0;\"> &nbsp;<\/td>\n\n\n<\/tr>\n\n\n<\/table>\n\n\n<![endif]--><\/p>\n<p><!-- [if mso | IE]><\/td>\n\n\n<\/tr>\n\n\n<\/table>\n\n\n<![endif]--><\/p>\n<p><!-- [if mso | IE]><\/td>\n\n\n<\/tr>\n\n\n<\/table>\n\n\n\n\n<table align=\"center\" border=\"0\" cellpadding=\"0\" cellspacing=\"0\" class=\"cols_1-outlook 1723032324137-outlook ip-section-outlook\" role=\"presentation\" style=\"width:600px;\" width=\"600\" bgcolor=\"#ffffff\" >\n\n\n<tr>\n\n\n<td style=\"line-height:0px;font-size:0px;mso-line-height-rule:exactly;\"><![endif]--><\/p>\n<p><!-- [if mso | IE]>\n\n\n<table role=\"presentation\" border=\"0\" cellpadding=\"0\" cellspacing=\"0\">\n\n\n<tr>\n\n\n<td class=\"ip-column-outlook -outlook\" style=\"vertical-align:top;width:592px;\" ><![endif]--><\/p>\n<p>&nbsp;<\/p>\n<p><!-- [if mso | IE]><\/td>\n\n\n<\/tr>\n\n\n<\/table>\n\n\n<![endif]--><\/p>\n<p><!-- [if mso | IE]><\/td>\n\n\n<\/tr>\n\n\n<\/table>\n\n\n\n\n<table align=\"center\" border=\"0\" cellpadding=\"0\" cellspacing=\"0\" class=\"cols_1-outlook 1669661464646-outlook ip-section-outlook\" role=\"presentation\" style=\"width:600px;\" width=\"600\" bgcolor=\"#ffffff\" >\n\n\n<tr>\n\n\n<td style=\"line-height:0px;font-size:0px;mso-line-height-rule:exactly;\"><![endif]--><\/p>\n<p><!-- [if mso | IE]>\n\n\n<table role=\"presentation\" border=\"0\" cellpadding=\"0\" cellspacing=\"0\">\n\n\n<tr>\n\n\n<td class=\"ip-column-outlook -outlook\" style=\"vertical-align:top;width:592px;\" ><![endif]--><\/p>\n<p><!-- htmlmin:ignore --><\/p>\n<p><!-- htmlmin:ignore --><\/p>\n<p><!-- [if mso | IE]><\/td>\n\n\n<\/tr>\n\n\n<\/table>\n\n\n<![endif]--><\/p>\n<p><!-- [if mso | IE]><\/td>\n\n\n<\/tr>\n\n\n<\/table>\n\n\n\n\n<table align=\"center\" border=\"0\" cellpadding=\"0\" cellspacing=\"0\" class=\"cols_1-outlook 1669661495596-outlook ip-section-outlook\" role=\"presentation\" style=\"width:600px;\" width=\"600\" bgcolor=\"#ffffff\" >\n\n\n<tr>\n\n\n<td style=\"line-height:0px;font-size:0px;mso-line-height-rule:exactly;\"><![endif]--><\/p>\n<p><!-- [if mso | IE]>\n\n\n<table role=\"presentation\" border=\"0\" cellpadding=\"0\" cellspacing=\"0\">\n\n\n<tr>\n\n\n<td class=\"ip-column-outlook -outlook\" style=\"vertical-align:top;width:592px;\" ><![endif]--><\/p>\n<p><!-- htmlmin:ignore --><\/p>\n<h2 class=\"ql-align-center\" style=\"margin: 0; text-align: center;\"><em><strong>Entenda como a postura do ex-presidente est\u00e1 pressionando candidatos e mudando as regras da disputa eleitoral nas prefeituras e c\u00e2maras municipais para 2024<\/strong><\/em><\/h2>\n<p><!-- htmlmin:ignore --><\/p>\n<figure style=\"width: 584px\" class=\"wp-caption aligncenter\"><a href=\"https:\/\/cseprs3.s3.amazonaws.com\/email-editor-files\/ccbc2ca6-0968-480c-9f88-08dcab413fa4\/4ced7e80-191c-4fd0-9e99-1e0a4f7bc2f8.webp\"><img decoding=\"async\" src=\"data:image\/gif;base64,R0lGODlhAQABAIAAAAAAAP\/\/\/ywAAAAAAQABAAACAUwAOw==\" fifu-lazy=\"1\" fifu-data-sizes=\"auto\" fifu-data-srcset=\"https:\/\/i2.wp.com\/cseprs3.s3.amazonaws.com\/email-editor-files\/ccbc2ca6-0968-480c-9f88-08dcab413fa4\/4ced7e80-191c-4fd0-9e99-1e0a4f7bc2f8.webp?ssl=1&w=75&resize=75&ssl=1 75w, https:\/\/i2.wp.com\/cseprs3.s3.amazonaws.com\/email-editor-files\/ccbc2ca6-0968-480c-9f88-08dcab413fa4\/4ced7e80-191c-4fd0-9e99-1e0a4f7bc2f8.webp?ssl=1&w=100&resize=100&ssl=1 100w, https:\/\/i2.wp.com\/cseprs3.s3.amazonaws.com\/email-editor-files\/ccbc2ca6-0968-480c-9f88-08dcab413fa4\/4ced7e80-191c-4fd0-9e99-1e0a4f7bc2f8.webp?ssl=1&w=150&resize=150&ssl=1 150w, https:\/\/i2.wp.com\/cseprs3.s3.amazonaws.com\/email-editor-files\/ccbc2ca6-0968-480c-9f88-08dcab413fa4\/4ced7e80-191c-4fd0-9e99-1e0a4f7bc2f8.webp?ssl=1&w=240&resize=240&ssl=1 240w, https:\/\/i2.wp.com\/cseprs3.s3.amazonaws.com\/email-editor-files\/ccbc2ca6-0968-480c-9f88-08dcab413fa4\/4ced7e80-191c-4fd0-9e99-1e0a4f7bc2f8.webp?ssl=1&w=320&resize=320&ssl=1 320w, https:\/\/i2.wp.com\/cseprs3.s3.amazonaws.com\/email-editor-files\/ccbc2ca6-0968-480c-9f88-08dcab413fa4\/4ced7e80-191c-4fd0-9e99-1e0a4f7bc2f8.webp?ssl=1&w=500&resize=500&ssl=1 500w, https:\/\/i2.wp.com\/cseprs3.s3.amazonaws.com\/email-editor-files\/ccbc2ca6-0968-480c-9f88-08dcab413fa4\/4ced7e80-191c-4fd0-9e99-1e0a4f7bc2f8.webp?ssl=1&w=640&resize=640&ssl=1 640w, https:\/\/i2.wp.com\/cseprs3.s3.amazonaws.com\/email-editor-files\/ccbc2ca6-0968-480c-9f88-08dcab413fa4\/4ced7e80-191c-4fd0-9e99-1e0a4f7bc2f8.webp?ssl=1&w=800&resize=800&ssl=1 800w, https:\/\/i2.wp.com\/cseprs3.s3.amazonaws.com\/email-editor-files\/ccbc2ca6-0968-480c-9f88-08dcab413fa4\/4ced7e80-191c-4fd0-9e99-1e0a4f7bc2f8.webp?ssl=1&w=1024&resize=1024&ssl=1 1024w, https:\/\/i2.wp.com\/cseprs3.s3.amazonaws.com\/email-editor-files\/ccbc2ca6-0968-480c-9f88-08dcab413fa4\/4ced7e80-191c-4fd0-9e99-1e0a4f7bc2f8.webp?ssl=1&w=1280&resize=1280&ssl=1 1280w, https:\/\/i2.wp.com\/cseprs3.s3.amazonaws.com\/email-editor-files\/ccbc2ca6-0968-480c-9f88-08dcab413fa4\/4ced7e80-191c-4fd0-9e99-1e0a4f7bc2f8.webp?ssl=1&w=1600&resize=1600&ssl=1 1600w\" style=\"border: none; border-radius: 0px; display: block; outline: none; text-decoration: none; height: auto; width: 100%; font-size: 13px;\" fifu-data-src=\"https:\/\/i2.wp.com\/cseprs3.s3.amazonaws.com\/email-editor-files\/ccbc2ca6-0968-480c-9f88-08dcab413fa4\/4ced7e80-191c-4fd0-9e99-1e0a4f7bc2f8.webp?ssl=1\" alt=\"\" width=\"584\" height=\"683\" \/><\/a><figcaption class=\"wp-caption-text\">Cr\u00e9dito: Natanael Alves\/PL<\/figcaption><\/figure>\n<p><!-- htmlmin:ignore --><\/p>\n<p style=\"margin: 0;\"><strong>\u00a0<\/strong><\/p>\n<p><!-- htmlmin:ignore --><\/p>\n<p><!-- [if mso | IE]><\/td>\n\n\n<\/tr>\n\n\n<\/table>\n\n\n<![endif]--><\/p>\n<p><!-- [if mso | IE]><\/td>\n\n\n<\/tr>\n\n\n<\/table>\n\n\n\n\n<table align=\"center\" border=\"0\" cellpadding=\"0\" cellspacing=\"0\" class=\"cols_1-outlook 1669661599485-outlook ip-section-outlook\" role=\"presentation\" style=\"width:600px;\" width=\"600\" bgcolor=\"#ffffff\" >\n\n\n<tr>\n\n\n<td style=\"line-height:0px;font-size:0px;mso-line-height-rule:exactly;\"><![endif]--><\/p>\n<p><!-- [if mso | IE]>\n\n\n<table role=\"presentation\" border=\"0\" cellpadding=\"0\" cellspacing=\"0\">\n\n\n<tr>\n\n\n<td class=\"ip-column-outlook -outlook\" style=\"vertical-align:top;width:592px;\" ><![endif]--><\/p>\n<p><!-- htmlmin:ignore --><\/p>\n<p style=\"margin: 0;\"><strong>Com o fim do prazo para as conven\u00e7\u00f5es partid\u00e1rias, onde os partidos anunciam suas alian\u00e7as e estabelecem os acordos na disputa eleitoral, um assunto ganhou destaque: o isolamento do PL (Partido Liberal) na briga pelas prefeituras e c\u00e2maras municipais em todo o pa\u00eds. Sem acordos com outros partidos, candidatos lan\u00e7aram-se na disputa sozinhos, ap\u00f3s press\u00e3o do ex-presidente Bolsonaro por fidelidade aos princ\u00edpios e valores defendidos pelo partido. <\/strong><\/p>\n<p>&nbsp;<\/p>\n<p style=\"margin: 0;\"><strong>Em 2024, os brasileiros ir\u00e3o votar para escolher seus representantes para os cargos de vereador e prefeito, mas para cada um dos cargos o sistema contabiliza o voto de forma diferente. Desde 2017, as coliga\u00e7\u00f5es partid\u00e1rias para o cargo de vereador est\u00e3o proibidas, tornando o processo mais competitivo e concentrando a disputa dentro dos partidos ou das federa\u00e7\u00f5es partid\u00e1rias.<\/strong><\/p>\n<p>&nbsp;<\/p>\n<p style=\"margin: 0;\"><strong>Neste sistema chamado de proporcional, os votos s\u00e3o contabilizados para o partido ou federa\u00e7\u00e3o, e n\u00e3o diretamente para os candidatos. Isso significa que o mandato conquistado pertence \u00e0 legenda e n\u00e3o ao indiv\u00edduo, enfatizando a import\u00e2ncia da vota\u00e7\u00e3o para o partido. Quanto mais votos uma legenda receber, mais cadeiras ela poder\u00e1 ocupar, refletindo a proporcionalidade do sistema. J\u00e1 para o cargo de prefeito, a legisla\u00e7\u00e3o permite a forma\u00e7\u00e3o de coliga\u00e7\u00f5es, esse \u00e9 o chamado sistema majorit\u00e1rio e vence quem receber mais votos, ou a maioria simples. <\/strong><\/p>\n<p>&nbsp;<\/p>\n<p style=\"margin: 0;\"><strong>Considerando que o sistema eleitoral para vereadores \u00e9 proporcional e para prefeitos \u00e9 majorit\u00e1rio, o advogado Wallyson dos Anjos, especialista em Direito Eleitoral, esclarece a diferen\u00e7a na apura\u00e7\u00e3o de votos entre os dois cargos: \u201cA elei\u00e7\u00e3o majorit\u00e1ria \u00e9 usada para escolher cargos executivos, como prefeitos. Nessa elei\u00e7\u00e3o, o candidato deve obter a maior quantidade de votos v\u00e1lidos, excluindo os votos em branco e nulos, para ser eleito. Enquanto que o candidato majorit\u00e1rio para ser eleito deve obter a maioria dos votos, o sistema proporcional percebe que \u00e9 necess\u00e1rio contemplar a grande maioria dos eleitores. O sistema proporcional representa as maiorias e minorias, pois nem sempre quem tem mais votos ser\u00e1 o candidato eleito. Isso porque \u00e9 poss\u00edvel votar no candidato e votar na Legenda Partid\u00e1ria\u201d.<\/strong><\/p>\n<p>&nbsp;<\/p>\n<p style=\"margin: 0;\"><strong>Considerada uma elei\u00e7\u00e3o mais competitiva, feita no corpo a corpo por conta da proximidade dos candidatos com os eleitores, na elei\u00e7\u00e3o municipal, contar com um aliado forte pode representar menos trabalho e mais garantias na corrida eleitoral. Dependendo da regi\u00e3o e estado do pa\u00eds, isso pode significar sentar ao lado de partidos de esquerda, como o PT (Partido dos Trabalhadores). Formar coliga\u00e7\u00f5es com tr\u00eas, quatro, e at\u00e9 10 partidos \u00e9 algo t\u00e3o comum, que a decis\u00e3o do PL levantou discuss\u00f5es sobre os limites para o controle dos partidos. <\/strong><\/p>\n<p>&nbsp;<\/p>\n<p style=\"margin: 0;\"><strong>O Vice-Presidente da Comiss\u00e3o de Direito Eleitoral da OAB no Piau\u00ed, Wallyson esclarece se essa press\u00e3o por legenda \u00fanica \u00e9 legal: &#8220;O que um partido pode ou n\u00e3o pode fazer \u00e9 definido pelo seu estatuto. Esse documento estabelece regras sobre com quem o partido deve ou n\u00e3o se aliar. Normalmente, o estatuto define projetos e ideias baseados em uma vis\u00e3o ideol\u00f3gica. Por exemplo, \u00e9 pouco prov\u00e1vel que um partido de direita se una a partidos de centro ou de esquerda, pois suas ideias sobre a atua\u00e7\u00e3o do Estado e outras pol\u00edticas podem ser muito diferentes. Alguns partidos, por exemplo, podem ser mais liberais e defender uma menor interven\u00e7\u00e3o do Estado, enquanto outros podem apoiar uma interven\u00e7\u00e3o maior, e isso est\u00e1 claramente descrito no estatuto de cada partido\u201d, aponta.<\/strong><\/p>\n<p>&nbsp;<\/p>\n<p style=\"margin: 0;\"><strong>O advogado afirma ainda que \u00e9 poss\u00edvel um partido intervir em um diret\u00f3rio municipal: \u201cAs inst\u00e2ncias superiores tem resolu\u00e7\u00f5es, determina\u00e7\u00f5es e podem sim intervir nos organismos partid\u00e1rios municipais se entenderem que aquele diret\u00f3rio n\u00e3o est\u00e1 seguindo a diretriz partid\u00e1ria que foi definida\u201d.<\/strong><\/p>\n<p>&nbsp;<\/p>\n<p style=\"margin: 0;\"><strong>\u00a0<\/strong><\/p>\n<p style=\"margin: 0;\"><strong>A pol\u00eamica em torno do assunto come\u00e7ou com a ex-primeira dama Michelle Bolsonaro, que anunciou ter criado um grupo s\u00f3 para receber den\u00fancias de candidatos do PL que tenham fechado acordo com partidos de esquerda. Depois foi a vez do pr\u00f3prio ex-presidente se posicionar, e afirmar que n\u00e3o aceitaria que o partido dividisse palanque com esquerdistas. Com essa postura, o PL iniciou uma rigorosa vigil\u00e2ncia sobre seus candidatos, amea\u00e7ando afastar aqueles que desobedecessem a determina\u00e7\u00e3o, e at\u00e9 apoiar seus advers\u00e1rios onde uma alian\u00e7a fosse formada. <\/strong><\/p>\n<p>&nbsp;<\/p>\n<p style=\"margin: 0;\"><strong>O especialista ressalta que existe um prazo para a interven\u00e7\u00e3o do partido: \u201cA partir do momento em que um candidato solicita o registro de sua candidatura, o partido n\u00e3o pode mais intervir ou impedir sua candidatura, porque os prazos para apresentar qualquer obje\u00e7\u00e3o j\u00e1 foram ultrapassados\u201d, conclui.<\/strong><\/p>\n<p>&nbsp;<\/p>\n<p style=\"margin: 0;\"><strong>At\u00e9 as elei\u00e7\u00f5es de 2018, a postura dos diret\u00f3rios nacionais era de liberdade para que os partidos constru\u00edssem suas alian\u00e7as nos estados e munic\u00edpios. Com a polariza\u00e7\u00e3o no cen\u00e1rio nacional, e o acirramento da disputa entre partidos de direita e esquerda, o controle sobre os candidatos por uma conduta mais alinhada, aumentou. <\/strong><\/p>\n<p>&nbsp;<\/p>\n<p style=\"margin: 0;\"><strong>Apesar da pol\u00eamica em torno da proibi\u00e7\u00e3o, no Maranh\u00e3o, PL e PT se uniram e ainda receberam apoio de outras legendas, como PSDB, Uni\u00e3o Brasil e PRB. A mudan\u00e7a de comportamento se deve ao ingresso de Bolsonaro ao partido, considerado o principal nome do PL, o ex-presidente se posiciona como linha dura contra a esquerda, e atualmente usa as elei\u00e7\u00f5es na Venezuela e o \u201capoio\u201d velado do governo brasileiro a Maduro. <\/strong><\/p>\n<p>&nbsp;<\/p>\n<p class=\"ql-align-justify\" style=\"margin: 0; text-align: justify;\"><strong>Mas nem sempre foi assim, em 2020 PL e PT fizeram parte da mesma chapa em 385 cidades, e sa\u00edram vitoriosos em 213 munic\u00edpios. Com a linha dura de Bolsonaro, muitas dessas alian\u00e7as foram desfeitas, mas ainda hoje \u00e9 poss\u00edvel encontrar munic\u00edpios governados pelos dois partidos. Sobre a decis\u00e3o de isolamento, quem vai dizer se foi ou n\u00e3o acertada, \u00e9 o eleitor, que tem at\u00e9 o dia 06 de outubro para decidir, e caso ocorra 2\u00ba turno, at\u00e9 o dia 27 de outubro.<\/strong><\/p>\n<p><!-- htmlmin:ignore --><\/p>\n<p><!-- [if mso | IE]><\/td>\n\n\n<\/tr>\n\n\n<\/table>\n\n\n<![endif]--><\/p>\n<p><!-- [if mso | IE]><\/td>\n\n\n<\/tr>\n\n\n<\/table>\n\n\n\n\n<table align=\"center\" border=\"0\" cellpadding=\"0\" cellspacing=\"0\" class=\"cols_1-outlook 1722454953994-outlook ip-section-outlook\" role=\"presentation\" style=\"width:600px;\" width=\"600\" bgcolor=\"#ffffff\" >\n\n\n<tr>\n\n\n<td style=\"line-height:0px;font-size:0px;mso-line-height-rule:exactly;\"><![endif]--><\/p>\n<p><!-- [if mso | IE]>\n\n\n<table role=\"presentation\" border=\"0\" cellpadding=\"0\" cellspacing=\"0\">\n\n\n<tr>\n\n\n<td class=\"ip-column-outlook -outlook\" style=\"vertical-align:top;width:592px;\" ><![endif]--><\/p>\n<p><!-- [if mso | IE]>\n\n\n<table align=\"center\" border=\"0\" cellpadding=\"0\" cellspacing=\"0\" style=\"border-top:solid 4px #000000;font-size:1px;margin:0px auto;width:534px;\" role=\"presentation\" width=\"534px\" >\n\n\n<tr>\n\n\n<td style=\"height:0;line-height:0;\"> &nbsp;<\/td>\n\n\n<\/tr>\n\n\n<\/table>\n\n\n<![endif]--><\/p>\n<p><!-- htmlmin:ignore --><\/p>\n<p style=\"margin: 0;\"><strong>Sobre Wallyson Soares dos Anjos:<\/strong><\/p>\n<p><!-- htmlmin:ignore --><\/p>\n<p><!-- [if mso | IE]><\/td>\n\n\n<\/tr>\n\n\n<\/table>\n\n\n<![endif]--><\/p>\n<p><!-- [if mso | IE]><\/td>\n\n\n<\/tr>\n\n\n<\/table>\n\n\n\n\n<table align=\"center\" border=\"0\" cellpadding=\"0\" cellspacing=\"0\" class=\"cols_2-outlook 1669661977803-outlook ip-section-outlook\" role=\"presentation\" style=\"width:600px;\" width=\"600\" bgcolor=\"#ffffff\" >\n\n\n<tr>\n\n\n<td style=\"line-height:0px;font-size:0px;mso-line-height-rule:exactly;\"><![endif]--><\/p>\n<p><!-- [if mso | IE]>\n\n\n<table role=\"presentation\" border=\"0\" cellpadding=\"0\" cellspacing=\"0\">\n\n\n<tr>\n\n\n<td class=\"ip-column-outlook -outlook\" style=\"vertical-align:top;width:296px;\" ><![endif]--><\/p>\n<p><img decoding=\"async\" src=\"data:image\/gif;base64,R0lGODlhAQABAIAAAAAAAP\/\/\/ywAAAAAAQABAAACAUwAOw==\" fifu-lazy=\"1\" fifu-data-sizes=\"auto\" fifu-data-srcset=\"https:\/\/i2.wp.com\/cseprs3.s3.amazonaws.com\/email-editor-files\/ccbc2ca6-0968-480c-9f88-08dcab413fa4\/ff68dc57-d17a-43f0-a2fc-6873edd30b25.jpg?ssl=1&w=75&resize=75&ssl=1 75w, https:\/\/i2.wp.com\/cseprs3.s3.amazonaws.com\/email-editor-files\/ccbc2ca6-0968-480c-9f88-08dcab413fa4\/ff68dc57-d17a-43f0-a2fc-6873edd30b25.jpg?ssl=1&w=100&resize=100&ssl=1 100w, https:\/\/i2.wp.com\/cseprs3.s3.amazonaws.com\/email-editor-files\/ccbc2ca6-0968-480c-9f88-08dcab413fa4\/ff68dc57-d17a-43f0-a2fc-6873edd30b25.jpg?ssl=1&w=150&resize=150&ssl=1 150w, https:\/\/i2.wp.com\/cseprs3.s3.amazonaws.com\/email-editor-files\/ccbc2ca6-0968-480c-9f88-08dcab413fa4\/ff68dc57-d17a-43f0-a2fc-6873edd30b25.jpg?ssl=1&w=240&resize=240&ssl=1 240w, https:\/\/i2.wp.com\/cseprs3.s3.amazonaws.com\/email-editor-files\/ccbc2ca6-0968-480c-9f88-08dcab413fa4\/ff68dc57-d17a-43f0-a2fc-6873edd30b25.jpg?ssl=1&w=320&resize=320&ssl=1 320w, https:\/\/i2.wp.com\/cseprs3.s3.amazonaws.com\/email-editor-files\/ccbc2ca6-0968-480c-9f88-08dcab413fa4\/ff68dc57-d17a-43f0-a2fc-6873edd30b25.jpg?ssl=1&w=500&resize=500&ssl=1 500w, https:\/\/i2.wp.com\/cseprs3.s3.amazonaws.com\/email-editor-files\/ccbc2ca6-0968-480c-9f88-08dcab413fa4\/ff68dc57-d17a-43f0-a2fc-6873edd30b25.jpg?ssl=1&w=640&resize=640&ssl=1 640w, https:\/\/i2.wp.com\/cseprs3.s3.amazonaws.com\/email-editor-files\/ccbc2ca6-0968-480c-9f88-08dcab413fa4\/ff68dc57-d17a-43f0-a2fc-6873edd30b25.jpg?ssl=1&w=800&resize=800&ssl=1 800w, https:\/\/i2.wp.com\/cseprs3.s3.amazonaws.com\/email-editor-files\/ccbc2ca6-0968-480c-9f88-08dcab413fa4\/ff68dc57-d17a-43f0-a2fc-6873edd30b25.jpg?ssl=1&w=1024&resize=1024&ssl=1 1024w, https:\/\/i2.wp.com\/cseprs3.s3.amazonaws.com\/email-editor-files\/ccbc2ca6-0968-480c-9f88-08dcab413fa4\/ff68dc57-d17a-43f0-a2fc-6873edd30b25.jpg?ssl=1&w=1280&resize=1280&ssl=1 1280w, https:\/\/i2.wp.com\/cseprs3.s3.amazonaws.com\/email-editor-files\/ccbc2ca6-0968-480c-9f88-08dcab413fa4\/ff68dc57-d17a-43f0-a2fc-6873edd30b25.jpg?ssl=1&w=1600&resize=1600&ssl=1 1600w\" style=\"border: none; border-radius: 0px; display: block; outline: none; text-decoration: none; height: auto; width: 100%; font-size: 13px;\" title=\"\" fifu-data-src=\"https:\/\/i2.wp.com\/cseprs3.s3.amazonaws.com\/email-editor-files\/ccbc2ca6-0968-480c-9f88-08dcab413fa4\/ff68dc57-d17a-43f0-a2fc-6873edd30b25.jpg?ssl=1\" alt=\"\" width=\"288\" height=\"auto\" \/><\/p>\n<p><!-- [if mso | IE]><\/td>\n\n\n\n\n<td class=\"ip-column-outlook -outlook\" style=\"vertical-align:top;width:296px;\" ><![endif]--><\/p>\n<p><!-- htmlmin:ignore --><\/p>\n<h5 style=\"margin: 0;\">Wallyson Soares dos Anjos \u00e9 historiador licenciado pela UESPI, Graduado em direito pela CEUT, advogado militante com especializa\u00e7\u00e3o em Direito Eleitoral. \u00c9 vice-presidente da Comiss\u00e3o de Direito Eleitoral da OAB-PI e Colunista do Jornal O Dia.<\/h5>\n<h5 class=\"ql-align-justify\" style=\"margin: 0; text-align: justify;\">\u00c9 autor da a\u00e7\u00e3o que deu origem do Leading Case da cota de g\u00eanero Resp19392<\/h5>\n<p><!-- htmlmin:ignore --><\/p>\n<p><!-- [if mso | IE]><\/td>\n\n\n<\/tr>\n\n\n<\/table>\n\n\n<![endif]--><\/p>\n<p><!-- [if mso | IE]><\/td>\n\n\n<\/tr>\n\n\n<\/table>\n\n\n\n\n<table align=\"center\" border=\"0\" cellpadding=\"0\" cellspacing=\"0\" class=\"cols_1-outlook 1669662142244-outlook ip-section-outlook\" role=\"presentation\" style=\"width:600px;\" width=\"600\" bgcolor=\"#ffffff\" >\n\n\n<tr>\n\n\n<td style=\"line-height:0px;font-size:0px;mso-line-height-rule:exactly;\"><![endif]--><\/p>\n<p><!-- [if mso | IE]>\n\n\n<table role=\"presentation\" border=\"0\" cellpadding=\"0\" cellspacing=\"0\">\n\n\n<tr>\n\n\n<td class=\"ip-column-outlook -outlook\" style=\"vertical-align:top;width:592px;\" ><![endif]--><\/p>\n<p><!-- [if mso | IE]>\n\n\n<table align=\"center\" border=\"0\" cellpadding=\"0\" cellspacing=\"0\" style=\"border-top:solid 1px #000000;font-size:1px;margin:0px auto;width:534px;\" role=\"presentation\" width=\"534px\" >\n\n\n<tr>\n\n\n<td style=\"height:0;line-height:0;\"> &nbsp;<\/td>\n\n\n<\/tr>\n\n\n<\/table>\n\n\n<![endif]--><\/p>\n<p><!-- htmlmin:ignore --><\/p>\n<hr \/>\n<h6 style=\"margin: 0;\">Leticia Graf: 61 98184-6097<\/h6>\n<h6 style=\"margin: 0;\">Karina Pinto: 93 99240-9271<\/h6>\n<h6 style=\"margin: 0;\">E-mail: <a href=\"mailto:grafimprensa@gmail.com\">grafimprensa@gmail.com<\/a><\/h6>\n<h6 style=\"margin: 0;\">Jornalista Respons\u00e1vel: Leticia Graf<\/h6>\n<p><!-- htmlmin:ignore --><\/p>\n<p><!-- [if mso | IE]><\/td>\n\n\n<\/tr>\n\n\n<\/table>\n\n\n<![endif]--><\/p>\n<p><!-- [if mso | IE]><\/td>\n\n\n<\/tr>\n\n\n<\/table>\n\n\n<![endif]--><\/p>\n<p><img decoding=\"async\" src=\"data:image\/gif;base64,R0lGODlhAQABAIAAAAAAAP\/\/\/ywAAAAAAQABAAACAUwAOw==\" fifu-lazy=\"1\" fifu-data-sizes=\"auto\" fifu-data-srcset=\"https:&lt;a href= 75w, https:&lt;a href= 100w, https:&lt;a href= 150w, https:&lt;a href= 240w, https:&lt;a href= 320w, https:&lt;a href= 500w, https:&lt;a href= 640w, https:&lt;a href= 800w, https:&lt;a href= 1024w, https:&lt;a href= 1280w, https:&lt;a href= 1600w\" fifu-data-src=\"https:&lt;a href=\" \/>Registro: 5fcd8484-bc36-4d09-352e-08dcb2ecb6ec\/83288b97-4297-4165-cec0-08d7c5ff26d1\/redacao@redepress.com.br\/True&#8221; style=&#8221;visibility:hidden;&#8221;&gt;<\/p>\n<p style=\"font-size: 11px; text-align: center;\">Registro: 5fcd8484-bc36-4d09-352e-08dcb2ecb6ec\/83288b97-4297-4165-cec0-08d7c5ff26d1.<\/p>&nbsp;&nbsp;\n","protected":false},"excerpt":{"rendered":"<p>&nbsp; Entenda como a postura do ex-presidente est\u00e1 pressionando candidatos e mudando as regras da&#8230;<\/p>\n","protected":false},"author":1,"featured_media":0,"comment_status":"closed","ping_status":"closed","sticky":false,"template":"","format":"standard","meta":{"fifu_image_url":"","fifu_image_alt":"","footnotes":""},"categories":[8717,7488,10004,8697],"tags":[687,2314,2082,1888,3836,1399,735,4169,3711,3526,8455,768,2475,4015,3271,1471,290,3882,2826,133,1739,639,2958,3897,3422,2586,2587,1240,1485,260,410,1626,2025,313,1523,1839,2216,2588,4759,2538,1840,58,6104,3686,3949,4026,2844,3615,1702,3439,1243,2845,6030,2266,2013,1459,1340,152,1744,3294,12885,1976,6111,6798,3510],"class_list":["post-191900","post","type-post","status-publish","format-standard","hentry","category-artigos-de-opiniao","category-destaques","category-politica","category-sociedade","tag-687","tag-acao","tag-acordo","tag-apoio","tag-assim","tag-bolsonaro","tag-brasil","tag-brasileiros","tag-cargo","tag-case","tag-cidades","tag-comportamento","tag-conta","tag-controle","tag-convencoes","tag-corrida","tag-credito","tag-dama","tag-decisao","tag-destaque","tag-dia","tag-direito","tag-disputa","tag-e","tag-eleicao","tag-eleicoes","tag-ex-presidente","tag-executivos","tag-fidelidade","tag-forma","tag-formacao","tag-governo","tag-grupo","tag-inscricao","tag-intervencao","tag-isolamento","tag-legislacao","tag-lula","tag-momento","tag-mudanca","tag-mudanca-de-comportamento","tag-noticias","tag-outras","tag-polarizacao","tag-prazo","tag-prazos","tag-prefeito","tag-prefeituras","tag-presidente","tag-projetos","tag-proximidade","tag-psdb","tag-redepress","tag-regras","tag-simples","tag-sistema","tag-trabalhadores","tag-trabalho","tag-usa","tag-valores","tag-verdeamarelo","tag-vice-presidente","tag-vigilancia","tag-visao","tag-votacao","wpcat-8717-id","wpcat-7488-id","wpcat-10004-id","wpcat-8697-id"],"_links":{"self":[{"href":"https:\/\/verde-amarelo.net\/verdeamarelo\/wp-json\/wp\/v2\/posts\/191900","targetHints":{"allow":["GET"]}}],"collection":[{"href":"https:\/\/verde-amarelo.net\/verdeamarelo\/wp-json\/wp\/v2\/posts"}],"about":[{"href":"https:\/\/verde-amarelo.net\/verdeamarelo\/wp-json\/wp\/v2\/types\/post"}],"author":[{"embeddable":true,"href":"https:\/\/verde-amarelo.net\/verdeamarelo\/wp-json\/wp\/v2\/users\/1"}],"replies":[{"embeddable":true,"href":"https:\/\/verde-amarelo.net\/verdeamarelo\/wp-json\/wp\/v2\/comments?post=191900"}],"version-history":[{"count":0,"href":"https:\/\/verde-amarelo.net\/verdeamarelo\/wp-json\/wp\/v2\/posts\/191900\/revisions"}],"wp:attachment":[{"href":"https:\/\/verde-amarelo.net\/verdeamarelo\/wp-json\/wp\/v2\/media?parent=191900"}],"wp:term":[{"taxonomy":"category","embeddable":true,"href":"https:\/\/verde-amarelo.net\/verdeamarelo\/wp-json\/wp\/v2\/categories?post=191900"},{"taxonomy":"post_tag","embeddable":true,"href":"https:\/\/verde-amarelo.net\/verdeamarelo\/wp-json\/wp\/v2\/tags?post=191900"}],"curies":[{"name":"wp","href":"https:\/\/api.w.org\/{rel}","templated":true}]}}