{"id":201827,"date":"2024-10-11T16:22:19","date_gmt":"2024-10-11T19:22:19","guid":{"rendered":"https:\/\/verde-amarelo.net\/verdeamarelo\/?p=201827"},"modified":"2025-02-03T14:11:56","modified_gmt":"2025-02-03T17:11:56","slug":"novo-hyundai-creta-marca-presenca-na-etapa-de-taruma-da-copa-hb20","status":"publish","type":"post","link":"https:\/\/verde-amarelo.net\/verdeamarelo\/2024\/10\/novo-hyundai-creta-marca-presenca-na-etapa-de-taruma-da-copa-hb20\/","title":{"rendered":"Novo Hyundai CRETA marca presen\u00e7a na etapa de Tarum\u00e3 da Copa HB20"},"content":{"rendered":"<p class=\"xmsonormal\" style=\"text-align: center; line-height: 105%;\" align=\"center\"><b>\u00a0<\/b><\/p>\n<p class=\"MsoNormal\" style=\"text-align: center; line-height: 105%;\" align=\"center\">\n<p class=\"xmsonormal\" style=\"text-align: center; line-height: 105%;\" align=\"center\"><b>\u00a0<\/b><\/p>\n<ul style=\"margin-top: 0cm;\" type=\"disc\">\n<li class=\"MsoNormal\" style=\"color: black; text-align: justify; line-height: 105%; mso-list: l1 level1 lfo3;\">Lan\u00e7ada na \u00faltima segunda-feira, nova gera\u00e7\u00e3o do SUV mais vendido do Brasil ser\u00e1 o carro-madrinha nas provas deste final de semana, no Aut\u00f3dromo Internacional de Viam\u00e3o\/RS<\/li>\n<li class=\"MsoNormal\" style=\"text-align: justify; line-height: 105%; mso-list: l1 level1 lfo3;\">Maior competi\u00e7\u00e3o monomarca do Brasil tem disputa pelo t\u00edtulo em aberto em suas tr\u00eas categorias; grande final est\u00e1 prevista para o dia 08 de dezembro, em Goi\u00e2nia<\/li>\n<\/ul>\n<p class=\"xmsonormal\" style=\"text-align: center; line-height: 105%;\" align=\"center\"><b>\u00a0<\/b><b><\/b><\/p>\n<p class=\"xmsonormal\" style=\"text-align: center; line-height: 105%;\" align=\"center\"><img decoding=\"async\" src=\"data:image\/gif;base64,R0lGODlhAQABAIAAAAAAAP\/\/\/ywAAAAAAQABAAACAUwAOw==\" fifu-lazy=\"1\" fifu-data-sizes=\"auto\" fifu-data-srcset=\"https:\/\/i2.wp.com\/verde-amarelo.net\/verdeamarelo\/wp-content\/uploads\/2024\/10\/image007-1.webp?ssl=1&w=75&resize=75&ssl=1 75w, https:\/\/i2.wp.com\/verde-amarelo.net\/verdeamarelo\/wp-content\/uploads\/2024\/10\/image007-1.webp?ssl=1&w=100&resize=100&ssl=1 100w, https:\/\/i2.wp.com\/verde-amarelo.net\/verdeamarelo\/wp-content\/uploads\/2024\/10\/image007-1.webp?ssl=1&w=150&resize=150&ssl=1 150w, https:\/\/i2.wp.com\/verde-amarelo.net\/verdeamarelo\/wp-content\/uploads\/2024\/10\/image007-1.webp?ssl=1&w=240&resize=240&ssl=1 240w, https:\/\/i2.wp.com\/verde-amarelo.net\/verdeamarelo\/wp-content\/uploads\/2024\/10\/image007-1.webp?ssl=1&w=320&resize=320&ssl=1 320w, https:\/\/i2.wp.com\/verde-amarelo.net\/verdeamarelo\/wp-content\/uploads\/2024\/10\/image007-1.webp?ssl=1&w=500&resize=500&ssl=1 500w, https:\/\/i2.wp.com\/verde-amarelo.net\/verdeamarelo\/wp-content\/uploads\/2024\/10\/image007-1.webp?ssl=1&w=640&resize=640&ssl=1 640w, https:\/\/i2.wp.com\/verde-amarelo.net\/verdeamarelo\/wp-content\/uploads\/2024\/10\/image007-1.webp?ssl=1&w=800&resize=800&ssl=1 800w, https:\/\/i2.wp.com\/verde-amarelo.net\/verdeamarelo\/wp-content\/uploads\/2024\/10\/image007-1.webp?ssl=1&w=1024&resize=1024&ssl=1 1024w, https:\/\/i2.wp.com\/verde-amarelo.net\/verdeamarelo\/wp-content\/uploads\/2024\/10\/image007-1.webp?ssl=1&w=1280&resize=1280&ssl=1 1280w, https:\/\/i2.wp.com\/verde-amarelo.net\/verdeamarelo\/wp-content\/uploads\/2024\/10\/image007-1.webp?ssl=1&w=1600&resize=1600&ssl=1 1600w\" id=\"Imagem_x0020_1\" style=\"width: 5.75in; height: 3.8125in;\" fifu-data-src=\"https:\/\/i2.wp.com\/verde-amarelo.net\/verdeamarelo\/wp-content\/uploads\/2024\/10\/image007-1.webp?ssl=1\" width=\"552\" height=\"366\" \/><\/p>\n<p class=\"MsoNormal\" style=\"text-align: center; line-height: 105%;\" align=\"center\">\n<p class=\"MsoNormal\" style=\"text-align: center; line-height: 105%;\" align=\"center\">\n<p class=\"MsoNormal\" style=\"text-align: justify; line-height: 105%;\">A maior competi\u00e7\u00e3o monomarca do automobilismo nacional, a Copa Hyundai HB20 realiza neste fim de semana, no Aut\u00f3dromo Internacional de Tarum\u00e3, em Viam\u00e3o (RS), a sexta e antepen\u00faltima etapa de sua temporada 2024. E receber\u00e1 um convidado muito especial: o Novo Hyundai CRETA, lan\u00e7ado na \u00faltima segunda-feira para o mercado brasileiro. Em sua vers\u00e3o topo de gama, a Ultimate, com design totalmente repaginado e motor mais potente da categoria no Brasil, o modelo ser\u00e1 o carro-madrinha das provas que acontecem no s\u00e1bado (12) e no domingo (13) no circuito ga\u00facho.<\/p>&nbsp;&nbsp;\n<p class=\"MsoNormal\" style=\"text-align: justify; line-height: 105%;\">\n<p class=\"MsoNormal\" style=\"text-align: justify; line-height: 105%;\">&#8220;O Novo Hyundai CRETA tem uma combina\u00e7\u00e3o \u00fanica e poderosa de design, sofistica\u00e7\u00e3o e pot\u00eancia. Al\u00e9m de um visual completamente novo, traz o pacote mais completo de seguran\u00e7a e assistentes de dire\u00e7\u00e3o, com recursos exclusivos,\u00a0 e o motor mais potente de toda a categoria de SUVs compactos no Brasil, com 193 cv de pot\u00eancia. E se o assunto \u00e9 pot\u00eancia, n\u00e3o tem lugar melhor para o Novo CRETA estar do que nas curvas e retas da Copa Hyundai HB20, a maior categoria monomarca do automobilismo no Brasil, com cerca de 40 ve\u00edculos no grid competindo nos principais aut\u00f3dromos nacionais, com a tecnologia e seguran\u00e7a que o consumidor tem \u00e0 disposi\u00e7\u00e3o diariamente nas ruas, nos modelos que a Hyundai produz no Pa\u00eds&#8221;, comenta Jan Telecki, diretor de Marketing da Hyundai Motor Brasil.<\/p>&nbsp;&nbsp;\n<p class=\"MsoNormal\" style=\"text-align: justify; line-height: 105%;\">\n<p class=\"MsoNormal\" style=\"text-align: justify; line-height: 105%;\">&#8220;A etapa de Tarum\u00e3 \u00e9 sem d\u00favidas uma de nossas favoritas. O Rio Grande do Sul \u00e9 um lugar muito especial para todos n\u00f3s, como um segundo lar. Desde a primeira temporada, boa parte da equipe de mec\u00e2nicos e t\u00e9cnicos da Copa Hyundai HB20 \u00e9 composta por ga\u00fachos, como por exemplo o respons\u00e1vel por montagem e equaliza\u00e7\u00e3o dos carros, Fabiano Cardoso, e\u00a0 Alexandre Rheinlander, o &#8220;Buj\u00e3o&#8221;\u00a0 respons\u00e1vel pela prepara\u00e7\u00e3o dos motores. A eletr\u00f4nica do carro, fornecida pela PRO TUNE ELECTRONIC SYSTEMS, e nossa transportadora oficial, Transportes Gabardo, tamb\u00e9m s\u00e3o riograndenses&#8221;, completa.<\/p>&nbsp;&nbsp;\n<p class=\"MsoNormal\" style=\"text-align: justify; line-height: 105%;\">\n<p class=\"MsoNormal\" style=\"text-align: justify; line-height: 105%;\">A Copa Hyundai HB20 vive em 2024 uma de suas temporadas mais emocionantes. Na categoria Super, Uli Dias \u00e9 o atual l\u00edder, com 176 pontos, 27 a frente do segundo colocado Wagner Pontes. Na divis\u00e3o Elite, apenas oito pontos separam o l\u00edder, Pedro Garcia Vilar, com 161, da segunda colocada, Thaline Chicoski, com 153. Enquanto na classe Pro, a disputa mais acirrada: ap\u00f3s cinco etapas, Alberto Catucci tem 143, Marcus Tolentino, 142, e Luiz Felipe Horta, 140, e est\u00e3o separados por apenas tr\u00eas pontos na luta pela lideran\u00e7a. Ap\u00f3s as provas em Tarum\u00e3, a competi\u00e7\u00e3o ainda realizar\u00e1 mais duas etapas, com a grande decis\u00e3o marcada para 08 de dezembro, em Goi\u00e2nia (GO).<\/p>&nbsp;&nbsp;\n<p class=\"MsoNormal\" style=\"text-align: justify; line-height: 105%;\">\n<p class=\"MsoNormal\" style=\"text-align: justify; line-height: 105%;\">Desde sua cria\u00e7\u00e3o, em 2019, a Copa Hyundai HB20 tem comprovado toda qualidade e confiabilidade dos motores Hyundai. Para se ter uma ideia, a competi\u00e7\u00e3o j\u00e1 realizou mais de 70 provas em toda sua hist\u00f3ria, com aproximadamente 40 carros no total em cada temporada, registrando, durante os quatro anos de disputas, zero intercorr\u00eancias referentes a motoriza\u00e7\u00e3o da fabricante sul-coreana.<\/p>&nbsp;&nbsp;\n<p class=\"MsoNormal\" style=\"text-align: justify; line-height: 105%;\">\n<p class=\"MsoNormal\" style=\"text-align: justify; line-height: 105%;\">Em sua quinta edi\u00e7\u00e3o, a Copa Shell Hyundai HB20 conta com seis patrocinadores, sendo eles Shell, Gabardo, Brazzo, Hyundai Financiamentos e Goodyear. Tamb\u00e9m apoiam a competi\u00e7\u00e3o as marcas Hipper Freios, Monacco, Tecpads, Inflow e Real Radiadores. Voc\u00ea pode acompanhar todas as emo\u00e7\u00f5es da Copa Hyundai HB20 em multiplaformas \u2013 na Rede TV, na Rede Sport TV, e via streaming nos canais de YouTube da Hyundai,\u00a0 Acelerados, High Speed e no canal internacional Parc Ferm\u00e9.<\/p>&nbsp;&nbsp;\n<p class=\"MsoNormal\" style=\"text-align: justify; line-height: 105%;\">\n<p class=\"MsoNormal\" style=\"text-align: center; line-height: 105%;\" align=\"center\"><img decoding=\"async\" src=\"data:image\/gif;base64,R0lGODlhAQABAIAAAAAAAP\/\/\/ywAAAAAAQABAAACAUwAOw==\" fifu-lazy=\"1\" fifu-data-sizes=\"auto\" fifu-data-srcset=\"https:\/\/i0.wp.com\/verde-amarelo.net\/verdeamarelo\/wp-content\/uploads\/2024\/10\/image006-1.webp?ssl=1&w=75&resize=75&ssl=1 75w, https:\/\/i0.wp.com\/verde-amarelo.net\/verdeamarelo\/wp-content\/uploads\/2024\/10\/image006-1.webp?ssl=1&w=100&resize=100&ssl=1 100w, https:\/\/i0.wp.com\/verde-amarelo.net\/verdeamarelo\/wp-content\/uploads\/2024\/10\/image006-1.webp?ssl=1&w=150&resize=150&ssl=1 150w, https:\/\/i0.wp.com\/verde-amarelo.net\/verdeamarelo\/wp-content\/uploads\/2024\/10\/image006-1.webp?ssl=1&w=240&resize=240&ssl=1 240w, https:\/\/i0.wp.com\/verde-amarelo.net\/verdeamarelo\/wp-content\/uploads\/2024\/10\/image006-1.webp?ssl=1&w=320&resize=320&ssl=1 320w, https:\/\/i0.wp.com\/verde-amarelo.net\/verdeamarelo\/wp-content\/uploads\/2024\/10\/image006-1.webp?ssl=1&w=500&resize=500&ssl=1 500w, https:\/\/i0.wp.com\/verde-amarelo.net\/verdeamarelo\/wp-content\/uploads\/2024\/10\/image006-1.webp?ssl=1&w=640&resize=640&ssl=1 640w, https:\/\/i0.wp.com\/verde-amarelo.net\/verdeamarelo\/wp-content\/uploads\/2024\/10\/image006-1.webp?ssl=1&w=800&resize=800&ssl=1 800w, https:\/\/i0.wp.com\/verde-amarelo.net\/verdeamarelo\/wp-content\/uploads\/2024\/10\/image006-1.webp?ssl=1&w=1024&resize=1024&ssl=1 1024w, https:\/\/i0.wp.com\/verde-amarelo.net\/verdeamarelo\/wp-content\/uploads\/2024\/10\/image006-1.webp?ssl=1&w=1280&resize=1280&ssl=1 1280w, https:\/\/i0.wp.com\/verde-amarelo.net\/verdeamarelo\/wp-content\/uploads\/2024\/10\/image006-1.webp?ssl=1&w=1600&resize=1600&ssl=1 1600w\" id=\"Imagem_x0020_2\" style=\"width: 5.9097in; height: 3.9166in;\" fifu-data-src=\"https:\/\/i0.wp.com\/verde-amarelo.net\/verdeamarelo\/wp-content\/uploads\/2024\/10\/image006-1.webp?ssl=1\" alt=\"Carro de corrida na pista Descri\u00e7\u00e3o gerada automaticamente\" width=\"567\" height=\"376\" border=\"0\" \/><\/p>\n<p class=\"MsoNormal\" style=\"text-align: justify; line-height: 105%;\">\n<p class=\"MsoNormal\" style=\"text-align: justify; line-height: 105%;\"><b>Novo Hyundai CRETA<\/b><\/p>\n<p class=\"MsoNormal\" style=\"text-align: justify; line-height: 105%;\">\n<p class=\"MsoNormal\" style=\"text-align: justify; line-height: 105%;\">A Hyundai Motor Brasil apresentou esta semana a nova gera\u00e7\u00e3o do Hyundai CRETA. O SUV, que no ano passado conquistou a primeira posi\u00e7\u00e3o geral de vendas no varejo incluindo todas as categorias &#8211; feito in\u00e9dito para um SUV no Brasil, renovou por completo o visual (externo e interno) e oferece ainda mais recursos de conforto e tecnologia ao condutor. Outra grande novidade fica por conta da motoriza\u00e7\u00e3o 1.6 Turbo GDI, a gasolina, de 7 marchas, exclusiva da vers\u00e3o topo de linha Ultimate. Com pot\u00eancia m\u00e1xima de 193 cv e torque de 27,0 kgf.m a 4.500 rpm, trata-se da mais potente da categoria, superando at\u00e9 mesmo SUVs de maior tamanho.<\/p>&nbsp;&nbsp;\n<p class=\"MsoNormal\" style=\"text-align: justify; line-height: 105%;\">\n<p class=\"MsoNormal\" style=\"text-align: center; line-height: 105%;\" align=\"center\"><img decoding=\"async\" src=\"data:image\/gif;base64,R0lGODlhAQABAIAAAAAAAP\/\/\/ywAAAAAAQABAAACAUwAOw==\" fifu-lazy=\"1\" fifu-data-sizes=\"auto\" fifu-data-srcset=\"https:\/\/i3.wp.com\/verde-amarelo.net\/verdeamarelo\/wp-content\/uploads\/2024\/10\/image005-10.webp?ssl=1&w=75&resize=75&ssl=1 75w, https:\/\/i3.wp.com\/verde-amarelo.net\/verdeamarelo\/wp-content\/uploads\/2024\/10\/image005-10.webp?ssl=1&w=100&resize=100&ssl=1 100w, https:\/\/i3.wp.com\/verde-amarelo.net\/verdeamarelo\/wp-content\/uploads\/2024\/10\/image005-10.webp?ssl=1&w=150&resize=150&ssl=1 150w, https:\/\/i3.wp.com\/verde-amarelo.net\/verdeamarelo\/wp-content\/uploads\/2024\/10\/image005-10.webp?ssl=1&w=240&resize=240&ssl=1 240w, https:\/\/i3.wp.com\/verde-amarelo.net\/verdeamarelo\/wp-content\/uploads\/2024\/10\/image005-10.webp?ssl=1&w=320&resize=320&ssl=1 320w, https:\/\/i3.wp.com\/verde-amarelo.net\/verdeamarelo\/wp-content\/uploads\/2024\/10\/image005-10.webp?ssl=1&w=500&resize=500&ssl=1 500w, https:\/\/i3.wp.com\/verde-amarelo.net\/verdeamarelo\/wp-content\/uploads\/2024\/10\/image005-10.webp?ssl=1&w=640&resize=640&ssl=1 640w, https:\/\/i3.wp.com\/verde-amarelo.net\/verdeamarelo\/wp-content\/uploads\/2024\/10\/image005-10.webp?ssl=1&w=800&resize=800&ssl=1 800w, https:\/\/i3.wp.com\/verde-amarelo.net\/verdeamarelo\/wp-content\/uploads\/2024\/10\/image005-10.webp?ssl=1&w=1024&resize=1024&ssl=1 1024w, https:\/\/i3.wp.com\/verde-amarelo.net\/verdeamarelo\/wp-content\/uploads\/2024\/10\/image005-10.webp?ssl=1&w=1280&resize=1280&ssl=1 1280w, https:\/\/i3.wp.com\/verde-amarelo.net\/verdeamarelo\/wp-content\/uploads\/2024\/10\/image005-10.webp?ssl=1&w=1600&resize=1600&ssl=1 1600w\" id=\"Imagem_x0020_3\" style=\"width: 6.2847in; height: 4.1666in;\" fifu-data-src=\"https:\/\/i3.wp.com\/verde-amarelo.net\/verdeamarelo\/wp-content\/uploads\/2024\/10\/image005-10.webp?ssl=1\" width=\"603\" height=\"400\" border=\"0\" \/><\/p>\n<p class=\"MsoNormal\" style=\"text-align: justify; line-height: 105%;\">\n<p class=\"MsoNormal\" style=\"text-align: justify;\">O modelo teve suas vendas iniciadas em todo o Brasil na \u00faltima quarta-feira, dia 09 de outubro. Os interessados em garantir as primeiras unidades podem preencher o formul\u00e1rio de reserva no site da Hyundai ou se dirigir \u00e0 concession\u00e1ria mais pr\u00f3xima. Mais informa\u00e7\u00f5es podem ser encontradas em: <a href=\"https:\/\/www.hyundai.com.br\/novo-hyundai-creta.html\">hyundai.com.br\/novo-hyundai-creta<\/a> e nas redes sociais da Hyundai no Youtube, Instagram, Facebook, LinkedIn e TikTok.<\/p>&nbsp;&nbsp;\n<p class=\"MsoNormal\" style=\"text-align: justify;\">\n<h6 style=\"margin: 0cm; line-height: 105%;\"><b>Sobre a Hyundai Motor Brasil\/ Hyundai Motor Central &amp; South Americas<\/b><\/h6>\n<h6 style=\"margin: 0cm; text-align: justify; line-height: 105%;\">A Hyundai Motor Brasil est\u00e1 presente no pa\u00eds desde 2012, quando inaugurou sua f\u00e1brica em Piracicaba (SP). Com 3,2 mil colaboradores, \u00e9 respons\u00e1vel pela fabrica\u00e7\u00e3o e comercializa\u00e7\u00e3o da linha de ve\u00edculos compactos HB20 e do SUV compacto Creta. Recentemente, passou a coordenar desde a importa\u00e7\u00e3o at\u00e9 a distribui\u00e7\u00e3o final do portf\u00f3lio completo de ve\u00edculos da marca no Brasil. Tamb\u00e9m, gerencia a produ\u00e7\u00e3o nacional de ve\u00edculos da marca fabricados pelo Grupo CAOA em An\u00e1polis (GO). A partir do Brasil, a Hyundai administra as opera\u00e7\u00f5es comerciais para a regi\u00e3o das Am\u00e9ricas Central e do Sul, exportando para pa\u00edses vizinhos como Argentina, Col\u00f4mbia, Paraguai e Uruguai. Para saber mais sobre a Hyundai e seus produtos no Brasil, acesse\u00a0<a href=\"http:\/\/hyundai.com.br\">hyundai.com.br<\/a>. Acompanhe tamb\u00e9m o dia a dia da marca nas redes sociais: Facebook (<a href=\"http:\/\/facebook.com\/hyundaibr\">facebook.com\/hyundaibr<\/a>), Instagram (<a href=\"http:\/\/instagram.com\/hyundaibr\">instagram.com\/hyundaibr<\/a>), LinkedIn (<a href=\"http:\/\/linkedin.com\/company\/hyundai-motor-brasil\">linkedin.com\/company\/hyundai-motor-brasil<\/a>), TikTok (<a href=\"mailto:tiktok.com\/@hyundaibr\">tiktok.com\/@hyundaibr<\/a>) e no YouTube (<a title=\"https:\/\/urldefense.com\/v3\/__http:\/www.youtube.com\/hyundaibr__;!!hhhkmsgjjqv-!oydez-_mbyujre7-2wxjxa_xk9enl4r0c3hvrz7mziv4gogk7nf-mrby0b53g3xaxm1vvjgksibic91o$\" href=\"https:\/\/urldefense.com\/v3\/__http:\/www.youtube.com\/hyundaibr__;!!HhhKMSGjjQV-!oydeZ-_mbyUjre7-2wXJxa_xk9EnL4R0c3hvrz7mZIv4gOgK7nf-mRBy0b53G3Xaxm1vvjgKSIbic91o$\" target=\"_blank\" rel=\"noopener\">youtube.com\/hyundaibr<\/a>).<\/h6>\n<p class=\"xxxxxmsonormal\" style=\"text-align: justify; line-height: 105%;\">\n<h6 class=\"xxmsonormal\" style=\"text-align: justify;\"><b>Sobre a Hyundai Motor Company<\/b><\/h6>\n<h6 class=\"xxmsonormal\" style=\"text-align: justify;\">Fundada em 1967, a Hyundai Motor Company est\u00e1 presente em mais de 200 pa\u00edses com cerca de 120 mil funcion\u00e1rios dedicados a enfrentar os desafios de mobilidade em todo o mundo. Com base na vis\u00e3o da marca &#8220;Progresso para a Humanidade&#8221;, a Hyundai Motor est\u00e1 acelerando sua transforma\u00e7\u00e3o em um provedor de solu\u00e7\u00f5es de mobilidade inteligente. A empresa investe em tecnologias avan\u00e7adas, como rob\u00f3tica e Mobilidade A\u00e9rea Avan\u00e7ada (AAM) para trazer solu\u00e7\u00f5es revolucion\u00e1rias, enquanto busca por inova\u00e7\u00e3o aberta para desenvolver futuros servi\u00e7os de mobilidade. \u00c0 procura de um futuro sustent\u00e1vel para o mundo, a Hyundai continuar\u00e1 empregando seus esfor\u00e7os para introduzir ve\u00edculos de emiss\u00e3o zero equipados com a mais alta tecnologia em eletrifica\u00e7\u00e3o,\u00a0liderando a ind\u00fastria de c\u00e9lulas de combust\u00edvel de hidrog\u00eanio. Mais informa\u00e7\u00f5es sobre a Hyundai Motor e seus produtos podem ser encontradas em: <a href=\"http:\/\/www.hyundai.com\/worldwide\/en\">hyundai.com\/worldwide\/en<\/a> ou <a href=\"https:\/\/www.hyundai.com\/worldwide\/en\/newsroom\">hyundai.com\/worldwide\/en\/newsroom<\/a>.<\/h6>\n<p style=\"font-size: 8pt; font-family: Arial, Helvetica, sans-serif; color: #7f7f7f; margin-top: 30pt;\">\n","protected":false},"excerpt":{"rendered":"<p>\u00a0 \u00a0 Lan\u00e7ada na \u00faltima segunda-feira, nova gera\u00e7\u00e3o do SUV mais vendido do Brasil ser\u00e1&#8230;<\/p>\n","protected":false},"author":1,"featured_media":218902,"comment_status":"closed","ping_status":"closed","sticky":false,"template":"","format":"standard","meta":{"fifu_image_url":"https:\/\/verde-amarelo.net\/verdeamarelo\/wp-content\/uploads\/2024\/10\/image007-1.webp","fifu_image_alt":"","footnotes":""},"categories":[8428,12365,727],"tags":[11761,3961,2490,3841,6029,6511,3247,735,4437,2989,3843,1817,1666,297,161,4191,2722,1375,163,8354,3086,89,2475,7591,6441,409,2826,5603,1739,3071,3755,6268,2958,1026,3897,3581,5356,4022,1095,2008,1984,1520,4117,76,4273,6617,1164,563,1376,3018,6585,2025,2677,6750,3481,6405,2942,3567,810,77,411,2655,3649,1488,4204,7585,140,777,648,32,1748,2864,6484,707,58,3555,1438,2577,8609,1558,591,4017,2505,1012,779,6220,2606,3599,1660,4047,83,2116,3363,316,6814,1191,460,2074,2120,2183,8266,1712,3005,1822,7638,42,4415,2101,1499,2758,1943,7759,2991,1910,3368,85,1589,612,12885,2545,6798,519,1613],"class_list":["post-201827","post","type-post","status-publish","format-standard","has-post-thumbnail","hentry","category-automobilismo","category-brasileventosvelocidade","category-noticias","tag-11761","tag-aerea","tag-alta","tag-argentina","tag-automobilismo","tag-automobilismo-nacional","tag-base","tag-brasil","tag-brasileiro","tag-canais","tag-canal","tag-carro","tag-carros","tag-categoria","tag-categorias","tag-colombia","tag-colaboradores","tag-combustivel","tag-competicao","tag-concessionaria","tag-conforto","tag-consumidor","tag-conta","tag-copa","tag-copa-hb20","tag-duvidas","tag-decisao","tag-design","tag-dia","tag-direcao","tag-diretor","tag-dirigir","tag-disputa","tag-distribuicao","tag-e","tag-edicao","tag-elite","tag-emissao","tag-emocoes","tag-empresa","tag-equipe","tag-fabrica","tag-fabricante","tag-facebook","tag-feira","tag-freios","tag-futuro","tag-gama","tag-gasolina","tag-geral","tag-goiania","tag-grupo","tag-historia","tag-horta","tag-hyundai","tag-hyundai-hb20","tag-importacao","tag-informacoes","tag-inovacao","tag-instagram","tag-internacional","tag-lider","tag-lar","tag-lideranca","tag-linkedin","tag-m","tag-marca","tag-marcas","tag-marketing","tag-mercado","tag-mobilidade","tag-modelo","tag-motor","tag-mundo","tag-noticias","tag-nova","tag-operacoes","tag-pacote","tag-pontes","tag-pontos","tag-portfolio","tag-presenca","tag-presente","tag-producao","tag-produtos","tag-qualidade","tag-real","tag-recursos","tag-rede","tag-redes","tag-redes-sociais","tag-reserva","tag-rio","tag-rio-grande-do-sul","tag-robotica","tag-seguranca","tag-servicos","tag-shell","tag-site","tag-solucoes","tag-sp","tag-streaming","tag-sul","tag-suvs","tag-titulo","tag-tecnologia","tag-tecnologias","tag-temporada","tag-tiktok","tag-transformacao","tag-transportadora","tag-transportes","tag-tv","tag-unidades","tag-uruguai","tag-varejo","tag-veiculos","tag-vendas","tag-verdeamarelo","tag-via","tag-visao","tag-visual","tag-youtube","wpcat-8428-id","wpcat-12365-id","wpcat-727-id"],"_links":{"self":[{"href":"https:\/\/verde-amarelo.net\/verdeamarelo\/wp-json\/wp\/v2\/posts\/201827","targetHints":{"allow":["GET"]}}],"collection":[{"href":"https:\/\/verde-amarelo.net\/verdeamarelo\/wp-json\/wp\/v2\/posts"}],"about":[{"href":"https:\/\/verde-amarelo.net\/verdeamarelo\/wp-json\/wp\/v2\/types\/post"}],"author":[{"embeddable":true,"href":"https:\/\/verde-amarelo.net\/verdeamarelo\/wp-json\/wp\/v2\/users\/1"}],"replies":[{"embeddable":true,"href":"https:\/\/verde-amarelo.net\/verdeamarelo\/wp-json\/wp\/v2\/comments?post=201827"}],"version-history":[{"count":0,"href":"https:\/\/verde-amarelo.net\/verdeamarelo\/wp-json\/wp\/v2\/posts\/201827\/revisions"}],"wp:featuredmedia":[{"embeddable":true,"href":"https:\/\/verde-amarelo.net\/verdeamarelo\/wp-json\/wp\/v2\/media\/218902"}],"wp:attachment":[{"href":"https:\/\/verde-amarelo.net\/verdeamarelo\/wp-json\/wp\/v2\/media?parent=201827"}],"wp:term":[{"taxonomy":"category","embeddable":true,"href":"https:\/\/verde-amarelo.net\/verdeamarelo\/wp-json\/wp\/v2\/categories?post=201827"},{"taxonomy":"post_tag","embeddable":true,"href":"https:\/\/verde-amarelo.net\/verdeamarelo\/wp-json\/wp\/v2\/tags?post=201827"}],"curies":[{"name":"wp","href":"https:\/\/api.w.org\/{rel}","templated":true}]}}