{"id":204253,"date":"2024-10-25T15:25:07","date_gmt":"2024-10-25T18:25:07","guid":{"rendered":"https:\/\/verde-amarelo.net\/verdeamarelo\/?p=204253"},"modified":"2024-10-25T16:45:55","modified_gmt":"2024-10-25T19:45:55","slug":"chuva-atrapalha-classificacao-do-piloto-shell-gianluca-petecof-que-parte-para-corridas-de-recuperacao-em-el-pinar","status":"publish","type":"post","link":"https:\/\/verde-amarelo.net\/verdeamarelo\/2024\/10\/chuva-atrapalha-classificacao-do-piloto-shell-gianluca-petecof-que-parte-para-corridas-de-recuperacao-em-el-pinar\/","title":{"rendered":"Chuva atrapalha classifica\u00e7\u00e3o do piloto Shell Gianluca Petecof, que parte para corridas de recupera\u00e7\u00e3o em El Pinar"},"content":{"rendered":"<p>&nbsp;<\/p>\n<p><img decoding=\"async\" src=\"data:image\/gif;base64,R0lGODlhAQABAIAAAAAAAP\/\/\/ywAAAAAAQABAAACAUwAOw==\" fifu-lazy=\"1\" fifu-data-sizes=\"auto\" fifu-data-srcset=\"https:\/\/i2.wp.com\/files.pressmanager.net\/clientes\/b231cbcb75a52a5f2646d97eb25dc12f\/imagens\/2018\/08\/28\/458082bf9729641cc1d41f51ed2a6ccf.png?vs=7&ssl=1&w=75&resize=75&ssl=1 75w, https:\/\/i2.wp.com\/files.pressmanager.net\/clientes\/b231cbcb75a52a5f2646d97eb25dc12f\/imagens\/2018\/08\/28\/458082bf9729641cc1d41f51ed2a6ccf.png?vs=7&ssl=1&w=100&resize=100&ssl=1 100w, https:\/\/i2.wp.com\/files.pressmanager.net\/clientes\/b231cbcb75a52a5f2646d97eb25dc12f\/imagens\/2018\/08\/28\/458082bf9729641cc1d41f51ed2a6ccf.png?vs=7&ssl=1&w=150&resize=150&ssl=1 150w, https:\/\/i2.wp.com\/files.pressmanager.net\/clientes\/b231cbcb75a52a5f2646d97eb25dc12f\/imagens\/2018\/08\/28\/458082bf9729641cc1d41f51ed2a6ccf.png?vs=7&ssl=1&w=240&resize=240&ssl=1 240w, https:\/\/i2.wp.com\/files.pressmanager.net\/clientes\/b231cbcb75a52a5f2646d97eb25dc12f\/imagens\/2018\/08\/28\/458082bf9729641cc1d41f51ed2a6ccf.png?vs=7&ssl=1&w=320&resize=320&ssl=1 320w, https:\/\/i2.wp.com\/files.pressmanager.net\/clientes\/b231cbcb75a52a5f2646d97eb25dc12f\/imagens\/2018\/08\/28\/458082bf9729641cc1d41f51ed2a6ccf.png?vs=7&ssl=1&w=500&resize=500&ssl=1 500w, https:\/\/i2.wp.com\/files.pressmanager.net\/clientes\/b231cbcb75a52a5f2646d97eb25dc12f\/imagens\/2018\/08\/28\/458082bf9729641cc1d41f51ed2a6ccf.png?vs=7&ssl=1&w=640&resize=640&ssl=1 640w, https:\/\/i2.wp.com\/files.pressmanager.net\/clientes\/b231cbcb75a52a5f2646d97eb25dc12f\/imagens\/2018\/08\/28\/458082bf9729641cc1d41f51ed2a6ccf.png?vs=7&ssl=1&w=800&resize=800&ssl=1 800w, https:\/\/i2.wp.com\/files.pressmanager.net\/clientes\/b231cbcb75a52a5f2646d97eb25dc12f\/imagens\/2018\/08\/28\/458082bf9729641cc1d41f51ed2a6ccf.png?vs=7&ssl=1&w=1024&resize=1024&ssl=1 1024w, https:\/\/i2.wp.com\/files.pressmanager.net\/clientes\/b231cbcb75a52a5f2646d97eb25dc12f\/imagens\/2018\/08\/28\/458082bf9729641cc1d41f51ed2a6ccf.png?vs=7&ssl=1&w=1280&resize=1280&ssl=1 1280w, https:\/\/i2.wp.com\/files.pressmanager.net\/clientes\/b231cbcb75a52a5f2646d97eb25dc12f\/imagens\/2018\/08\/28\/458082bf9729641cc1d41f51ed2a6ccf.png?vs=7&ssl=1&w=1600&resize=1600&ssl=1 1600w\" fifu-data-src=\"https:\/\/i2.wp.com\/files.pressmanager.net\/clientes\/b231cbcb75a52a5f2646d97eb25dc12f\/imagens\/2018\/08\/28\/458082bf9729641cc1d41f51ed2a6ccf.png?vs=7&ssl=1\" alt=\"Luis Ferrari\" \/><\/p>\n<p style=\"font-size: 14pt; font-weight: bold; text-align: center;\">\n<p style=\"font-size: 12pt; text-align: center;\"><i>Toyota Corolla #101 perdeu desempenho na pista molhada<\/i><\/p>\n<p>&nbsp;<\/p>\n<p>Gianluca Petecof teve uma sexta-feira agridoce em El Pinar pela Stock Car Pro Series. Depois de duas boas sess\u00f5es de treinos para o piloto Shell e o Toyota Corolla #101 preparado pela equipe Full Time Sports, Petecof teve que correr para acertar a m\u00e1quina para a condi\u00e7\u00e3o de chuva que castigou o Aut\u00f3dromo Victor Borrat Fabini entre o treino livre 2 e a classifica\u00e7\u00e3o da etapa.<\/p>&nbsp;&nbsp;\n<p>O desempenho que era animador em condi\u00e7\u00f5es de pista seca n\u00e3o se repetiu com o asfalto molhado e Petecof viu o b\u00f3lido #101 perder performance e o jovem piloto de 21 anos de idade pouco p\u00f4de fazer para avan\u00e7ar ao Q2. Com o 11\u00ba tempo no primeiro grupo que foi para a pista no classificat\u00f3rio, Petecof vai precisar de duas corridas de recupera\u00e7\u00e3o para buscar os bons resultados que o estreante do ano em 2023 projetou para a etapa.<\/p>&nbsp;&nbsp;\n<p>As duas corridas da Stock Car no Uruguai acontecem no s\u00e1bado, com a corrida Sprint inaugurando os trabalhos do dia e a corrida Principal encerrando o cronograma da 10\u00aa etapa da temporada.<\/p>&nbsp;&nbsp;\n<p>A in\u00e9dita jornada no pa\u00eds vizinho tem transmiss\u00e3o da Band, Sportv e m\u00eddias sociais da categoria.<\/p>&nbsp;&nbsp;\n<p>&nbsp;<\/p>\n<p><strong>O que ele disse:<\/strong><\/p>\n<p>\u201cFizemos os treinos no seco e pro quali choveu, mas foi muito dif\u00edcil, principalmente quando voc\u00ea toma mais de 2s. Nunca na minha carreira eu tomei uma diferen\u00e7a dessas em condi\u00e7\u00f5es normais. Era o que tinha para hoje.<\/p>&nbsp;&nbsp;\n<p>Estou feliz com as minhas voltas, agora vamos largar l\u00e1 do fundo e buscar posi\u00e7\u00f5es legais. Meu ritmo era bom no seco e quem sabe a gente n\u00e3o consiga duas boas recupera\u00e7\u00f5es no seco.\u201d<br \/>\n<strong>Gianluca Petecof<\/strong><\/p>\n<p>&nbsp;<\/p>\n<p><strong>Cronograma \u2013 Stock Car \u2013 Etapa 10 \u2013 El Pinar, Canelones, Uruguai:<\/strong><\/p>\n<p><strong>S\u00e1bado, 26 de outubro:<\/strong><br \/>\n09:00 \u2013 Corrida Sprint (30 minutos + 1 volta)<br \/>\n13:40 \u2013 Corrida Principal (50 minutos + 1 volta)<\/p>\n<p>&nbsp;<\/p>\n<p><strong>Sobre a Ra\u00edzen<\/strong><\/p>\n<p>Com o prop\u00f3sito de redefinir o futuro da energia a partir de um amplo portf\u00f3lio de solu\u00e7\u00f5es renov\u00e1veis, a Ra\u00edzen possui um modelo de atua\u00e7\u00e3o \u00fanico e irreplic\u00e1vel, sendo protagonista em todos os setores em que atua e liderando a transi\u00e7\u00e3o energ\u00e9tica do Pa\u00eds. Ao promover impacto positivo a todos os seus stakeholders, a empresa tem como compromisso produzir hoje a energia do futuro, por meio do crescimento sustent\u00e1vel lucrativo do neg\u00f3cio, orientada por metas fact\u00edveis, s\u00f3lidas e alinhadas ao seu prop\u00f3sito.<\/p>&nbsp;&nbsp;\n<p>Por meio de tecnologias avan\u00e7adas e propriet\u00e1rias, a Ra\u00edzen tem ampliado seu portf\u00f3lio de renov\u00e1veis, como o etanol de segunda gera\u00e7\u00e3o (E2G), o biog\u00e1s, o biometano e a bioeletricidade de fontes 100% limpas. Desde sua forma\u00e7\u00e3o, a Ra\u00edzen j\u00e1 evitou 30 milh\u00f5es de toneladas de CO2 e tem como objetivo ampliar o potencial de descarboniza\u00e7\u00e3o por meio de seus produtos para mais de 10 milh\u00f5es de toneladas de CO2 evitados por ano. Ainda, a empresa tem como um de seus objetivos, ser o melhor parceiro na descarboniza\u00e7\u00e3o, por isso, assumiu a meta de ter 80% do EBITDA de neg\u00f3cios e fontes renov\u00e1veis at\u00e9 2030.<\/p>&nbsp;&nbsp;\n<p>Com um time de cerca de 46 mil funcion\u00e1rios, opera 35 parques de bioenergia, com capacidade instalada para moagem de 84,2 milh\u00f5es de toneladas de cana com cerca de 995 mil hectares de \u00e1reas agr\u00edcolas cultivadas com tecnologia de ponta e colheita totalmente mecanizada. Na safra 23\u00b424, produziu 3,1 bilh\u00f5es de litros de etanol e 5,8 milh\u00f5es de toneladas de a\u00e7\u00facar.<\/p>&nbsp;&nbsp;\n<p>Por meio de uma rede de mais de 8 mil postos revendedores que estampam a marca Shell no Brasil, na Argentina e no Paraguai, atende milh\u00f5es de consumidores diariamente em suas jornadas, oferecendo desde os exclusivos combust\u00edveis da fam\u00edlia Shell V-Power at\u00e9 praticidade e benef\u00edcios na hora do pagamento com o aplicativo Shell Box. Pelo Grupo N\u00f3s (Joint venture com a FEMSA Comercio), atua no varejo de conveni\u00eancia e proximidade com mais de 1.300 lojas Shell Select e com os mercados OXXO. Na safra 23\u00b424 comercializou 35 bilh\u00f5es de litros de combust\u00edveis por meio de sua infraestrutura que conta com mais de 70 terminais de distribui\u00e7\u00e3o pelo pa\u00eds, com presen\u00e7a em 19 portos e 60 bases de abastecimento em aeroportos.<\/p>&nbsp;&nbsp;\n<p>Est\u00e1 entre as maiores empresas do Brasil. Na safra 23\u201924, a Ra\u00edzen apresentou uma receita l\u00edquida de R$ 220,5 bilh\u00f5es, gerando emprego e renda, dinamizando a economia e promovendo impacto social positivo por meio de in\u00fameras a\u00e7\u00f5es, com destaque para a Funda\u00e7\u00e3o Ra\u00edzen, institui\u00e7\u00e3o sem fins lucrativos que h\u00e1 20 anos atua na educa\u00e7\u00e3o de crian\u00e7as e jovens em situa\u00e7\u00e3o de vulnerabilidade social.<\/p>&nbsp;&nbsp;\n<p><a href=\"https:\/\/imagens.pressmanager.net\/download?foto_id=5453526&amp;release_id=677484&amp;did=1379087356&amp;envio_id=1821220&amp;hash=dc820ea061d8d726367c0a033387761b\"><img decoding=\"async\" src=\"data:image\/gif;base64,R0lGODlhAQABAIAAAAAAAP\/\/\/ywAAAAAAQABAAACAUwAOw==\" fifu-lazy=\"1\" fifu-data-sizes=\"auto\" fifu-data-srcset=\"https:\/\/i0.wp.com\/files.pressmanager.net\/clientes\/b231cbcb75a52a5f2646d97eb25dc12f\/imagens\/2024\/10\/25\/36fab6b5d0fa3d4468b5b7cb4b399a5b_small.jpg?ssl=1&w=75&resize=75&ssl=1 75w, https:\/\/i0.wp.com\/files.pressmanager.net\/clientes\/b231cbcb75a52a5f2646d97eb25dc12f\/imagens\/2024\/10\/25\/36fab6b5d0fa3d4468b5b7cb4b399a5b_small.jpg?ssl=1&w=100&resize=100&ssl=1 100w, https:\/\/i0.wp.com\/files.pressmanager.net\/clientes\/b231cbcb75a52a5f2646d97eb25dc12f\/imagens\/2024\/10\/25\/36fab6b5d0fa3d4468b5b7cb4b399a5b_small.jpg?ssl=1&w=150&resize=150&ssl=1 150w, https:\/\/i0.wp.com\/files.pressmanager.net\/clientes\/b231cbcb75a52a5f2646d97eb25dc12f\/imagens\/2024\/10\/25\/36fab6b5d0fa3d4468b5b7cb4b399a5b_small.jpg?ssl=1&w=240&resize=240&ssl=1 240w, https:\/\/i0.wp.com\/files.pressmanager.net\/clientes\/b231cbcb75a52a5f2646d97eb25dc12f\/imagens\/2024\/10\/25\/36fab6b5d0fa3d4468b5b7cb4b399a5b_small.jpg?ssl=1&w=320&resize=320&ssl=1 320w, https:\/\/i0.wp.com\/files.pressmanager.net\/clientes\/b231cbcb75a52a5f2646d97eb25dc12f\/imagens\/2024\/10\/25\/36fab6b5d0fa3d4468b5b7cb4b399a5b_small.jpg?ssl=1&w=500&resize=500&ssl=1 500w, https:\/\/i0.wp.com\/files.pressmanager.net\/clientes\/b231cbcb75a52a5f2646d97eb25dc12f\/imagens\/2024\/10\/25\/36fab6b5d0fa3d4468b5b7cb4b399a5b_small.jpg?ssl=1&w=640&resize=640&ssl=1 640w, https:\/\/i0.wp.com\/files.pressmanager.net\/clientes\/b231cbcb75a52a5f2646d97eb25dc12f\/imagens\/2024\/10\/25\/36fab6b5d0fa3d4468b5b7cb4b399a5b_small.jpg?ssl=1&w=800&resize=800&ssl=1 800w, https:\/\/i0.wp.com\/files.pressmanager.net\/clientes\/b231cbcb75a52a5f2646d97eb25dc12f\/imagens\/2024\/10\/25\/36fab6b5d0fa3d4468b5b7cb4b399a5b_small.jpg?ssl=1&w=1024&resize=1024&ssl=1 1024w, https:\/\/i0.wp.com\/files.pressmanager.net\/clientes\/b231cbcb75a52a5f2646d97eb25dc12f\/imagens\/2024\/10\/25\/36fab6b5d0fa3d4468b5b7cb4b399a5b_small.jpg?ssl=1&w=1280&resize=1280&ssl=1 1280w, https:\/\/i0.wp.com\/files.pressmanager.net\/clientes\/b231cbcb75a52a5f2646d97eb25dc12f\/imagens\/2024\/10\/25\/36fab6b5d0fa3d4468b5b7cb4b399a5b_small.jpg?ssl=1&w=1600&resize=1600&ssl=1 1600w\" fifu-data-src=\"https:\/\/i0.wp.com\/files.pressmanager.net\/clientes\/b231cbcb75a52a5f2646d97eb25dc12f\/imagens\/2024\/10\/25\/36fab6b5d0fa3d4468b5b7cb4b399a5b_small.jpg?ssl=1\" border=\"0\" vspace=\"2\" \/><\/a><br \/>\nGianluca Petecof<br \/>\n<i>Jos\u00e9 Mario Dias<\/i><\/p>\n<p><a href=\"https:\/\/imagens.pressmanager.net\/download?foto_id=5453528&amp;release_id=677484&amp;did=1379087356&amp;envio_id=1821220&amp;hash=dc820ea061d8d726367c0a033387761b\"><img decoding=\"async\" src=\"data:image\/gif;base64,R0lGODlhAQABAIAAAAAAAP\/\/\/ywAAAAAAQABAAACAUwAOw==\" fifu-lazy=\"1\" fifu-data-sizes=\"auto\" fifu-data-srcset=\"https:\/\/i3.wp.com\/files.pressmanager.net\/clientes\/b231cbcb75a52a5f2646d97eb25dc12f\/imagens\/2024\/10\/25\/c1ee58b1a50aa12e54fd87ba9e4ab40f_small.jpg?ssl=1&w=75&resize=75&ssl=1 75w, https:\/\/i3.wp.com\/files.pressmanager.net\/clientes\/b231cbcb75a52a5f2646d97eb25dc12f\/imagens\/2024\/10\/25\/c1ee58b1a50aa12e54fd87ba9e4ab40f_small.jpg?ssl=1&w=100&resize=100&ssl=1 100w, https:\/\/i3.wp.com\/files.pressmanager.net\/clientes\/b231cbcb75a52a5f2646d97eb25dc12f\/imagens\/2024\/10\/25\/c1ee58b1a50aa12e54fd87ba9e4ab40f_small.jpg?ssl=1&w=150&resize=150&ssl=1 150w, https:\/\/i3.wp.com\/files.pressmanager.net\/clientes\/b231cbcb75a52a5f2646d97eb25dc12f\/imagens\/2024\/10\/25\/c1ee58b1a50aa12e54fd87ba9e4ab40f_small.jpg?ssl=1&w=240&resize=240&ssl=1 240w, https:\/\/i3.wp.com\/files.pressmanager.net\/clientes\/b231cbcb75a52a5f2646d97eb25dc12f\/imagens\/2024\/10\/25\/c1ee58b1a50aa12e54fd87ba9e4ab40f_small.jpg?ssl=1&w=320&resize=320&ssl=1 320w, https:\/\/i3.wp.com\/files.pressmanager.net\/clientes\/b231cbcb75a52a5f2646d97eb25dc12f\/imagens\/2024\/10\/25\/c1ee58b1a50aa12e54fd87ba9e4ab40f_small.jpg?ssl=1&w=500&resize=500&ssl=1 500w, https:\/\/i3.wp.com\/files.pressmanager.net\/clientes\/b231cbcb75a52a5f2646d97eb25dc12f\/imagens\/2024\/10\/25\/c1ee58b1a50aa12e54fd87ba9e4ab40f_small.jpg?ssl=1&w=640&resize=640&ssl=1 640w, https:\/\/i3.wp.com\/files.pressmanager.net\/clientes\/b231cbcb75a52a5f2646d97eb25dc12f\/imagens\/2024\/10\/25\/c1ee58b1a50aa12e54fd87ba9e4ab40f_small.jpg?ssl=1&w=800&resize=800&ssl=1 800w, https:\/\/i3.wp.com\/files.pressmanager.net\/clientes\/b231cbcb75a52a5f2646d97eb25dc12f\/imagens\/2024\/10\/25\/c1ee58b1a50aa12e54fd87ba9e4ab40f_small.jpg?ssl=1&w=1024&resize=1024&ssl=1 1024w, https:\/\/i3.wp.com\/files.pressmanager.net\/clientes\/b231cbcb75a52a5f2646d97eb25dc12f\/imagens\/2024\/10\/25\/c1ee58b1a50aa12e54fd87ba9e4ab40f_small.jpg?ssl=1&w=1280&resize=1280&ssl=1 1280w, https:\/\/i3.wp.com\/files.pressmanager.net\/clientes\/b231cbcb75a52a5f2646d97eb25dc12f\/imagens\/2024\/10\/25\/c1ee58b1a50aa12e54fd87ba9e4ab40f_small.jpg?ssl=1&w=1600&resize=1600&ssl=1 1600w\" fifu-data-src=\"https:\/\/i3.wp.com\/files.pressmanager.net\/clientes\/b231cbcb75a52a5f2646d97eb25dc12f\/imagens\/2024\/10\/25\/c1ee58b1a50aa12e54fd87ba9e4ab40f_small.jpg?ssl=1\" border=\"0\" vspace=\"2\" \/><\/a><br \/>\nGianluca Petecof<br \/>\n<i>Jos\u00e9 Mario Dias<\/i><\/p>\n<p><a href=\"https:\/\/imagens.pressmanager.net\/download?foto_id=5453557&amp;release_id=677484&amp;did=1379087356&amp;envio_id=1821220&amp;hash=dc820ea061d8d726367c0a033387761b\"><img decoding=\"async\" src=\"data:image\/gif;base64,R0lGODlhAQABAIAAAAAAAP\/\/\/ywAAAAAAQABAAACAUwAOw==\" fifu-lazy=\"1\" fifu-data-sizes=\"auto\" fifu-data-srcset=\"https:\/\/i0.wp.com\/files.pressmanager.net\/clientes\/b231cbcb75a52a5f2646d97eb25dc12f\/imagens\/2024\/10\/25\/66457cb229ed128287da75ee1d6107de_small.jpg?ssl=1&w=75&resize=75&ssl=1 75w, https:\/\/i0.wp.com\/files.pressmanager.net\/clientes\/b231cbcb75a52a5f2646d97eb25dc12f\/imagens\/2024\/10\/25\/66457cb229ed128287da75ee1d6107de_small.jpg?ssl=1&w=100&resize=100&ssl=1 100w, https:\/\/i0.wp.com\/files.pressmanager.net\/clientes\/b231cbcb75a52a5f2646d97eb25dc12f\/imagens\/2024\/10\/25\/66457cb229ed128287da75ee1d6107de_small.jpg?ssl=1&w=150&resize=150&ssl=1 150w, https:\/\/i0.wp.com\/files.pressmanager.net\/clientes\/b231cbcb75a52a5f2646d97eb25dc12f\/imagens\/2024\/10\/25\/66457cb229ed128287da75ee1d6107de_small.jpg?ssl=1&w=240&resize=240&ssl=1 240w, https:\/\/i0.wp.com\/files.pressmanager.net\/clientes\/b231cbcb75a52a5f2646d97eb25dc12f\/imagens\/2024\/10\/25\/66457cb229ed128287da75ee1d6107de_small.jpg?ssl=1&w=320&resize=320&ssl=1 320w, https:\/\/i0.wp.com\/files.pressmanager.net\/clientes\/b231cbcb75a52a5f2646d97eb25dc12f\/imagens\/2024\/10\/25\/66457cb229ed128287da75ee1d6107de_small.jpg?ssl=1&w=500&resize=500&ssl=1 500w, https:\/\/i0.wp.com\/files.pressmanager.net\/clientes\/b231cbcb75a52a5f2646d97eb25dc12f\/imagens\/2024\/10\/25\/66457cb229ed128287da75ee1d6107de_small.jpg?ssl=1&w=640&resize=640&ssl=1 640w, https:\/\/i0.wp.com\/files.pressmanager.net\/clientes\/b231cbcb75a52a5f2646d97eb25dc12f\/imagens\/2024\/10\/25\/66457cb229ed128287da75ee1d6107de_small.jpg?ssl=1&w=800&resize=800&ssl=1 800w, https:\/\/i0.wp.com\/files.pressmanager.net\/clientes\/b231cbcb75a52a5f2646d97eb25dc12f\/imagens\/2024\/10\/25\/66457cb229ed128287da75ee1d6107de_small.jpg?ssl=1&w=1024&resize=1024&ssl=1 1024w, https:\/\/i0.wp.com\/files.pressmanager.net\/clientes\/b231cbcb75a52a5f2646d97eb25dc12f\/imagens\/2024\/10\/25\/66457cb229ed128287da75ee1d6107de_small.jpg?ssl=1&w=1280&resize=1280&ssl=1 1280w, https:\/\/i0.wp.com\/files.pressmanager.net\/clientes\/b231cbcb75a52a5f2646d97eb25dc12f\/imagens\/2024\/10\/25\/66457cb229ed128287da75ee1d6107de_small.jpg?ssl=1&w=1600&resize=1600&ssl=1 1600w\" fifu-data-src=\"https:\/\/i0.wp.com\/files.pressmanager.net\/clientes\/b231cbcb75a52a5f2646d97eb25dc12f\/imagens\/2024\/10\/25\/66457cb229ed128287da75ee1d6107de_small.jpg?ssl=1\" border=\"0\" vspace=\"2\" \/><\/a><br \/>\nGianluca Petecof<br \/>\n<i>Jos\u00e9 Mario Dias<\/i><\/p>\n<p><img decoding=\"async\" src=\"data:image\/gif;base64,R0lGODlhAQABAIAAAAAAAP\/\/\/ywAAAAAAQABAAACAUwAOw==\" fifu-lazy=\"1\" fifu-data-sizes=\"auto\" fifu-data-srcset=\"https:\/\/i3.wp.com\/click.pressmanager.net\/log_leitura_email?envio_id=1821220&did=1379087356&imglog=1&hash=dc820ea061d8d726367c0a033387761b&ssl=1&w=75&resize=75&ssl=1 75w, https:\/\/i3.wp.com\/click.pressmanager.net\/log_leitura_email?envio_id=1821220&did=1379087356&imglog=1&hash=dc820ea061d8d726367c0a033387761b&ssl=1&w=100&resize=100&ssl=1 100w, https:\/\/i3.wp.com\/click.pressmanager.net\/log_leitura_email?envio_id=1821220&did=1379087356&imglog=1&hash=dc820ea061d8d726367c0a033387761b&ssl=1&w=150&resize=150&ssl=1 150w, https:\/\/i3.wp.com\/click.pressmanager.net\/log_leitura_email?envio_id=1821220&did=1379087356&imglog=1&hash=dc820ea061d8d726367c0a033387761b&ssl=1&w=240&resize=240&ssl=1 240w, https:\/\/i3.wp.com\/click.pressmanager.net\/log_leitura_email?envio_id=1821220&did=1379087356&imglog=1&hash=dc820ea061d8d726367c0a033387761b&ssl=1&w=320&resize=320&ssl=1 320w, https:\/\/i3.wp.com\/click.pressmanager.net\/log_leitura_email?envio_id=1821220&did=1379087356&imglog=1&hash=dc820ea061d8d726367c0a033387761b&ssl=1&w=500&resize=500&ssl=1 500w, https:\/\/i3.wp.com\/click.pressmanager.net\/log_leitura_email?envio_id=1821220&did=1379087356&imglog=1&hash=dc820ea061d8d726367c0a033387761b&ssl=1&w=640&resize=640&ssl=1 640w, https:\/\/i3.wp.com\/click.pressmanager.net\/log_leitura_email?envio_id=1821220&did=1379087356&imglog=1&hash=dc820ea061d8d726367c0a033387761b&ssl=1&w=800&resize=800&ssl=1 800w, https:\/\/i3.wp.com\/click.pressmanager.net\/log_leitura_email?envio_id=1821220&did=1379087356&imglog=1&hash=dc820ea061d8d726367c0a033387761b&ssl=1&w=1024&resize=1024&ssl=1 1024w, https:\/\/i3.wp.com\/click.pressmanager.net\/log_leitura_email?envio_id=1821220&did=1379087356&imglog=1&hash=dc820ea061d8d726367c0a033387761b&ssl=1&w=1280&resize=1280&ssl=1 1280w, https:\/\/i3.wp.com\/click.pressmanager.net\/log_leitura_email?envio_id=1821220&did=1379087356&imglog=1&hash=dc820ea061d8d726367c0a033387761b&ssl=1&w=1600&resize=1600&ssl=1 1600w\" fifu-data-src=\"https:\/\/i3.wp.com\/click.pressmanager.net\/log_leitura_email?envio_id=1821220&did=1379087356&imglog=1&hash=dc820ea061d8d726367c0a033387761b&ssl=1\" alt=\"\" \/><\/p>\n","protected":false},"excerpt":{"rendered":"<p>&nbsp; Toyota Corolla #101 perdeu desempenho na pista molhada &nbsp; Gianluca Petecof teve uma sexta-feira&#8230;<\/p>\n","protected":false},"author":1,"featured_media":0,"comment_status":"closed","ping_status":"closed","sticky":false,"template":"","format":"standard","meta":{"fifu_image_url":"","fifu_image_alt":"","footnotes":""},"categories":[8428,12365,727],"tags":[58,12885],"class_list":["post-204253","post","type-post","status-publish","format-standard","hentry","category-automobilismo","category-brasileventosvelocidade","category-noticias","tag-noticias","tag-verdeamarelo","wpcat-8428-id","wpcat-12365-id","wpcat-727-id"],"_links":{"self":[{"href":"https:\/\/verde-amarelo.net\/verdeamarelo\/wp-json\/wp\/v2\/posts\/204253","targetHints":{"allow":["GET"]}}],"collection":[{"href":"https:\/\/verde-amarelo.net\/verdeamarelo\/wp-json\/wp\/v2\/posts"}],"about":[{"href":"https:\/\/verde-amarelo.net\/verdeamarelo\/wp-json\/wp\/v2\/types\/post"}],"author":[{"embeddable":true,"href":"https:\/\/verde-amarelo.net\/verdeamarelo\/wp-json\/wp\/v2\/users\/1"}],"replies":[{"embeddable":true,"href":"https:\/\/verde-amarelo.net\/verdeamarelo\/wp-json\/wp\/v2\/comments?post=204253"}],"version-history":[{"count":0,"href":"https:\/\/verde-amarelo.net\/verdeamarelo\/wp-json\/wp\/v2\/posts\/204253\/revisions"}],"wp:attachment":[{"href":"https:\/\/verde-amarelo.net\/verdeamarelo\/wp-json\/wp\/v2\/media?parent=204253"}],"wp:term":[{"taxonomy":"category","embeddable":true,"href":"https:\/\/verde-amarelo.net\/verdeamarelo\/wp-json\/wp\/v2\/categories?post=204253"},{"taxonomy":"post_tag","embeddable":true,"href":"https:\/\/verde-amarelo.net\/verdeamarelo\/wp-json\/wp\/v2\/tags?post=204253"}],"curies":[{"name":"wp","href":"https:\/\/api.w.org\/{rel}","templated":true}]}}