{"id":204260,"date":"2024-10-25T15:53:23","date_gmt":"2024-10-25T18:53:23","guid":{"rendered":"https:\/\/verde-amarelo.net\/verdeamarelo\/?p=204260"},"modified":"2024-10-25T16:44:48","modified_gmt":"2024-10-25T19:44:48","slug":"serpro-apresenta-modelo-preditivo-para-enchentes-no-rio-grande-do-sul","status":"publish","type":"post","link":"https:\/\/verde-amarelo.net\/verdeamarelo\/2024\/10\/serpro-apresenta-modelo-preditivo-para-enchentes-no-rio-grande-do-sul\/","title":{"rendered":"Serpro apresenta modelo preditivo para enchentes no Rio Grande do Sul"},"content":{"rendered":"<p>&nbsp;<\/p>\n<p>&nbsp;<\/p>\n<p style=\"font-size: 14pt; font-weight: bold; text-align: center;\">\n<p style=\"font-size: 12pt; text-align: center;\"><i>Tecnologia foi uma das atra\u00e7\u00f5es do \u00faltimo dia do TDC Bras\u00edlia. Foto do estado mostra, em vermelho, as \u00e1reas com maior probabilidade de inunda\u00e7\u00e3o<\/i><\/p>\n<p>&nbsp;<\/p>\n<p style=\"text-align: left;\" align=\"center\"><img decoding=\"async\" src=\"data:image\/gif;base64,R0lGODlhAQABAIAAAAAAAP\/\/\/ywAAAAAAQABAAACAUwAOw==\" fifu-lazy=\"1\" fifu-data-sizes=\"auto\" fifu-data-srcset=\"https:\/\/i2.wp.com\/www.serpro.gov.br\/menu\/noticias\/noticias-2024\/sepro-enchente-rs\/portal.jpg\/@@images\/image\/large?ssl=1&w=75&resize=75&ssl=1 75w, https:\/\/i2.wp.com\/www.serpro.gov.br\/menu\/noticias\/noticias-2024\/sepro-enchente-rs\/portal.jpg\/@@images\/image\/large?ssl=1&w=100&resize=100&ssl=1 100w, https:\/\/i2.wp.com\/www.serpro.gov.br\/menu\/noticias\/noticias-2024\/sepro-enchente-rs\/portal.jpg\/@@images\/image\/large?ssl=1&w=150&resize=150&ssl=1 150w, https:\/\/i2.wp.com\/www.serpro.gov.br\/menu\/noticias\/noticias-2024\/sepro-enchente-rs\/portal.jpg\/@@images\/image\/large?ssl=1&w=240&resize=240&ssl=1 240w, https:\/\/i2.wp.com\/www.serpro.gov.br\/menu\/noticias\/noticias-2024\/sepro-enchente-rs\/portal.jpg\/@@images\/image\/large?ssl=1&w=320&resize=320&ssl=1 320w, https:\/\/i2.wp.com\/www.serpro.gov.br\/menu\/noticias\/noticias-2024\/sepro-enchente-rs\/portal.jpg\/@@images\/image\/large?ssl=1&w=500&resize=500&ssl=1 500w, https:\/\/i2.wp.com\/www.serpro.gov.br\/menu\/noticias\/noticias-2024\/sepro-enchente-rs\/portal.jpg\/@@images\/image\/large?ssl=1&w=640&resize=640&ssl=1 640w, https:\/\/i2.wp.com\/www.serpro.gov.br\/menu\/noticias\/noticias-2024\/sepro-enchente-rs\/portal.jpg\/@@images\/image\/large?ssl=1&w=800&resize=800&ssl=1 800w, https:\/\/i2.wp.com\/www.serpro.gov.br\/menu\/noticias\/noticias-2024\/sepro-enchente-rs\/portal.jpg\/@@images\/image\/large?ssl=1&w=1024&resize=1024&ssl=1 1024w, https:\/\/i2.wp.com\/www.serpro.gov.br\/menu\/noticias\/noticias-2024\/sepro-enchente-rs\/portal.jpg\/@@images\/image\/large?ssl=1&w=1280&resize=1280&ssl=1 1280w, https:\/\/i2.wp.com\/www.serpro.gov.br\/menu\/noticias\/noticias-2024\/sepro-enchente-rs\/portal.jpg\/@@images\/image\/large?ssl=1&w=1600&resize=1600&ssl=1 1600w\" style=\"display: block; margin-left: auto; margin-right: auto;\" fifu-data-src=\"https:\/\/i2.wp.com\/www.serpro.gov.br\/menu\/noticias\/noticias-2024\/sepro-enchente-rs\/portal.jpg\/@@images\/image\/large?ssl=1\" alt=\"\" width=\"768\" height=\"401\" \/><\/p>\n<p>&nbsp;<\/p>\n<p style=\"text-align: left;\" align=\"center\">Usando dados coletados por sat\u00e9lite, intelig\u00eancia artificial e tecnologias de processamento de imagens, um empregado do Serpro desenvolveu um modelo preditivo para enchentes no Rio Grande do Sul. A palestra de Carlos Henrique Silva, da \u00e1rea de solu\u00e7\u00f5es de geoprocessamento da estatal, que explicou o trabalho, foi uma das atra\u00e7\u00f5es do \u00faltimo dia do TDC Bras\u00edlia, que aconteceu na capital federal na quarta, 23, e quinta, 24.<\/p>&nbsp;&nbsp;\n<p style=\"text-align: left;\" align=\"center\">\u201cTrata-se ainda de uma prova de conceito (POC), que utiliza aprendizado de m\u00e1quina para indicar as \u00e1reas do estado mais propensas a sofrerem inunda\u00e7\u00f5es. A previs\u00e3o \u00e9 feita a partir de dados coletados em anos anteriores. Na imagem final produzida, as \u00e1reas mais pr\u00f3ximas da cor vermelha t\u00eam maior probabilidade de serem afetadas por enchentes\u201d, afirmou Carlos Henrique.<\/p>&nbsp;&nbsp;\n<p><strong>Boa leitura<\/strong><\/p>\n<p style=\"text-align: left;\" align=\"center\">O modelo utiliza imagens captadas pelo sat\u00e9lite Sentinel 1, da ag\u00eancia espacial europeia. \u201cNa verdade, trata-se de dois sat\u00e9lites em \u00f3rbita complementar, que foram escolhidos porque conseguem fazer uma boa leitura da topografia, independente das condi\u00e7\u00f5es clim\u00e1ticas. Uma caracter\u00edstica que se mostrou especialmente \u00fatil para nosso objetivo\u201d, explicou Carlos Henrique. As imagens permitem a leitura de altera\u00e7\u00f5es na superf\u00edcie do planeta a partir do tempo de reflex\u00e3o de ondas de r\u00e1dio.<\/p>&nbsp;&nbsp;\n<p style=\"text-align: left;\" align=\"center\">O sistema utilizado pelo especialista do Serpro compara mosaicos de imagens tiradas da regi\u00e3o ga\u00facha antes e depois das enchentes do \u00faltimo ano. O algoritmo tamb\u00e9m elimina os corpos de \u00e1gua permanentes (existentes mais de dez meses por ano), evitando falsos positivos, al\u00e9m de remover pixels isolados, que s\u00e3o entendidos como ru\u00eddos. A tecnologia oferece a possibilidade de tamb\u00e9m ser utilizada para preven\u00e7\u00e3o de outros desastres naturais, como queimadas.<\/p>&nbsp;&nbsp;\n<p style=\"font-size: 11pt; border-top: 1px solid #D0D0DD; text-align: center;\">\n<hr \/>\n<p style=\"font-size: 11pt; border-top: 1px solid #D0D0DD; text-align: center;\">\nSuperintend\u00eancia de Comunica\u00e7\u00e3o e Marketing &#8211; Supem<br \/>\n<a href=\"mailto:imprensa@serpro.gov.br\">imprensa@serpro.gov.br<\/a><br \/>\n(61) 2021-7650 \/ (61) 98186-3277<\/p>\n<p><img decoding=\"async\" src=\"data:image\/gif;base64,R0lGODlhAQABAIAAAAAAAP\/\/\/ywAAAAAAQABAAACAUwAOw==\" fifu-lazy=\"1\" fifu-data-sizes=\"auto\" fifu-data-srcset=\"https:\/\/i0.wp.com\/files.pressmanager.net\/clientes\/8e4419c9b7e670f57828087805e4108e\/imagens\/2023\/06\/06\/b7741b92b08f50a01bd0d067c72886b5.png?ssl=1&w=75&resize=75&ssl=1 75w, https:\/\/i0.wp.com\/files.pressmanager.net\/clientes\/8e4419c9b7e670f57828087805e4108e\/imagens\/2023\/06\/06\/b7741b92b08f50a01bd0d067c72886b5.png?ssl=1&w=100&resize=100&ssl=1 100w, https:\/\/i0.wp.com\/files.pressmanager.net\/clientes\/8e4419c9b7e670f57828087805e4108e\/imagens\/2023\/06\/06\/b7741b92b08f50a01bd0d067c72886b5.png?ssl=1&w=150&resize=150&ssl=1 150w, https:\/\/i0.wp.com\/files.pressmanager.net\/clientes\/8e4419c9b7e670f57828087805e4108e\/imagens\/2023\/06\/06\/b7741b92b08f50a01bd0d067c72886b5.png?ssl=1&w=240&resize=240&ssl=1 240w, https:\/\/i0.wp.com\/files.pressmanager.net\/clientes\/8e4419c9b7e670f57828087805e4108e\/imagens\/2023\/06\/06\/b7741b92b08f50a01bd0d067c72886b5.png?ssl=1&w=320&resize=320&ssl=1 320w, https:\/\/i0.wp.com\/files.pressmanager.net\/clientes\/8e4419c9b7e670f57828087805e4108e\/imagens\/2023\/06\/06\/b7741b92b08f50a01bd0d067c72886b5.png?ssl=1&w=500&resize=500&ssl=1 500w, https:\/\/i0.wp.com\/files.pressmanager.net\/clientes\/8e4419c9b7e670f57828087805e4108e\/imagens\/2023\/06\/06\/b7741b92b08f50a01bd0d067c72886b5.png?ssl=1&w=640&resize=640&ssl=1 640w, https:\/\/i0.wp.com\/files.pressmanager.net\/clientes\/8e4419c9b7e670f57828087805e4108e\/imagens\/2023\/06\/06\/b7741b92b08f50a01bd0d067c72886b5.png?ssl=1&w=800&resize=800&ssl=1 800w, https:\/\/i0.wp.com\/files.pressmanager.net\/clientes\/8e4419c9b7e670f57828087805e4108e\/imagens\/2023\/06\/06\/b7741b92b08f50a01bd0d067c72886b5.png?ssl=1&w=1024&resize=1024&ssl=1 1024w, https:\/\/i0.wp.com\/files.pressmanager.net\/clientes\/8e4419c9b7e670f57828087805e4108e\/imagens\/2023\/06\/06\/b7741b92b08f50a01bd0d067c72886b5.png?ssl=1&w=1280&resize=1280&ssl=1 1280w, https:\/\/i0.wp.com\/files.pressmanager.net\/clientes\/8e4419c9b7e670f57828087805e4108e\/imagens\/2023\/06\/06\/b7741b92b08f50a01bd0d067c72886b5.png?ssl=1&w=1600&resize=1600&ssl=1 1600w\" fifu-data-src=\"https:\/\/i0.wp.com\/files.pressmanager.net\/clientes\/8e4419c9b7e670f57828087805e4108e\/imagens\/2023\/06\/06\/b7741b92b08f50a01bd0d067c72886b5.png?ssl=1\" alt=\"Assessoria Imprensa Serpro\" \/><\/p>\n<p><img decoding=\"async\" src=\"data:image\/gif;base64,R0lGODlhAQABAIAAAAAAAP\/\/\/ywAAAAAAQABAAACAUwAOw==\" fifu-lazy=\"1\" fifu-data-sizes=\"auto\" fifu-data-srcset=\"https:\/\/i2.wp.com\/click.pressmanager.net\/log_leitura_email?envio_id=1821272&did=1379117224&imglog=1&hash=18db20316e16f1cfb651e6ac72d0ef97&ssl=1&w=75&resize=75&ssl=1 75w, https:\/\/i2.wp.com\/click.pressmanager.net\/log_leitura_email?envio_id=1821272&did=1379117224&imglog=1&hash=18db20316e16f1cfb651e6ac72d0ef97&ssl=1&w=100&resize=100&ssl=1 100w, https:\/\/i2.wp.com\/click.pressmanager.net\/log_leitura_email?envio_id=1821272&did=1379117224&imglog=1&hash=18db20316e16f1cfb651e6ac72d0ef97&ssl=1&w=150&resize=150&ssl=1 150w, https:\/\/i2.wp.com\/click.pressmanager.net\/log_leitura_email?envio_id=1821272&did=1379117224&imglog=1&hash=18db20316e16f1cfb651e6ac72d0ef97&ssl=1&w=240&resize=240&ssl=1 240w, https:\/\/i2.wp.com\/click.pressmanager.net\/log_leitura_email?envio_id=1821272&did=1379117224&imglog=1&hash=18db20316e16f1cfb651e6ac72d0ef97&ssl=1&w=320&resize=320&ssl=1 320w, https:\/\/i2.wp.com\/click.pressmanager.net\/log_leitura_email?envio_id=1821272&did=1379117224&imglog=1&hash=18db20316e16f1cfb651e6ac72d0ef97&ssl=1&w=500&resize=500&ssl=1 500w, https:\/\/i2.wp.com\/click.pressmanager.net\/log_leitura_email?envio_id=1821272&did=1379117224&imglog=1&hash=18db20316e16f1cfb651e6ac72d0ef97&ssl=1&w=640&resize=640&ssl=1 640w, https:\/\/i2.wp.com\/click.pressmanager.net\/log_leitura_email?envio_id=1821272&did=1379117224&imglog=1&hash=18db20316e16f1cfb651e6ac72d0ef97&ssl=1&w=800&resize=800&ssl=1 800w, https:\/\/i2.wp.com\/click.pressmanager.net\/log_leitura_email?envio_id=1821272&did=1379117224&imglog=1&hash=18db20316e16f1cfb651e6ac72d0ef97&ssl=1&w=1024&resize=1024&ssl=1 1024w, https:\/\/i2.wp.com\/click.pressmanager.net\/log_leitura_email?envio_id=1821272&did=1379117224&imglog=1&hash=18db20316e16f1cfb651e6ac72d0ef97&ssl=1&w=1280&resize=1280&ssl=1 1280w, https:\/\/i2.wp.com\/click.pressmanager.net\/log_leitura_email?envio_id=1821272&did=1379117224&imglog=1&hash=18db20316e16f1cfb651e6ac72d0ef97&ssl=1&w=1600&resize=1600&ssl=1 1600w\" fifu-data-src=\"https:\/\/i2.wp.com\/click.pressmanager.net\/log_leitura_email?envio_id=1821272&did=1379117224&imglog=1&hash=18db20316e16f1cfb651e6ac72d0ef97&ssl=1\" alt=\"\" \/><\/p>\n<p><!-- Este texto tem o apoio do Sistema ECOMPARE de lojas virtuais por estar cadastrado nas editorias <b>Not\u00edcias das Cidades<\/b>.<\/p>&nbsp;&nbsp;\n<p>Caso n\u00e3o trabalhe mais com estas editorias, <a style=\"color: #153643; text-decoration: underline;\" href=\"https:\/\/unsubscribe.pressmanager.net\/unsubscribe?did=1379117224&amp;dhash=18db20316e16f1cfb651e6ac72d0ef97&amp;eid=1821272&amp;opcao=alterar_cadastro\" target=\"_blank\" rel=\"noopener\"><b>altere aqui seu cadastro<\/b><\/a> ou se este conte\u00fado n\u00e3o tem rela\u00e7\u00e3o com estas editorias, <a style=\"color: #153643; text-decoration: underline;\" href=\"https:\/\/unsubscribe.pressmanager.net\/unsubscribe?did=1379117224&amp;dhash=18db20316e16f1cfb651e6ac72d0ef97&amp;eid=1821272&amp;opcao=relatar_erro_editorias\" target=\"_blank\" rel=\"noopener\"><b>reporte aqui<\/b>.<\/a><\/p>\n<p><!-- START ADVERTISER: Loja do Mecanico BR from awin.com -->\r\n\r\n<a rel=\"sponsored\" href=\"https:\/\/www.awin1.com\/cread.php?s=4496175&v=118895&q=579824&r=690303\">\r\n    <img src=\"https:\/\/www.awin1.com\/cshow.php?s=4496175&v=118895&q=579824&r=690303\" border=\"0\">\r\n<\/a>\r\n\r\n<!-- END ADVERTISER: Loja do Mecanico BR from awin.com -->\r\n<a  style=\"color: #153643; text-decoration: underline;\" href=\"https:\/\/unsubscribe.pressmanager.net\/unsubscribe?did=1379117224&amp;dhash=18db20316e16f1cfb651e6ac72d0ef97&amp;eid=1821272&amp;opcao=descadastrar\" target=\"_blank\" rel=\"noopener\"><\/a>.<\/p>&nbsp;&nbsp;\n<p>&nbsp;<\/p>\n","protected":false},"excerpt":{"rendered":"<p>&nbsp; &nbsp; Tecnologia foi uma das atra\u00e7\u00f5es do \u00faltimo dia do TDC Bras\u00edlia. Foto do&#8230;<\/p>\n","protected":false},"author":1,"featured_media":0,"comment_status":"closed","ping_status":"closed","sticky":false,"template":"","format":"standard","meta":{"fifu_image_url":"","fifu_image_alt":"","footnotes":""},"categories":[727,760,8697,27],"tags":[11761,2584,2229,2285,2575,8455,1683,2633,1896,257,1430,8471,1739,3897,1983,8636,3564,1440,3469,3016,313,2052,2877,2801,648,2864,4111,58,5334,4291,1799,3059,6618,3363,316,1459,2183,3005,42,4415,152,12885],"class_list":["post-204260","post","type-post","status-publish","format-standard","hentry","category-noticias","category-servicos","category-sociedade","category-tecnologia","tag-11761","tag-2584","tag-agua","tag-agencia","tag-capital","tag-cidades","tag-comunicacao","tag-conceito","tag-conteudo","tag-cor","tag-dados","tag-desastres-naturais","tag-dia","tag-e","tag-empregado","tag-enchentes","tag-espacial","tag-estatal","tag-imagem","tag-imprensa","tag-inscricao","tag-inteligencia-artificial","tag-leitura","tag-maquina","tag-marketing","tag-modelo","tag-naturais","tag-noticias","tag-palestra","tag-prevencao","tag-previsao","tag-radio","tag-relacao","tag-rio","tag-rio-grande-do-sul","tag-sistema","tag-solucoes","tag-sul","tag-tecnologia","tag-tecnologias","tag-trabalho","tag-verdeamarelo","wpcat-727-id","wpcat-760-id","wpcat-8697-id","wpcat-27-id"],"_links":{"self":[{"href":"https:\/\/verde-amarelo.net\/verdeamarelo\/wp-json\/wp\/v2\/posts\/204260","targetHints":{"allow":["GET"]}}],"collection":[{"href":"https:\/\/verde-amarelo.net\/verdeamarelo\/wp-json\/wp\/v2\/posts"}],"about":[{"href":"https:\/\/verde-amarelo.net\/verdeamarelo\/wp-json\/wp\/v2\/types\/post"}],"author":[{"embeddable":true,"href":"https:\/\/verde-amarelo.net\/verdeamarelo\/wp-json\/wp\/v2\/users\/1"}],"replies":[{"embeddable":true,"href":"https:\/\/verde-amarelo.net\/verdeamarelo\/wp-json\/wp\/v2\/comments?post=204260"}],"version-history":[{"count":0,"href":"https:\/\/verde-amarelo.net\/verdeamarelo\/wp-json\/wp\/v2\/posts\/204260\/revisions"}],"wp:attachment":[{"href":"https:\/\/verde-amarelo.net\/verdeamarelo\/wp-json\/wp\/v2\/media?parent=204260"}],"wp:term":[{"taxonomy":"category","embeddable":true,"href":"https:\/\/verde-amarelo.net\/verdeamarelo\/wp-json\/wp\/v2\/categories?post=204260"},{"taxonomy":"post_tag","embeddable":true,"href":"https:\/\/verde-amarelo.net\/verdeamarelo\/wp-json\/wp\/v2\/tags?post=204260"}],"curies":[{"name":"wp","href":"https:\/\/api.w.org\/{rel}","templated":true}]}}