{"id":222965,"date":"2025-02-07T06:09:16","date_gmt":"2025-02-07T09:09:16","guid":{"rendered":"https:\/\/verde-amarelo.net\/verdeamarelo\/?p=222965"},"modified":"2025-02-07T09:27:28","modified_gmt":"2025-02-07T12:27:28","slug":"em-apenas-40-dias-de-2025-brasileiros-ja-pagaram-r-500-bilhoes-em-impostos","status":"publish","type":"post","link":"https:\/\/verde-amarelo.net\/verdeamarelo\/2025\/02\/em-apenas-40-dias-de-2025-brasileiros-ja-pagaram-r-500-bilhoes-em-impostos\/","title":{"rendered":"Em apenas 40 dias de 2025, brasileiros j\u00e1 pagaram R$ 500 bilh\u00f5es em impostos"},"content":{"rendered":"<p><!-- [if mso | IE]>\n\n\n<table align=\"center\" border=\"0\" cellpadding=\"0\" cellspacing=\"0\" class=\"cols_1-outlook 1589473356616-outlook ip-section-outlook\" role=\"presentation\" style=\"width:600px;\" width=\"600\" bgcolor=\"#ffffff\" >\n\n\n<tr>\n\n\n<td style=\"line-height:0px;font-size:0px;mso-line-height-rule:exactly;\"><![endif]--><\/p>\n<p><!-- [if mso | IE]>\n\n\n<table role=\"presentation\" border=\"0\" cellpadding=\"0\" cellspacing=\"0\">\n\n\n<tr>\n\n\n<td class=\"ip-column-outlook -outlook\" style=\"vertical-align:top;width:592px;\" ><![endif]--><\/p>\n<p>&nbsp;<\/p>\n<p><!-- htmlmin:ignore --><\/p>\n<p><!-- htmlmin:ignore --><\/p>\n<p class=\"ql-align-justify\" style=\"margin: 0; text-align: justify;\"><em>A marca foi atingida mais cedo devido ao aquecimento da economia, \u00e0 alta da infla\u00e7\u00e3o e aos aumentos do ICMS e da tributa\u00e7\u00e3o federal, diz economista da ACSP<\/em><\/p>\n<p><!-- htmlmin:ignore --><\/p>\n<p><!-- htmlmin:ignore --><\/p>\n<p class=\"ql-align-justify\" style=\"margin: 0; text-align: justify;\"><strong>S\u00e3o Paulo, fevereiro de 2025<\/strong> \u2013 O Impost\u00f4metro, painel instalado da sede da Associa\u00e7\u00e3o Comercial de S\u00e3o Paulo (ACSP), localizado no Centro Hist\u00f3rico da Capital Paulista, ir\u00e1 registrar no pr\u00f3ximo domingo (9) \u00e0s 06h09, que os contribuintes brasileiros j\u00e1 pagaram R$ 500 bilh\u00f5es em impostos em 2025. O valor representa um aumento de 8,3% em rela\u00e7\u00e3o ao mesmo per\u00edodo do ano passado, quando o painel marcava R$ 461,6 bilh\u00f5es.<\/p>&nbsp;&nbsp;\n<p class=\"ql-align-justify\" style=\"margin: 0; text-align: justify;\">\n<p class=\"ql-align-justify\" style=\"margin: 0; text-align: justify;\">Para o economista do Instituto de Economia Gast\u00e3o Vidigal da ACSP, Ulisses Ruiz de Gamboa, a marca foi atingida mais cedo devido a uma combina\u00e7\u00e3o de fatores que impulsionaram a arrecada\u00e7\u00e3o tribut\u00e1ria. \u201cEntre eles, destaca-se o aquecimento da atividade econ\u00f4mica\u201d, afirma.<\/p>&nbsp;&nbsp;\n<p class=\"ql-align-justify\" style=\"margin: 0; text-align: justify;\">\n<p class=\"ql-align-justify\" style=\"margin: 0; text-align: justify;\">\u201cA infla\u00e7\u00e3o tamb\u00e9m desempenhou um papel relevante, uma vez que o sistema tribut\u00e1rio brasileiro \u00e9 baseado majoritariamente em impostos sobre o consumo, que incidem diretamente sobre os pre\u00e7os dos bens e servi\u00e7os\u201d, completou Ruiz de Gamboa. O economista tamb\u00e9m aponta outros fatores que explicam o crescimento da arrecada\u00e7\u00e3o: a eleva\u00e7\u00e3o das al\u00edquotas do Imposto sobre a Circula\u00e7\u00e3o de Mercadorias e Servi\u00e7os (ICMS) e diversas medidas adotadas pelo Governo Federal, como a tributa\u00e7\u00e3o offshore, reonera\u00e7\u00e3o dos combust\u00edveis, mudan\u00e7as na tributa\u00e7\u00e3o de incentivos fiscais dos estados e retomada do voto de qualidade do Conselho Administrativo de Recursos Fiscais (CARF).<\/p>&nbsp;&nbsp;\n<p class=\"ql-align-justify\" style=\"margin: 0; text-align: justify;\">\n<p class=\"ql-align-justify\" style=\"margin: 0; text-align: justify;\">Tamb\u00e9m segundo Ruiz de Gamboa, as perspectivas de crescimento da economia e, consequentemente, da arrecada\u00e7\u00e3o tribut\u00e1ria em 2025 s\u00e3o mais modestas. Apesar de novos aumentos das al\u00edquotas do ICMS e da infla\u00e7\u00e3o, que continuar\u00e3o impulsionando a arrecada\u00e7\u00e3o, o crescimento econ\u00f4mico esperado para o ano \u00e9 menor, devido principalmente \u00e0 eleva\u00e7\u00e3o da taxa de juros b\u00e1sica (Selic).<\/p>&nbsp;&nbsp;\n<p class=\"ql-align-justify\" style=\"margin: 0; text-align: justify;\">\n<p class=\"ql-align-justify\" style=\"margin: 0; text-align: justify;\">O painel f\u00edsico do Impost\u00f4metro est\u00e1 situado na Rua Boa Vista, 51, no Centro Hist\u00f3rico de S\u00e3o Paulo, pr\u00f3ximo ao edif\u00edcio-sede da ACSP. Al\u00e9m disso, os dados sobre a arrecada\u00e7\u00e3o de impostos nas esferas federal, estadual e municipal podem ser acompanhados, em tempo real, pelo site: <a href=\"https:\/\/click.cse360.com.br\/Click\/AddCampaignEmailClick\/9867c911-140d-4d72-fa35-08dd3b44d9fd\/about%253ablank\/83288b97-4297-4165-cec0-08d7c5ff26d1\/redacao@redepress.com.br\/True\" target=\"_blank\" rel=\"noopener noreferrer\">impostometro.com.br<\/a>.<\/p>&nbsp;&nbsp;\n<p class=\"ql-align-justify\" style=\"margin: 0; text-align: justify;\">\n<hr \/>\n<p class=\"ql-align-justify\" style=\"margin: 0; text-align: justify;\">\n<p class=\"ql-align-justify\" style=\"margin: 0; text-align: justify;\">Cesar Bruneli &#8211; <a href=\"mailto:cbruneli@acsp.com.br\">cbruneli@acsp.com.br<\/a>, (11) 3180-3220<\/p>\n<p style=\"margin: 0;\">Alex Sallai &#8211; <a href=\"mailto:alex.sallai@acsp.com.br\">alex.sallai@acsp.com.br<\/a>, (11) 3180-3220<\/p>\n<p style=\"margin: 0;\">Elizangela Marques &#8211; <a href=\"mailto:elizangela.marques@acsp.com.br\">elizangela.marques@acsp.com.br<\/a>, (11) 3180-3220<\/p>\n<p style=\"margin: 0;\">Fernando Piovezam &#8211; <a href=\"mailto:fernando.oliveira@acsp.com.br\">fernando.oliveira@acsp.com.br<\/a>, (11) 3180-3221<\/p>\n<p style=\"margin: 0;\">\n<hr \/>\n<p style=\"margin: 0;\">\n<p style=\"margin: 0;\"><strong>Sobre a ACSP<\/strong>: A Associa\u00e7\u00e3o Comercial de S\u00e3o Paulo (ACSP), em seus 130 anos de hist\u00f3ria, \u00e9 considerada a voz do empreendedor paulistano. A institui\u00e7\u00e3o atua diretamente na defesa da livre iniciativa e, ao longo de sua trajet\u00f3ria, esteve sempre ao lado da pequena e m\u00e9dia empresa e dos profissionais liberais, contribuindo para o desenvolvimento do com\u00e9rcio, da ind\u00fastria e da presta\u00e7\u00e3o de servi\u00e7os. Al\u00e9m do seu pr\u00e9dio central, a ACSP disp\u00f5e de 15 Sedes Distritais, que mant\u00eam os associados informados sobre assuntos do seu interesse, promovem palestras e buscam solu\u00e7\u00f5es para os problemas de cada regi\u00e3o.<\/p>&nbsp;&nbsp;\n<p style=\"margin: 0;\">\n<p style=\"margin: 0;\"><strong>Sobre o Impost\u00f4metro:<\/strong> O Impost\u00f4metro foi implantado em 2005 pela ACSP para conscientizar os brasileiros sobre a alta carga tribut\u00e1ria e incentiv\u00e1-los a cobrar os governos por servi\u00e7os p\u00fablicos de mais qualidade. Est\u00e1 localizado na sede da ACSP, na Rua Boa Vista, centro da capital paulista. Outros munic\u00edpios e capitais se espelharam na iniciativa e instalaram seus pain\u00e9is. No portal \u00e9 poss\u00edvel visualizar valores arrecadados por per\u00edodo, estado, munic\u00edpio e categoria.<\/p>&nbsp;&nbsp;\n<p><!-- htmlmin:ignore --><\/p>\n<p><!-- [if mso | IE]><\/td>\n\n\n<\/tr>\n\n\n<\/table>\n\n\n<![endif]--><\/p>\n<p><!-- [if mso | IE]><\/td>\n\n\n<\/tr>\n\n\n<\/table>\n\n\n<![endif]--><\/p>\n<hr \/>\n<p>&nbsp;<\/p>\n","protected":false},"excerpt":{"rendered":"<p>&nbsp; A marca foi atingida mais cedo devido ao aquecimento da economia, \u00e0 alta da&#8230;<\/p>\n","protected":false},"author":1,"featured_media":222992,"comment_status":"closed","ping_status":"closed","sticky":false,"template":"","format":"standard","meta":{"fifu_image_url":"https:\/\/cseprs3.s3.amazonaws.com\/email-editor-files\/a817917d-aecc-40a5-f0df-08da334f2836\/c34fd165-a03c-4885-9eb0-b82db4697fa3.png","fifu_image_alt":"","footnotes":""},"categories":[10006,727],"tags":[58,12885],"class_list":["post-222965","post","type-post","status-publish","format-standard","has-post-thumbnail","hentry","category-brasileconomia","category-noticias","tag-noticias","tag-verdeamarelo","wpcat-10006-id","wpcat-727-id"],"_links":{"self":[{"href":"https:\/\/verde-amarelo.net\/verdeamarelo\/wp-json\/wp\/v2\/posts\/222965","targetHints":{"allow":["GET"]}}],"collection":[{"href":"https:\/\/verde-amarelo.net\/verdeamarelo\/wp-json\/wp\/v2\/posts"}],"about":[{"href":"https:\/\/verde-amarelo.net\/verdeamarelo\/wp-json\/wp\/v2\/types\/post"}],"author":[{"embeddable":true,"href":"https:\/\/verde-amarelo.net\/verdeamarelo\/wp-json\/wp\/v2\/users\/1"}],"replies":[{"embeddable":true,"href":"https:\/\/verde-amarelo.net\/verdeamarelo\/wp-json\/wp\/v2\/comments?post=222965"}],"version-history":[{"count":0,"href":"https:\/\/verde-amarelo.net\/verdeamarelo\/wp-json\/wp\/v2\/posts\/222965\/revisions"}],"wp:featuredmedia":[{"embeddable":true,"href":"https:\/\/verde-amarelo.net\/verdeamarelo\/wp-json\/wp\/v2\/media\/222992"}],"wp:attachment":[{"href":"https:\/\/verde-amarelo.net\/verdeamarelo\/wp-json\/wp\/v2\/media?parent=222965"}],"wp:term":[{"taxonomy":"category","embeddable":true,"href":"https:\/\/verde-amarelo.net\/verdeamarelo\/wp-json\/wp\/v2\/categories?post=222965"},{"taxonomy":"post_tag","embeddable":true,"href":"https:\/\/verde-amarelo.net\/verdeamarelo\/wp-json\/wp\/v2\/tags?post=222965"}],"curies":[{"name":"wp","href":"https:\/\/api.w.org\/{rel}","templated":true}]}}