{"id":230997,"date":"2025-03-20T08:47:43","date_gmt":"2025-03-20T11:47:43","guid":{"rendered":"https:\/\/verde-amarelo.net\/verdeamarelo\/?p=230997"},"modified":"2025-03-23T00:30:05","modified_gmt":"2025-03-23T03:30:05","slug":"ccr-spvias-conclui-duplicacao-da-sp-258-em-itapeva-sp-confira-o-video-da-transformacao-na-mobilidade-da-regiao","status":"publish","type":"post","link":"https:\/\/verde-amarelo.net\/verdeamarelo\/2025\/03\/ccr-spvias-conclui-duplicacao-da-sp-258-em-itapeva-sp-confira-o-video-da-transformacao-na-mobilidade-da-regiao\/","title":{"rendered":"CCR SPVias conclui duplica\u00e7\u00e3o da SP-258 em Itapeva-SP: confira o v\u00eddeo da transforma\u00e7\u00e3o na mobilidade da regi\u00e3o"},"content":{"rendered":"<p class=\"MsoNormal\" style=\"text-align: center;\" align=\"center\">\n<p class=\"MsoNormal\" style=\"text-align: center;\" align=\"center\"><img decoding=\"async\" src=\"data:image\/gif;base64,R0lGODlhAQABAIAAAAAAAP\/\/\/ywAAAAAAQABAAACAUwAOw==\" fifu-lazy=\"1\" fifu-data-sizes=\"auto\" fifu-data-srcset=\"https:\/\/i3.wp.com\/verde-amarelo.net\/verdeamarelo\/wp-content\/uploads\/2025\/03\/image001-19.webp?ssl=1&w=75&resize=75&ssl=1 75w, https:\/\/i3.wp.com\/verde-amarelo.net\/verdeamarelo\/wp-content\/uploads\/2025\/03\/image001-19.webp?ssl=1&w=100&resize=100&ssl=1 100w, https:\/\/i3.wp.com\/verde-amarelo.net\/verdeamarelo\/wp-content\/uploads\/2025\/03\/image001-19.webp?ssl=1&w=150&resize=150&ssl=1 150w, https:\/\/i3.wp.com\/verde-amarelo.net\/verdeamarelo\/wp-content\/uploads\/2025\/03\/image001-19.webp?ssl=1&w=240&resize=240&ssl=1 240w, https:\/\/i3.wp.com\/verde-amarelo.net\/verdeamarelo\/wp-content\/uploads\/2025\/03\/image001-19.webp?ssl=1&w=320&resize=320&ssl=1 320w, https:\/\/i3.wp.com\/verde-amarelo.net\/verdeamarelo\/wp-content\/uploads\/2025\/03\/image001-19.webp?ssl=1&w=500&resize=500&ssl=1 500w, https:\/\/i3.wp.com\/verde-amarelo.net\/verdeamarelo\/wp-content\/uploads\/2025\/03\/image001-19.webp?ssl=1&w=640&resize=640&ssl=1 640w, https:\/\/i3.wp.com\/verde-amarelo.net\/verdeamarelo\/wp-content\/uploads\/2025\/03\/image001-19.webp?ssl=1&w=800&resize=800&ssl=1 800w, https:\/\/i3.wp.com\/verde-amarelo.net\/verdeamarelo\/wp-content\/uploads\/2025\/03\/image001-19.webp?ssl=1&w=1024&resize=1024&ssl=1 1024w, https:\/\/i3.wp.com\/verde-amarelo.net\/verdeamarelo\/wp-content\/uploads\/2025\/03\/image001-19.webp?ssl=1&w=1280&resize=1280&ssl=1 1280w, https:\/\/i3.wp.com\/verde-amarelo.net\/verdeamarelo\/wp-content\/uploads\/2025\/03\/image001-19.webp?ssl=1&w=1600&resize=1600&ssl=1 1600w\" id=\"Imagem_x0020_2\" style=\"width: 8.45in; height: 4.7666in;\" fifu-data-src=\"https:\/\/i3.wp.com\/verde-amarelo.net\/verdeamarelo\/wp-content\/uploads\/2025\/03\/image001-19.webp?ssl=1\" alt=\"Estrada com gramado ao fundo O conte\u00fado gerado por IA pode estar incorreto.\" width=\"811\" height=\"458\" \/><\/p>\n<p class=\"MsoNormal\" style=\"text-align: justify;\">Na \u00faltima semana, a CCR SPVias concluiu a duplica\u00e7\u00e3o da Rodovia Francisco Alves Negr\u00e3o (SP-258) em Itapeva-SP, entregando uma infraestrutura moderna e segura para os usu\u00e1rios. Agora, voc\u00ea pode conferir o v\u00eddeo que mostra essa grande transforma\u00e7\u00e3o na mobilidade da regi\u00e3o.<\/p>&nbsp;&nbsp;\n<p class=\"MsoNormal\" style=\"text-align: justify;\">A obra abrangeu aproximadamente 5 km de novas pistas, al\u00e9m de 3,5 km de vias marginais e 5,5 km de cal\u00e7adas, promovendo mais fluidez e seguran\u00e7a. Com um investimento de R$ 273 milh\u00f5es e a gera\u00e7\u00e3o de mais de 800 empregos, as melhorias incluem faixas de acelera\u00e7\u00e3o e desacelera\u00e7\u00e3o, conten\u00e7\u00f5es, viadutos, passarelas e refor\u00e7o na sinaliza\u00e7\u00e3o.<\/p>&nbsp;&nbsp;\n<p class=\"MsoNormal\" style=\"text-align: justify;\">Os benef\u00edcios s\u00e3o diretos para motoristas e pedestres: redu\u00e7\u00e3o do risco de acidentes, melhor ordenamento do tr\u00e1fego, mais acessibilidade e incentivo ao desenvolvimento socioecon\u00f4mico local.<\/p>&nbsp;&nbsp;\n<p class=\"MsoNormal\" style=\"text-align: justify;\">A duplica\u00e7\u00e3o foi conclu\u00edda dentro do prazo de 24 meses, reafirmando o compromisso da CCR SPVias com a seguran\u00e7a vi\u00e1ria e o crescimento regional.<\/p>&nbsp;&nbsp;\n<p class=\"MsoNormal\" style=\"text-align: justify;\">Acesse o v\u00eddeo e veja de perto essa importante entrega para Itapeva e regi\u00e3o!<\/p>\n<p class=\"MsoNormal\" style=\"text-align: justify;\"><a href=\"https:\/\/youtu.be\/JMSWa11cNzY\">https:\/\/youtu.be\/JMSWa11cNzY<\/a><\/p>\n<hr \/>\n<p>&nbsp;<\/p>\n<p class=\"MsoNormal\" style=\"text-align: justify;\">\n<p class=\"MsoNormal\" style=\"text-align: justify;\">\n<p class=\"MsoNormal\" style=\"text-align: justify;\">\n<p class=\"MsoNormal\"><img decoding=\"async\" src=\"data:image\/gif;base64,R0lGODlhAQABAIAAAAAAAP\/\/\/ywAAAAAAQABAAACAUwAOw==\" fifu-lazy=\"1\" fifu-data-sizes=\"auto\" fifu-data-srcset=\"https:\/\/i0.wp.com\/verde-amarelo.net\/verdeamarelo\/wp-content\/uploads\/2025\/03\/image002-9.webp?ssl=1&w=75&resize=75&ssl=1 75w, https:\/\/i0.wp.com\/verde-amarelo.net\/verdeamarelo\/wp-content\/uploads\/2025\/03\/image002-9.webp?ssl=1&w=100&resize=100&ssl=1 100w, https:\/\/i0.wp.com\/verde-amarelo.net\/verdeamarelo\/wp-content\/uploads\/2025\/03\/image002-9.webp?ssl=1&w=150&resize=150&ssl=1 150w, https:\/\/i0.wp.com\/verde-amarelo.net\/verdeamarelo\/wp-content\/uploads\/2025\/03\/image002-9.webp?ssl=1&w=240&resize=240&ssl=1 240w, https:\/\/i0.wp.com\/verde-amarelo.net\/verdeamarelo\/wp-content\/uploads\/2025\/03\/image002-9.webp?ssl=1&w=320&resize=320&ssl=1 320w, https:\/\/i0.wp.com\/verde-amarelo.net\/verdeamarelo\/wp-content\/uploads\/2025\/03\/image002-9.webp?ssl=1&w=500&resize=500&ssl=1 500w, https:\/\/i0.wp.com\/verde-amarelo.net\/verdeamarelo\/wp-content\/uploads\/2025\/03\/image002-9.webp?ssl=1&w=640&resize=640&ssl=1 640w, https:\/\/i0.wp.com\/verde-amarelo.net\/verdeamarelo\/wp-content\/uploads\/2025\/03\/image002-9.webp?ssl=1&w=800&resize=800&ssl=1 800w, https:\/\/i0.wp.com\/verde-amarelo.net\/verdeamarelo\/wp-content\/uploads\/2025\/03\/image002-9.webp?ssl=1&w=1024&resize=1024&ssl=1 1024w, https:\/\/i0.wp.com\/verde-amarelo.net\/verdeamarelo\/wp-content\/uploads\/2025\/03\/image002-9.webp?ssl=1&w=1280&resize=1280&ssl=1 1280w, https:\/\/i0.wp.com\/verde-amarelo.net\/verdeamarelo\/wp-content\/uploads\/2025\/03\/image002-9.webp?ssl=1&w=1600&resize=1600&ssl=1 1600w\" id=\"Imagem_x0020_1\" style=\"width: 6.975in; height: 4.375in;\" fifu-data-src=\"https:\/\/i0.wp.com\/verde-amarelo.net\/verdeamarelo\/wp-content\/uploads\/2025\/03\/image002-9.webp?ssl=1\" alt=\"Interface gr\u00e1fica do usu\u00e1rio O conte\u00fado gerado por IA pode estar incorreto.\" width=\"670\" height=\"420\" border=\"0\" \/><\/p>\n<p class=\"MsoNormal\">\n<p class=\"MsoNormal\"><b><i>Sobre a CCR SPVias:<\/i><\/b><i> A CCR SPVias opera uma das maiores malhas rodovi\u00e1rias do Estado de S\u00e3o Paulo, com 516 quil\u00f4metros de rodovias que ligam os munic\u00edpios de Tatu\u00ed, Espirito Santo do Turvo, Ara\u00e7oiaba da Serra, Itapetininga, Avar\u00e9, Ita\u00ed, Cap\u00e3o Bonito e Itarar\u00e9. Fazem parte do sistema as rodovias Castello Branco (km 129 ao 315), Raposo Tavares (km 115 ao 168) Jo\u00e3o Mell\u00e3o (km 237 ao 288), Francisco Alves Negr\u00e3o (km 222 ao 342), Antonio Romano Schincariol e Francisco da Silva Pontes (km 105 ao 213).<\/i><\/p>\n<p class=\"MsoNormal\">\n<p class=\"MsoNormal\"><b><i>Sobre o Grupo CCR |<\/i><\/b> <i>O Grupo CCR, maior empresa de infraestrutura de mobilidade do Brasil, atua nas plataformas de Rodovias, Mobilidade Urbana e Aeroportos. S\u00e3o 39 ativos, em 13 estados brasileiros e mais de 17 mil colaboradores. O Grupo \u00e9 respons\u00e1vel pela gest\u00e3o e manuten\u00e7\u00e3o de 3.615 quil\u00f4metros de rodovias, realizando cerca de 3,6 mil atendimentos diariamente. Em mobilidade urbana, por meio da gest\u00e3o de metr\u00f4s, trens, VLT e barcas, transporta diariamente 3 milh\u00f5es de passageiros. Em aeroportos, com 17 unidades no Brasil e tr\u00eas no exterior, embarcando 43 milh\u00f5es de clientes anualmente. A companhia est\u00e1 listada h\u00e1 13 anos no hall de sustentabilidade da B3. Mais em:\u00a0<\/i><a title=\"http:\/\/grupoccr.com.br\/\" href=\"http:\/\/grupoccr.com.br\/\" target=\"_blank\" rel=\"noopener\"><i>grupoccr.com.br<\/i><\/a><i>.\u00a0<\/i><\/p>\n<hr \/>\n<p class=\"MsoNormal\">\n","protected":false},"excerpt":{"rendered":"<p>Na \u00faltima semana, a CCR SPVias concluiu a duplica\u00e7\u00e3o da Rodovia Francisco Alves Negr\u00e3o (SP-258)&#8230;<\/p>\n","protected":false},"author":1,"featured_media":231000,"comment_status":"closed","ping_status":"closed","sticky":false,"template":"","format":"standard","meta":{"fifu_image_url":"https:\/\/verde-amarelo.net\/verdeamarelo\/wp-content\/uploads\/2025\/03\/image001-19.webp","fifu_image_alt":"","footnotes":""},"categories":[727],"tags":[58,12885],"class_list":["post-230997","post","type-post","status-publish","format-standard","has-post-thumbnail","hentry","category-noticias","tag-noticias","tag-verdeamarelo","wpcat-727-id"],"_links":{"self":[{"href":"https:\/\/verde-amarelo.net\/verdeamarelo\/wp-json\/wp\/v2\/posts\/230997","targetHints":{"allow":["GET"]}}],"collection":[{"href":"https:\/\/verde-amarelo.net\/verdeamarelo\/wp-json\/wp\/v2\/posts"}],"about":[{"href":"https:\/\/verde-amarelo.net\/verdeamarelo\/wp-json\/wp\/v2\/types\/post"}],"author":[{"embeddable":true,"href":"https:\/\/verde-amarelo.net\/verdeamarelo\/wp-json\/wp\/v2\/users\/1"}],"replies":[{"embeddable":true,"href":"https:\/\/verde-amarelo.net\/verdeamarelo\/wp-json\/wp\/v2\/comments?post=230997"}],"version-history":[{"count":0,"href":"https:\/\/verde-amarelo.net\/verdeamarelo\/wp-json\/wp\/v2\/posts\/230997\/revisions"}],"wp:featuredmedia":[{"embeddable":true,"href":"https:\/\/verde-amarelo.net\/verdeamarelo\/wp-json\/wp\/v2\/media\/231000"}],"wp:attachment":[{"href":"https:\/\/verde-amarelo.net\/verdeamarelo\/wp-json\/wp\/v2\/media?parent=230997"}],"wp:term":[{"taxonomy":"category","embeddable":true,"href":"https:\/\/verde-amarelo.net\/verdeamarelo\/wp-json\/wp\/v2\/categories?post=230997"},{"taxonomy":"post_tag","embeddable":true,"href":"https:\/\/verde-amarelo.net\/verdeamarelo\/wp-json\/wp\/v2\/tags?post=230997"}],"curies":[{"name":"wp","href":"https:\/\/api.w.org\/{rel}","templated":true}]}}