{"id":234142,"date":"2025-03-27T13:31:23","date_gmt":"2025-03-27T16:31:23","guid":{"rendered":"https:\/\/verde-amarelo.net\/verdeamarelo\/?p=234142"},"modified":"2025-05-28T18:35:39","modified_gmt":"2025-05-28T21:35:39","slug":"audi-do-brasil-confirma-a-chegada-do-inedito-a6-e-tron-em-2025-novo-modelo-100-eletrico","status":"publish","type":"post","link":"https:\/\/verde-amarelo.net\/verdeamarelo\/2025\/03\/audi-do-brasil-confirma-a-chegada-do-inedito-a6-e-tron-em-2025-novo-modelo-100-eletrico\/","title":{"rendered":"Audi do Brasil confirma a chegada do in\u00e9dito A6 e-tron em 2025, novo modelo 100% el\u00e9trico"},"content":{"rendered":"<p>&nbsp;<\/p>\n<p class=\"MsoNormal\">\n<hr \/>\n<p class=\"MsoNormal\">\n<p class=\"MsoNormal\">\u00a0<b><br \/>\n<\/b><\/p>\n<ul style=\"margin-top: 0cm;\" type=\"disc\">\n<li class=\"MsoNormal\" style=\"text-align: justify; mso-list: l1 level1 lfo3;\"><b>Modelo bateu recorde hist\u00f3rico da marca em aerodin\u00e2mica;<\/b><\/li>\n<li class=\"MsoNormal\" style=\"text-align: justify; mso-list: l1 level1 lfo3;\"><b>Ve\u00edculo 100% el\u00e9trico inaugura no Brasil as in\u00e9ditas argolas iluminadas;<\/b><\/li>\n<li class=\"MsoNormal\" style=\"text-align: justify; mso-list: l1 level1 lfo3;\"><b>Carro ser\u00e1 vendido no Pa\u00eds inicialmente na carroceria Sportback.<\/b><\/li>\n<\/ul>\n<p class=\"MsoNormal\" style=\"margin-left: 36.0pt; text-align: justify;\"><b>\u00a0<\/b><\/p>\n<p class=\"MsoNormal\" style=\"text-align: justify;\"><b>S\u00e3o Paulo, mar\u00e7o de 2025 \u2013 A Audi do Brasil confirma a chegada do in\u00e9dito Audi A6 e-tron ao Pa\u00eds. O novo modelo 100% el\u00e9trico da marca das quatro argolas \u00e9 o segundo constru\u00eddo na Plataforma El\u00e9trica Premium (PPE), possui uma nova bateria que oferece uma autonomia total de 445 quil\u00f4metros, de acordo com o Inmetro, e carregamento de 10% a 80% em apenas 21 minutos. Al\u00e9m disso, o modelo conquistou um recorde impressionante: ele se tornou o ve\u00edculo mais aerodin\u00e2mico da hist\u00f3ria da fabricante, com coeficiente de arrasto (Cd) de 0,21. <\/b><\/p>\n<p class=\"MsoNormal\" style=\"text-align: justify;\"><b>\u00a0<\/b><\/p>\n<p class=\"MsoNormal\" style=\"text-align: justify;\">&#8220;O Audi A6 e-tron \u00e9 um produto singular cuja combina\u00e7\u00e3o entre design, tecnologia e din\u00e2mica de condu\u00e7\u00e3o beira a perfei\u00e7\u00e3o. Ele chega para ocupar um lugar \u00fanico no segmento premium el\u00e9trico e estamos empolgados para o in\u00edcio das vendas no Brasil&#8221;, celebra Gerold Pillekamp, head de Marketing e Comunica\u00e7\u00e3o da Audi do Brasil.<\/p>&nbsp;&nbsp;\n<p class=\"MsoNormal\" style=\"text-align: justify;\"><b>\u00a0<\/b><\/p>\n<p class=\"MsoNormal\" style=\"text-align: justify;\">O Audi A6 e-tron \u00e9 tamb\u00e9m o primeiro modelo da plataforma com um conceito de piso plano. O exterior \u00e9 potente, esportivo e perfeitamente proporcionado. A nova filosofia de design da Audi define o interior. O A6 e-tron oferece muitos recursos inovadores, como espelhos externos virtuais de segunda gera\u00e7\u00e3o, um teto de vidro panor\u00e2mico que se torna opaco com o toque de um bot\u00e3o e argolas iluminadas na parte traseira.<\/p>&nbsp;&nbsp;\n<p class=\"MsoNormal\" style=\"text-align: justify;\">\n<p class=\"MsoNormal\" style=\"text-align: justify;\">O A6 e-tron oferece espa\u00e7o generoso, m\u00e1ximo conforto e usabilidade di\u00e1ria. Ele mede 4.928 mil\u00edmetros de comprimento e 2.137 mil\u00edmetros de largura, com uma dist\u00e2ncia entre eixos de 2.946 mil\u00edmetros. O modelo Sportback tem 1.487 mil\u00edmetros de altura.<\/p>&nbsp;&nbsp;\n<p class=\"MsoNormal\" style=\"text-align: justify;\">\n<p class=\"MsoNormal\" style=\"text-align: justify;\"><b>Tecnologia de ilumina\u00e7\u00e3o inovadora<\/b><\/p>\n<p class=\"MsoNormal\" style=\"text-align: justify;\">Com o novo Audi A6 e-tron, a Audi est\u00e1 destacando seu papel de lideran\u00e7a em design e tecnologia de ilumina\u00e7\u00e3o &#8211; uma parte essencial do DNA da marca. Os far\u00f3is e lanternas t\u00eam um design tridimensional e oferecem assinaturas de luzes digitais, unindo os mundos f\u00edsico e digital. Na frente, a fam\u00edlia Audi A6 e-tron oferece luzes diurnas digitais com tecnologia Matrix LED como op\u00e7\u00e3o, bem como luzes traseiras LED digitais.<\/p>&nbsp;&nbsp;\n<p class=\"MsoNormal\" style=\"text-align: justify;\">\n<p class=\"MsoNormal\" style=\"text-align: justify;\">A tecnologia usada tamb\u00e9m define novos padr\u00f5es em termos de individualiza\u00e7\u00e3o: com oito assinaturas de luzes digitais nas luzes diurnas rec\u00e9m-projetadas dos far\u00f3is Matrix LED, os motoristas podem personalizar seu A6 e-tron de uma maneira completamente nova.<\/p>&nbsp;&nbsp;\n<p class=\"MsoNormal\" style=\"text-align: justify;\">\n<p class=\"MsoNormal\" style=\"text-align: justify;\">Um destaque particular do novo Audi A6 e-tron \u00e9 a ilumina\u00e7\u00e3o das quatro argolas na traseira. Isso enfatiza fortemente a identidade corporativa da Audi e d\u00e1 ao novo A6 e-tron sua pr\u00f3pria personalidade.<\/p>&nbsp;&nbsp;\n<p class=\"MsoNormal\" style=\"text-align: justify;\">\n<p class=\"MsoNormal\" style=\"text-align: justify;\"><b>O melhor da categoria: aerodin\u00e2mica excepcional<\/b><\/p>\n<p class=\"MsoNormal\" style=\"text-align: justify;\">A aerodin\u00e2mica \u00e9 um componente essencial da longa hist\u00f3ria de sucesso da Audi. Os her\u00f3is de aerodin\u00e2mica do passado, como o Audi 100 (C3) e o Audi 80 (B3), tamb\u00e9m pertencem ao segmento de m\u00e9dio porte.<\/p>&nbsp;&nbsp;\n<p class=\"MsoNormal\" style=\"text-align: justify;\"><b>\u00a0<\/b><\/p>\n<p class=\"MsoNormal\" style=\"text-align: justify;\">A aerodin\u00e2mica sempre desempenhou um papel fundamental na trajet\u00f3ria de sucesso da Audi. Em 1967, o NSU Ro 80 tinha uma carroceria aerodin\u00e2mica com um Cd de 0,35, o que mudou o design automotivo para sempre. A terceira gera\u00e7\u00e3o do Audi 100, lan\u00e7ada em 1982, ostentava um Cd de 0,30 &#8211; algo excepcional \u00e0 \u00e9poca. Logo em seguida, a terceira gera\u00e7\u00e3o do Audi 80 honrou esse legado com um Cd de 0,29.<\/p>&nbsp;&nbsp;\n<p class=\"MsoNormal\" style=\"text-align: justify;\">\n<p class=\"MsoNormal\" style=\"text-align: justify;\">Agora, o Audi A6 e-tron escreve um novo cap\u00edtulo nessa trajet\u00f3ria, provando mais uma vez que a Audi sempre combina forma e fun\u00e7\u00e3o em uma simbiose perfeita. E para alcan\u00e7ar esse recorde hist\u00f3rico, o modelo foi submetido a cerca de 2.800 simula\u00e7\u00f5es e incont\u00e1veis horas de testes no t\u00fanel de vento, sob a supervis\u00e3o atenta de engenheiros e especialistas em design de carroceria. Mil\u00edmetro por mil\u00edmetro, o Audi A6 e-tron foi lapidado como uma pedra preciosa pelas m\u00e3os e mentes da equipe da Audi AG, na Alemanha.<\/p>&nbsp;&nbsp;\n<p class=\"MsoNormal\" style=\"text-align: justify;\">\n<p class=\"MsoNormal\" style=\"text-align: justify;\">O resultado ser\u00e1 visto pelos brasileiros no in\u00edcio do segundo semestre deste ano, quando o modelo chegar\u00e1 \u00e0 rede de concession\u00e1rias autorizadas da marca no Pa\u00eds.<\/p>&nbsp;&nbsp;\n<p class=\"MsoNormal\" style=\"text-align: justify;\">\n<p class=\"MsoNormal\" style=\"text-align: justify;\"><b>Audi do Brasil<\/b><\/p>\n<p class=\"MsoNormal\" style=\"text-align: justify;\">A Audi celebrou 30 anos no Brasil em 2024, uma trajet\u00f3ria repleta de desafios, supera\u00e7\u00f5es e conquistas. A primeira apari\u00e7\u00e3o no pa\u00eds ocorreu em 1992, no Sal\u00e3o do Autom\u00f3vel de S\u00e3o Paulo, com o sed\u00e3 Audi 100. No ano seguinte, o eterno \u00eddolo Ayrton Senna se tornou o representante oficial da marca em solo nacional, com a Senna Import.<\/p>&nbsp;&nbsp;\n<p class=\"MsoNormal\" style=\"text-align: justify;\">\n<p class=\"MsoNormal\" style=\"text-align: justify;\">Em 1994, os cobi\u00e7ados ve\u00edculos da montadora come\u00e7aram a ser comercializados oficialmente por aqui e logo ganharam as ruas do pa\u00eds, com tecnologias in\u00e9ditas e din\u00e2mica de condu\u00e7\u00e3o sem precedentes. Atualmente, a marca das quatro argolas se consolida como uma das mais desejadas do pa\u00eds, com sede administrativa na cidade de S\u00e3o Paulo (SP), terminal log\u00edstico em Vinhedo (SP) e f\u00e1brica de ve\u00edculos em S\u00e3o Jos\u00e9 dos Pinhais, na regi\u00e3o metropolitana de Curitiba (PR).<\/p>&nbsp;&nbsp;\n<p class=\"MsoNormal\" style=\"text-align: justify;\">\n<p class=\"MsoNormal\" style=\"text-align: justify;\">A Audi do Brasil tem uma estrat\u00e9gia integrada de neg\u00f3cios e sustentabilidade, com projetos que incorporam compromissos ambientais e sociais nos temas de eletrifica\u00e7\u00e3o, redu\u00e7\u00e3o das emiss\u00f5es de carbono, diversidade, inclus\u00e3o, cultura e educa\u00e7\u00e3o. \u00c9 uma das pioneiras na agenda ESG ao incentivar a eletromobilidade e j\u00e1 investiu quase R$ 90 milh\u00f5es em infraestrutura de recarga no territ\u00f3rio brasileiro, oferecendo carregadores el\u00e9tricos em mais de 40 concession\u00e1rias e em diversos outros pontos. \u00c9 um compromisso mundial da companhia de atuar para moldar a mobilidade sustent\u00e1vel do futuro e gerar impacto positivo \u00e0 sociedade e ao meio ambiente.<\/p>&nbsp;&nbsp;\n<p class=\"MsoNormal\" style=\"text-align: justify;\">\n<hr \/>\n<p class=\"MsoNormal\" style=\"text-align: justify;\"><a href=\"http:\/\/www.audi-imprensa.com.br\/\"><b>www.audi-imprensa.com.br<\/b><\/a><\/p>\n<p class=\"MsoNormal\" style=\"text-align: justify;\">\n<p class=\"MsoNormal\" style=\"text-align: justify;\"><b>Rafael Fiuza<\/b><\/p>\n<p class=\"MsoNormal\" style=\"text-align: justify;\">Email: <a href=\"mailto:rafael.fiuza@audi.com.br\">rafael.fiuza@audi.com.br<\/a><u><\/u><\/p>\n<p class=\"MsoNormal\" style=\"text-align: justify;\"><u>\u00a0<\/u><\/p>\n<p class=\"MsoNormal\" style=\"text-align: justify;\"><b>Luiz Fernando Betti<\/b><\/p>\n<p class=\"MsoNormal\" style=\"text-align: justify;\">Email: <a href=\"mailto:extern.luiz.betti@audi.com.br\">extern.luiz.betti@audi.com.br<\/a><u><\/u><\/p>\n<p class=\"MsoNormal\" style=\"text-align: justify;\"><u>\u00a0<\/u><\/p>\n<p class=\"MsoNormal\" style=\"text-align: justify;\"><b>Marcela Rabelo<\/b><\/p>\n<p class=\"MsoNormal\" style=\"text-align: justify;\">Email: <a href=\"mailto:extern.marcela.rabelo@audi.com.br\">extern.marcela.rabelo@audi.com.br<\/a> <u><\/u><\/p>\n<p class=\"MsoNormal\" style=\"text-align: justify;\"><u>\u00a0<\/u><\/p>\n<p class=\"MsoNormal\" style=\"text-align: justify;\"><b>Bianca Caldeira<\/b><\/p>\n<p class=\"MsoNormal\" style=\"text-align: justify;\">Email: <a href=\"mailto:bianca.caldeira@audi.com.br\">bianca.caldeira@audi.com.br<\/a><u> <\/u><\/p>\n<p class=\"MsoNormal\" style=\"text-align: justify;\">\n<p class=\"MsoNormal\" style=\"text-align: justify;\">\n<hr \/>\n<p>&nbsp;<\/p>\n<p><a href=\"https:\/\/verde-amarelo.net\/verdeamarelo\/?attachment_id=234146\"><img decoding=\"async\" src=\"data:image\/gif;base64,R0lGODlhAQABAIAAAAAAAP\/\/\/ywAAAAAAQABAAACAUwAOw==\" fifu-lazy=\"1\" fifu-data-sizes=\"auto\" fifu-data-srcset=\"https:\/\/i2.wp.com\/verde-amarelo.net\/verdeamarelo\/wp-content\/uploads\/2025\/03\/A6-etron-1-430x286.webp?ssl=1&w=75&resize=75&ssl=1 75w, https:\/\/i2.wp.com\/verde-amarelo.net\/verdeamarelo\/wp-content\/uploads\/2025\/03\/A6-etron-1-430x286.webp?ssl=1&w=100&resize=100&ssl=1 100w, https:\/\/i2.wp.com\/verde-amarelo.net\/verdeamarelo\/wp-content\/uploads\/2025\/03\/A6-etron-1-430x286.webp?ssl=1&w=150&resize=150&ssl=1 150w, https:\/\/i2.wp.com\/verde-amarelo.net\/verdeamarelo\/wp-content\/uploads\/2025\/03\/A6-etron-1-430x286.webp?ssl=1&w=240&resize=240&ssl=1 240w, https:\/\/i2.wp.com\/verde-amarelo.net\/verdeamarelo\/wp-content\/uploads\/2025\/03\/A6-etron-1-430x286.webp?ssl=1&w=320&resize=320&ssl=1 320w, https:\/\/i2.wp.com\/verde-amarelo.net\/verdeamarelo\/wp-content\/uploads\/2025\/03\/A6-etron-1-430x286.webp?ssl=1&w=500&resize=500&ssl=1 500w, https:\/\/i2.wp.com\/verde-amarelo.net\/verdeamarelo\/wp-content\/uploads\/2025\/03\/A6-etron-1-430x286.webp?ssl=1&w=640&resize=640&ssl=1 640w, https:\/\/i2.wp.com\/verde-amarelo.net\/verdeamarelo\/wp-content\/uploads\/2025\/03\/A6-etron-1-430x286.webp?ssl=1&w=800&resize=800&ssl=1 800w, https:\/\/i2.wp.com\/verde-amarelo.net\/verdeamarelo\/wp-content\/uploads\/2025\/03\/A6-etron-1-430x286.webp?ssl=1&w=1024&resize=1024&ssl=1 1024w, https:\/\/i2.wp.com\/verde-amarelo.net\/verdeamarelo\/wp-content\/uploads\/2025\/03\/A6-etron-1-430x286.webp?ssl=1&w=1280&resize=1280&ssl=1 1280w, https:\/\/i2.wp.com\/verde-amarelo.net\/verdeamarelo\/wp-content\/uploads\/2025\/03\/A6-etron-1-430x286.webp?ssl=1&w=1600&resize=1600&ssl=1 1600w\" class=\"alignnone size-medium wp-image-234146\" fifu-data-src=\"https:\/\/i2.wp.com\/verde-amarelo.net\/verdeamarelo\/wp-content\/uploads\/2025\/03\/A6-etron-1-430x286.webp?ssl=1\" alt=\"\" width=\"430px\" height=\"286px\" \/><\/a><br \/>\n<a href=\"https:\/\/verde-amarelo.net\/verdeamarelo\/?attachment_id=234148\"><img decoding=\"async\" src=\"data:image\/gif;base64,R0lGODlhAQABAIAAAAAAAP\/\/\/ywAAAAAAQABAAACAUwAOw==\" fifu-lazy=\"1\" fifu-data-sizes=\"auto\" fifu-data-srcset=\"https:\/\/i2.wp.com\/verde-amarelo.net\/verdeamarelo\/wp-content\/uploads\/2025\/03\/A6-e-tron-1-430x286.webp?ssl=1&w=75&resize=75&ssl=1 75w, https:\/\/i2.wp.com\/verde-amarelo.net\/verdeamarelo\/wp-content\/uploads\/2025\/03\/A6-e-tron-1-430x286.webp?ssl=1&w=100&resize=100&ssl=1 100w, https:\/\/i2.wp.com\/verde-amarelo.net\/verdeamarelo\/wp-content\/uploads\/2025\/03\/A6-e-tron-1-430x286.webp?ssl=1&w=150&resize=150&ssl=1 150w, https:\/\/i2.wp.com\/verde-amarelo.net\/verdeamarelo\/wp-content\/uploads\/2025\/03\/A6-e-tron-1-430x286.webp?ssl=1&w=240&resize=240&ssl=1 240w, https:\/\/i2.wp.com\/verde-amarelo.net\/verdeamarelo\/wp-content\/uploads\/2025\/03\/A6-e-tron-1-430x286.webp?ssl=1&w=320&resize=320&ssl=1 320w, https:\/\/i2.wp.com\/verde-amarelo.net\/verdeamarelo\/wp-content\/uploads\/2025\/03\/A6-e-tron-1-430x286.webp?ssl=1&w=500&resize=500&ssl=1 500w, https:\/\/i2.wp.com\/verde-amarelo.net\/verdeamarelo\/wp-content\/uploads\/2025\/03\/A6-e-tron-1-430x286.webp?ssl=1&w=640&resize=640&ssl=1 640w, https:\/\/i2.wp.com\/verde-amarelo.net\/verdeamarelo\/wp-content\/uploads\/2025\/03\/A6-e-tron-1-430x286.webp?ssl=1&w=800&resize=800&ssl=1 800w, https:\/\/i2.wp.com\/verde-amarelo.net\/verdeamarelo\/wp-content\/uploads\/2025\/03\/A6-e-tron-1-430x286.webp?ssl=1&w=1024&resize=1024&ssl=1 1024w, https:\/\/i2.wp.com\/verde-amarelo.net\/verdeamarelo\/wp-content\/uploads\/2025\/03\/A6-e-tron-1-430x286.webp?ssl=1&w=1280&resize=1280&ssl=1 1280w, https:\/\/i2.wp.com\/verde-amarelo.net\/verdeamarelo\/wp-content\/uploads\/2025\/03\/A6-e-tron-1-430x286.webp?ssl=1&w=1600&resize=1600&ssl=1 1600w\" class=\"alignnone size-medium wp-image-234148\" fifu-data-src=\"https:\/\/i2.wp.com\/verde-amarelo.net\/verdeamarelo\/wp-content\/uploads\/2025\/03\/A6-e-tron-1-430x286.webp?ssl=1\" alt=\"\" width=\"430px\" height=\"286px\" \/><\/a><\/p>\n","protected":false},"excerpt":{"rendered":"<p>&nbsp; \u00a0 Modelo bateu recorde hist\u00f3rico da marca em aerodin\u00e2mica; Ve\u00edculo 100% el\u00e9trico inaugura no&#8230;<\/p>\n","protected":false},"author":1,"featured_media":234161,"comment_status":"closed","ping_status":"closed","sticky":false,"template":"","format":"standard","meta":{"fifu_image_url":"https:\/\/verde-amarelo.net\/verdeamarelo\/wp-content\/uploads\/2025\/03\/A6-etron-1-430x286.webp","fifu_image_alt":"","footnotes":""},"categories":[10006,727],"tags":[58,12885],"class_list":["post-234142","post","type-post","status-publish","format-standard","has-post-thumbnail","hentry","category-brasileconomia","category-noticias","tag-noticias","tag-verdeamarelo","wpcat-10006-id","wpcat-727-id"],"_links":{"self":[{"href":"https:\/\/verde-amarelo.net\/verdeamarelo\/wp-json\/wp\/v2\/posts\/234142","targetHints":{"allow":["GET"]}}],"collection":[{"href":"https:\/\/verde-amarelo.net\/verdeamarelo\/wp-json\/wp\/v2\/posts"}],"about":[{"href":"https:\/\/verde-amarelo.net\/verdeamarelo\/wp-json\/wp\/v2\/types\/post"}],"author":[{"embeddable":true,"href":"https:\/\/verde-amarelo.net\/verdeamarelo\/wp-json\/wp\/v2\/users\/1"}],"replies":[{"embeddable":true,"href":"https:\/\/verde-amarelo.net\/verdeamarelo\/wp-json\/wp\/v2\/comments?post=234142"}],"version-history":[{"count":0,"href":"https:\/\/verde-amarelo.net\/verdeamarelo\/wp-json\/wp\/v2\/posts\/234142\/revisions"}],"wp:featuredmedia":[{"embeddable":true,"href":"https:\/\/verde-amarelo.net\/verdeamarelo\/wp-json\/wp\/v2\/media\/234161"}],"wp:attachment":[{"href":"https:\/\/verde-amarelo.net\/verdeamarelo\/wp-json\/wp\/v2\/media?parent=234142"}],"wp:term":[{"taxonomy":"category","embeddable":true,"href":"https:\/\/verde-amarelo.net\/verdeamarelo\/wp-json\/wp\/v2\/categories?post=234142"},{"taxonomy":"post_tag","embeddable":true,"href":"https:\/\/verde-amarelo.net\/verdeamarelo\/wp-json\/wp\/v2\/tags?post=234142"}],"curies":[{"name":"wp","href":"https:\/\/api.w.org\/{rel}","templated":true}]}}