{"id":249977,"date":"2025-05-29T07:34:54","date_gmt":"2025-05-29T10:34:54","guid":{"rendered":"https:\/\/verde-amarelo.net\/verdeamarelo\/?p=249977"},"modified":"2025-05-29T18:07:41","modified_gmt":"2025-05-29T21:07:41","slug":"brasileiro-tera-que-trabalhar-ate-29-de-maio-149-dias-do-ano-so-para-pagar-tributos-revela-estudo-do-ibpt-2","status":"publish","type":"post","link":"https:\/\/verde-amarelo.net\/verdeamarelo\/2025\/05\/brasileiro-tera-que-trabalhar-ate-29-de-maio-149-dias-do-ano-so-para-pagar-tributos-revela-estudo-do-ibpt-2\/","title":{"rendered":"Brasileiro ter\u00e1 que trabalhar at\u00e9 29 de maio, 149 dias do ano, s\u00f3 para pagar tributos, revela estudo do IBPT"},"content":{"rendered":"<p><!-- [if mso | IE]>\n\n\n<table align=\"center\" border=\"0\" cellpadding=\"0\" cellspacing=\"0\" class=\"cols_1-outlook 1700590869585-outlook ip-section-outlook\" role=\"presentation\" style=\"width:600px;\" width=\"600\" bgcolor=\"#ffffff\" >\n\n\n<tr>\n\n\n<td style=\"line-height:0px;font-size:0px;mso-line-height-rule:exactly;\"><![endif]--><\/p>\n<p><!-- [if mso | IE]>\n\n\n<table role=\"presentation\" border=\"0\" cellpadding=\"0\" cellspacing=\"0\">\n\n\n<tr>\n\n\n<td class=\"ip-column-outlook -outlook\" style=\"vertical-align:top;width:592px;\" ><![endif]--><\/p>\n<p><!-- htmlmin:ignore --><\/p>\n<p class=\"ql-align-center\" style=\"margin: 0; text-align: center;\"><strong>\u00a0<\/strong><\/p>\n<p><!-- htmlmin:ignore --><\/p>\n<p><!-- htmlmin:ignore --><\/p>\n<p class=\"ql-align-center\" style=\"margin: 0; text-align: center;\"><em>Estudo mostra que 40,82% da renda dos brasileiros \u00e9 destinada para impostos, taxas e contribui\u00e7\u00f5es; volume de dias trabalhados para arcar com a carga tribut\u00e1ria mais que dobrou desde a d\u00e9cada de 1970<\/em><\/p>\n<p><!-- htmlmin:ignore --><\/p>\n<p><img decoding=\"async\" src=\"data:image\/gif;base64,R0lGODlhAQABAIAAAAAAAP\/\/\/ywAAAAAAQABAAACAUwAOw==\" fifu-lazy=\"1\" fifu-data-sizes=\"auto\" fifu-data-srcset=\"https:\/\/i1.wp.com\/s3.us-east-1.wasabisys.com\/wasabi.cse360.com.br\/email-editor-files\/49d1373e-48e4-4760-dede-08d822b2db52\/e88b92c7-218d-4706-ae58-af3b3455e565.jpg?ssl=1&w=75&resize=75&ssl=1 75w, https:\/\/i1.wp.com\/s3.us-east-1.wasabisys.com\/wasabi.cse360.com.br\/email-editor-files\/49d1373e-48e4-4760-dede-08d822b2db52\/e88b92c7-218d-4706-ae58-af3b3455e565.jpg?ssl=1&w=100&resize=100&ssl=1 100w, https:\/\/i1.wp.com\/s3.us-east-1.wasabisys.com\/wasabi.cse360.com.br\/email-editor-files\/49d1373e-48e4-4760-dede-08d822b2db52\/e88b92c7-218d-4706-ae58-af3b3455e565.jpg?ssl=1&w=150&resize=150&ssl=1 150w, https:\/\/i1.wp.com\/s3.us-east-1.wasabisys.com\/wasabi.cse360.com.br\/email-editor-files\/49d1373e-48e4-4760-dede-08d822b2db52\/e88b92c7-218d-4706-ae58-af3b3455e565.jpg?ssl=1&w=240&resize=240&ssl=1 240w, https:\/\/i1.wp.com\/s3.us-east-1.wasabisys.com\/wasabi.cse360.com.br\/email-editor-files\/49d1373e-48e4-4760-dede-08d822b2db52\/e88b92c7-218d-4706-ae58-af3b3455e565.jpg?ssl=1&w=320&resize=320&ssl=1 320w, https:\/\/i1.wp.com\/s3.us-east-1.wasabisys.com\/wasabi.cse360.com.br\/email-editor-files\/49d1373e-48e4-4760-dede-08d822b2db52\/e88b92c7-218d-4706-ae58-af3b3455e565.jpg?ssl=1&w=500&resize=500&ssl=1 500w, https:\/\/i1.wp.com\/s3.us-east-1.wasabisys.com\/wasabi.cse360.com.br\/email-editor-files\/49d1373e-48e4-4760-dede-08d822b2db52\/e88b92c7-218d-4706-ae58-af3b3455e565.jpg?ssl=1&w=640&resize=640&ssl=1 640w, https:\/\/i1.wp.com\/s3.us-east-1.wasabisys.com\/wasabi.cse360.com.br\/email-editor-files\/49d1373e-48e4-4760-dede-08d822b2db52\/e88b92c7-218d-4706-ae58-af3b3455e565.jpg?ssl=1&w=800&resize=800&ssl=1 800w, https:\/\/i1.wp.com\/s3.us-east-1.wasabisys.com\/wasabi.cse360.com.br\/email-editor-files\/49d1373e-48e4-4760-dede-08d822b2db52\/e88b92c7-218d-4706-ae58-af3b3455e565.jpg?ssl=1&w=1024&resize=1024&ssl=1 1024w, https:\/\/i1.wp.com\/s3.us-east-1.wasabisys.com\/wasabi.cse360.com.br\/email-editor-files\/49d1373e-48e4-4760-dede-08d822b2db52\/e88b92c7-218d-4706-ae58-af3b3455e565.jpg?ssl=1&w=1280&resize=1280&ssl=1 1280w, https:\/\/i1.wp.com\/s3.us-east-1.wasabisys.com\/wasabi.cse360.com.br\/email-editor-files\/49d1373e-48e4-4760-dede-08d822b2db52\/e88b92c7-218d-4706-ae58-af3b3455e565.jpg?ssl=1&w=1600&resize=1600&ssl=1 1600w\" style=\"border: none; border-radius: 0px; display: block; outline: none; text-decoration: none; height: auto; width: 100%; font-size: 13px;\" title=\"\" fifu-data-src=\"https:\/\/i1.wp.com\/s3.us-east-1.wasabisys.com\/wasabi.cse360.com.br\/email-editor-files\/49d1373e-48e4-4760-dede-08d822b2db52\/e88b92c7-218d-4706-ae58-af3b3455e565.jpg?ssl=1\" alt=\"\" width=\"450\" height=\"auto\" \/><\/p>\n<p><!-- htmlmin:ignore --><\/p>\n<p class=\"ql-align-center\" style=\"margin: 0; text-align: center;\"><em>Shutterstock<\/em><\/p>\n<p><!-- htmlmin:ignore --><\/p>\n<p><!-- htmlmin:ignore --><\/p>\n<p class=\"ql-align-justify\" style=\"margin: 0; text-align: justify;\">O contribuinte brasileiro ter\u00e1 que trabalhar at\u00e9 o dia <strong>29 de maio de 2025<\/strong> exclusivamente para pagar tributos. A constata\u00e7\u00e3o \u00e9 do novo estudo elaborado pelo Instituto Brasileiro de Planejamento e Tributa\u00e7\u00e3o (IBPT), que analisa a incid\u00eancia de impostos, taxas e contribui\u00e7\u00f5es sobre a renda, o consumo e o patrim\u00f4nio do cidad\u00e3o brasileiro. O levantamento indica que a carga tribut\u00e1ria efetiva sobre os brasileiros est\u00e1, para esse ano de 2025, em <strong>40,82%<\/strong>, o que representa <strong>149 dias do ano dedicados apenas ao pagamento de tributos<\/strong>.<\/p>&nbsp;&nbsp;\n<p class=\"ql-align-justify\" style=\"margin: 0; text-align: justify;\">\n<p class=\"ql-align-justify\" style=\"margin: 0; text-align: justify;\">De acordo com a an\u00e1lise, o peso dos tributos na vida do cidad\u00e3o brasileiro se mant\u00e9m elevado, mesmo com pequenas varia\u00e7\u00f5es ao longo dos anos. Para se ter ideia, em 2003, esse percentual era de 36,98%, chegando a ultrapassar os 41% em diversos momentos da d\u00e9cada passada. Em 2025, os 149 dias de trabalho exigidos para quitar as obriga\u00e7\u00f5es fiscais equivalem a quase <strong>cinco meses inteiros<\/strong>, repetindo o n\u00famero de dias do ano anterior, levando-se em conta que 2024 foi ano bissexto (366 dias), sendo que, no per\u00edodo base do estudo, tivemos o impacto da reonera\u00e7\u00e3o da folha de sal\u00e1rios e o aumento recente do ICMS em dez estados.<\/p>&nbsp;&nbsp;\n<p><!-- htmlmin:ignore --><\/p>\n<p><img decoding=\"async\" src=\"data:image\/gif;base64,R0lGODlhAQABAIAAAAAAAP\/\/\/ywAAAAAAQABAAACAUwAOw==\" fifu-lazy=\"1\" fifu-data-sizes=\"auto\" fifu-data-srcset=\"https:\/\/i1.wp.com\/s3.us-east-1.wasabisys.com\/wasabi.cse360.com.br\/email-editor-files\/49d1373e-48e4-4760-dede-08d822b2db52\/afce9efe-27dc-4329-ba6a-cb26cdcdc6d1.png?ssl=1&w=75&resize=75&ssl=1 75w, https:\/\/i1.wp.com\/s3.us-east-1.wasabisys.com\/wasabi.cse360.com.br\/email-editor-files\/49d1373e-48e4-4760-dede-08d822b2db52\/afce9efe-27dc-4329-ba6a-cb26cdcdc6d1.png?ssl=1&w=100&resize=100&ssl=1 100w, https:\/\/i1.wp.com\/s3.us-east-1.wasabisys.com\/wasabi.cse360.com.br\/email-editor-files\/49d1373e-48e4-4760-dede-08d822b2db52\/afce9efe-27dc-4329-ba6a-cb26cdcdc6d1.png?ssl=1&w=150&resize=150&ssl=1 150w, https:\/\/i1.wp.com\/s3.us-east-1.wasabisys.com\/wasabi.cse360.com.br\/email-editor-files\/49d1373e-48e4-4760-dede-08d822b2db52\/afce9efe-27dc-4329-ba6a-cb26cdcdc6d1.png?ssl=1&w=240&resize=240&ssl=1 240w, https:\/\/i1.wp.com\/s3.us-east-1.wasabisys.com\/wasabi.cse360.com.br\/email-editor-files\/49d1373e-48e4-4760-dede-08d822b2db52\/afce9efe-27dc-4329-ba6a-cb26cdcdc6d1.png?ssl=1&w=320&resize=320&ssl=1 320w, https:\/\/i1.wp.com\/s3.us-east-1.wasabisys.com\/wasabi.cse360.com.br\/email-editor-files\/49d1373e-48e4-4760-dede-08d822b2db52\/afce9efe-27dc-4329-ba6a-cb26cdcdc6d1.png?ssl=1&w=500&resize=500&ssl=1 500w, https:\/\/i1.wp.com\/s3.us-east-1.wasabisys.com\/wasabi.cse360.com.br\/email-editor-files\/49d1373e-48e4-4760-dede-08d822b2db52\/afce9efe-27dc-4329-ba6a-cb26cdcdc6d1.png?ssl=1&w=640&resize=640&ssl=1 640w, https:\/\/i1.wp.com\/s3.us-east-1.wasabisys.com\/wasabi.cse360.com.br\/email-editor-files\/49d1373e-48e4-4760-dede-08d822b2db52\/afce9efe-27dc-4329-ba6a-cb26cdcdc6d1.png?ssl=1&w=800&resize=800&ssl=1 800w, https:\/\/i1.wp.com\/s3.us-east-1.wasabisys.com\/wasabi.cse360.com.br\/email-editor-files\/49d1373e-48e4-4760-dede-08d822b2db52\/afce9efe-27dc-4329-ba6a-cb26cdcdc6d1.png?ssl=1&w=1024&resize=1024&ssl=1 1024w, https:\/\/i1.wp.com\/s3.us-east-1.wasabisys.com\/wasabi.cse360.com.br\/email-editor-files\/49d1373e-48e4-4760-dede-08d822b2db52\/afce9efe-27dc-4329-ba6a-cb26cdcdc6d1.png?ssl=1&w=1280&resize=1280&ssl=1 1280w, https:\/\/i1.wp.com\/s3.us-east-1.wasabisys.com\/wasabi.cse360.com.br\/email-editor-files\/49d1373e-48e4-4760-dede-08d822b2db52\/afce9efe-27dc-4329-ba6a-cb26cdcdc6d1.png?ssl=1&w=1600&resize=1600&ssl=1 1600w\" style=\"border: none; border-radius: 0px; display: block; outline: none; text-decoration: none; height: auto; width: 100%; font-size: 13px;\" title=\"\" fifu-data-src=\"https:\/\/i1.wp.com\/s3.us-east-1.wasabisys.com\/wasabi.cse360.com.br\/email-editor-files\/49d1373e-48e4-4760-dede-08d822b2db52\/afce9efe-27dc-4329-ba6a-cb26cdcdc6d1.png?ssl=1\" alt=\"\" width=\"584\" height=\"auto\" \/><\/p>\n<p><!-- htmlmin:ignore --><\/p>\n<p class=\"ql-align-justify\" style=\"margin: 0; text-align: justify;\">\u201c\u00c9 estarrecedor constatar que, mesmo ap\u00f3s d\u00e9cadas de altas cargas tribut\u00e1rias, se exigem quase cinco meses de trabalho do brasileiro s\u00f3 para custear o Estado. O pior \u00e9 que, mesmo com essa elevada arrecada\u00e7\u00e3o, o cidad\u00e3o n\u00e3o v\u00ea esse dinheiro retornar em servi\u00e7os p\u00fablicos de qualidade\u201d, critica o presidente executivo do IBPT, Jo\u00e3o Eloi Olenike.<\/p>&nbsp;&nbsp;\n<p class=\"ql-align-justify\" style=\"margin: 0; text-align: justify;\">\n<p class=\"ql-align-justify\" style=\"margin: 0; text-align: justify;\">A composi\u00e7\u00e3o da carga tribut\u00e1ria, do rendimento m\u00e9dio do contribuinte evidencia que os impostos sobre o consumo ainda s\u00e3o os que mais penalizam a popula\u00e7\u00e3o: representam <strong>22,73% da renda, no per\u00edodo pesquisado<\/strong>, ou seja, 83<strong> dias de trabalho<\/strong>. J\u00e1 os tributos sobre a renda \u2013 como o Imposto de Renda Pessoa F\u00edsica consomem <strong>15,06% da renda<\/strong>, equivalentes a 55<strong> dias<\/strong>. Os impostos sobre o patrim\u00f4nio, como IPTU, IPVA, ITCMD e ITBI, representam <strong>3,03% da renda<\/strong> e demandam <strong>11 dias<\/strong>. Somados, esses tributos totalizam os 40,82% e os 149 dias.<\/p>&nbsp;&nbsp;\n<p class=\"ql-align-justify\" style=\"margin: 0; text-align: justify;\">\n<p class=\"ql-align-justify\" style=\"margin: 0; text-align: justify;\">O estudo tamb\u00e9m apresenta recortes por faixa de renda. Os cidad\u00e3os com rendimentos mensais de at\u00e9 R$ 3.000 trabalham at\u00e9 o dia <strong>29 de maio<\/strong> para pagar seus tributos, assim como quem tem renda m\u00e9dia de R$ 6.500. J\u00e1 os que recebem entre R$ 3.000 e R$ 10.000 (classe m\u00e9dia) trabalham at\u00e9 o dia <strong>22 de maio<\/strong>. Por outro lado, os contribuintes com rendimentos superiores a R$ 10.000 precisam trabalhar at\u00e9 <strong>5 de junho<\/strong>, em fun\u00e7\u00e3o da maior incid\u00eancia de Imposto de Renda em seus ganhos. Vide tabela abaixo:<\/p>\n<p><!-- htmlmin:ignore --><\/p>\n<p><img decoding=\"async\" src=\"data:image\/gif;base64,R0lGODlhAQABAIAAAAAAAP\/\/\/ywAAAAAAQABAAACAUwAOw==\" fifu-lazy=\"1\" fifu-data-sizes=\"auto\" fifu-data-srcset=\"https:\/\/i0.wp.com\/s3.us-east-1.wasabisys.com\/wasabi.cse360.com.br\/email-editor-files\/49d1373e-48e4-4760-dede-08d822b2db52\/7610f9da-1f57-445d-9629-e172dcec2ce9.png?ssl=1&w=75&resize=75&ssl=1 75w, https:\/\/i0.wp.com\/s3.us-east-1.wasabisys.com\/wasabi.cse360.com.br\/email-editor-files\/49d1373e-48e4-4760-dede-08d822b2db52\/7610f9da-1f57-445d-9629-e172dcec2ce9.png?ssl=1&w=100&resize=100&ssl=1 100w, https:\/\/i0.wp.com\/s3.us-east-1.wasabisys.com\/wasabi.cse360.com.br\/email-editor-files\/49d1373e-48e4-4760-dede-08d822b2db52\/7610f9da-1f57-445d-9629-e172dcec2ce9.png?ssl=1&w=150&resize=150&ssl=1 150w, https:\/\/i0.wp.com\/s3.us-east-1.wasabisys.com\/wasabi.cse360.com.br\/email-editor-files\/49d1373e-48e4-4760-dede-08d822b2db52\/7610f9da-1f57-445d-9629-e172dcec2ce9.png?ssl=1&w=240&resize=240&ssl=1 240w, https:\/\/i0.wp.com\/s3.us-east-1.wasabisys.com\/wasabi.cse360.com.br\/email-editor-files\/49d1373e-48e4-4760-dede-08d822b2db52\/7610f9da-1f57-445d-9629-e172dcec2ce9.png?ssl=1&w=320&resize=320&ssl=1 320w, https:\/\/i0.wp.com\/s3.us-east-1.wasabisys.com\/wasabi.cse360.com.br\/email-editor-files\/49d1373e-48e4-4760-dede-08d822b2db52\/7610f9da-1f57-445d-9629-e172dcec2ce9.png?ssl=1&w=500&resize=500&ssl=1 500w, https:\/\/i0.wp.com\/s3.us-east-1.wasabisys.com\/wasabi.cse360.com.br\/email-editor-files\/49d1373e-48e4-4760-dede-08d822b2db52\/7610f9da-1f57-445d-9629-e172dcec2ce9.png?ssl=1&w=640&resize=640&ssl=1 640w, https:\/\/i0.wp.com\/s3.us-east-1.wasabisys.com\/wasabi.cse360.com.br\/email-editor-files\/49d1373e-48e4-4760-dede-08d822b2db52\/7610f9da-1f57-445d-9629-e172dcec2ce9.png?ssl=1&w=800&resize=800&ssl=1 800w, https:\/\/i0.wp.com\/s3.us-east-1.wasabisys.com\/wasabi.cse360.com.br\/email-editor-files\/49d1373e-48e4-4760-dede-08d822b2db52\/7610f9da-1f57-445d-9629-e172dcec2ce9.png?ssl=1&w=1024&resize=1024&ssl=1 1024w, https:\/\/i0.wp.com\/s3.us-east-1.wasabisys.com\/wasabi.cse360.com.br\/email-editor-files\/49d1373e-48e4-4760-dede-08d822b2db52\/7610f9da-1f57-445d-9629-e172dcec2ce9.png?ssl=1&w=1280&resize=1280&ssl=1 1280w, https:\/\/i0.wp.com\/s3.us-east-1.wasabisys.com\/wasabi.cse360.com.br\/email-editor-files\/49d1373e-48e4-4760-dede-08d822b2db52\/7610f9da-1f57-445d-9629-e172dcec2ce9.png?ssl=1&w=1600&resize=1600&ssl=1 1600w\" style=\"border: none; border-radius: 0px; display: block; outline: none; text-decoration: none; height: auto; width: 100%; font-size: 13px;\" title=\"\" fifu-data-src=\"https:\/\/i0.wp.com\/s3.us-east-1.wasabisys.com\/wasabi.cse360.com.br\/email-editor-files\/49d1373e-48e4-4760-dede-08d822b2db52\/7610f9da-1f57-445d-9629-e172dcec2ce9.png?ssl=1\" alt=\"\" width=\"584\" height=\"auto\" \/><\/p>\n<p><!-- htmlmin:ignore --><\/p>\n<p class=\"ql-align-justify\" style=\"margin: 0; text-align: justify;\">Ao analisar o cen\u00e1rio internacional, o IBPT tamb\u00e9m converteu a carga tribut\u00e1ria em rela\u00e7\u00e3o ao PIB, dos pa\u00edses da OCDE em n\u00famero de dias trabalhados. <strong>O Brasil aparece em 14\u00ba lugar, com 122 dias, <\/strong>atr\u00e1s de na\u00e7\u00f5es como Alemanha (143), It\u00e1lia (151) e Dinamarca (153). Apesar da diferen\u00e7a de carga bruta ser aparentemente menor, o grande diferencial \u00e9 a <strong>qualidade dos servi\u00e7os p\u00fablicos prestados<\/strong>.<\/p>&nbsp;&nbsp;\n<p><!-- htmlmin:ignore --><\/p>\n<p><img decoding=\"async\" src=\"data:image\/gif;base64,R0lGODlhAQABAIAAAAAAAP\/\/\/ywAAAAAAQABAAACAUwAOw==\" fifu-lazy=\"1\" fifu-data-sizes=\"auto\" fifu-data-srcset=\"https:\/\/i0.wp.com\/s3.us-east-1.wasabisys.com\/wasabi.cse360.com.br\/email-editor-files\/49d1373e-48e4-4760-dede-08d822b2db52\/c398b062-3801-48e6-908f-a5d1707d2563.png?ssl=1&w=75&resize=75&ssl=1 75w, https:\/\/i0.wp.com\/s3.us-east-1.wasabisys.com\/wasabi.cse360.com.br\/email-editor-files\/49d1373e-48e4-4760-dede-08d822b2db52\/c398b062-3801-48e6-908f-a5d1707d2563.png?ssl=1&w=100&resize=100&ssl=1 100w, https:\/\/i0.wp.com\/s3.us-east-1.wasabisys.com\/wasabi.cse360.com.br\/email-editor-files\/49d1373e-48e4-4760-dede-08d822b2db52\/c398b062-3801-48e6-908f-a5d1707d2563.png?ssl=1&w=150&resize=150&ssl=1 150w, https:\/\/i0.wp.com\/s3.us-east-1.wasabisys.com\/wasabi.cse360.com.br\/email-editor-files\/49d1373e-48e4-4760-dede-08d822b2db52\/c398b062-3801-48e6-908f-a5d1707d2563.png?ssl=1&w=240&resize=240&ssl=1 240w, https:\/\/i0.wp.com\/s3.us-east-1.wasabisys.com\/wasabi.cse360.com.br\/email-editor-files\/49d1373e-48e4-4760-dede-08d822b2db52\/c398b062-3801-48e6-908f-a5d1707d2563.png?ssl=1&w=320&resize=320&ssl=1 320w, https:\/\/i0.wp.com\/s3.us-east-1.wasabisys.com\/wasabi.cse360.com.br\/email-editor-files\/49d1373e-48e4-4760-dede-08d822b2db52\/c398b062-3801-48e6-908f-a5d1707d2563.png?ssl=1&w=500&resize=500&ssl=1 500w, https:\/\/i0.wp.com\/s3.us-east-1.wasabisys.com\/wasabi.cse360.com.br\/email-editor-files\/49d1373e-48e4-4760-dede-08d822b2db52\/c398b062-3801-48e6-908f-a5d1707d2563.png?ssl=1&w=640&resize=640&ssl=1 640w, https:\/\/i0.wp.com\/s3.us-east-1.wasabisys.com\/wasabi.cse360.com.br\/email-editor-files\/49d1373e-48e4-4760-dede-08d822b2db52\/c398b062-3801-48e6-908f-a5d1707d2563.png?ssl=1&w=800&resize=800&ssl=1 800w, https:\/\/i0.wp.com\/s3.us-east-1.wasabisys.com\/wasabi.cse360.com.br\/email-editor-files\/49d1373e-48e4-4760-dede-08d822b2db52\/c398b062-3801-48e6-908f-a5d1707d2563.png?ssl=1&w=1024&resize=1024&ssl=1 1024w, https:\/\/i0.wp.com\/s3.us-east-1.wasabisys.com\/wasabi.cse360.com.br\/email-editor-files\/49d1373e-48e4-4760-dede-08d822b2db52\/c398b062-3801-48e6-908f-a5d1707d2563.png?ssl=1&w=1280&resize=1280&ssl=1 1280w, https:\/\/i0.wp.com\/s3.us-east-1.wasabisys.com\/wasabi.cse360.com.br\/email-editor-files\/49d1373e-48e4-4760-dede-08d822b2db52\/c398b062-3801-48e6-908f-a5d1707d2563.png?ssl=1&w=1600&resize=1600&ssl=1 1600w\" style=\"border: none; border-radius: 0px; display: block; outline: none; text-decoration: none; height: auto; width: 100%; font-size: 13px;\" title=\"\" fifu-data-src=\"https:\/\/i0.wp.com\/s3.us-east-1.wasabisys.com\/wasabi.cse360.com.br\/email-editor-files\/49d1373e-48e4-4760-dede-08d822b2db52\/c398b062-3801-48e6-908f-a5d1707d2563.png?ssl=1\" alt=\"\" width=\"584\" height=\"auto\" \/><\/p>\n<p><!-- htmlmin:ignore --><\/p>\n<p class=\"ql-align-justify\" style=\"margin: 0; text-align: justify;\">\u201cCobramos como pa\u00edses desenvolvidos e entregamos servi\u00e7os como os de na\u00e7\u00f5es em desenvolvimento. O Brasil tem um sistema regressivo, ineficiente e que pune mais quem ganha menos. A Reforma Tribut\u00e1ria aprovada no Congresso Nacional tem a obriga\u00e7\u00e3o de ser simples, justa e transparente, promovendo um melhor desenvolvimento social, para tirar o pa\u00eds dessa situa\u00e7\u00e3o lament\u00e1vel em termos de retorno ao bem-estar social da popula\u00e7\u00e3o\u201d, refor\u00e7a Olenike.<\/p>&nbsp;&nbsp;\n<p class=\"ql-align-justify\" style=\"margin: 0; text-align: justify;\">\n<p class=\"ql-align-justify\" style=\"margin: 0; text-align: justify;\">Entre os fatores que impactaram a carga de 2025 est\u00e3o o <strong>aumento das al\u00edquotas modais de ICMS, especialmente sobre <a href=\"https:\/\/ecompare.com.br\/lojas\/?q=combust%C3%ADveis#gsc.tab=0&amp;gsc.q=combust%C3%ADveis&amp;gsc.page=1\" target=\"_blank\" rel=\"noopener\">combust\u00edveis<\/a> e com\u00e9rcio eletr\u00f4nico internacional, por meio do Programa Remessa Conforme<\/strong>. Al\u00e9m disso, o retorno gradual da contribui\u00e7\u00e3o previdenci\u00e1ria patronal \u2013 que antes era substitu\u00edda por al\u00edquotas sobre a receita bruta para setores espec\u00edficos \u2013 tamb\u00e9m passou a valer a partir de janeiro, j\u00e1 com reflexos detectados no per\u00edodo-base do estudo (maio de 2024 a abril de 2025).<\/p>&nbsp;&nbsp;\n<p class=\"ql-align-justify\" style=\"margin: 0; text-align: justify;\">\n<p class=\"ql-align-justify\" style=\"margin: 0; text-align: justify;\">O hist\u00f3rico apresentado pelo IBPT mostra que, em 1970, os brasileiros trabalhavam, em m\u00e9dia, <strong>76 dias para pagar tributos \u2013 ou seja, menos da metade do tempo exigido atualmente. <\/strong>A m\u00e9dia por d\u00e9cada cresceu substancialmente: foram 102 dias nos anos 90, 138 nos anos 2000, 141 nos anos 2010 e 151 dias na atual d\u00e9cada, revelando um aumento cont\u00ednuo e preocupante. \u201cTrabalha-se hoje mais que o dobro do que se trabalhava nos anos 70 apenas para sustentar o Estado\u201d, conclui Olenike.<\/p>&nbsp;&nbsp;\n<p class=\"ql-align-justify\" style=\"margin: 0; text-align: justify;\">\n<p class=\"ql-align-justify\" style=\"margin: 0; text-align: justify;\"><strong>Metodologia<\/strong><\/p>\n<p class=\"ql-align-justify\" style=\"margin: 0; text-align: justify;\">O estudo considera tr\u00eas faixas de renda \u2013 at\u00e9 R$ 3.000, entre R$ 3.000 e R$ 10.000, e acima de R$ 10.000 mensais \u2013 e faz a pondera\u00e7\u00e3o da <a href=\"http:\/\/www.redelajeado.com.br\/bem-vindo\/?q=carga+tribut%C3%A1ria#gsc.tab=0&amp;gsc.q=carga%20tribut%C3%A1ria&amp;gsc.page=1\" target=\"_blank\" rel=\"noopener\">carga tribut\u00e1ria<\/a> incidente sobre renda, consumo e patrim\u00f4nio. A base de c\u00e1lculo abrange o per\u00edodo entre maio de 2024 e abril de 2025, incluindo tributos federais, estaduais e municipais, como IRPF, INSS, ICMS, IPI, ISS, IPVA, IPTU, taxas diversas e contribui\u00e7\u00f5es. O rendimento m\u00e9dio foi utilizado como refer\u00eancia especial, nesse trabalho. O n\u00famero de dias trabalhados foi calculado a partir da propor\u00e7\u00e3o entre esse rendimento e o total de tributos pagos. Dados internacionais foram baseados em estudos da OCDE (2023) e adaptados para convers\u00e3o em dias trabalhados com base na f\u00f3rmula: Carga Tribut\u00e1ria\/PIB x n\u00famero de dias do ano.<\/p>&nbsp;&nbsp;\n<p class=\"ql-align-justify\" style=\"margin: 0; text-align: justify;\">\n<p class=\"ql-align-justify\" style=\"margin: 0; text-align: justify;\">O levantamento, em sua edi\u00e7\u00e3o 2025, foi conduzido pelos tributaristas Gilberto Luiz do Amaral, Jo\u00e3o Eloi Olenike, Let\u00edcia Mary Fernandes do Amaral, Cristiano Lisboa Yazbek e Fernando Steinbruch.<\/p>&nbsp;&nbsp;\n<p class=\"ql-align-justify\" style=\"margin: 0; text-align: justify;\"><strong>\u00a0<\/strong><\/p>\n<p class=\"ql-align-justify\" style=\"margin: 0; text-align: justify;\"><strong>Sobre o IBPT<\/strong><\/p>\n<p class=\"ql-align-justify\" style=\"margin: 0; text-align: justify;\">O Instituto Brasileiro de Planejamento e Tributa\u00e7\u00e3o (IBPT) foi fundado em 12 de dezembro de 1992, com o objetivo inicial de congregar estudiosos das ci\u00eancias jur\u00eddica, cont\u00e1bil, social e econ\u00f4mica para debater sobre temas relacionados ao cotidiano tribut\u00e1rio. Desde sua funda\u00e7\u00e3o, o IBPT se dedica ao estudo do complexo sistema tribut\u00e1rio no pa\u00eds, sendo reconhecido pela ado\u00e7\u00e3o de uma linguagem clara e precisa \u00e0 sociedade sobre a realidade tribut\u00e1ria brasileira. O IBPT tamb\u00e9m lan\u00e7ou bases e fundamentos para viabilizar a l\u00f3gica da transpar\u00eancia fiscal, promovendo conscientiza\u00e7\u00e3o tribut\u00e1ria.<\/p>&nbsp;&nbsp;\n<p class=\"ql-align-justify\" style=\"margin: 0; text-align: justify;\">\n<p class=\"ql-align-justify\" style=\"margin: 0; text-align: justify;\">Pioneiro na cria\u00e7\u00e3o de estrat\u00e9gias de mercado para empresas e entidades setoriais a partir da an\u00e1lise de dados fiscais, p\u00fablicos e abertos, o IBPT mant\u00e9m investimentos cont\u00ednuos em tecnologia e na capacita\u00e7\u00e3o de sua equipe para viabilizar pesquisas, estudos e servi\u00e7os, possuindo o maior banco de dados privado com informa\u00e7\u00f5es tribut\u00e1rias e empresariais.<\/p>&nbsp;&nbsp;\n<p class=\"ql-align-justify\" style=\"margin: 0; text-align: justify;\">Mais informa\u00e7\u00f5es para Imprensa:<\/p>\n<p class=\"ql-align-justify\" style=\"margin: 0; text-align: justify;\">\n<hr \/>\n<p class=\"ql-align-justify\" style=\"margin: 0; text-align: justify;\">Fone: (11) 3032-1877<\/p>\n<p class=\"ql-align-justify\" style=\"margin: 0; text-align: justify;\"><strong>Romulo Pontes<\/strong><\/p>\n<p class=\"ql-align-justify\" style=\"margin: 0; text-align: justify;\">E-mail:\u00a0<a href=\"mailto:romulo.pontes@nacomunicacao.com.br\">romulo.pontes@nacomunicacao.com.br<\/a><\/p>\n<p class=\"ql-align-justify\" style=\"margin: 0; text-align: justify;\">Fone: (11) 96228-8966<\/p>\n<p class=\"ql-align-justify\" style=\"margin: 0; text-align: justify;\">\n<p class=\"ql-align-justify\" style=\"margin: 0; text-align: justify;\"><strong>Maik Uchoa<\/strong><\/p>\n<p class=\"ql-align-justify\" style=\"margin: 0; text-align: justify;\">E-mail:\u00a0<a href=\"mailto:maik.uchoa@nacomunicacao.com.br\">maik.uchoa@nacomunicacao.com.br<\/a><\/p>\n<p class=\"ql-align-justify\" style=\"margin: 0; text-align: justify;\">Fone: (11) 91766-4078<\/p>\n<p><!-- htmlmin:ignore --><\/p>\n<p><!-- [if mso | IE]><\/td>\n\n\n<\/tr>\n\n\n<\/table>\n\n\n<![endif]--><\/p>\n<p><!-- [if mso | IE]><\/td>\n\n\n<\/tr>\n\n\n<\/table>\n\n\n<![endif]--><\/p>\n<p style=\"font-size: 11px; text-align: center;\">\n","protected":false},"excerpt":{"rendered":"<p>\u00a0 Estudo mostra que 40,82% da renda dos brasileiros \u00e9 destinada para impostos, taxas e&#8230;<\/p>\n","protected":false},"author":1,"featured_media":249978,"comment_status":"closed","ping_status":"closed","sticky":false,"template":"","format":"standard","meta":{"fifu_image_url":"https:\/\/s3.us-east-1.wasabisys.com\/wasabi.cse360.com.br\/email-editor-files\/49d1373e-48e4-4760-dede-08d822b2db52\/e88b92c7-218d-4706-ae58-af3b3455e565.jpg","fifu_image_alt":"","footnotes":""},"categories":[10006,727],"tags":[58,12885],"class_list":["post-249977","post","type-post","status-publish","format-standard","has-post-thumbnail","hentry","category-brasileconomia","category-noticias","tag-noticias","tag-verdeamarelo","wpcat-10006-id","wpcat-727-id"],"_links":{"self":[{"href":"https:\/\/verde-amarelo.net\/verdeamarelo\/wp-json\/wp\/v2\/posts\/249977","targetHints":{"allow":["GET"]}}],"collection":[{"href":"https:\/\/verde-amarelo.net\/verdeamarelo\/wp-json\/wp\/v2\/posts"}],"about":[{"href":"https:\/\/verde-amarelo.net\/verdeamarelo\/wp-json\/wp\/v2\/types\/post"}],"author":[{"embeddable":true,"href":"https:\/\/verde-amarelo.net\/verdeamarelo\/wp-json\/wp\/v2\/users\/1"}],"replies":[{"embeddable":true,"href":"https:\/\/verde-amarelo.net\/verdeamarelo\/wp-json\/wp\/v2\/comments?post=249977"}],"version-history":[{"count":0,"href":"https:\/\/verde-amarelo.net\/verdeamarelo\/wp-json\/wp\/v2\/posts\/249977\/revisions"}],"wp:featuredmedia":[{"embeddable":true,"href":"https:\/\/verde-amarelo.net\/verdeamarelo\/wp-json\/wp\/v2\/media\/249978"}],"wp:attachment":[{"href":"https:\/\/verde-amarelo.net\/verdeamarelo\/wp-json\/wp\/v2\/media?parent=249977"}],"wp:term":[{"taxonomy":"category","embeddable":true,"href":"https:\/\/verde-amarelo.net\/verdeamarelo\/wp-json\/wp\/v2\/categories?post=249977"},{"taxonomy":"post_tag","embeddable":true,"href":"https:\/\/verde-amarelo.net\/verdeamarelo\/wp-json\/wp\/v2\/tags?post=249977"}],"curies":[{"name":"wp","href":"https:\/\/api.w.org\/{rel}","templated":true}]}}