{"id":271934,"date":"2025-08-07T15:26:53","date_gmt":"2025-08-07T18:26:53","guid":{"rendered":"https:\/\/verde-amarelo.net\/verdeamarelo\/?p=271934"},"modified":"2025-08-08T10:48:44","modified_gmt":"2025-08-08T13:48:44","slug":"pequenos-negocios-gauchos-se-preparam-para-imersao-em-uma-das-maiores-feiras-de-alimentos-do-mundo","status":"publish","type":"post","link":"https:\/\/verde-amarelo.net\/verdeamarelo\/2025\/08\/pequenos-negocios-gauchos-se-preparam-para-imersao-em-uma-das-maiores-feiras-de-alimentos-do-mundo\/","title":{"rendered":"Pequenos neg\u00f3cios ga\u00fachos se preparam para imers\u00e3o em uma das maiores feiras de alimentos do mundo"},"content":{"rendered":"<p>Grupo de empreendedores liderados pelo Sebrae RS participa da Anuga, realizada na Alemanha<\/p>\n<p><!-- [if mso | IE]>\n\n\n<table align=\"center\" border=\"0\" cellpadding=\"0\" cellspacing=\"0\" class=\"cols_1-outlook 1589473356616-outlook ip-section-outlook\" role=\"presentation\" style=\"width:600px;\" width=\"600\" bgcolor=\"#ffffff\" >\n\n\n<tr>\n\n\n<td style=\"line-height:0px;font-size:0px;mso-line-height-rule:exactly;\"><![endif]--><\/p>\n<p><!-- [if mso | IE]>\n\n\n<table role=\"presentation\" border=\"0\" cellpadding=\"0\" cellspacing=\"0\">\n\n\n<tr>\n\n\n<td class=\"ip-column-outlook -outlook\" style=\"vertical-align:top;width:592px;\" ><![endif]--><\/p>\n<p><img decoding=\"async\" src=\"data:image\/gif;base64,R0lGODlhAQABAIAAAAAAAP\/\/\/ywAAAAAAQABAAACAUwAOw==\" fifu-lazy=\"1\" fifu-data-sizes=\"auto\" fifu-data-srcset=\"https:\/\/i3.wp.com\/s3.us-east-1.wasabisys.com\/wasabi.cse360.com.br\/email-editor-files\/6bd48046-50cd-4544-66a1-08db23d544a8\/499acdf7-a386-4649-be7c-e0f39d5c0bb9.jpeg?ssl=1&w=75&resize=75&ssl=1 75w, https:\/\/i3.wp.com\/s3.us-east-1.wasabisys.com\/wasabi.cse360.com.br\/email-editor-files\/6bd48046-50cd-4544-66a1-08db23d544a8\/499acdf7-a386-4649-be7c-e0f39d5c0bb9.jpeg?ssl=1&w=100&resize=100&ssl=1 100w, https:\/\/i3.wp.com\/s3.us-east-1.wasabisys.com\/wasabi.cse360.com.br\/email-editor-files\/6bd48046-50cd-4544-66a1-08db23d544a8\/499acdf7-a386-4649-be7c-e0f39d5c0bb9.jpeg?ssl=1&w=150&resize=150&ssl=1 150w, https:\/\/i3.wp.com\/s3.us-east-1.wasabisys.com\/wasabi.cse360.com.br\/email-editor-files\/6bd48046-50cd-4544-66a1-08db23d544a8\/499acdf7-a386-4649-be7c-e0f39d5c0bb9.jpeg?ssl=1&w=240&resize=240&ssl=1 240w, https:\/\/i3.wp.com\/s3.us-east-1.wasabisys.com\/wasabi.cse360.com.br\/email-editor-files\/6bd48046-50cd-4544-66a1-08db23d544a8\/499acdf7-a386-4649-be7c-e0f39d5c0bb9.jpeg?ssl=1&w=320&resize=320&ssl=1 320w, https:\/\/i3.wp.com\/s3.us-east-1.wasabisys.com\/wasabi.cse360.com.br\/email-editor-files\/6bd48046-50cd-4544-66a1-08db23d544a8\/499acdf7-a386-4649-be7c-e0f39d5c0bb9.jpeg?ssl=1&w=500&resize=500&ssl=1 500w, https:\/\/i3.wp.com\/s3.us-east-1.wasabisys.com\/wasabi.cse360.com.br\/email-editor-files\/6bd48046-50cd-4544-66a1-08db23d544a8\/499acdf7-a386-4649-be7c-e0f39d5c0bb9.jpeg?ssl=1&w=640&resize=640&ssl=1 640w, https:\/\/i3.wp.com\/s3.us-east-1.wasabisys.com\/wasabi.cse360.com.br\/email-editor-files\/6bd48046-50cd-4544-66a1-08db23d544a8\/499acdf7-a386-4649-be7c-e0f39d5c0bb9.jpeg?ssl=1&w=800&resize=800&ssl=1 800w, https:\/\/i3.wp.com\/s3.us-east-1.wasabisys.com\/wasabi.cse360.com.br\/email-editor-files\/6bd48046-50cd-4544-66a1-08db23d544a8\/499acdf7-a386-4649-be7c-e0f39d5c0bb9.jpeg?ssl=1&w=1024&resize=1024&ssl=1 1024w, https:\/\/i3.wp.com\/s3.us-east-1.wasabisys.com\/wasabi.cse360.com.br\/email-editor-files\/6bd48046-50cd-4544-66a1-08db23d544a8\/499acdf7-a386-4649-be7c-e0f39d5c0bb9.jpeg?ssl=1&w=1280&resize=1280&ssl=1 1280w, https:\/\/i3.wp.com\/s3.us-east-1.wasabisys.com\/wasabi.cse360.com.br\/email-editor-files\/6bd48046-50cd-4544-66a1-08db23d544a8\/499acdf7-a386-4649-be7c-e0f39d5c0bb9.jpeg?ssl=1&w=1600&resize=1600&ssl=1 1600w\" style=\"border: none; border-radius: 0px; display: block; outline: none; text-decoration: none; height: auto; width: 100%; font-size: 13px;\" title=\"\" fifu-data-src=\"https:\/\/i3.wp.com\/s3.us-east-1.wasabisys.com\/wasabi.cse360.com.br\/email-editor-files\/6bd48046-50cd-4544-66a1-08db23d544a8\/499acdf7-a386-4649-be7c-e0f39d5c0bb9.jpeg?ssl=1\" alt=\"\" width=\"584\" height=\"auto\" \/><\/p>\n<p><!-- [if mso | IE]><\/td>\n\n\n<\/tr>\n\n\n<\/table>\n\n\n<![endif]--><\/p>\n<p><!-- [if mso | IE]><\/td>\n\n\n<\/tr>\n\n\n<\/table>\n\n\n\n\n<table align=\"center\" border=\"0\" cellpadding=\"0\" cellspacing=\"0\" class=\"cols_1-outlook 1589473358640-outlook ip-section-outlook\" role=\"presentation\" style=\"width:600px;\" width=\"600\" bgcolor=\"#ffffff\" >\n\n\n<tr>\n\n\n<td style=\"line-height:0px;font-size:0px;mso-line-height-rule:exactly;\"><![endif]--><\/p>\n<p><!-- [if mso | IE]>\n\n\n<table role=\"presentation\" border=\"0\" cellpadding=\"0\" cellspacing=\"0\">\n\n\n<tr>\n\n\n<td class=\"ip-column-outlook -outlook\" style=\"vertical-align:top;width:592px;\" ><![endif]--><\/p>\n<p><!-- htmlmin:ignore --><\/p>\n<hr \/>\n<p><!-- htmlmin:ignore --><\/p>\n<p><!-- htmlmin:ignore --><\/p>\n<p class=\"ql-align-center\" style=\"margin: 0; text-align: center;\"><em style=\"background-color: transparent; color: #000000;\">Grupo de empreendedores liderados pelo Sebrae RS participa da Anuga, realizada na Alemanha<\/em><\/p>\n<p class=\"ql-align-center\" style=\"margin: 0; text-align: center;\">\n<p class=\"ql-align-justify\" style=\"margin: 0; text-align: justify;\">Entre os dias 4 e 8 de outubro, a cidade de Col\u00f4nia, na Alemanha, ser\u00e1 palco da Anuga, uma das maiores feiras internacionais do setor de alimentos e bebidas. Para acompanhar as tend\u00eancias globais e explorar novas oportunidades de inova\u00e7\u00e3o e crescimento, um grupo de micro e pequenas empresas do Rio Grande do Sul participar\u00e1 da imers\u00e3o internacional promovida pelo Sebrae RS, em parceria com a Federa\u00e7\u00e3o das Ind\u00fastrias do Estado do Rio Grande do Sul (FIERGS).<\/p>&nbsp;&nbsp;\n<p class=\"ql-align-justify\" style=\"margin: 0; text-align: justify;\">\n<p class=\"ql-align-justify\" style=\"margin: 0; text-align: justify;\">As empresas foram selecionadas por meio de chamada p\u00fablica, com foco em neg\u00f3cios de pequeno porte, que atuam no mercado de alimentos e bebidas. Os participantes receber\u00e3o subs\u00eddio parcial nos custos da viagem, al\u00e9m de acompanhamento t\u00e9cnico das equipes do Sebrae e da FIERGS e suporte log\u00edstico durante toda a programa\u00e7\u00e3o.<\/p>&nbsp;&nbsp;\n<p class=\"ql-align-justify\" style=\"margin: 0; text-align: justify;\">\n<p class=\"ql-align-justify\" style=\"margin: 0; text-align: justify;\">A presen\u00e7a na Anuga integra o calend\u00e1rio de a\u00e7\u00f5es internacionais voltadas \u00e0 competitividade dos pequenos neg\u00f3cios. \u201cEssas imers\u00f5es permitem que os empreendedores compreendam, na pr\u00e1tica, o funcionamento de mercados mais consolidados, tenham acesso a novas tecnologias e ampliem sua vis\u00e3o estrat\u00e9gica\u201d, afirma Roger Klafke, especialista em Alimentos e Bebidas do Sebrae RS. Segundo ele, a feira tamb\u00e9m contribui para a qualifica\u00e7\u00e3o da produ\u00e7\u00e3o e o fortalecimento de redes de contato com potenciais parceiros e fornecedores.<\/p>&nbsp;&nbsp;\n<p class=\"ql-align-justify\" style=\"margin: 0; text-align: justify;\">\n<p class=\"ql-align-justify\" style=\"margin: 0; text-align: justify;\">A programa\u00e7\u00e3o inclui treinamentos preparat\u00f3rios, visitas t\u00e9cnicas a empresas alem\u00e3s, circuitos guiados durante a feira com tradu\u00e7\u00e3o e atividades de acompanhamento p\u00f3s-evento. \u201cO foco est\u00e1 em transformar a experi\u00eancia internacional em conhecimento aplic\u00e1vel \u00e0 realidade dos neg\u00f3cios locais\u201d, explica Klafke.<\/p>&nbsp;&nbsp;\n<p class=\"ql-align-justify\" style=\"margin: 0; text-align: justify;\">\n<p class=\"ql-align-justify\" style=\"margin: 0; text-align: justify;\">A comitiva \u00e9 formada por 12 empreendimentos ga\u00fachos dos segmentos de alimentos e bebidas, consultoria, ind\u00fastria e servi\u00e7os de alimenta\u00e7\u00e3o. Representando diversas regi\u00f5es do Estado, os participantes t\u00eam em comum o interesse em aprimorar processos, explorar novas tecnologias e identificar oportunidades de crescimento.<\/p>&nbsp;&nbsp;\n<p class=\"ql-align-justify\" style=\"margin: 0; text-align: justify;\">Confira o grupo selecionado para a Imers\u00e3o Anuga 2025:<\/p>\n<p style=\"margin: 0;\">\n<ul>\n<li class=\"ql-align-justify\" style=\"text-align: justify;\">Marco Ant\u00f4nio Schreiner Jr. \u2013 Natugrais Alimentos (Ind\u00fastria de alimentos)<\/li>\n<li class=\"ql-align-justify\" style=\"text-align: justify;\">Klara Tereza Rempel Thume \u2013 MLV Alimentos (Ind\u00fastria de alimentos)<\/li>\n<li class=\"ql-align-justify\" style=\"text-align: justify;\">Luiz Felipe Daneluz \u2013 Fam\u00edlia Daneluz Ind\u00fastria de Alimentos (Ind\u00fastria de alimentos)<\/li>\n<li class=\"ql-align-justify\" style=\"text-align: justify;\">Gladimir Zanella \u2013 Vin\u00edcola Zanella (Ind\u00fastria de alimentos)<\/li>\n<li class=\"ql-align-justify\" style=\"text-align: justify;\">Miriam Guedes Santiago Krindges \u2013 Vitivin\u00edcola S\u00edtio Rosa do Vale (Ind\u00fastria de alimentos)<\/li>\n<li class=\"ql-align-justify\" style=\"text-align: justify;\">Miguel Luiz Heck \u2013 Hermate Erva Mate (Ind\u00fastria e varejo de alimentos)<\/li>\n<li class=\"ql-align-justify\" style=\"text-align: justify;\">Pedro Henrique Zanella Toss \u2013 Doce Doc\u00ea Alimentos (Ind\u00fastria e varejo de alimentos)<\/li>\n<li class=\"ql-align-justify\" style=\"text-align: justify;\">Paula Moraes \u2013 Just Chocolate (Ind\u00fastria e varejo de alimentos)<\/li>\n<li class=\"ql-align-justify\" style=\"text-align: justify;\">Flavio Luce \u2013 Basilic Gastronomia (Servi\u00e7os de alimenta\u00e7\u00e3o)<\/li>\n<li class=\"ql-align-justify\" style=\"text-align: justify;\">Tomaz Camargo Lopes Jr. \u2013 Gieno Pizzaria (Servi\u00e7os de alimenta\u00e7\u00e3o)<\/li>\n<li class=\"ql-align-justify\" style=\"text-align: justify;\">Cristina Leonhardt \u2013 Sra. Inovadeira (Consultoria em Inova\u00e7\u00e3o)<\/li>\n<li class=\"ql-align-justify\" style=\"text-align: justify;\">Ang\u00e9lica Cristina Rambo Niero \u2013 ACN Consultoria (Consultoria em A&amp;B)<\/li>\n<\/ul>\n<p style=\"font-size: 11px; text-align: center;\">\n","protected":false},"excerpt":{"rendered":"<p>Grupo de empreendedores liderados pelo Sebrae RS participa da Anuga, realizada na Alemanha Grupo de&#8230;<\/p>\n","protected":false},"author":1,"featured_media":271935,"comment_status":"closed","ping_status":"closed","sticky":false,"template":"","format":"standard","meta":{"fifu_image_url":"https:\/\/s3.us-east-1.wasabisys.com\/wasabi.cse360.com.br\/email-editor-files\/6bd48046-50cd-4544-66a1-08db23d544a8\/499acdf7-a386-4649-be7c-e0f39d5c0bb9.jpeg","fifu_image_alt":"","footnotes":""},"categories":[727],"tags":[58,12885],"class_list":["post-271934","post","type-post","status-publish","format-standard","has-post-thumbnail","hentry","category-noticias","tag-noticias","tag-verdeamarelo","wpcat-727-id"],"_links":{"self":[{"href":"https:\/\/verde-amarelo.net\/verdeamarelo\/wp-json\/wp\/v2\/posts\/271934","targetHints":{"allow":["GET"]}}],"collection":[{"href":"https:\/\/verde-amarelo.net\/verdeamarelo\/wp-json\/wp\/v2\/posts"}],"about":[{"href":"https:\/\/verde-amarelo.net\/verdeamarelo\/wp-json\/wp\/v2\/types\/post"}],"author":[{"embeddable":true,"href":"https:\/\/verde-amarelo.net\/verdeamarelo\/wp-json\/wp\/v2\/users\/1"}],"replies":[{"embeddable":true,"href":"https:\/\/verde-amarelo.net\/verdeamarelo\/wp-json\/wp\/v2\/comments?post=271934"}],"version-history":[{"count":0,"href":"https:\/\/verde-amarelo.net\/verdeamarelo\/wp-json\/wp\/v2\/posts\/271934\/revisions"}],"wp:featuredmedia":[{"embeddable":true,"href":"https:\/\/verde-amarelo.net\/verdeamarelo\/wp-json\/wp\/v2\/media\/271935"}],"wp:attachment":[{"href":"https:\/\/verde-amarelo.net\/verdeamarelo\/wp-json\/wp\/v2\/media?parent=271934"}],"wp:term":[{"taxonomy":"category","embeddable":true,"href":"https:\/\/verde-amarelo.net\/verdeamarelo\/wp-json\/wp\/v2\/categories?post=271934"},{"taxonomy":"post_tag","embeddable":true,"href":"https:\/\/verde-amarelo.net\/verdeamarelo\/wp-json\/wp\/v2\/tags?post=271934"}],"curies":[{"name":"wp","href":"https:\/\/api.w.org\/{rel}","templated":true}]}}