{"id":289947,"date":"2026-02-07T08:52:43","date_gmt":"2026-02-07T11:52:43","guid":{"rendered":"https:\/\/verde-amarelo.net\/verdeamarelo\/?p=289947"},"modified":"2026-02-07T14:49:27","modified_gmt":"2026-02-07T17:49:27","slug":"disponibilizo-para-publicacao-celebremos-um-ano-de-restricao-aos-celulares-nas-escolas-mas-e-preciso-avancar","status":"publish","type":"post","link":"https:\/\/verde-amarelo.net\/verdeamarelo\/2026\/02\/disponibilizo-para-publicacao-celebremos-um-ano-de-restricao-aos-celulares-nas-escolas-mas-e-preciso-avancar\/","title":{"rendered":"Celebremos! Um ano de restri\u00e7\u00e3o aos celulares nas escolas. Mas \u00e9 preciso avan\u00e7ar!"},"content":{"rendered":"<div class=\"postie-post\">\n<div>\n<ul>\n<li><strong>\u00a0Por <\/strong>Jacir Venturi &#8211;<\/li>\n<\/ul>\n<p>H\u00e1 palavras que sintetizam \u00e9pocas e, para o ano letivo de 2025, a escolha \u00e9 simples e poderosa: mais v\u00ednculos. \u00c9 dessa forma que pode ser resumido o impacto do banimento nacional e padronizado do uso de celulares no ambiente escolar, determinado pela Lei n\u00ba 15.100, de 13 de janeiro de 2025. A norma estabeleceu que, em todas as institui\u00e7\u00f5es p\u00fablicas e privadas, o uso de aparelhos eletr\u00f4nicos pessoais s\u00f3 \u00e9 permitido mediante orienta\u00e7\u00e3o de professores(as) e com finalidade did\u00e1tica. Da Educa\u00e7\u00e3o Infantil ao Ensino M\u00e9dio, o recado foi claro: durante aulas, recreios e intervalos, o celular deve permanecer guardado na mochila ou em local definido pela escola.<\/p>&nbsp;&nbsp;\n<p>O balan\u00e7o desse primeiro ano \u00e9, sem exagero, auspicioso, pois diretores, professores e fam\u00edlias\u202freconhecem\u202fque a medida devolveu \u00e0 escola algo que\u202festava se perdendo: a conviv\u00eancia, o olhar direto, a conversa espont\u00e2nea. No in\u00edcio, houve relatos de \u201cabstin\u00eancia digital\u201d, mas,\u202fcom o tempo, esse\u202fdesconforto cedeu lugar a descobertas, como\u202fbem\u202fdisse meu neto de 13 anos, com a sabedoria despretensiosa dos jovens: \u201cnos intervalos, agora temos tempo para bons papos, jogar bola, brincar, ir \u00e0 biblioteca\u201d.\u202fA lei trouxe o que faltava: um padr\u00e3o nacional, que encerrou o velho argumento dos estudantes de que\u202f\u201cna escola A pode, na escola B tamb\u00e9m\u201d, alinhando o Brasil a um movimento que se espalha pelo mundo.<\/p>&nbsp;&nbsp;\n<p>A medida tamb\u00e9m devolveu o protagonismo ao docente, ao lhe caber decidir quando o celular pode (e quando n\u00e3o pode) ser ferramenta pedag\u00f3gica. Assim, passam a ficar sob controle a distra\u00e7\u00e3o f\u00e1cil e abundante, as espiadelas furtivas durante a explica\u00e7\u00e3o, as mensagens trocadas com cr\u00edticas ao(\u00e0) professor(a), as brincadeiras, as paqueras e at\u00e9 mesmo as chamadas sonoras que interrompiam a aula o tempo todo.<\/p>&nbsp;&nbsp;\n<p>Al\u00e9m disso, acabou o pedido recorrente, na verdade um sinal pregui\u00e7oso de falta de aten\u00e7\u00e3o e de dedica\u00e7\u00e3o (\u201cProfessor, n\u00e3o apague a lousa, quero fazer um print.\u201d), apesar de a neuroci\u00eancia ser categ\u00f3rica ao demonstrar que escrever usando l\u00e1pis ou caneta fortalece a mem\u00f3ria. Mais grave ainda: qualquer pergunta que poderia gerar debate se esvaziava quando um aluno sacava o celular e consultava, em segundos, uma resposta pronta, muitas vezes produzida por IA.<\/p>&nbsp;&nbsp;\n<p>Atualmente, a maioria dos professores afirma que o grande desafio j\u00e1 n\u00e3o \u00e9 a indisciplina, mas a apatia, o desinteresse\u202fe\u202fa dispers\u00e3o, fen\u00f4menos que alguns chamam de \u201caus\u00eancia presencial\u201d. A reinven\u00e7\u00e3o do papel do docente (antigamente um mero transmissor de conte\u00fado e agora mediador, mentor\u202fe\u202fcurador) se torna ainda mais urgente nos dias de hoje diante da avalanche de transforma\u00e7\u00f5es trazidas pela intelig\u00eancia artificial, que j\u00e1 remodela a educa\u00e7\u00e3o e todo o nosso\u202f<em>modus vivendi et operandi<\/em>, levando\u202fmuitos educadores\u202fa se\u202fsentirem\u202fperplexos, como quem observa o despertar de um gigante insond\u00e1vel.<\/p>&nbsp;&nbsp;\n<p>Ainda que tenha produzido avan\u00e7os tang\u00edveis, \u00e9\u202fevidente que a proibi\u00e7\u00e3o do celular n\u00e3o elimina a necessidade de uma educa\u00e7\u00e3o digital robusta, dentro e fora da escola, com fam\u00edlias, institui\u00e7\u00f5es de ensino e legisladores\u202fcaminhando\u202fjuntos. Crian\u00e7as e jovens\u202fprecisam\u202fdesenvolver autocontrole, discernimento, senso cr\u00edtico,\u202faprendendo a distinguir\u202fo joio do trigo em um ambiente online que, sem exagero, pode ser descrito como \u201cmeu bem, meu mal\u201d. Em tom de blague, diria que a internet parece fruto de um cons\u00f3rcio entre Deus e o diabo.\u202fAdemais, grande parte do conte\u00fado online atual\u202fj\u00e1 \u00e9 gerada\u202fpor rob\u00f4s e, mais recentemente, por IA\u202f\u2013\u202fsem modera\u00e7\u00e3o, sem verifica\u00e7\u00e3o, sem intera\u00e7\u00e3o humana \u2013, seja em forma de texto, seja em forma de postagens, imagens e v\u00eddeos.<\/p>&nbsp;&nbsp;\n<p>A\u202fneuroci\u00eancia faz um alerta importante: estudo da Universidade de Harvard confirma\u202fque\u202fo uso excessivo de dispositivos compromete \u00e1reas cerebrais ligadas \u00e0 aten\u00e7\u00e3o e \u00e0 tomada de decis\u00f5es. N\u00e3o por acaso, o termo <em>brain<\/em><em>\u202frot<\/em>\u202f\u2013\u202f\u201cc\u00e9rebro podre\u201d \u2013\u202ffoi escolhido como palavra do ano de 2024, pelo Dicion\u00e1rio Oxford, para descrever o desgaste mental provocado pelo consumo compulsivo de conte\u00fados fr\u00edvolos, que roubam do usu\u00e1rio a capacidade de enfrentar tarefas complexas, essenciais \u00e0 sa\u00fade cognitiva.<\/p>&nbsp;&nbsp;\n<p>No mundo inteiro, cresce tamb\u00e9m o movimento por normas mais rigorosas para plataformas como YouTube, Instagram, TikTok, X e similares, com o objetivo de proteger,\u202fem especial,\u202fo p\u00fablico infantojuvenil e aliviar as fam\u00edlias\u202fde\u202fum monitoramento que se tornou quase imposs\u00edvel e que, quando\u202fimplementado, transforma pais em \u201cvil\u00f5es\u201d. Afinal, o argumento retorna sempre o mesmo: \u201cmas todos os meus amigos usam.\u201d<\/p>\n<p>A Austr\u00e1lia\u202fdeu\u202fum\u202fexemplo contundente ao aprovar, em 10 de dezembro de 2025, uma\u202flei\u202fque\u202fobriga as plataformas a desativar todas as contas de menores de 16 anos e a impedir novas cria\u00e7\u00f5es at\u00e9 que\u202fessa idade seja atingida. As penalidades s\u00e3o severas, com\u202fmultas que podem chegar a 200 milh\u00f5es de reais. Fran\u00e7a, Dinamarca e outros pa\u00edses europeus j\u00e1 discutem medidas semelhantes.<\/p>&nbsp;&nbsp;\n<p>No Brasil, a ECA Digital (Lei 15.211\/2025), que entra em vigor em 17 de mar\u00e7o de 2026, segue caminho pr\u00f3prio.\u202fEm vez de\u202fproibir\u202fmenores de 16 anos de manter perfis \u2013 medida que alguns consideram invi\u00e1vel na realidade brasileira \u2013, a lei exige que as contas estejam vinculadas a um adulto. A solu\u00e7\u00e3o tem o m\u00e9rito de incorporar uma\u202fvis\u00e3o mais hol\u00edstica: reconhece que\u202fnada\u202fsubstitui a fam\u00edlia e, ao mesmo tempo, n\u00e3o deixa as plataformas navegarem soltas no mar\u202fimplac\u00e1vel\u202fda autorregula\u00e7\u00e3o,\u202fpois prev\u00ea\u202fmultas de at\u00e9 50 milh\u00f5es de reais\u202fpara empresas infratoras.\u202fImp\u00f5e-se, assim,\u202falgum grau de civilidade\u202fao mundo online: verifica\u00e7\u00e3o rigorosa de idade, mecanismos de den\u00fancia acess\u00edveis, remo\u00e7\u00e3o c\u00e9lere de conte\u00fados nocivos e combate firme ao _cyberbullying, ao marketing_ disfar\u00e7ado e \u00e0 explora\u00e7\u00e3o\u202f\u2013\u202fsexual ou comercial\u202f\u2013\u202fde crian\u00e7as e adolescentes.<\/p>&nbsp;&nbsp;\n<p>Vivemos em um\u202fmundo\u202fem que o brilho das telas seduz cedo demais,\u202fe o\u202fuso de dispositivos por crian\u00e7as e adolescentes\u202fbrasileiros\u202fest\u00e1 entre os mais elevados do mundo,\u202fum dado que n\u00e3o\u202fdeve\u202fnos envaidecer.\u202fAs\u202fconsequ\u00eancias s\u00e3o vis\u00edveis:\u202fsociabilidade rarefeita, complei\u00e7\u00e3o f\u00edsica comprometida, leituras abandonadas, conte\u00fados escolares negligenciados, tarefas dom\u00e9sticas ignoradas. A pesquisa TIC Kids Online 2024\u202fescancarou\u202fesse quadro\u202fao\u202fconstatar\u202fque\u202f83% das crian\u00e7as e adolescentes brasileiros est\u00e3o nas redes sociais,\u202fcerca de 24 milh\u00f5es navegando, muitas vezes, sem b\u00fassola.<\/p>&nbsp;&nbsp;\n<p>A internet ampliou nossa produtividade, democratizou o acesso \u00e0 informa\u00e7\u00e3o e sofisticou o\u202fentretenimento,\u202fmas, como toda ferramenta poderosa, exige forma\u00e7\u00e3o. Educa\u00e7\u00e3o digital \u00e9 requisito de cidadania \u2014 e, ouso dizer, de sobreviv\u00eancia.\u202fA l\u00f3gica \u00e9 a mesma para a IA, que pode\u202fvir a\u202fser anjo ou vil\u00e3 do futuro da educa\u00e7\u00e3o e do mercado de trabalho.\u202fNenhuma lei resolver\u00e1 tudo,\u202fmas estamos avan\u00e7ando, assim como parte do mundo,\u202fpara que o Brasil deixe de tratar a inf\u00e2ncia e a adolesc\u00eancia,\u202fno que diz respeito \u00e0 educa\u00e7\u00e3o digital, como um experimento improvisado, um novo Velho Oeste,\u202fe passe\u202fa encar\u00e1-las como o que realmente s\u00e3o: uma das grandes quest\u00f5es \u00e9ticas e sociais do nosso tempo.<\/p>&nbsp;&nbsp;\n<p><strong><em>Jacir J. Venturi \u00e9 membro do Conselho Estadual de Educa\u00e7\u00e3o do Paran\u00e1. Foi professor e gestor de escolas p\u00fablicas e privadas, da UFPR, PUCPR e Universidade Positivo. \u00c9 av\u00f4 de quatro netos de 3 a 13 anos.<\/em><\/strong><\/p>\n<\/div>\n<\/div>\n","protected":false},"excerpt":{"rendered":"<p>\u00a0Por Jacir Venturi &#8211; H\u00e1 palavras que sintetizam \u00e9pocas e, para o ano letivo de&#8230;<\/p>\n","protected":false},"author":1,"featured_media":289958,"comment_status":"closed","ping_status":"closed","sticky":false,"template":"","format":"standard","meta":{"fifu_image_url":"","fifu_image_alt":"","footnotes":""},"categories":[8717],"tags":[58,12885],"class_list":["post-289947","post","type-post","status-publish","format-standard","has-post-thumbnail","hentry","category-artigos-de-opiniao","tag-noticias","tag-verdeamarelo","wpcat-8717-id"],"_links":{"self":[{"href":"https:\/\/verde-amarelo.net\/verdeamarelo\/wp-json\/wp\/v2\/posts\/289947","targetHints":{"allow":["GET"]}}],"collection":[{"href":"https:\/\/verde-amarelo.net\/verdeamarelo\/wp-json\/wp\/v2\/posts"}],"about":[{"href":"https:\/\/verde-amarelo.net\/verdeamarelo\/wp-json\/wp\/v2\/types\/post"}],"author":[{"embeddable":true,"href":"https:\/\/verde-amarelo.net\/verdeamarelo\/wp-json\/wp\/v2\/users\/1"}],"replies":[{"embeddable":true,"href":"https:\/\/verde-amarelo.net\/verdeamarelo\/wp-json\/wp\/v2\/comments?post=289947"}],"version-history":[{"count":0,"href":"https:\/\/verde-amarelo.net\/verdeamarelo\/wp-json\/wp\/v2\/posts\/289947\/revisions"}],"wp:featuredmedia":[{"embeddable":true,"href":"https:\/\/verde-amarelo.net\/verdeamarelo\/wp-json\/wp\/v2\/media\/289958"}],"wp:attachment":[{"href":"https:\/\/verde-amarelo.net\/verdeamarelo\/wp-json\/wp\/v2\/media?parent=289947"}],"wp:term":[{"taxonomy":"category","embeddable":true,"href":"https:\/\/verde-amarelo.net\/verdeamarelo\/wp-json\/wp\/v2\/categories?post=289947"},{"taxonomy":"post_tag","embeddable":true,"href":"https:\/\/verde-amarelo.net\/verdeamarelo\/wp-json\/wp\/v2\/tags?post=289947"}],"curies":[{"name":"wp","href":"https:\/\/api.w.org\/{rel}","templated":true}]}}