{"id":315188,"date":"2026-04-24T15:41:32","date_gmt":"2026-04-24T18:41:32","guid":{"rendered":"https:\/\/verde-amarelo.net\/verdeamarelo\/?p=315188"},"modified":"2026-04-27T21:10:59","modified_gmt":"2026-04-28T00:10:59","slug":"inaugurada-arte-urbana-na-estacao-ferroviaria-da-maria-fumaca-na-mooca","status":"publish","type":"post","link":"https:\/\/verde-amarelo.net\/verdeamarelo\/2026\/04\/inaugurada-arte-urbana-na-estacao-ferroviaria-da-maria-fumaca-na-mooca\/","title":{"rendered":"Inaugurada arte urbana na esta\u00e7\u00e3o ferrovi\u00e1ria da Maria-Fuma\u00e7a na Mooca"},"content":{"rendered":"<p class=\"MsoNormal\" style=\"text-align: center; margin: 0cm; font-size: 12pt; font-family: Aptos,sans-serif;\" align=\"center\">\n<p class=\"MsoNormal\" style=\"text-align: center; line-height: 115%; margin: 0cm; font-size: 12pt; font-family: Aptos,sans-serif;\" align=\"center\"><b><i>Obra do artista italiano <\/i><\/b><b><i>Edoardo<br \/>\nEttorre, integra as comemora\u00e7\u00f5es dos 30 anos do Arsenal da Esperan\u00e7a, maior<br \/>\ncentro de acolhida de S\u00e3o Paulo <\/i><\/b><\/p>\n<p class=\"MsoNormal\" style=\"text-align: center; line-height: 115%; margin: 0cm; font-size: 12pt; font-family: Aptos,sans-serif;\" align=\"center\"><b><i>\u00a0<\/i><\/b><\/p>\n<p class=\"MsoNormal\" style=\"text-align: center; line-height: 115%; margin: 0cm; font-size: 12pt; font-family: Aptos,sans-serif;\" align=\"center\"><b><i>Interven\u00e7\u00e3o poder\u00e1<br \/>\nser vista diariamente por 400 mil passageiros da Linha 10 Turquesa da CPTM e pelos<br \/>\nmoradores da Zona Leste<\/i><\/b><\/p>\n<p class=\"MsoNormal\" style=\"text-align: center; line-height: 115%; margin: 0cm; font-size: 12pt; font-family: Aptos,sans-serif;\" align=\"center\"><b><i>\u00a0<\/i><\/b><\/p>\n<p class=\"MsoNormal\" style=\"text-align: center; line-height: 115%; margin: 0cm; font-size: 12pt; font-family: Aptos,sans-serif;\" align=\"center\"><b><i><img decoding=\"async\" src=\"data:image\/gif;base64,R0lGODlhAQABAIAAAAAAAP\/\/\/ywAAAAAAQABAAACAUwAOw==\" fifu-lazy=\"1\" fifu-data-sizes=\"auto\" fifu-data-srcset=\"https:\/\/i0.wp.com\/verde-amarelo.net\/verdeamarelo\/wp-content\/uploads\/2026\/04\/image-9.jpeg?ssl=1&w=75&resize=75&ssl=1 75w, https:\/\/i0.wp.com\/verde-amarelo.net\/verdeamarelo\/wp-content\/uploads\/2026\/04\/image-9.jpeg?ssl=1&w=100&resize=100&ssl=1 100w, https:\/\/i0.wp.com\/verde-amarelo.net\/verdeamarelo\/wp-content\/uploads\/2026\/04\/image-9.jpeg?ssl=1&w=150&resize=150&ssl=1 150w, https:\/\/i0.wp.com\/verde-amarelo.net\/verdeamarelo\/wp-content\/uploads\/2026\/04\/image-9.jpeg?ssl=1&w=240&resize=240&ssl=1 240w, https:\/\/i0.wp.com\/verde-amarelo.net\/verdeamarelo\/wp-content\/uploads\/2026\/04\/image-9.jpeg?ssl=1&w=320&resize=320&ssl=1 320w, https:\/\/i0.wp.com\/verde-amarelo.net\/verdeamarelo\/wp-content\/uploads\/2026\/04\/image-9.jpeg?ssl=1&w=500&resize=500&ssl=1 500w, https:\/\/i0.wp.com\/verde-amarelo.net\/verdeamarelo\/wp-content\/uploads\/2026\/04\/image-9.jpeg?ssl=1&w=640&resize=640&ssl=1 640w, https:\/\/i0.wp.com\/verde-amarelo.net\/verdeamarelo\/wp-content\/uploads\/2026\/04\/image-9.jpeg?ssl=1&w=800&resize=800&ssl=1 800w, https:\/\/i0.wp.com\/verde-amarelo.net\/verdeamarelo\/wp-content\/uploads\/2026\/04\/image-9.jpeg?ssl=1&w=1024&resize=1024&ssl=1 1024w, https:\/\/i0.wp.com\/verde-amarelo.net\/verdeamarelo\/wp-content\/uploads\/2026\/04\/image-9.jpeg?ssl=1&w=1280&resize=1280&ssl=1 1280w, https:\/\/i0.wp.com\/verde-amarelo.net\/verdeamarelo\/wp-content\/uploads\/2026\/04\/image-9.jpeg?ssl=1&w=1600&resize=1600&ssl=1 1600w\" fifu-data-src=\"https:\/\/i0.wp.com\/verde-amarelo.net\/verdeamarelo\/wp-content\/uploads\/2026\/04\/image-9.jpeg?ssl=1\" alt=\"image.jpeg\" width=\"452\" height=\"339\" \/><\/i><\/b><b><i><\/i><\/b><\/p>\n<p class=\"MsoNormal\" style=\"text-align: center; line-height: 115%; margin: 0cm; font-size: 12pt; font-family: Aptos,sans-serif;\" align=\"center\">Arte urbana<br \/>\n\u2018Acolhida\u2019 \u00e0 beira dos trilhos da CPTM (Cr\u00e9dito Jos\u00e9 Luiz Altieri)<\/p>\n<p class=\"MsoNormal\" style=\"text-align: center; line-height: 115%; margin: 0cm; font-size: 12pt; font-family: Aptos,sans-serif;\" align=\"center\"><b><i>\u00a0<\/i><\/b><\/p>\n<p class=\"MsoNormal\" style=\"text-align: center; line-height: 115%; margin: 0cm; font-size: 12pt; font-family: Aptos,sans-serif;\" align=\"center\">\n<p class=\"MsoNormal\" style=\"text-align: center; line-height: 115%; margin: 0cm; font-size: 12pt; font-family: Aptos,sans-serif;\" align=\"center\">\n<p class=\"MsoNormal\" style=\"text-align: justify; margin: 0cm; font-size: 12pt; font-family: Aptos,sans-serif;\"><b>S\u00e3o Paulo, abril de 2026<\/b> \u2013 Mais do que uma interven\u00e7\u00e3o art\u00edstica, a arte urbana <i>Acolhida<\/i><br \/>\n\u00e9 uma mensagem de solidariedade. Inaugurada na \u00faltima ter\u00e7a-feira, 21, na<br \/>\nplataforma da esta\u00e7\u00e3o ferrovi\u00e1ria da Maria-Fuma\u00e7a, na Mooca, a arte de 26m de<br \/>\nlargura X 8m de altura \u00e9 assinada pelo artista italiano Edoardo Ettorre e<br \/>\nintegra as comemora\u00e7\u00f5es dos 30 anos do <a href=\"https:\/\/br.sermig.org\/arsenais\/arsenal-da-esperanza-sao-paulo-brasil.html\" target=\"_blank\" rel=\"noopener\">Arsenal<br \/>\nda Esperan\u00e7a<\/a>.<\/p>&nbsp;&nbsp;\n<p class=\"MsoNormal\" style=\"text-align: justify; margin: 0cm; font-size: 12pt; font-family: Aptos,sans-serif;\">\n<p class=\"MsoNormal\" style=\"text-align: justify; margin: 0cm; font-size: 12pt; font-family: Aptos,sans-serif;\">\u201c\u2018Acolhida\u2019 \u00e9 um convite para que milhares de pessoas conhe\u00e7am o Arsenal<br \/>\nda Esperan\u00e7a e se somem a esse trabalho de apoio a pessoas em situa\u00e7\u00e3o de<br \/>\nvulnerabilidade\u201d, afirmou o padre italiano Simone Bernardi, diretor da<br \/>\ninstitui\u00e7\u00e3o, durante a cerim\u00f4nia de inaugura\u00e7\u00e3o.<\/p>&nbsp;&nbsp;\n<p class=\"MsoNormal\" style=\"text-align: justify; margin: 0cm; font-size: 12pt; font-family: Aptos,sans-serif;\">\n<p class=\"MsoNormal\" style=\"text-align: justify; margin: 0cm; font-size: 12pt; font-family: Aptos,sans-serif;\">Instalada em um muro localizado na plataforma da esta\u00e7\u00e3o ferrovi\u00e1ria, atr\u00e1s<br \/>\ndo Arsenal, a obra pode ser vista a partir do Museu da Imigra\u00e7\u00e3o e deve<br \/>\nimpactar cerca de 400 mil passageiros por dia que utilizam a Linha 10\u2013Turquesa<br \/>\nda CPTM, no trecho entre as esta\u00e7\u00f5es Br\u00e1s e Juventus\u2013Mooca (segundo dados do<br \/>\nEstad\u00e3o Mobilidade, 2025), al\u00e9m de moradores da regi\u00e3o. A obra pode ser<br \/>\napreciada em um plano melhor pela rua Palmorino M\u00f4naco, altura do n\u00famero 834.<\/p>&nbsp;&nbsp;\n<p class=\"MsoNormal\" style=\"text-align: justify; margin: 0cm; font-size: 12pt; font-family: Aptos,sans-serif;\">\n<p class=\"MsoNormal\" style=\"text-align: justify; margin: 0cm; font-size: 12pt; font-family: Aptos,sans-serif;\">Durante a cerim\u00f4nia, Ettorre destacou a experi\u00eancia de imers\u00e3o no<br \/>\ncotidiano da institui\u00e7\u00e3o: \u201cFoi uma viv\u00eancia inesquec\u00edvel acompanhar o dia a dia<br \/>\ndo Arsenal da Esperan\u00e7a. Sou muito grato aos acolhidos que participaram como<br \/>\nvolunt\u00e1rios e contribu\u00edram para a realiza\u00e7\u00e3o deste trabalho. Espero que todos<br \/>\nse conectem com a obra, feita com muito envolvimento.\u201d O artista produziu a<br \/>\npintura em sete dias, com a ajuda de seis acolhidos e ficou hospedado nesse<br \/>\nper\u00edodo na institui\u00e7\u00e3o.<\/p>&nbsp;&nbsp;\n<p class=\"MsoNormal\" style=\"text-align: justify; margin: 0cm; font-size: 12pt; font-family: Aptos,sans-serif;\">\n<p class=\"MsoNormal\" style=\"text-align: justify; margin: 0cm; font-size: 12pt; font-family: Aptos,sans-serif;\">A curadora Giulia Lavinia Lupo, da She Wolf by Giulia, define \u2018Acolhida\u2019<br \/>\ncomo um gesto simb\u00f3lico de empatia e responsabilidade coletiva. \u201cEsperamos que<br \/>\ntodos que a vejam sintam-se convidados a estender a m\u00e3o a quem precisa. Esse<br \/>\nprojeto nasceu de uma conversa iniciada em 2023 com padre Simone, amadureceu em<br \/>\n2025 e s\u00f3 se tornou poss\u00edvel gra\u00e7as a uma uni\u00e3o de esfor\u00e7os\u201d, afirma. \u201cTudo o<br \/>\nque fizermos pelo Arsenal ainda ser\u00e1 pouco diante da grandeza do trabalho<br \/>\nrealizado aqui.\u201d<\/p>\n<p class=\"MsoNormal\" style=\"text-align: justify; margin: 0cm; font-size: 12pt; font-family: Aptos,sans-serif;\">\n<p class=\"MsoNormal\" style=\"text-align: justify; margin: 0cm; font-size: 12pt; font-family: Aptos,sans-serif;\">Reconhecido como o maior centro de acolhida da cidade de S\u00e3o Paulo, o<br \/>\nArsenal da Esperan\u00e7a atende diariamente cerca de 1.200 homens em situa\u00e7\u00e3o de<br \/>\nvulnerabilidade social. A institui\u00e7\u00e3o desenvolve a\u00e7\u00f5es educativas, culturais e<br \/>\nde capacita\u00e7\u00e3o profissional voltadas \u00e0 gera\u00e7\u00e3o de renda e \u00e0 reconstru\u00e7\u00e3o de<br \/>\ntrajet\u00f3rias, promovendo dignidade e novas oportunidades de vida. Ao longo de<br \/>\nsua hist\u00f3ria, j\u00e1 acolheu cerca de 80 mil homens e recebeu diversos<br \/>\nreconhecimentos, entre eles a Salva de Prata, maior honraria da C\u00e2mara<br \/>\nMunicipal de S\u00e3o Paulo (concedida 4.12.2024).<\/p>&nbsp;&nbsp;\n<p class=\"MsoNormal\" style=\"text-align: justify; margin: 0cm; font-size: 12pt; font-family: Aptos,sans-serif;\">\n<p class=\"MsoNormal\" style=\"text-align: justify; margin: 0cm; font-size: 12pt; font-family: Aptos,sans-serif;\">\u201cEste ano celebramos os in\u00fameros gestos de acolhimento e as<br \/>\noportunidades geradas ao longo de tr\u00eas d\u00e9cadas, que impactaram diretamente<br \/>\nmilhares de vidas\u201d, ressalta o padre Simone Bernardi. \u201cQuem conhece o Arsenal<br \/>\ncostuma se surpreender com sua dimens\u00e3o e com tudo o que \u00e9 oferecido aqui.\u201d<\/p>\n<p class=\"MsoNormal\" style=\"text-align: justify; margin: 0cm; font-size: 12pt; font-family: Aptos,sans-serif;\">\n<p class=\"MsoNormal\" style=\"text-align: justify; margin: 0cm; font-size: 12pt; font-family: Aptos,sans-serif;\">Para Lillo Guarneri, diretor do Instituto Italiano de Cultura de S\u00e3o<br \/>\nPaulo, parceiro na realiza\u00e7\u00e3o da obra, a interven\u00e7\u00e3o amplia a visibilidade da<br \/>\ninstitui\u00e7\u00e3o: \u201cEssa obra contribui para que o Arsenal da Esperan\u00e7a seja ainda<br \/>\nmais conhecido. H\u00e1 tamb\u00e9m uma forte carga simb\u00f3lica no local, j\u00e1 que o mural<br \/>\nest\u00e1 no mesmo muro por onde muitos imigrantes chegavam \u00e0 cidade de trem.\u201d<\/p>\n<p class=\"MsoNormal\" style=\"text-align: justify; margin: 0cm; font-size: 12pt; font-family: Aptos,sans-serif;\">\n<p class=\"MsoNormal\" style=\"text-align: justify; margin: 0cm; font-size: 12pt; font-family: Aptos,sans-serif;\">Estiveram presentes na cerim\u00f4nia tamb\u00e9m a vice-c\u00f4nsul da It\u00e1lia em S\u00e3o<br \/>\nPaulo Marianna Haddad; a diretora do Museu da Imigra\u00e7\u00e3o Alessandra Almeida; o<br \/>\ndeputado da Rep\u00fablica Italiana Paulo Fiorilo e o deputado estadual Paulo<br \/>\nFiorilo.<\/p>&nbsp;&nbsp;\n<p class=\"MsoNormal\" style=\"text-align: justify; margin: 0cm; font-size: 12pt; font-family: Aptos,sans-serif;\">\n<p class=\"MsoNormal\" style=\"text-align: justify; margin: 0cm; font-size: 12pt; font-family: Aptos,sans-serif;\">O descerramento da placa comemorativa do mural aconteceu no Sal\u00e3o Vida<br \/>\nFraterna e depois convidados e o p\u00fablico que se inscreveu para a cerim\u00f4nia,<br \/>\nforam conduzidos at\u00e9 a plataforma para conhecer o mural gigante e fazer fotos,<br \/>\ninclusive com o artista Ettorre com sua obra. O evento foi encerrado com alguns<br \/>\nconvidados que puderam andar de Maria-Fuma\u00e7a e conhecer a Esta\u00e7\u00e3o Ferrovi\u00e1ria<br \/>\nque fez parte da hist\u00f3ria da imigra\u00e7\u00e3o.<\/p>&nbsp;&nbsp;\n<p class=\"MsoNormal\" style=\"text-align: justify; margin: 0cm; font-size: 12pt; font-family: Aptos,sans-serif;\">\n<p class=\"MsoNormal\" style=\"text-align: justify; margin: 0cm; font-size: 12pt; font-family: Aptos,sans-serif;\"><b>Arte \u2018Acolhida\u2019<\/b><\/p>\n<p class=\"MsoNormal\" style=\"margin: 0cm; font-size: 12pt; font-family: Aptos,sans-serif;\">Arte urbana \u201cAcolhida\u201d \u2013 Artista Edoardo<br \/>\nEttorre &#8211; <a href=\"https:\/\/edoardoettorre.com\/\" target=\"_blank\" rel=\"noopener\">Website<\/a> \/ <a href=\"https:\/\/www.instagram.com\/edoardo.ettorre\/\" target=\"_blank\" rel=\"noopener\">Instagram<\/a><\/p>\n<p class=\"MsoNormal\" style=\"text-align: justify; margin: 0cm; font-size: 12pt; font-family: Aptos,sans-serif;\">Curadoria Giulia Lavinia<br \/>\nLupo &#8211; <a href=\"https:\/\/www.instagram.com\/giulialavinialupo\/\" target=\"_blank\" rel=\"noopener\">InstagramGiulia<\/a><br \/>\n\/ <a href=\"https:\/\/www.instagram.com\/shewolfbygiulia\/\" target=\"_blank\" rel=\"noopener\">InstagramSheWolf<\/a> \/ <a href=\"https:\/\/www.shewolfbygiulia.com\/\" target=\"_blank\" rel=\"noopener\">Website<\/a><br \/>\n\/ <a href=\"http:\/\/www.linkedin.com\/in\/giulia-lavinia-lupo-00908123\" target=\"_blank\" rel=\"noopener\">Linkedin<\/a><\/p>\n<p class=\"MsoNormal\" style=\"text-align: justify; margin: 0cm; font-size: 12pt; font-family: Aptos,sans-serif;\">\n<p class=\"MsoNormal\" style=\"text-align: justify; margin: 0cm; font-size: 12pt; font-family: Aptos,sans-serif;\"><b>Realiza\u00e7\u00e3o: <\/b><\/p>\n<p class=\"MsoNormal\" style=\"text-align: justify; margin: 0cm; font-size: 12pt; font-family: Aptos,sans-serif;\">Arsenal<br \/>\nda Esperan\u00e7a (Rua Dr. Almeida Lima,<br \/>\n900, Mooca) &#8211; <a href=\"https:\/\/www.facebook.com\/arsenaldaesperanca\/\" target=\"_blank\" rel=\"noopener\">Facebook<\/a> \/ <a href=\"https:\/\/www.instagram.com\/arsenal_da_esperanca?igsh=MXdvajV2ZnR4ZnY0ZQ==\" target=\"_blank\" rel=\"noopener\">Instagram<\/a> \/ <a href=\"https:\/\/www.youtube.com\/@arsenaldobrasil\" target=\"_blank\" rel=\"noopener\">YouTube<\/a><\/p>\n<p class=\"MsoNormal\" style=\"text-align: justify; margin: 0cm; font-size: 12pt; font-family: Aptos,sans-serif;\">Instituto<br \/>\nItaliano de Cultura de S\u00e3o Paulo <a href=\"https:\/\/www.facebook.com\/IstitutoItalianoDiCulturaSanPaolo\" target=\"_blank\" rel=\"noopener\">Facebook <\/a>\u00a0| <a href=\"https:\/\/www.instagram.com\/iic_sanpaolo?igsh=MTk2OTJqZ3ltczJzZA==\" target=\"_blank\" rel=\"noopener\">Instagram <\/a>| <a href=\"https:\/\/www.youtube.com\/@iicsanpaolo1444\" target=\"_blank\" rel=\"noopener\">YouTube<\/a><\/p>\n","protected":false},"excerpt":{"rendered":"<p>Obra do artista italiano Edoardo Ettorre, integra as comemora\u00e7\u00f5es dos 30 anos do Arsenal da&#8230;<\/p>\n","protected":false},"author":1,"featured_media":315191,"comment_status":"closed","ping_status":"closed","sticky":false,"template":"","format":"standard","meta":{"fifu_image_url":"https:\/\/verde-amarelo.net\/verdeamarelo\/wp-content\/uploads\/2026\/04\/image-2.jpg","fifu_image_alt":"","footnotes":""},"categories":[7490,7488,727,8697],"tags":[58,12885],"class_list":["post-315188","post","type-post","status-publish","format-standard","has-post-thumbnail","hentry","category-cultura","category-destaques","category-noticias","category-sociedade","tag-noticias","tag-verdeamarelo","wpcat-7490-id","wpcat-7488-id","wpcat-727-id","wpcat-8697-id"],"_links":{"self":[{"href":"https:\/\/verde-amarelo.net\/verdeamarelo\/wp-json\/wp\/v2\/posts\/315188","targetHints":{"allow":["GET"]}}],"collection":[{"href":"https:\/\/verde-amarelo.net\/verdeamarelo\/wp-json\/wp\/v2\/posts"}],"about":[{"href":"https:\/\/verde-amarelo.net\/verdeamarelo\/wp-json\/wp\/v2\/types\/post"}],"author":[{"embeddable":true,"href":"https:\/\/verde-amarelo.net\/verdeamarelo\/wp-json\/wp\/v2\/users\/1"}],"replies":[{"embeddable":true,"href":"https:\/\/verde-amarelo.net\/verdeamarelo\/wp-json\/wp\/v2\/comments?post=315188"}],"version-history":[{"count":2,"href":"https:\/\/verde-amarelo.net\/verdeamarelo\/wp-json\/wp\/v2\/posts\/315188\/revisions"}],"predecessor-version":[{"id":315529,"href":"https:\/\/verde-amarelo.net\/verdeamarelo\/wp-json\/wp\/v2\/posts\/315188\/revisions\/315529"}],"wp:featuredmedia":[{"embeddable":true,"href":"https:\/\/verde-amarelo.net\/verdeamarelo\/wp-json\/wp\/v2\/media\/315191"}],"wp:attachment":[{"href":"https:\/\/verde-amarelo.net\/verdeamarelo\/wp-json\/wp\/v2\/media?parent=315188"}],"wp:term":[{"taxonomy":"category","embeddable":true,"href":"https:\/\/verde-amarelo.net\/verdeamarelo\/wp-json\/wp\/v2\/categories?post=315188"},{"taxonomy":"post_tag","embeddable":true,"href":"https:\/\/verde-amarelo.net\/verdeamarelo\/wp-json\/wp\/v2\/tags?post=315188"}],"curies":[{"name":"wp","href":"https:\/\/api.w.org\/{rel}","templated":true}]}}