{"id":315278,"date":"2026-04-27T09:08:57","date_gmt":"2026-04-27T12:08:57","guid":{"rendered":"https:\/\/verde-amarelo.net\/verdeamarelo\/?p=315278"},"modified":"2026-04-27T18:09:45","modified_gmt":"2026-04-27T21:09:45","slug":"curso-gratuito-e-online-de-administracao-mira-alta-demanda-por-profissionais-mais-estrategicos","status":"publish","type":"post","link":"https:\/\/verde-amarelo.net\/verdeamarelo\/2026\/04\/curso-gratuito-e-online-de-administracao-mira-alta-demanda-por-profissionais-mais-estrategicos\/","title":{"rendered":"Curso gratuito e online de administra\u00e7\u00e3o mira alta demanda por profissionais mais estrat\u00e9gicos"},"content":{"rendered":"<p style=\"margin: 0cm; text-align: center;\" align=\"center\">\n<p style=\"margin: 0cm; text-align: center;\" align=\"center\"><i>Forma\u00e7\u00e3o da Kultivi responde a mudan\u00e7as no mercado, onde at\u00e9 70% das habilidades devem se transformar nos pr\u00f3ximos anos<\/i><\/p>\n<p class=\"MsoNormal\">\n<p style=\"margin: 0cm; text-align: justify;\"><b>Brasil, abril de 2026 &#8211;<\/b> A r\u00e1pida transforma\u00e7\u00e3o do mercado de trabalho tem ampliado a demanda por profissionais com vis\u00e3o estrat\u00e9gica e capacidade de decis\u00e3o. Segundo levantamento do LinkedIn, cerca de 70% das habilidades exigidas pelas empresas devem mudar nos pr\u00f3ximos cinco anos, impulsionadas principalmente pelo avan\u00e7o da tecnologia e da intelig\u00eancia artificial. Nesse cen\u00e1rio, compet\u00eancias ligadas \u00e0 gest\u00e3o, an\u00e1lise e organiza\u00e7\u00e3o ganham protagonismo em diferentes \u00e1reas.<\/p>&nbsp;&nbsp;\n<p class=\"MsoNormal\">\n<p style=\"margin: 0cm; text-align: justify;\">Al\u00e9m disso, estudos recentes indicam que o dom\u00ednio de habilidades estrat\u00e9gicas j\u00e1 impacta diretamente a empregabilidade. De acordo com pesquisa da consultoria Robert Half, 84% dos gestores est\u00e3o dispostos a oferecer sal\u00e1rios mais altos para profissionais com compet\u00eancias especializadas, especialmente aquelas relacionadas \u00e0 gest\u00e3o, an\u00e1lise de dados e tomada de decis\u00e3o. A tend\u00eancia refor\u00e7a a valoriza\u00e7\u00e3o de conhecimentos aplicados \u00e0 administra\u00e7\u00e3o no ambiente corporativo.<\/p>&nbsp;&nbsp;\n<p class=\"MsoNormal\">\n<p style=\"margin: 0cm; text-align: justify;\">Outro levantamento, divulgado pelo World Economic Forum, aponta que habilidades como pensamento anal\u00edtico, resolu\u00e7\u00e3o de problemas e lideran\u00e7a est\u00e3o entre as mais demandadas globalmente at\u00e9 o fim da d\u00e9cada. No Brasil, o crescimento da demanda por compet\u00eancias ligadas \u00e0 gest\u00e3o de projetos, opera\u00e7\u00f5es e efici\u00eancia organizacional tamb\u00e9m aparece entre as principais tend\u00eancias do mercado.<\/p>&nbsp;&nbsp;\n<p class=\"MsoNormal\">\n<p style=\"margin: 0cm; text-align: justify;\">\u00c9 nesse contexto que a Kultivi, maior plataforma de educa\u00e7\u00e3o online do pa\u00eds, lan\u00e7ou o curso &#8220;Fundamentos da Administra\u00e7\u00e3o para o Mercado de Trabalho&#8221;. A forma\u00e7\u00e3o aborda desde conceitos b\u00e1sicos at\u00e9 aplica\u00e7\u00f5es pr\u00e1ticas em planejamento estrat\u00e9gico, gest\u00e3o de pessoas, finan\u00e7as e tomada de decis\u00e3o, conectando teoria \u00e0 realidade profissional.<\/p>&nbsp;&nbsp;\n<p class=\"MsoNormal\">\n<p style=\"margin: 0cm; text-align: justify;\">A trilha de aprendizado inclui aulas como &#8220;O que \u00e9 Administra\u00e7\u00e3o?&#8221;, &#8220;Hist\u00f3ria da Administra\u00e7\u00e3o&#8221;, &#8220;Fun\u00e7\u00f5es da Administra\u00e7\u00e3o&#8221; e &#8220;Import\u00e2ncia da Administra\u00e7\u00e3o no Mercado de Trabalho&#8221;, al\u00e9m de conte\u00fados voltados \u00e0 pr\u00e1tica, como planejamento estrat\u00e9gico, gest\u00e3o de pessoas e gest\u00e3o financeira. O curso tamb\u00e9m contempla estudo de caso, identifica\u00e7\u00e3o de oportunidades no mercado, tomada de decis\u00e3o em ambientes organizacionais, revis\u00e3o dos conceitos e aplica\u00e7\u00e3o pr\u00e1tica dos fundamentos, com atividades e quest\u00f5es ao longo de todo o percurso para refor\u00e7ar o aprendizado.<\/p>&nbsp;&nbsp;\n<p class=\"MsoNormal\">\n<p style=\"margin: 0cm; text-align: justify;\">Segundo Claudio Matos, CEO\u00a0 da Kultivi, a proposta \u00e9 ampliar o acesso a compet\u00eancias que hoje s\u00e3o determinantes para o crescimento profissional: &#8220;Os dados mostram que o mercado n\u00e3o busca apenas execu\u00e7\u00e3o, mas profissionais que entendam o contexto e saibam tomar decis\u00f5es. A administra\u00e7\u00e3o se tornou uma compet\u00eancia essencial, independentemente da \u00e1rea de atua\u00e7\u00e3o.&#8221; O CEO tamb\u00e9m destaca o papel da educa\u00e7\u00e3o gratuita diante desse cen\u00e1rio de transforma\u00e7\u00e3o acelerada: &#8220;Quando oferecemos forma\u00e7\u00e3o pr\u00e1tica e acess\u00edvel, ajudamos a reduzir o gap entre o que o mercado exige e o que as pessoas conseguem desenvolver. Isso impacta diretamente a empregabilidade e a evolu\u00e7\u00e3o de carreira&#8221;, ressalta o especialista.<\/p>&nbsp;&nbsp;\n<p class=\"MsoNormal\">\n<p style=\"margin: 0cm; text-align: justify;\">Dispon\u00edvel gratuitamente e em formato online, o curso busca atender tanto quem est\u00e1 ingressando no mercado quanto profissionais que desejam atualizar suas compet\u00eancias e acompanhar as novas exig\u00eancias do mundo do trabalho.<\/p>&nbsp;&nbsp;\n<p class=\"MsoNormal\">\n<p style=\"margin: 0cm; text-align: justify;\">A Kultivi \u00e9 uma plataforma de educa\u00e7\u00e3o online que oferece cursos gratuitos em diversas \u00e1reas do conhecimento. Fundada com a miss\u00e3o de democratizar o acesso \u00e0 aprendizagem, disponibiliza conte\u00fados atualizados, materiais de apoio e certifica\u00e7\u00e3o sem custo, impactando milh\u00f5es de estudantes em todo o Brasil. Atualmente, a institui\u00e7\u00e3o conta com mais de 5 milh\u00f5es de alunos ativos. Mais informa\u00e7\u00f5es em:<a href=\"https:\/\/kultivi.com\/\"> https:\/\/kultivi.com\/<\/a>.<\/p>&nbsp;&nbsp;\n<p class=\"MsoNormal\">\n<a href=\"https:\/\/verde-amarelo.net\/verdeamarelo\/?attachment_id=315280\"><img decoding=\"async\" src=\"data:image\/gif;base64,R0lGODlhAQABAIAAAAAAAP\/\/\/ywAAAAAAQABAAACAUwAOw==\" fifu-lazy=\"1\" fifu-data-sizes=\"auto\" fifu-data-srcset=\"https:\/\/i0.wp.com\/verde-amarelo.net\/verdeamarelo\/wp-content\/uploads\/2026\/04\/front-view-businesswoman-working-with-laptop-notebook-430x242.jpg?ssl=1&w=75&resize=75&ssl=1 75w, https:\/\/i0.wp.com\/verde-amarelo.net\/verdeamarelo\/wp-content\/uploads\/2026\/04\/front-view-businesswoman-working-with-laptop-notebook-430x242.jpg?ssl=1&w=100&resize=100&ssl=1 100w, https:\/\/i0.wp.com\/verde-amarelo.net\/verdeamarelo\/wp-content\/uploads\/2026\/04\/front-view-businesswoman-working-with-laptop-notebook-430x242.jpg?ssl=1&w=150&resize=150&ssl=1 150w, https:\/\/i0.wp.com\/verde-amarelo.net\/verdeamarelo\/wp-content\/uploads\/2026\/04\/front-view-businesswoman-working-with-laptop-notebook-430x242.jpg?ssl=1&w=240&resize=240&ssl=1 240w, https:\/\/i0.wp.com\/verde-amarelo.net\/verdeamarelo\/wp-content\/uploads\/2026\/04\/front-view-businesswoman-working-with-laptop-notebook-430x242.jpg?ssl=1&w=320&resize=320&ssl=1 320w, https:\/\/i0.wp.com\/verde-amarelo.net\/verdeamarelo\/wp-content\/uploads\/2026\/04\/front-view-businesswoman-working-with-laptop-notebook-430x242.jpg?ssl=1&w=500&resize=500&ssl=1 500w, https:\/\/i0.wp.com\/verde-amarelo.net\/verdeamarelo\/wp-content\/uploads\/2026\/04\/front-view-businesswoman-working-with-laptop-notebook-430x242.jpg?ssl=1&w=640&resize=640&ssl=1 640w, https:\/\/i0.wp.com\/verde-amarelo.net\/verdeamarelo\/wp-content\/uploads\/2026\/04\/front-view-businesswoman-working-with-laptop-notebook-430x242.jpg?ssl=1&w=800&resize=800&ssl=1 800w, https:\/\/i0.wp.com\/verde-amarelo.net\/verdeamarelo\/wp-content\/uploads\/2026\/04\/front-view-businesswoman-working-with-laptop-notebook-430x242.jpg?ssl=1&w=1024&resize=1024&ssl=1 1024w, https:\/\/i0.wp.com\/verde-amarelo.net\/verdeamarelo\/wp-content\/uploads\/2026\/04\/front-view-businesswoman-working-with-laptop-notebook-430x242.jpg?ssl=1&w=1280&resize=1280&ssl=1 1280w, https:\/\/i0.wp.com\/verde-amarelo.net\/verdeamarelo\/wp-content\/uploads\/2026\/04\/front-view-businesswoman-working-with-laptop-notebook-430x242.jpg?ssl=1&w=1600&resize=1600&ssl=1 1600w\" class=\"alignnone size-medium wp-image-315280\" fifu-data-src=\"https:\/\/i0.wp.com\/verde-amarelo.net\/verdeamarelo\/wp-content\/uploads\/2026\/04\/front-view-businesswoman-working-with-laptop-notebook-430x242.jpg?ssl=1\" alt=\"\" width=\"430px\" height=\"242px\" \/><\/a><br \/>\n<a href=\"https:\/\/verde-amarelo.net\/verdeamarelo\/?attachment_id=315281\"><img decoding=\"async\" src=\"data:image\/gif;base64,R0lGODlhAQABAIAAAAAAAP\/\/\/ywAAAAAAQABAAACAUwAOw==\" fifu-lazy=\"1\" fifu-data-sizes=\"auto\" fifu-data-srcset=\"https:\/\/i1.wp.com\/verde-amarelo.net\/verdeamarelo\/wp-content\/uploads\/2026\/04\/virtual-classroom-study-space-430x286.jpg?ssl=1&w=75&resize=75&ssl=1 75w, https:\/\/i1.wp.com\/verde-amarelo.net\/verdeamarelo\/wp-content\/uploads\/2026\/04\/virtual-classroom-study-space-430x286.jpg?ssl=1&w=100&resize=100&ssl=1 100w, https:\/\/i1.wp.com\/verde-amarelo.net\/verdeamarelo\/wp-content\/uploads\/2026\/04\/virtual-classroom-study-space-430x286.jpg?ssl=1&w=150&resize=150&ssl=1 150w, https:\/\/i1.wp.com\/verde-amarelo.net\/verdeamarelo\/wp-content\/uploads\/2026\/04\/virtual-classroom-study-space-430x286.jpg?ssl=1&w=240&resize=240&ssl=1 240w, https:\/\/i1.wp.com\/verde-amarelo.net\/verdeamarelo\/wp-content\/uploads\/2026\/04\/virtual-classroom-study-space-430x286.jpg?ssl=1&w=320&resize=320&ssl=1 320w, https:\/\/i1.wp.com\/verde-amarelo.net\/verdeamarelo\/wp-content\/uploads\/2026\/04\/virtual-classroom-study-space-430x286.jpg?ssl=1&w=500&resize=500&ssl=1 500w, https:\/\/i1.wp.com\/verde-amarelo.net\/verdeamarelo\/wp-content\/uploads\/2026\/04\/virtual-classroom-study-space-430x286.jpg?ssl=1&w=640&resize=640&ssl=1 640w, https:\/\/i1.wp.com\/verde-amarelo.net\/verdeamarelo\/wp-content\/uploads\/2026\/04\/virtual-classroom-study-space-430x286.jpg?ssl=1&w=800&resize=800&ssl=1 800w, https:\/\/i1.wp.com\/verde-amarelo.net\/verdeamarelo\/wp-content\/uploads\/2026\/04\/virtual-classroom-study-space-430x286.jpg?ssl=1&w=1024&resize=1024&ssl=1 1024w, https:\/\/i1.wp.com\/verde-amarelo.net\/verdeamarelo\/wp-content\/uploads\/2026\/04\/virtual-classroom-study-space-430x286.jpg?ssl=1&w=1280&resize=1280&ssl=1 1280w, https:\/\/i1.wp.com\/verde-amarelo.net\/verdeamarelo\/wp-content\/uploads\/2026\/04\/virtual-classroom-study-space-430x286.jpg?ssl=1&w=1600&resize=1600&ssl=1 1600w\" class=\"alignnone size-medium wp-image-315281\" fifu-data-src=\"https:\/\/i1.wp.com\/verde-amarelo.net\/verdeamarelo\/wp-content\/uploads\/2026\/04\/virtual-classroom-study-space-430x286.jpg?ssl=1\" alt=\"\" width=\"430px\" height=\"286px\" \/><\/a><\/p>\n","protected":false},"excerpt":{"rendered":"<p>Forma\u00e7\u00e3o da Kultivi responde a mudan\u00e7as no mercado, onde at\u00e9 70% das habilidades devem se&#8230;<\/p>\n","protected":false},"author":1,"featured_media":315282,"comment_status":"closed","ping_status":"closed","sticky":false,"template":"","format":"standard","meta":{"fifu_image_url":"https:\/\/verde-amarelo.net\/verdeamarelo\/wp-content\/uploads\/2026\/04\/front-view-businesswoman-working-with-laptop-notebook-430x242.jpg","fifu_image_alt":"","footnotes":""},"categories":[727],"tags":[58,12885],"class_list":["post-315278","post","type-post","status-publish","format-standard","has-post-thumbnail","hentry","category-noticias","tag-noticias","tag-verdeamarelo","wpcat-727-id"],"_links":{"self":[{"href":"https:\/\/verde-amarelo.net\/verdeamarelo\/wp-json\/wp\/v2\/posts\/315278","targetHints":{"allow":["GET"]}}],"collection":[{"href":"https:\/\/verde-amarelo.net\/verdeamarelo\/wp-json\/wp\/v2\/posts"}],"about":[{"href":"https:\/\/verde-amarelo.net\/verdeamarelo\/wp-json\/wp\/v2\/types\/post"}],"author":[{"embeddable":true,"href":"https:\/\/verde-amarelo.net\/verdeamarelo\/wp-json\/wp\/v2\/users\/1"}],"replies":[{"embeddable":true,"href":"https:\/\/verde-amarelo.net\/verdeamarelo\/wp-json\/wp\/v2\/comments?post=315278"}],"version-history":[{"count":1,"href":"https:\/\/verde-amarelo.net\/verdeamarelo\/wp-json\/wp\/v2\/posts\/315278\/revisions"}],"predecessor-version":[{"id":315455,"href":"https:\/\/verde-amarelo.net\/verdeamarelo\/wp-json\/wp\/v2\/posts\/315278\/revisions\/315455"}],"wp:featuredmedia":[{"embeddable":true,"href":"https:\/\/verde-amarelo.net\/verdeamarelo\/wp-json\/wp\/v2\/media\/315282"}],"wp:attachment":[{"href":"https:\/\/verde-amarelo.net\/verdeamarelo\/wp-json\/wp\/v2\/media?parent=315278"}],"wp:term":[{"taxonomy":"category","embeddable":true,"href":"https:\/\/verde-amarelo.net\/verdeamarelo\/wp-json\/wp\/v2\/categories?post=315278"},{"taxonomy":"post_tag","embeddable":true,"href":"https:\/\/verde-amarelo.net\/verdeamarelo\/wp-json\/wp\/v2\/tags?post=315278"}],"curies":[{"name":"wp","href":"https:\/\/api.w.org\/{rel}","templated":true}]}}