{"id":315530,"date":"2026-04-27T21:13:42","date_gmt":"2026-04-28T00:13:42","guid":{"rendered":"https:\/\/verde-amarelo.net\/verdeamarelo\/?p=315530"},"modified":"2026-04-27T21:13:42","modified_gmt":"2026-04-28T00:13:42","slug":"com-roosevelt-assuncao-team-rinaldi-garante-vitoria-na-mx4-em-ponta-grossa-na-2a-etapa-do-brasileiro-de-motocross","status":"publish","type":"post","link":"https:\/\/verde-amarelo.net\/verdeamarelo\/2026\/04\/com-roosevelt-assuncao-team-rinaldi-garante-vitoria-na-mx4-em-ponta-grossa-na-2a-etapa-do-brasileiro-de-motocross\/","title":{"rendered":"Com Roosevelt Assun\u00e7\u00e3o, Team Rinaldi garante vit\u00f3ria na MX4 em Ponta Grossa, na 2\u00aa etapa do Brasileiro de Motocross"},"content":{"rendered":"<p><strong>\u00a0<\/strong><\/p>\n<p><em>No total quatro pilotos que defendem a Rinaldi subiram ao p\u00f3dio no Paran\u00e1: Kau\u00e3 Vieira (2\u00ba MX2Jr), Roosevelt Assun\u00e7\u00e3o tamb\u00e9m foi 5\u00ba na MX3, ambos pilotos da FK Rinaldi Kawasaki, e Fernanda Fabris conquistou a 4\u00aa posi\u00e7\u00e3o na MXF (Team Zenni)<\/em><\/p>\n<p><strong>Abril de 2026<\/strong> \u2013 O <strong>Team Rinaldi<\/strong> conquistou quatro p\u00f3dios, sendo uma vit\u00f3ria na MX4, em Ponta Grossa (PR). A 2\u00aa etapa do Campeonato Brasileiro de Motocross &#8211; MX1 GP Brasil Sportbay, disputada no \u00faltimo fim de semana (25 e 26) foi marcada por sol e chuva, o que alterou as condi\u00e7\u00f5es da pista, sobretudo no domingo, com o terreno pesado, com muito barro e canaletas mais profundas, que exigiu uma pilotagem mais t\u00e9cnica e desafiadora &#8211; e foi o que n\u00e3o faltou ao multicampe\u00e3o <strong>Roosevelt Assun\u00e7\u00e3o<\/strong> #100 (FK Rinaldi Kawasaki).<\/p>&nbsp;&nbsp;\n<p>Roosevelt n\u00e3o fez uma boa largada, mas com toda sua experi\u00eancia logo chegou a 4\u00aa posi\u00e7\u00e3o e foi fazendo ultrapassagens at\u00e9 conquistar a ponta e liderar a corrida. Em v\u00e1rios momentos fez a volta mais r\u00e1pida, ainda com a pista em condi\u00e7\u00f5es adversas. \u201cVim de tr\u00e1s e fui ultrapassando. Tive de ter uma pilotagem mais cautelosa porque em alguns pontos a pista estava pesada e em outros lisa. Mas, no final deu tudo certo e eu estava com saudade de vencer, porque fiquei um ano sem correr\u201d, afirmou o piloto, ap\u00f3s a conquista da vit\u00f3ria. \u201cA pista estava bem exigente, t\u00ednhamos duas situa\u00e7\u00f5es, barro e piso duro, que ficou muito liso depois. O pneu RS 47 desempenhou um \u00f3timo trabalho nos dois tipos de terreno, me dando seguran\u00e7a para andar com velocidade durante toda corrida\u201d, completou o paulista, que tamb\u00e9m subiu ao p\u00f3dio na prova da MX3, com a 5\u00aa posi\u00e7\u00e3o.<\/p>&nbsp;&nbsp;\n<p>O catarinense<strong> Kau\u00e3 Vieira #438 <\/strong>(FK Rinaldi Kawasaki) tamb\u00e9m imprimiu um ritmo forte no circuito de Ponta Grossa. Fez uma prova de recupera\u00e7\u00e3o e finalizou em 2\u00ba na MX2Jr. \u201cFoi uma 2\u00aa posi\u00e7\u00e3o com gosto de vit\u00f3ria, porque foi supera\u00e7\u00e3o total em uma prova de recupera\u00e7\u00e3o. Estava mais de seis meses parado por conta de uma cirurgia e voltei a andar apenas 10 dias antes de Canelinha (1\u00aa etapa) e, consegui esse p\u00f3dio. Agora, vamos para cima! Quero agradecer a minha equipe a aos patrocinadores pelo suporte\u201d, comemorou.<\/p>&nbsp;&nbsp;\n<p>Ainda na MX2Jr, corrida marcada por emo\u00e7\u00e3o do in\u00edcio ao fim, vale destacar que <strong>Pablo Galdino #271 <\/strong>(FK Rinaldi Kawasaki) largou na ponta e foi Holeshot &#8211; piloto que lidera e passa em primeiro lugar pela\u00a0primeira curva\u00a0ap\u00f3s a largada -, mas depois perdeu posi\u00e7\u00f5es e finalizou a 2\u00aa etapa em 10\u00ba.<\/p>&nbsp;&nbsp;\n<p><strong>Representante feminina no Motocross<\/strong> \u2013 A partir da etapa de Ponta Grossa, o Team Rinaldi passa a contar com uma representante na categoria feminina, na Maggi KTM Team Zenni, equipe tamb\u00e9m patrocinada pela marca. A paranaense <strong>Fernanda Fabris #201<\/strong> conquistou o segundo p\u00f3dio na temporada e ficou com a 4\u00aa posi\u00e7\u00e3o na MXF.<\/p>&nbsp;&nbsp;\n<p>\u201cEstou super feliz em fazer parte do Team Zenni, fui muito bem recebida e isso me deixou mais motivada, ainda, a conquistar esse p\u00f3dio\u201d, diz a piloto de 15 anos. \u201cSobre os pneus me senti super segura e confort\u00e1vel na pista, nesta minha primeira prova com a Rinaldi\u201d, explica a piloto vice-campe\u00e3 paranaense em 2025 e que finalizou as duas \u00faltimas temporadas do Brasileiro de Motocross, no Top3 e Top5, da MXF.<\/p>&nbsp;&nbsp;\n<p>Refor\u00e7ando seu compromisso com o off-road, a <strong>Rinaldi <\/strong>chegou forte na temporada 2026 para consolidar sua presen\u00e7a no cen\u00e1rio esportivo e ampliando seu apoio a atletas e equipes. Al\u00e9m da parceira com duas equipes, a FK Rinaldi Kawasaki (10 pilotos) chefiada por Frank Galv\u00e3o e a Maggi KTM Team Zenni (seis pilotos), sob o comando do 10X campe\u00e3o de Motocross, Rafael Zenni, a marca renovou patroc\u00ednio ao Brasileiro de Motocross, o maior campeonato da modalidade da Am\u00e9rica Latina.<\/p>&nbsp;&nbsp;\n<p>\u201cOs resultados deste fim de semana mostraram que estamos no caminho certo. A aposta da Rinaldi nas categorias de base e no crescimento do Motocross, consolida uma conex\u00e3o genu\u00edna com o p\u00fablico e com a comunidade que acompanha de perto a evolu\u00e7\u00e3o dos pilotos. \u00c9 um investimento que vai al\u00e9m da exposi\u00e7\u00e3o: trata-se de construir legado, relev\u00e2ncia e relacionamento duradouro com o mercado\u201d, ressalta Jana Brun Nalin, Head de Marketing da Rinaldi.<\/p>&nbsp;&nbsp;\n<p>Mal recuperaram o f\u00f4lego, agora os pilotos se preparam para a 3\u00aa etapa do MX1GP Brasil, que acontece neste fim de semana, 2 e 3 de maio, em Castro, tamb\u00e9m no Paran\u00e1.<\/p>&nbsp;&nbsp;\n<p><strong><em>\u00a0 \u00a0 \u00a0 \u00a0 \u00a0 \u00a0 \u00a0 \u00a0 \u00a0 \u00a0 \u00a0 \u00a0 \u00a0 \u00a0 \u00a0<\/em><\/strong><\/p>\n<figure id=\"attachment_315531\" aria-describedby=\"caption-attachment-315531\" style=\"width: 1024px\" class=\"wp-caption aligncenter\"><a href=\"https:\/\/verde-amarelo.net\/verdeamarelo\/wp-content\/uploads\/2026\/04\/464858_1200211_rinaldi_mx1gpbrasil_credito_neyevangelista_2748_web_.jpg\"><img decoding=\"async\" src=\"data:image\/gif;base64,R0lGODlhAQABAIAAAAAAAP\/\/\/ywAAAAAAQABAAACAUwAOw==\" fifu-lazy=\"1\" fifu-data-sizes=\"auto\" fifu-data-srcset=\"https:\/\/i3.wp.com\/verde-amarelo.net\/verdeamarelo\/wp-content\/uploads\/2026\/04\/464858_1200211_rinaldi_mx1gpbrasil_credito_neyevangelista_2748_web_.jpg?ssl=1&w=75&resize=75&ssl=1 75w, https:\/\/i3.wp.com\/verde-amarelo.net\/verdeamarelo\/wp-content\/uploads\/2026\/04\/464858_1200211_rinaldi_mx1gpbrasil_credito_neyevangelista_2748_web_.jpg?ssl=1&w=100&resize=100&ssl=1 100w, https:\/\/i3.wp.com\/verde-amarelo.net\/verdeamarelo\/wp-content\/uploads\/2026\/04\/464858_1200211_rinaldi_mx1gpbrasil_credito_neyevangelista_2748_web_.jpg?ssl=1&w=150&resize=150&ssl=1 150w, https:\/\/i3.wp.com\/verde-amarelo.net\/verdeamarelo\/wp-content\/uploads\/2026\/04\/464858_1200211_rinaldi_mx1gpbrasil_credito_neyevangelista_2748_web_.jpg?ssl=1&w=240&resize=240&ssl=1 240w, https:\/\/i3.wp.com\/verde-amarelo.net\/verdeamarelo\/wp-content\/uploads\/2026\/04\/464858_1200211_rinaldi_mx1gpbrasil_credito_neyevangelista_2748_web_.jpg?ssl=1&w=320&resize=320&ssl=1 320w, https:\/\/i3.wp.com\/verde-amarelo.net\/verdeamarelo\/wp-content\/uploads\/2026\/04\/464858_1200211_rinaldi_mx1gpbrasil_credito_neyevangelista_2748_web_.jpg?ssl=1&w=500&resize=500&ssl=1 500w, https:\/\/i3.wp.com\/verde-amarelo.net\/verdeamarelo\/wp-content\/uploads\/2026\/04\/464858_1200211_rinaldi_mx1gpbrasil_credito_neyevangelista_2748_web_.jpg?ssl=1&w=640&resize=640&ssl=1 640w, https:\/\/i3.wp.com\/verde-amarelo.net\/verdeamarelo\/wp-content\/uploads\/2026\/04\/464858_1200211_rinaldi_mx1gpbrasil_credito_neyevangelista_2748_web_.jpg?ssl=1&w=800&resize=800&ssl=1 800w, https:\/\/i3.wp.com\/verde-amarelo.net\/verdeamarelo\/wp-content\/uploads\/2026\/04\/464858_1200211_rinaldi_mx1gpbrasil_credito_neyevangelista_2748_web_.jpg?ssl=1&w=1024&resize=1024&ssl=1 1024w, https:\/\/i3.wp.com\/verde-amarelo.net\/verdeamarelo\/wp-content\/uploads\/2026\/04\/464858_1200211_rinaldi_mx1gpbrasil_credito_neyevangelista_2748_web_.jpg?ssl=1&w=1280&resize=1280&ssl=1 1280w, https:\/\/i3.wp.com\/verde-amarelo.net\/verdeamarelo\/wp-content\/uploads\/2026\/04\/464858_1200211_rinaldi_mx1gpbrasil_credito_neyevangelista_2748_web_.jpg?ssl=1&w=1600&resize=1600&ssl=1 1600w\" class=\"size-full wp-image-315531\" fifu-data-src=\"https:\/\/i3.wp.com\/verde-amarelo.net\/verdeamarelo\/wp-content\/uploads\/2026\/04\/464858_1200211_rinaldi_mx1gpbrasil_credito_neyevangelista_2748_web_.jpg?ssl=1\" alt=\"\" width=\"1024\" height=\"682\" \/><\/a><figcaption id=\"caption-attachment-315531\" class=\"wp-caption-text\">Foto: Ney Evangelista<\/figcaption><\/figure>\n<p><strong><em>\u00a0<\/em><\/strong><\/p>\n<p><strong>Resultados 2\u00aa etapa: MX1GP Brasil &#8211; Campeonato Brasileiro de Motocross (Ponta Grossa\/PR)<\/strong><\/p>\n<p><strong>MX4<\/strong><br \/>\n<strong>1\u00ba Roosevelt Assun\u00e7\u00e3o #100 &#8211; FK Rinaldi Kawasaki<\/strong><br \/>\n2\u00ba Daniel Pessanha #35<br \/>\n3\u00ba Jo\u00e3o Cardeli #149<br \/>\n4\u00ba Jefferson Barreto #551<br \/>\n5\u00ba Fabiano Santos #338<\/p>\n<p><strong>MX3 <\/strong><br \/>\n1\u00ba Caio Lopes #134<br \/>\n2\u00ba Jean Ramos #10<br \/>\n3\u00ba Carlos Badiali #165<br \/>\n4\u00ba Diego Henning #769<br \/>\n<strong>5\u00ba Roosevelt Assun\u00e7\u00e3o #100 &#8211; FK Rinaldi Kawasaki<\/strong><\/p>\n<p><strong>MX2Jr<\/strong><br \/>\n1\u00ba Cesar Aponte #26<br \/>\n<strong>2\u00ba Kau\u00e3 Vieira #432 &#8211; FK Rinaldi Kawasaki<\/strong><br \/>\n3\u00ba Arthur Gomes #918<br \/>\n4\u00ba Juan Felipe #517<br \/>\n5\u00ba Gabriel Cirino #81<\/p>\n<p><strong>MXF<\/strong><br \/>\n1\u00aa Luanna Neves #1<br \/>\n2\u00aa Al\u00edcia Sagae #8<br \/>\n3\u00aa Izabela Bindela #18<br \/>\n<strong>4\u00aa Fernanda Fabris #201 &#8211; Maggi KTM Team Zenni\/Rinaldi<\/strong><br \/>\n5\u00aa Vit\u00f3ria Alves #29<\/p>\n","protected":false},"excerpt":{"rendered":"<p>\u00a0 No total quatro pilotos que defendem a Rinaldi subiram ao p\u00f3dio no Paran\u00e1: Kau\u00e3&#8230;<\/p>\n","protected":false},"author":1,"featured_media":315532,"comment_status":"closed","ping_status":"closed","sticky":false,"template":"","format":"standard","meta":{"fifu_image_url":"https:\/\/verde-amarelo.net\/verdeamarelo\/wp-content\/uploads\/2026\/04\/464858_1200211_rinaldi_mx1gpbrasil_credito_neyevangelista_2748_web_.jpg","fifu_image_alt":"","footnotes":""},"categories":[8428,7488,7492,29],"tags":[],"class_list":["post-315530","post","type-post","status-publish","format-standard","has-post-thumbnail","hentry","category-automobilismo","category-destaques","category-esportes","category-eventos","wpcat-8428-id","wpcat-7488-id","wpcat-7492-id","wpcat-29-id"],"_links":{"self":[{"href":"https:\/\/verde-amarelo.net\/verdeamarelo\/wp-json\/wp\/v2\/posts\/315530","targetHints":{"allow":["GET"]}}],"collection":[{"href":"https:\/\/verde-amarelo.net\/verdeamarelo\/wp-json\/wp\/v2\/posts"}],"about":[{"href":"https:\/\/verde-amarelo.net\/verdeamarelo\/wp-json\/wp\/v2\/types\/post"}],"author":[{"embeddable":true,"href":"https:\/\/verde-amarelo.net\/verdeamarelo\/wp-json\/wp\/v2\/users\/1"}],"replies":[{"embeddable":true,"href":"https:\/\/verde-amarelo.net\/verdeamarelo\/wp-json\/wp\/v2\/comments?post=315530"}],"version-history":[{"count":1,"href":"https:\/\/verde-amarelo.net\/verdeamarelo\/wp-json\/wp\/v2\/posts\/315530\/revisions"}],"predecessor-version":[{"id":315533,"href":"https:\/\/verde-amarelo.net\/verdeamarelo\/wp-json\/wp\/v2\/posts\/315530\/revisions\/315533"}],"wp:featuredmedia":[{"embeddable":true,"href":"https:\/\/verde-amarelo.net\/verdeamarelo\/wp-json\/wp\/v2\/media\/315532"}],"wp:attachment":[{"href":"https:\/\/verde-amarelo.net\/verdeamarelo\/wp-json\/wp\/v2\/media?parent=315530"}],"wp:term":[{"taxonomy":"category","embeddable":true,"href":"https:\/\/verde-amarelo.net\/verdeamarelo\/wp-json\/wp\/v2\/categories?post=315530"},{"taxonomy":"post_tag","embeddable":true,"href":"https:\/\/verde-amarelo.net\/verdeamarelo\/wp-json\/wp\/v2\/tags?post=315530"}],"curies":[{"name":"wp","href":"https:\/\/api.w.org\/{rel}","templated":true}]}}