{"id":315962,"date":"2026-04-29T19:14:31","date_gmt":"2026-04-29T22:14:31","guid":{"rendered":"https:\/\/verde-amarelo.net\/verdeamarelo\/?p=315962"},"modified":"2026-04-29T19:51:28","modified_gmt":"2026-04-29T22:51:28","slug":"protecta-lanca-pro-tactical-e-amplia-fronteiras-em-tecnologia-de-protecao-2","status":"publish","type":"post","link":"https:\/\/verde-amarelo.net\/verdeamarelo\/2026\/04\/protecta-lanca-pro-tactical-e-amplia-fronteiras-em-tecnologia-de-protecao-2\/","title":{"rendered":"Protecta lan\u00e7a PRO TACTICAL e amplia fronteiras em tecnologia de prote\u00e7\u00e3o"},"content":{"rendered":"<p class=\"ql-align-center\" style=\"margin: 0; text-align: center;\">\n<p><!-- htmlmin:ignore --><\/p>\n<p><!-- htmlmin:ignore --><\/p>\n<p style=\"margin: 0;\">O Grupo Protecta d\u00e1 um novo passo em sua trajet\u00f3ria de inova\u00e7\u00e3o ao apresentar a PRO TACTICAL, unidade dedicada ao desenvolvimento de vestu\u00e1rio operacional com tecnologia embarcada. O movimento marca a expans\u00e3o da companhia em solu\u00e7\u00f5es integradas de prote\u00e7\u00e3o, com foco em rastreabilidade, intelig\u00eancia aplicada e desempenho em campo.<\/p>&nbsp;&nbsp;\n<p style=\"margin: 0;\">\n<p style=\"margin: 0;\">A nova unidade nasce com o prop\u00f3sito de unir tecnologia t\u00eaxtil avan\u00e7ada a recursos digitais, como fibras rastre\u00e1veis e QR Codes incorporados \u00e0s pe\u00e7as. A proposta \u00e9 permitir o acompanhamento completo do ciclo de vida dos produtos \u2014 da origem ao uso \u2014 al\u00e9m de facilitar o acesso r\u00e1pido a informa\u00e7\u00f5es estrat\u00e9gicas em situa\u00e7\u00f5es operacionais.<\/p>&nbsp;&nbsp;\n<p style=\"margin: 0;\">\n<p style=\"margin: 0;\">O lan\u00e7amento refor\u00e7a o posicionamento da Protecta como uma empresa voltada ao desenvolvimento de solu\u00e7\u00f5es que combinam inova\u00e7\u00e3o, seguran\u00e7a e aplicabilidade pr\u00e1tica em diferentes contextos, atendendo \u00e0s demandas crescentes de for\u00e7as p\u00fablicas, militares e setores estrat\u00e9gicos.<\/p>&nbsp;&nbsp;\n<p style=\"margin: 0;\">\n<p style=\"margin: 0;\">A apresenta\u00e7\u00e3o da PRO TACTICAL ocorreu durante a LAAD Security &amp; Milipol Brazil 2026, realizada entre os dias 14 e 16 de abril, no Transamerica Expo Center, em S\u00e3o Paulo. Ao longo do evento, a companhia tamb\u00e9m destacou seu portf\u00f3lio consolidado, com solu\u00e7\u00f5es como coletes bal\u00edsticos de alta resist\u00eancia e baixo peso, escudos, placas de prote\u00e7\u00e3o contra disparos de fuzil, trajes especializados, sistemas de blindagem veicular Pro-X e Pro-UD, al\u00e9m do pr\u00e9-lan\u00e7amento da linha de vidros bal\u00edsticos Pro Glass. As solu\u00e7\u00f5es de airbags, fornecidas para montadoras globais, tamb\u00e9m estiveram em evid\u00eancia.<\/p>&nbsp;&nbsp;\n<p style=\"margin: 0;\">\n<p style=\"margin: 0;\">A iniciativa acontece em um momento estrat\u00e9gico para a empresa, que completa 15 anos em 2026 e intensifica sua atua\u00e7\u00e3o na amplia\u00e7\u00e3o de mercados e no fortalecimento de parcerias. A nova frente abre caminho para o desenvolvimento de projetos mais integrados e refor\u00e7a a presen\u00e7a da Protecta no cen\u00e1rio nacional e internacional.<\/p>&nbsp;&nbsp;\n<p style=\"margin: 0;\">\n<p style=\"margin: 0;\"><strong>Sobre o Grupo Protecta<\/strong><\/p>\n<p style=\"margin: 0;\">\n<p><!-- htmlmin:ignore --><\/p>\n<p><!-- [if mso | IE]&gt;<\/td>\n\n\n<\/tr>\n\n\n<\/table>\n\n\n&lt;![endif]--><\/p>\n<p><!-- [if mso | IE]&gt;<\/td>\n\n\n<\/tr>\n\n\n<\/table>\n\n\n\n\n<table align=\"center\" border=\"0\" cellpadding=\"0\" cellspacing=\"0\" class=\"cols_1-outlook 1589473634995-outlook ip-section-outlook\" role=\"presentation\" style=\"width:600px\" width=\"600\" bgcolor=\"#ffffff\">\n\n\n<tr>\n\n\n<td style=\"line-height:0px;font-size:0px\">&lt;![endif]--><\/p>\n<p><!-- [if mso | IE]&gt;\n\n\n<table role=\"presentation\" border=\"0\" cellpadding=\"0\" cellspacing=\"0\">\n\n\n<tr>\n\n\n<td class=\"ip-column-outlook -outlook\" style=\"vertical-align:top;width:592px\">&lt;![endif]--><\/p>\n<p><!-- [if mso | IE]&gt;\n\n\n<table align=\"center\" border=\"0\" cellpadding=\"0\" cellspacing=\"0\" style=\"border-top:solid 1px #C5C5C5;font-size:1px;margin:0px auto;width:584px\" role=\"presentation\" width=\"584px\">\n\n\n<tr>\n\n\n<td style=\"height:0;line-height:0\"> &nbsp;<\/td>\n\n\n<\/tr>\n\n\n<\/table>\n\n\n&lt;![endif]--><\/p>\n<p><!-- [if mso | IE]&gt;<\/td>\n\n\n<\/tr>\n\n\n<\/table>\n\n\n&lt;![endif]--><\/p>\n<p><!-- [if mso | IE]&gt;<\/td>\n\n\n<\/tr>\n\n\n<\/table>\n\n\n\n\n<table align=\"center\" border=\"0\" cellpadding=\"0\" cellspacing=\"0\" class=\"cols_1-outlook 1589473381732-outlook ip-section-outlook\" role=\"presentation\" style=\"width:600px\" width=\"600\" bgcolor=\"#ffffff\">\n\n\n<tr>\n\n\n<td style=\"line-height:0px;font-size:0px\">&lt;![endif]--><\/p>\n<p><!-- [if mso | IE]&gt;\n\n\n<table role=\"presentation\" border=\"0\" cellpadding=\"0\" cellspacing=\"0\">\n\n\n<tr>\n\n\n<td class=\"ip-column-outlook -outlook\" style=\"vertical-align:top;width:592px\">&lt;![endif]--><\/p>\n<p><img decoding=\"async\" src=\"data:image\/gif;base64,R0lGODlhAQABAIAAAAAAAP\/\/\/ywAAAAAAQABAAACAUwAOw==\" fifu-lazy=\"1\" fifu-data-sizes=\"auto\" fifu-data-srcset=\"https:\/\/i0.wp.com\/s3.us-east-1.wasabisys.com\/wasabi.cse360.com.br\/email-editor-files\/873ba03c-391a-4d6c-b1b1-08db0451ef21\/1c7b1a31-4671-4bae-92e3-86884e1d7fa2.jpeg?ssl=1&w=75&resize=75&ssl=1 75w, https:\/\/i0.wp.com\/s3.us-east-1.wasabisys.com\/wasabi.cse360.com.br\/email-editor-files\/873ba03c-391a-4d6c-b1b1-08db0451ef21\/1c7b1a31-4671-4bae-92e3-86884e1d7fa2.jpeg?ssl=1&w=100&resize=100&ssl=1 100w, https:\/\/i0.wp.com\/s3.us-east-1.wasabisys.com\/wasabi.cse360.com.br\/email-editor-files\/873ba03c-391a-4d6c-b1b1-08db0451ef21\/1c7b1a31-4671-4bae-92e3-86884e1d7fa2.jpeg?ssl=1&w=150&resize=150&ssl=1 150w, https:\/\/i0.wp.com\/s3.us-east-1.wasabisys.com\/wasabi.cse360.com.br\/email-editor-files\/873ba03c-391a-4d6c-b1b1-08db0451ef21\/1c7b1a31-4671-4bae-92e3-86884e1d7fa2.jpeg?ssl=1&w=240&resize=240&ssl=1 240w, https:\/\/i0.wp.com\/s3.us-east-1.wasabisys.com\/wasabi.cse360.com.br\/email-editor-files\/873ba03c-391a-4d6c-b1b1-08db0451ef21\/1c7b1a31-4671-4bae-92e3-86884e1d7fa2.jpeg?ssl=1&w=320&resize=320&ssl=1 320w, https:\/\/i0.wp.com\/s3.us-east-1.wasabisys.com\/wasabi.cse360.com.br\/email-editor-files\/873ba03c-391a-4d6c-b1b1-08db0451ef21\/1c7b1a31-4671-4bae-92e3-86884e1d7fa2.jpeg?ssl=1&w=500&resize=500&ssl=1 500w, https:\/\/i0.wp.com\/s3.us-east-1.wasabisys.com\/wasabi.cse360.com.br\/email-editor-files\/873ba03c-391a-4d6c-b1b1-08db0451ef21\/1c7b1a31-4671-4bae-92e3-86884e1d7fa2.jpeg?ssl=1&w=640&resize=640&ssl=1 640w, https:\/\/i0.wp.com\/s3.us-east-1.wasabisys.com\/wasabi.cse360.com.br\/email-editor-files\/873ba03c-391a-4d6c-b1b1-08db0451ef21\/1c7b1a31-4671-4bae-92e3-86884e1d7fa2.jpeg?ssl=1&w=800&resize=800&ssl=1 800w, https:\/\/i0.wp.com\/s3.us-east-1.wasabisys.com\/wasabi.cse360.com.br\/email-editor-files\/873ba03c-391a-4d6c-b1b1-08db0451ef21\/1c7b1a31-4671-4bae-92e3-86884e1d7fa2.jpeg?ssl=1&w=1024&resize=1024&ssl=1 1024w, https:\/\/i0.wp.com\/s3.us-east-1.wasabisys.com\/wasabi.cse360.com.br\/email-editor-files\/873ba03c-391a-4d6c-b1b1-08db0451ef21\/1c7b1a31-4671-4bae-92e3-86884e1d7fa2.jpeg?ssl=1&w=1280&resize=1280&ssl=1 1280w, https:\/\/i0.wp.com\/s3.us-east-1.wasabisys.com\/wasabi.cse360.com.br\/email-editor-files\/873ba03c-391a-4d6c-b1b1-08db0451ef21\/1c7b1a31-4671-4bae-92e3-86884e1d7fa2.jpeg?ssl=1&w=1600&resize=1600&ssl=1 1600w\" style=\"border: none; border-radius: 0px; text-decoration: none; height: auto; width: 100%; font-size: 13px;\" title=\"\" fifu-data-src=\"https:\/\/i0.wp.com\/s3.us-east-1.wasabisys.com\/wasabi.cse360.com.br\/email-editor-files\/873ba03c-391a-4d6c-b1b1-08db0451ef21\/1c7b1a31-4671-4bae-92e3-86884e1d7fa2.jpeg?ssl=1\" alt=\"\" width=\"584\" height=\"auto\" \/><\/p>\n<p><!-- htmlmin:ignore --><\/p>\n<p style=\"font-size: 11px; text-align: center;\">\n","protected":false},"excerpt":{"rendered":"<p>O Grupo Protecta d\u00e1 um novo passo em sua trajet\u00f3ria de inova\u00e7\u00e3o ao apresentar a&#8230;<\/p>\n","protected":false},"author":1,"featured_media":315963,"comment_status":"closed","ping_status":"closed","sticky":false,"template":"","format":"standard","meta":{"fifu_image_url":"https:\/\/s3.us-east-1.wasabisys.com\/wasabi.cse360.com.br\/email-editor-files\/873ba03c-391a-4d6c-b1b1-08db0451ef21\/1c7b1a31-4671-4bae-92e3-86884e1d7fa2.jpeg","fifu_image_alt":"","footnotes":""},"categories":[12933,727],"tags":[13228,13226,13224,13229,58,13225,13227,12885],"class_list":["post-315962","post","type-post","status-publish","format-standard","has-post-thumbnail","hentry","category-automotivo","category-noticias","tag-atendendo-a-rigorosos-padroes-internacionais-e-fornecendo-produtos-para-forcas-publicas","tag-com-atuacao-em-blindagem","tag-fundado-em-2011","tag-militares-e-o-setor-automotivo-global","tag-noticias","tag-o-grupo-protecta-completa-15-anos-em-2026-como-uma-empresa-estrategica-de-defesa-eed-brasileira-a-companhia-e-reconhecida-pelo-desenvolvimento-de-tecnologias-de-protecao","tag-tecidos-tecnicos-e-solucoes-balisticas","tag-verdeamarelo","wpcat-12933-id","wpcat-727-id"],"_links":{"self":[{"href":"https:\/\/verde-amarelo.net\/verdeamarelo\/wp-json\/wp\/v2\/posts\/315962","targetHints":{"allow":["GET"]}}],"collection":[{"href":"https:\/\/verde-amarelo.net\/verdeamarelo\/wp-json\/wp\/v2\/posts"}],"about":[{"href":"https:\/\/verde-amarelo.net\/verdeamarelo\/wp-json\/wp\/v2\/types\/post"}],"author":[{"embeddable":true,"href":"https:\/\/verde-amarelo.net\/verdeamarelo\/wp-json\/wp\/v2\/users\/1"}],"replies":[{"embeddable":true,"href":"https:\/\/verde-amarelo.net\/verdeamarelo\/wp-json\/wp\/v2\/comments?post=315962"}],"version-history":[{"count":1,"href":"https:\/\/verde-amarelo.net\/verdeamarelo\/wp-json\/wp\/v2\/posts\/315962\/revisions"}],"predecessor-version":[{"id":315966,"href":"https:\/\/verde-amarelo.net\/verdeamarelo\/wp-json\/wp\/v2\/posts\/315962\/revisions\/315966"}],"wp:featuredmedia":[{"embeddable":true,"href":"https:\/\/verde-amarelo.net\/verdeamarelo\/wp-json\/wp\/v2\/media\/315963"}],"wp:attachment":[{"href":"https:\/\/verde-amarelo.net\/verdeamarelo\/wp-json\/wp\/v2\/media?parent=315962"}],"wp:term":[{"taxonomy":"category","embeddable":true,"href":"https:\/\/verde-amarelo.net\/verdeamarelo\/wp-json\/wp\/v2\/categories?post=315962"},{"taxonomy":"post_tag","embeddable":true,"href":"https:\/\/verde-amarelo.net\/verdeamarelo\/wp-json\/wp\/v2\/tags?post=315962"}],"curies":[{"name":"wp","href":"https:\/\/api.w.org\/{rel}","templated":true}]}}