{"id":316337,"date":"2026-05-01T07:38:44","date_gmt":"2026-05-01T10:38:44","guid":{"rendered":"https:\/\/verde-amarelo.net\/verdeamarelo\/?p=316337"},"modified":"2026-05-01T12:28:14","modified_gmt":"2026-05-01T15:28:14","slug":"motiva-autoban-celebra-28-anos-como-eixo-estrategico-da-mobilidade-e-desenvolvimento-em-sao-paulo","status":"publish","type":"post","link":"https:\/\/verde-amarelo.net\/verdeamarelo\/2026\/05\/motiva-autoban-celebra-28-anos-como-eixo-estrategico-da-mobilidade-e-desenvolvimento-em-sao-paulo\/","title":{"rendered":"Motiva Autoban celebra 28 anos como eixo estrat\u00e9gico da mobilidade e desenvolvimento em S\u00e3o Paulo"},"content":{"rendered":"<div class=\"postie-post\">\n<div>\n<div class=\"WordSection1\">\n<p class=\"MsoNormal\" style=\"text-align: center;\" align=\"center\"><b><span style=\"font-size: 16.0pt;\">\u00a0<\/span><\/b><\/p>\n<p class=\"MsoNormal\" style=\"text-align: center;\" align=\"center\"><i>Com R$ 16,4 bilh\u00f5es investidos desde 1998, concession\u00e1ria atende cerca de 955 mil ve\u00edculos por dia no Sistema Anhanguera-Bandeirantes<\/i><\/p>\n<p class=\"MsoNormal\" style=\"text-align: center;\" align=\"center\"><i>\u00a0<\/i><\/p>\n<p class=\"MsoNormal\" style=\"text-align: center;\" align=\"center\"><img decoding=\"async\" src=\"data:image\/gif;base64,R0lGODlhAQABAIAAAAAAAP\/\/\/ywAAAAAAQABAAACAUwAOw==\" fifu-lazy=\"1\" fifu-data-sizes=\"auto\" fifu-data-srcset=\"https:\/\/i3.wp.com\/verde-amarelo.net\/verdeamarelo\/wp-content\/uploads\/2026\/05\/image001.jpg?ssl=1&w=75&resize=75&ssl=1 75w, https:\/\/i3.wp.com\/verde-amarelo.net\/verdeamarelo\/wp-content\/uploads\/2026\/05\/image001.jpg?ssl=1&w=100&resize=100&ssl=1 100w, https:\/\/i3.wp.com\/verde-amarelo.net\/verdeamarelo\/wp-content\/uploads\/2026\/05\/image001.jpg?ssl=1&w=150&resize=150&ssl=1 150w, https:\/\/i3.wp.com\/verde-amarelo.net\/verdeamarelo\/wp-content\/uploads\/2026\/05\/image001.jpg?ssl=1&w=240&resize=240&ssl=1 240w, https:\/\/i3.wp.com\/verde-amarelo.net\/verdeamarelo\/wp-content\/uploads\/2026\/05\/image001.jpg?ssl=1&w=320&resize=320&ssl=1 320w, https:\/\/i3.wp.com\/verde-amarelo.net\/verdeamarelo\/wp-content\/uploads\/2026\/05\/image001.jpg?ssl=1&w=500&resize=500&ssl=1 500w, https:\/\/i3.wp.com\/verde-amarelo.net\/verdeamarelo\/wp-content\/uploads\/2026\/05\/image001.jpg?ssl=1&w=640&resize=640&ssl=1 640w, https:\/\/i3.wp.com\/verde-amarelo.net\/verdeamarelo\/wp-content\/uploads\/2026\/05\/image001.jpg?ssl=1&w=800&resize=800&ssl=1 800w, https:\/\/i3.wp.com\/verde-amarelo.net\/verdeamarelo\/wp-content\/uploads\/2026\/05\/image001.jpg?ssl=1&w=1024&resize=1024&ssl=1 1024w, https:\/\/i3.wp.com\/verde-amarelo.net\/verdeamarelo\/wp-content\/uploads\/2026\/05\/image001.jpg?ssl=1&w=1280&resize=1280&ssl=1 1280w, https:\/\/i3.wp.com\/verde-amarelo.net\/verdeamarelo\/wp-content\/uploads\/2026\/05\/image001.jpg?ssl=1&w=1600&resize=1600&ssl=1 1600w\" id=\"Imagem_x0020_2\" style=\"width: 5.9062in; height: 3.3229in;\" fifu-data-src=\"https:\/\/i3.wp.com\/verde-amarelo.net\/verdeamarelo\/wp-content\/uploads\/2026\/05\/image001.jpg?ssl=1\" width=\"567\" height=\"319\" \/><\/p>\n<p class=\"MsoNormal\" style=\"text-align: center;\" align=\"center\">\n<p class=\"MsoNormal\">A Motiva Autoban completa, neste 1\u00ba de maio, 28 anos de atua\u00e7\u00e3o \u00e0 frente do Sistema Anhanguera-Bandeirantes, consolidando-se como uma das principais concession\u00e1rias de rodovias do Estado de S\u00e3o Paulo e refer\u00eancia em mobilidade, seguran\u00e7a vi\u00e1ria e efici\u00eancia operacional.<\/p>&nbsp;&nbsp;\n<p class=\"MsoNormal\">Desde o in\u00edcio das opera\u00e7\u00f5es, em 1998, a concession\u00e1ria exerce papel estrat\u00e9gico na liga\u00e7\u00e3o entre as regi\u00f5es metropolitanas de S\u00e3o Paulo e Campinas, dois dos mais importantes polos econ\u00f4micos do pa\u00eds, al\u00e9m de conectar munic\u00edpios relevantes para o turismo, a ind\u00fastria e o agroneg\u00f3cio paulista.<\/p>&nbsp;&nbsp;\n<p class=\"MsoNormal\">Respons\u00e1vel por 319,8 quil\u00f4metros de rodovias, a Motiva Autoban administra as Rodovias Anhanguera (SP-330), Bandeirantes (SP-348), as interliga\u00e7\u00f5es Dom Gabriel Paulino Bueno Couto (SP-300) e Adalberto Panzan (SPI-102\/330), al\u00e9m da conserva\u00e7\u00e3o de um trecho de 6 quil\u00f4metros na Marginal Tiet\u00ea, em S\u00e3o Paulo.<\/p>&nbsp;&nbsp;\n<p class=\"MsoNormal\">O sistema \u00e9 fundamental para o deslocamento di\u00e1rio de cerca de 955 mil ve\u00edculos, entre leves e pesados, contribuindo diretamente para a fluidez log\u00edstica e a competitividade econ\u00f4mica do Estado.<\/p>&nbsp;&nbsp;\n<p class=\"MsoNormal\">\n<p class=\"MsoNormal\"><b>Investimentos em moderniza\u00e7\u00e3o<\/b><\/p>\n<p class=\"MsoNormal\">Ao longo de quase tr\u00eas d\u00e9cadas de opera\u00e7\u00e3o, a concession\u00e1ria j\u00e1 investiu aproximadamente R$ 16,4 bilh\u00f5es em obras, moderniza\u00e7\u00e3o e conserva\u00e7\u00e3o da infraestrutura vi\u00e1ria. Desse total, mais de R$ 1,7 bilh\u00e3o foi aplicado recentemente, at\u00e9 abril de 2026, refor\u00e7ando o ritmo cont\u00ednuo de melhorias no sistema.<\/p>&nbsp;&nbsp;\n<p class=\"MsoNormal\">&#8220;Todos os investimentos refletem diretamente na melhoria das condi\u00e7\u00f5es de tr\u00e1fego, no aumento da capacidade das rodovias e, principalmente, na eleva\u00e7\u00e3o dos padr\u00f5es de seguran\u00e7a para motoristas e passageiros&#8221;, comentou o diretor da Motiva Autoban, Rodrigo Fernandes Monteiro.<\/p>&nbsp;&nbsp;\n<p class=\"MsoNormal\">A estrutura operacional \u00e9 um dos pilares desse desempenho. O sistema conta com 110 c\u00e2meras de monitoramento, 10 pra\u00e7as de ped\u00e1gio, 11 bases de Servi\u00e7o de Atendimento ao Usu\u00e1rio (SAU) e 544 call boxes, al\u00e9m de equipes especializadas que atuam 24 horas por dia em atendimentos m\u00e9dicos, socorro mec\u00e2nico e inspe\u00e7\u00e3o de tr\u00e1fego.<\/p>&nbsp;&nbsp;\n<p class=\"MsoNormal\">\n<p class=\"MsoNormal\"><b>Tecnologia a servi\u00e7o da seguran\u00e7a<\/b><\/p>\n<p class=\"MsoNormal\">Como parte da estrat\u00e9gia cont\u00ednua de aprimoramento da seguran\u00e7a vi\u00e1ria, a Motiva Autoban tem investido em tecnologias e equipamentos voltados \u00e0 prote\u00e7\u00e3o dos clientes e colaboradores que atuam nas rodovias.<\/p>&nbsp;&nbsp;\n<p class=\"MsoNormal\">Recentemente, a concession\u00e1ria adquiriu seis atenuadores de impacto montados em caminh\u00e3o (AMC), conhecidos internacionalmente como Truck Mounted Attenuators (TMA). Utilizados especialmente em frentes de obras, servi\u00e7os de manuten\u00e7\u00e3o e atividades de inspe\u00e7\u00e3o, os equipamentos ampliam a seguran\u00e7a em situa\u00e7\u00f5es de interven\u00e7\u00e3o na via, protegendo tanto as equipes quanto os motoristas que trafegam pelo sistema. O investimento total foi de R$ 1,5 milh\u00e3o.<\/p>&nbsp;&nbsp;\n<p class=\"MsoNormal\">\n<p class=\"MsoNormal\"><b>Desenvolvimento<\/b><\/p>\n<p class=\"MsoNormal\">Outro destaque \u00e9 o compromisso da Motiva Autoban com a excel\u00eancia na gest\u00e3o e com a responsabilidade socioambiental. A concession\u00e1ria adota pr\u00e1ticas voltadas ao desenvolvimento sustent\u00e1vel, \u00e0 valoriza\u00e7\u00e3o de pessoas e ao relacionamento com as comunidades lindeiras, o que tem garantido reconhecimento por parte de institui\u00e7\u00f5es e do setor.<\/p>&nbsp;&nbsp;\n<p class=\"MsoNormal\">Prova disso \u00e9 que a empresa contribuiu diretamente para o desenvolvimento regional, com o repasse de aproximadamente R$ 4 bilh\u00f5es em ISSQN aos munic\u00edpios atendidos, recursos que retornam em investimentos em \u00e1reas como sa\u00fade, educa\u00e7\u00e3o e seguran\u00e7a p\u00fablica para as comunidades locais.<\/p>&nbsp;&nbsp;\n<p class=\"MsoNormal\">Ao celebrar 28 anos, a concession\u00e1ria refor\u00e7a seu prop\u00f3sito de seguir investindo em inova\u00e7\u00e3o, tecnologia e melhorias cont\u00ednuas, contribuindo para uma mobilidade cada vez mais segura, eficiente e sustent\u00e1vel para milh\u00f5es de clientes.<\/p>&nbsp;&nbsp;\n<p class=\"MsoNormal\">\n<p class=\"MsoNormal\"><b>Pr\u00eamios <\/b><\/p>\n<p class=\"MsoNormal\">Nos 28 anos de atua\u00e7\u00e3o, a Motiva Autoban acumula mais de 100 pr\u00eamios e reconhecimentos por sua atua\u00e7\u00e3o eficiente, transparente e respons\u00e1vel. Somente em 2025, a concession\u00e1ria foi eleita a melhor do pa\u00eds no Pr\u00eamio Maiores do Transporte &amp; Melhores do Transporte, promovida pela OTM Editora, respons\u00e1vel pelas revistas Transporte Moderno e Technibus.<\/p>&nbsp;&nbsp;\n<p class=\"MsoNormal\">A Motiva Autoban tamb\u00e9m conquistou o primeiro lugar como Melhor Concession\u00e1ria de Rodovias na 23\u00aa edi\u00e7\u00e3o do Pr\u00eamio NTC&amp;Log\u00edstica \u2013 Fornecedores do Transporte; premia\u00e7\u00e3o que valoriza concession\u00e1rias que oferecem infraestrutura de qualidade e inova\u00e7\u00e3o para o setor.<\/p>&nbsp;&nbsp;\n<p class=\"MsoNormal\">Ainda em 2025, a Rodovia dos Bandeirantes (SP-348) se destacou como a terceira melhor rodovia do pa\u00eds segundo o Ranking Nacional da Pesquisa CNT de Rodovias, da Confedera\u00e7\u00e3o Nacional dos Transportes e foi eleita pelos leitores do Guia Viaja S\u00e3o Paulo da Folha de S\u00e3o Paulo, a melhor estrada para viajar.<\/p>&nbsp;&nbsp;\n<p class=\"MsoNormal\">\n<p class=\"MsoNormal\"><b>Motiva Autoban em n\u00fameros<\/b><\/p>\n<ul style=\"margin-top: 0cm;\" type=\"disc\">\n<li class=\"MsoNormal\">R$ 16,4 bilh\u00f5es em investimentos desde o in\u00edcio da concess\u00e3o<\/li>\n<li class=\"MsoNormal\">R$ 1,7 bilh\u00e3o investido at\u00e9 abril de 2026<\/li>\n<li class=\"MsoNormal\">R$ 4 bilh\u00f5es em ISSQN destinados aos munic\u00edpios lindeiros<\/li>\n<li class=\"MsoNormal\">319,8 quil\u00f4metros de rodovias administradas<\/li>\n<li class=\"MsoNormal\">18 munic\u00edpios atendidos<\/li>\n<li class=\"MsoNormal\">955 mil ve\u00edculos por dia<\/li>\n<li class=\"MsoNormal\">110 c\u00e2meras de monitoramento<\/li>\n<li class=\"MsoNormal\">37 Sistemas Analisadores de Tr\u00e1fego (SAT)<\/li>\n<li class=\"MsoNormal\">9 esta\u00e7\u00f5es de meteorologia<\/li>\n<li class=\"MsoNormal\">31 pain\u00e9is de mensagens vari\u00e1veis fixos<\/li>\n<\/ul>\n<p class=\"MsoNormal\">\n<p class=\"MsoNormal\">\n<\/div>\n<\/div>\n<div class=\"postie-attachments\"><a href=\"https:\/\/verde-amarelo.net\/verdeamarelo\/?attachment_id=316339\"><img decoding=\"async\" src=\"data:image\/gif;base64,R0lGODlhAQABAIAAAAAAAP\/\/\/ywAAAAAAQABAAACAUwAOw==\" fifu-lazy=\"1\" fifu-data-sizes=\"auto\" fifu-data-srcset=\"https:\/\/i0.wp.com\/verde-amarelo.net\/verdeamarelo\/wp-content\/uploads\/2026\/05\/DJI_20260304075747_0146_D-430x242.jpg?ssl=1&w=75&resize=75&ssl=1 75w, https:\/\/i0.wp.com\/verde-amarelo.net\/verdeamarelo\/wp-content\/uploads\/2026\/05\/DJI_20260304075747_0146_D-430x242.jpg?ssl=1&w=100&resize=100&ssl=1 100w, https:\/\/i0.wp.com\/verde-amarelo.net\/verdeamarelo\/wp-content\/uploads\/2026\/05\/DJI_20260304075747_0146_D-430x242.jpg?ssl=1&w=150&resize=150&ssl=1 150w, https:\/\/i0.wp.com\/verde-amarelo.net\/verdeamarelo\/wp-content\/uploads\/2026\/05\/DJI_20260304075747_0146_D-430x242.jpg?ssl=1&w=240&resize=240&ssl=1 240w, https:\/\/i0.wp.com\/verde-amarelo.net\/verdeamarelo\/wp-content\/uploads\/2026\/05\/DJI_20260304075747_0146_D-430x242.jpg?ssl=1&w=320&resize=320&ssl=1 320w, https:\/\/i0.wp.com\/verde-amarelo.net\/verdeamarelo\/wp-content\/uploads\/2026\/05\/DJI_20260304075747_0146_D-430x242.jpg?ssl=1&w=500&resize=500&ssl=1 500w, https:\/\/i0.wp.com\/verde-amarelo.net\/verdeamarelo\/wp-content\/uploads\/2026\/05\/DJI_20260304075747_0146_D-430x242.jpg?ssl=1&w=640&resize=640&ssl=1 640w, https:\/\/i0.wp.com\/verde-amarelo.net\/verdeamarelo\/wp-content\/uploads\/2026\/05\/DJI_20260304075747_0146_D-430x242.jpg?ssl=1&w=800&resize=800&ssl=1 800w, https:\/\/i0.wp.com\/verde-amarelo.net\/verdeamarelo\/wp-content\/uploads\/2026\/05\/DJI_20260304075747_0146_D-430x242.jpg?ssl=1&w=1024&resize=1024&ssl=1 1024w, https:\/\/i0.wp.com\/verde-amarelo.net\/verdeamarelo\/wp-content\/uploads\/2026\/05\/DJI_20260304075747_0146_D-430x242.jpg?ssl=1&w=1280&resize=1280&ssl=1 1280w, https:\/\/i0.wp.com\/verde-amarelo.net\/verdeamarelo\/wp-content\/uploads\/2026\/05\/DJI_20260304075747_0146_D-430x242.jpg?ssl=1&w=1600&resize=1600&ssl=1 1600w\" class=\"alignnone size-medium wp-image-316339\" fifu-data-src=\"https:\/\/i0.wp.com\/verde-amarelo.net\/verdeamarelo\/wp-content\/uploads\/2026\/05\/DJI_20260304075747_0146_D-430x242.jpg?ssl=1\" alt=\"\" width=\"430px\" height=\"242px\" \/><\/a><\/div>\n<\/div>\n","protected":false},"excerpt":{"rendered":"<p>\u00a0 Com R$ 16,4 bilh\u00f5es investidos desde 1998, concession\u00e1ria atende cerca de 955 mil ve\u00edculos&#8230;<\/p>\n","protected":false},"author":1,"featured_media":316341,"comment_status":"closed","ping_status":"closed","sticky":false,"template":"","format":"standard","meta":{"fifu_image_url":"https:\/\/verde-amarelo.net\/verdeamarelo\/wp-content\/uploads\/2026\/05\/image001.jpg","fifu_image_alt":"","footnotes":""},"categories":[727],"tags":[58,12885],"class_list":["post-316337","post","type-post","status-publish","format-standard","has-post-thumbnail","hentry","category-noticias","tag-noticias","tag-verdeamarelo","wpcat-727-id"],"_links":{"self":[{"href":"https:\/\/verde-amarelo.net\/verdeamarelo\/wp-json\/wp\/v2\/posts\/316337","targetHints":{"allow":["GET"]}}],"collection":[{"href":"https:\/\/verde-amarelo.net\/verdeamarelo\/wp-json\/wp\/v2\/posts"}],"about":[{"href":"https:\/\/verde-amarelo.net\/verdeamarelo\/wp-json\/wp\/v2\/types\/post"}],"author":[{"embeddable":true,"href":"https:\/\/verde-amarelo.net\/verdeamarelo\/wp-json\/wp\/v2\/users\/1"}],"replies":[{"embeddable":true,"href":"https:\/\/verde-amarelo.net\/verdeamarelo\/wp-json\/wp\/v2\/comments?post=316337"}],"version-history":[{"count":1,"href":"https:\/\/verde-amarelo.net\/verdeamarelo\/wp-json\/wp\/v2\/posts\/316337\/revisions"}],"predecessor-version":[{"id":316395,"href":"https:\/\/verde-amarelo.net\/verdeamarelo\/wp-json\/wp\/v2\/posts\/316337\/revisions\/316395"}],"wp:featuredmedia":[{"embeddable":true,"href":"https:\/\/verde-amarelo.net\/verdeamarelo\/wp-json\/wp\/v2\/media\/316341"}],"wp:attachment":[{"href":"https:\/\/verde-amarelo.net\/verdeamarelo\/wp-json\/wp\/v2\/media?parent=316337"}],"wp:term":[{"taxonomy":"category","embeddable":true,"href":"https:\/\/verde-amarelo.net\/verdeamarelo\/wp-json\/wp\/v2\/categories?post=316337"},{"taxonomy":"post_tag","embeddable":true,"href":"https:\/\/verde-amarelo.net\/verdeamarelo\/wp-json\/wp\/v2\/tags?post=316337"}],"curies":[{"name":"wp","href":"https:\/\/api.w.org\/{rel}","templated":true}]}}