{"id":316422,"date":"2026-05-01T17:12:19","date_gmt":"2026-05-01T20:12:19","guid":{"rendered":"https:\/\/verde-amarelo.net\/verdeamarelo\/?p=316422"},"modified":"2026-05-02T12:24:54","modified_gmt":"2026-05-02T15:24:54","slug":"conab-participa-de-agenda-internacional-para-superar-os-desafios-de-acesso-a-alimentos-de-qualidade","status":"publish","type":"post","link":"https:\/\/verde-amarelo.net\/verdeamarelo\/2026\/05\/conab-participa-de-agenda-internacional-para-superar-os-desafios-de-acesso-a-alimentos-de-qualidade\/","title":{"rendered":"Conab participa de agenda internacional para superar os desafios de acesso a alimentos de qualidade"},"content":{"rendered":"<p style=\"text-align: center;\"><em>As atividades acontecem a partir do dia 28 no M\u00e9xico e seguem at\u00e9 o dia 30 e integram o projeto Mapeamento de Evid\u00eancias em Pol\u00edticas P\u00fablicas voltadas para Regula\u00e7\u00e3o do Mercado de Alimentos e para Sistemas Alimentares e Acesso \u00e0 Terra e Territ\u00f3rios<\/em><\/p>\n<p dir=\"ltr\" style=\"text-align: justify;\">Visando estruturar evid\u00eancias cient\u00edficas e t\u00e9cnicas que contribuam para o fortalecimento de pol\u00edticas p\u00fablicas voltadas \u00e0 regula\u00e7\u00e3o do mercado de alimentos e ao desenvolvimento de sistemas alimentares sustent\u00e1veis, a Companhia Nacional de Abastecimento (Conab) integra a comiss\u00e3o brasileira para participar do projeto Mapeamento de Evid\u00eancias em Pol\u00edticas P\u00fablicas voltadas para Regula\u00e7\u00e3o do Mercado de Alimentos e para Sistemas Alimentares e Acesso \u00e0 Terra e Territ\u00f3rios. As atividades acontecem a partir do dia 28 na Cidade do M\u00e9xico e seguem at\u00e9 o dia 30.<\/p>&nbsp;&nbsp;\n<p style=\"text-align: justify;\">A Conab ser\u00e1 representada pelo diretor-presidente, S\u00edlvio Porto. Um dos objetivos da miss\u00e3o \u00e9 conhecer estrat\u00e9gias aplicadas no M\u00e9xico para enfrentar os desafios de abastecimento e de acesso a alimentos de qualidade para a popula\u00e7\u00e3o em situa\u00e7\u00e3o de vulnerabilidade. \u201cEsta tamb\u00e9m \u00e9 uma oportunidade para conhecermos as a\u00e7\u00f5es desenvolvidas pelo governo mexicano na implementa\u00e7\u00e3o de pol\u00edticas p\u00fablicas voltadas ao controle dos pre\u00e7os dos alimentos, de modo a contribuir para a cesta de pol\u00edticas da Alian\u00e7a Global contra a Fome e a Pobreza e para o aprimoramento dos programas brasileiros, em especial aqueles executados pela Companhia\u201d, refor\u00e7a Porto.<\/p>&nbsp;&nbsp;\n<p style=\"text-align: justify;\">A a\u00e7\u00f5es desenvolvidas no projeto\u00a0 tamb\u00e9m s\u00e3o uma forma de promover o interc\u00e2mbio de experi\u00eancias e fortalecer a coopera\u00e7\u00e3o regional, com foco em instrumentos como reservas p\u00fablicas de alimentos, mercados institucionais, circuitos curtos de comercializa\u00e7\u00e3o e controle da infla\u00e7\u00e3o dos alimentos, considerados estrat\u00e9gicos para garantir o abastecimento; bem como buscar solu\u00e7\u00f5es capazes de tornar os sistemas agroalimentares mais resilientes diante dos impactos da mudan\u00e7a do clima sobre a agricultura, o abastecimento de alimentos e a soberania e seguran\u00e7a alimentar e nutricional na Am\u00e9rica do Sul.<\/p>&nbsp;&nbsp;\n<p style=\"text-align: justify;\">A programa\u00e7\u00e3o inclui reuni\u00f5es para debater os desafios a serem enfrentados na constru\u00e7\u00e3o de uma agricultura sustent\u00e1vel, incentivando a produ\u00e7\u00e3o de alimentos, e no combate \u00e0 fome e a todas as formas de m\u00e1 nutri\u00e7\u00e3o, bem como na promo\u00e7\u00e3o do consumo de alimentos saud\u00e1veis, em alinhamento \u00e0s prioridades centrais dos Objetivos de Desenvolvimento Sustent\u00e1vel (ODS) 1 e 2, acelerando os esfor\u00e7os globais para erradicar a fome e a pobreza.\u00a0 Tamb\u00e9m ser\u00e1 realizada uma visita de campo a uma Tienda Bienestar na Cidade do M\u00e9xico. As Tiendas, iniciativa lan\u00e7ada no pa\u00eds mexicano, s\u00e3o estabelecimentos p\u00fablicos que substituem as antigas lojas Diconsa para vender produtos da cesta b\u00e1sica a pre\u00e7os baixos.<\/p>&nbsp;&nbsp;\n<p style=\"text-align: justify;\">Al\u00e9m da Conab, participam da delega\u00e7\u00e3o, o Secret\u00e1rio-Executivo do Minist\u00e9rio do Desenvolvimento e Assist\u00eancia Social, Fam\u00edlia e Combate \u00e0 Fome, Osmar Ribeiro de Almeida Junior; a diretora do Departamento de Resolu\u00e7\u00e3o de Aux\u00edlios Descontinuados e Apoio \u00e0 Rede Federal de Fiscaliza\u00e7\u00e3o do Programa Bolsa Fam\u00edlia e Cadastro \u00danico, \u00c9rica Feitosa Coelho Marinho de Andrade; o consultor jur\u00eddico e coordenador do Grupo de Trabalho de Coopera\u00e7\u00e3o Acad\u00eamica para a Alian\u00e7a Global contra a Fome e a Pobreza, Jo\u00e3o Paulo de Faria Santos; o assessor da Secretaria Nacional de Seguran\u00e7a Alimentar e Nutricional, S\u00e1vio da Silva Costa; a assessora da Conab, Luciana Araujo de Piratiny Machado; e dos professores da Universidade de Bras\u00edlia (UnB), Anelise Rizzolo de Oliveira, Julia Mezarobba Caetano Ferreira e Mario Lucio de Avila.<\/p>&nbsp;&nbsp;\n<p>&nbsp;<\/p>\n","protected":false},"excerpt":{"rendered":"<p>As atividades acontecem a partir do dia 28 no M\u00e9xico e seguem at\u00e9 o dia&#8230;<\/p>\n","protected":false},"author":1,"featured_media":316423,"comment_status":"closed","ping_status":"closed","sticky":false,"template":"","format":"standard","meta":{"fifu_image_url":"https:\/\/mailing.conab.gov.br\/images\/image\/LogoRelease.png","fifu_image_alt":"","footnotes":""},"categories":[739,727],"tags":[58,12885],"class_list":["post-316422","post","type-post","status-publish","format-standard","has-post-thumbnail","hentry","category-agropecuaria","category-noticias","tag-noticias","tag-verdeamarelo","wpcat-739-id","wpcat-727-id"],"_links":{"self":[{"href":"https:\/\/verde-amarelo.net\/verdeamarelo\/wp-json\/wp\/v2\/posts\/316422","targetHints":{"allow":["GET"]}}],"collection":[{"href":"https:\/\/verde-amarelo.net\/verdeamarelo\/wp-json\/wp\/v2\/posts"}],"about":[{"href":"https:\/\/verde-amarelo.net\/verdeamarelo\/wp-json\/wp\/v2\/types\/post"}],"author":[{"embeddable":true,"href":"https:\/\/verde-amarelo.net\/verdeamarelo\/wp-json\/wp\/v2\/users\/1"}],"replies":[{"embeddable":true,"href":"https:\/\/verde-amarelo.net\/verdeamarelo\/wp-json\/wp\/v2\/comments?post=316422"}],"version-history":[{"count":1,"href":"https:\/\/verde-amarelo.net\/verdeamarelo\/wp-json\/wp\/v2\/posts\/316422\/revisions"}],"predecessor-version":[{"id":316438,"href":"https:\/\/verde-amarelo.net\/verdeamarelo\/wp-json\/wp\/v2\/posts\/316422\/revisions\/316438"}],"wp:featuredmedia":[{"embeddable":true,"href":"https:\/\/verde-amarelo.net\/verdeamarelo\/wp-json\/wp\/v2\/media\/316423"}],"wp:attachment":[{"href":"https:\/\/verde-amarelo.net\/verdeamarelo\/wp-json\/wp\/v2\/media?parent=316422"}],"wp:term":[{"taxonomy":"category","embeddable":true,"href":"https:\/\/verde-amarelo.net\/verdeamarelo\/wp-json\/wp\/v2\/categories?post=316422"},{"taxonomy":"post_tag","embeddable":true,"href":"https:\/\/verde-amarelo.net\/verdeamarelo\/wp-json\/wp\/v2\/tags?post=316422"}],"curies":[{"name":"wp","href":"https:\/\/api.w.org\/{rel}","templated":true}]}}