{"id":398865,"date":"2026-09-04T16:43:18","date_gmt":"2026-09-04T19:43:18","guid":{"rendered":"https:\/\/verde-amarelo.net\/verdeamarelo\/?p=398865"},"modified":"2026-09-04T19:27:46","modified_gmt":"2026-09-04T22:27:46","slug":"alexandre-pires-leva-o-encontro-entre-pagode-e-sertanejo-do-pagonejo-bao-a-brasilia","status":"publish","type":"post","link":"https:\/\/verde-amarelo.net\/verdeamarelo\/2026\/09\/alexandre-pires-leva-o-encontro-entre-pagode-e-sertanejo-do-pagonejo-bao-a-brasilia\/","title":{"rendered":"Alexandre Pires leva o encontro entre pagode e sertanejo do &#8220;Pagonejo B\u00e3o&#8221; a Bras\u00edlia"},"content":{"rendered":"<p><!-- [if mso | IE]&gt;\n\n\n<table align=\"center\" border=\"0\" cellpadding=\"0\" cellspacing=\"0\" class=\"cols_1-outlook 1760042699871-outlook ip-section-outlook\" role=\"presentation\" style=\"width:600px\" width=\"600\" bgcolor=\"#ffffff\">\n\n\n<tr>\n\n\n<td style=\"line-height:0px;font-size:0px\">&lt;![endif]--><\/p>\n<p><!-- [if mso | IE]&gt;\n\n\n<table role=\"presentation\" border=\"0\" cellpadding=\"0\" cellspacing=\"0\">\n\n\n<tr>\n\n\n<td class=\"ip-column-outlook -outlook\" style=\"vertical-align:top;width:592px\">&lt;![endif]--><\/p>\n<p><!-- htmlmin:ignore --><\/p>\n<p class=\"ql-align-center\" style=\"margin: 0; text-align: center;\"><strong style=\"background-color: transparent;\">\u00a0<\/strong><\/p>\n<p class=\"ql-align-center\" style=\"margin: 0; text-align: center;\"><em style=\"background-color: transparent;\">Com produ\u00e7\u00e3o da Centraliza Produ\u00e7\u00f5es, espet\u00e1culo acontece no dia 18 de setembro, na Arena Nilson Nelson, e apresenta ao p\u00fablico da capital federal um dos projetos mais inovadores da carreira do artista<\/em><\/p>\n<p class=\"ql-align-center\" style=\"margin: 0; text-align: center;\"><img decoding=\"async\" src=\"data:image\/gif;base64,R0lGODlhAQABAIAAAAAAAP\/\/\/ywAAAAAAQABAAACAUwAOw==\" fifu-lazy=\"1\" fifu-data-sizes=\"auto\" fifu-data-srcset=\"https:\/\/i2.wp.com\/s3.us-east-1.wasabisys.com\/wasabi.cse360.com.br\/email-editor-files\/eceaed77-dbad-44a2-592c-08ddf7819d92\/d0cfac20-8f3f-484f-9d09-56b7ee931c5d.png?ssl=1&w=75&resize=75&ssl=1 75w, https:\/\/i2.wp.com\/s3.us-east-1.wasabisys.com\/wasabi.cse360.com.br\/email-editor-files\/eceaed77-dbad-44a2-592c-08ddf7819d92\/d0cfac20-8f3f-484f-9d09-56b7ee931c5d.png?ssl=1&w=100&resize=100&ssl=1 100w, https:\/\/i2.wp.com\/s3.us-east-1.wasabisys.com\/wasabi.cse360.com.br\/email-editor-files\/eceaed77-dbad-44a2-592c-08ddf7819d92\/d0cfac20-8f3f-484f-9d09-56b7ee931c5d.png?ssl=1&w=150&resize=150&ssl=1 150w, https:\/\/i2.wp.com\/s3.us-east-1.wasabisys.com\/wasabi.cse360.com.br\/email-editor-files\/eceaed77-dbad-44a2-592c-08ddf7819d92\/d0cfac20-8f3f-484f-9d09-56b7ee931c5d.png?ssl=1&w=240&resize=240&ssl=1 240w, https:\/\/i2.wp.com\/s3.us-east-1.wasabisys.com\/wasabi.cse360.com.br\/email-editor-files\/eceaed77-dbad-44a2-592c-08ddf7819d92\/d0cfac20-8f3f-484f-9d09-56b7ee931c5d.png?ssl=1&w=320&resize=320&ssl=1 320w, https:\/\/i2.wp.com\/s3.us-east-1.wasabisys.com\/wasabi.cse360.com.br\/email-editor-files\/eceaed77-dbad-44a2-592c-08ddf7819d92\/d0cfac20-8f3f-484f-9d09-56b7ee931c5d.png?ssl=1&w=500&resize=500&ssl=1 500w, https:\/\/i2.wp.com\/s3.us-east-1.wasabisys.com\/wasabi.cse360.com.br\/email-editor-files\/eceaed77-dbad-44a2-592c-08ddf7819d92\/d0cfac20-8f3f-484f-9d09-56b7ee931c5d.png?ssl=1&w=640&resize=640&ssl=1 640w, https:\/\/i2.wp.com\/s3.us-east-1.wasabisys.com\/wasabi.cse360.com.br\/email-editor-files\/eceaed77-dbad-44a2-592c-08ddf7819d92\/d0cfac20-8f3f-484f-9d09-56b7ee931c5d.png?ssl=1&w=800&resize=800&ssl=1 800w, https:\/\/i2.wp.com\/s3.us-east-1.wasabisys.com\/wasabi.cse360.com.br\/email-editor-files\/eceaed77-dbad-44a2-592c-08ddf7819d92\/d0cfac20-8f3f-484f-9d09-56b7ee931c5d.png?ssl=1&w=1024&resize=1024&ssl=1 1024w, https:\/\/i2.wp.com\/s3.us-east-1.wasabisys.com\/wasabi.cse360.com.br\/email-editor-files\/eceaed77-dbad-44a2-592c-08ddf7819d92\/d0cfac20-8f3f-484f-9d09-56b7ee931c5d.png?ssl=1&w=1280&resize=1280&ssl=1 1280w, https:\/\/i2.wp.com\/s3.us-east-1.wasabisys.com\/wasabi.cse360.com.br\/email-editor-files\/eceaed77-dbad-44a2-592c-08ddf7819d92\/d0cfac20-8f3f-484f-9d09-56b7ee931c5d.png?ssl=1&w=1600&resize=1600&ssl=1 1600w\" fifu-data-src=\"https:\/\/i2.wp.com\/s3.us-east-1.wasabisys.com\/wasabi.cse360.com.br\/email-editor-files\/eceaed77-dbad-44a2-592c-08ddf7819d92\/d0cfac20-8f3f-484f-9d09-56b7ee931c5d.png?ssl=1\" width=\"602\" height=\"399\" \/><\/p>\n<p class=\"ql-align-center\" style=\"margin: 0; text-align: center;\">Fotos e v\u00eddeos em alta <a style=\"background-color: transparent; text-decoration: underline;\" href=\"https:\/\/click.knewin360.com\/Click\/click\/eyJhbGciOiJIUzI1NiIsInR5cCI6IkpXVCJ9.eyJjYW1wYWlnbklkIjoiZTM3ZDllNDMtNDE4YS00MDY0LWIzNmUtMDhkZjA3NWQ2OTA1IiwicGVyc29uSWQiOiI4MzI4OGI5Ny00Mjk3LTQxNjUtY2VjMC0wOGQ3YzVmZjI2ZDEiLCJlbWFpbCI6InJlZGFjYW9AcmVkZXByZXNzLmNvbS5iciIsInVybCI6Imh0dHBzOi8vZHJpdmUuZ29vZ2xlLmNvbS9kcml2ZS9mb2xkZXJzLzFHb19VUF9RNjdMN0ZteUEtanQ1TEl2eExucW1tMnNHej91c3A9c2hhcmluZyIsImlzU2VnbWVudGF0aW9uIjoiVHJ1ZSIsIm5iZiI6MTc4ODU1MDk4NiwiZXhwIjoxNzkxMTQyOTg2LCJpYXQiOjE3ODg1NTA5ODZ9.tmR2z_2Z_gZChEQ_1Yoyh-WtL3xIEUrKRpuoCv2K4os\" target=\"_blank\" rel=\"noopener noreferrer\">aqui<\/a><\/p>\n<p class=\"ql-align-center\" style=\"margin: 0; text-align: center;\">\n<p class=\"ql-align-center\" style=\"margin: 0; text-align: center;\">\n<p class=\"ql-align-justify\" style=\"margin: 0; text-align: justify;\">Bras\u00edlia se prepara para receber uma noite de m\u00fasica, emo\u00e7\u00e3o e celebra\u00e7\u00e3o com uma das vozes mais marcantes do pa\u00eds. No dia 18 de setembro, <strong style=\"background-color: transparent;\">Alexandre Pires<\/strong> apresenta o &#8220;<strong style=\"background-color: transparent;\">Pagonejo B\u00e3o<\/strong>&#8221; na<strong style=\"background-color: transparent;\"> Arena Nilson Nelson<\/strong>, em evento produzido pela Centraliza Produ\u00e7\u00f5es. A abertura est\u00e1 programada para \u00e0s 18h30.<\/p>&nbsp;&nbsp;\n<p class=\"ql-align-justify\" style=\"margin: 0; text-align: justify;\">\n<p class=\"ql-align-justify\" style=\"margin: 0; text-align: justify;\">Criado para aproximar dois dos g\u00eaneros mais populares da m\u00fasica brasileira, o &#8220;Pagonejo B\u00e3o&#8221; promove um <strong style=\"background-color: transparent;\">encontro entre o balan\u00e7o e a identidade do pagode e a for\u00e7a emocional do sertanejo<\/strong>. O resultado \u00e9 um projeto que atravessa estilos, gera\u00e7\u00f5es e hist\u00f3rias, mantendo como centro a interpreta\u00e7\u00e3o, o carisma e a presen\u00e7a de palco de Alexandre Pires.<\/p>&nbsp;&nbsp;\n<p class=\"ql-align-justify\" style=\"margin: 0; text-align: justify;\">\n<p class=\"ql-align-justify\" style=\"margin: 0; text-align: justify;\">Consagrado no Brasil e no exterior, o artista surpreende mais uma vez ao explorar novas possibilidades musicais sem abandonar as refer\u00eancias que constru\u00edram sua trajet\u00f3ria.<\/p>&nbsp;&nbsp;\n<p class=\"ql-align-justify\" style=\"margin: 0; text-align: justify;\">\n<p class=\"ql-align-justify\" style=\"margin: 0; text-align: justify;\">O conceito ganhou forma em uma grande grava\u00e7\u00e3o audiovisual realizada em 29 de janeiro de 2025, em Goi\u00e2nia, no cora\u00e7\u00e3o da m\u00fasica sertaneja. O audiovisual &#8220;<strong style=\"background-color: transparent;\">Pagonejo B\u00e3o com Alexandre Pires<\/strong>&#8221; re\u00fane 25 m\u00fasicas, sendo sete in\u00e9ditas, al\u00e9m de sete participa\u00e7\u00f5es especiais.<\/p>&nbsp;&nbsp;\n<p class=\"ql-align-justify\" style=\"margin: 0; text-align: justify;\">\n<p class=\"ql-align-justify\" style=\"margin: 0; text-align: justify;\">Participaram da grava\u00e7\u00e3o nomes como <strong style=\"background-color: transparent;\">Ana Castela<\/strong>, <strong style=\"background-color: transparent;\">Lauana Prado<\/strong>, <strong style=\"background-color: transparent;\">Leonardo<\/strong>, <strong style=\"background-color: transparent;\">L\u00e9o Santana<\/strong>, <strong style=\"background-color: transparent;\">Luiz Cl\u00e1udio &amp; Giuliano<\/strong>, <strong style=\"background-color: transparent;\">Matogrosso &amp; Mathias<\/strong> e<strong style=\"background-color: transparent;\"> Murilo Huff<\/strong>, em uma combina\u00e7\u00e3o que evidencia a capacidade de Alexandre Pires de dialogar com diferentes g\u00eaneros, artistas e p\u00fablicos.<\/p>&nbsp;&nbsp;\n<p class=\"ql-align-justify\" style=\"margin: 0; text-align: justify;\">\n<p class=\"ql-align-justify\" style=\"margin: 0; text-align: justify;\">No palco, a proposta ganha a intensidade de uma experi\u00eancia ao vivo. O p\u00fablico de Bras\u00edlia est\u00e1 convidado a acompanhar uma apresenta\u00e7\u00e3o que une romantismo, alegria, mem\u00f3ria afetiva e a energia caracter\u00edstica das grandes celebra\u00e7\u00f5es musicais.<\/p>&nbsp;&nbsp;\n<p class=\"ql-align-justify\" style=\"margin: 0; text-align: justify;\">\n<p class=\"ql-align-justify\" style=\"margin: 0; text-align: justify;\">O &#8220;Pagonejo B\u00e3o&#8221; nasce da mistura, mas n\u00e3o de uma mistura aleat\u00f3ria. <strong style=\"background-color: transparent;\">Pagode e sertanejo compartilham hist\u00f3rias de amor, saudade, encontros, despedidas e celebra\u00e7\u00f5es<\/strong>. S\u00e3o m\u00fasicas que o p\u00fablico n\u00e3o apenas escuta, mas reconhece, canta e associa a momentos da pr\u00f3pria vida.<\/p>&nbsp;&nbsp;\n<p class=\"ql-align-justify\" style=\"margin: 0; text-align: justify;\">\n<p class=\"ql-align-justify\" style=\"margin: 0; text-align: justify;\">Alexandre Pires ocupa o centro desse encontro com a naturalidade de quem construiu uma carreira atravessando fronteiras musicais. Sua interpreta\u00e7\u00e3o sofisticada, o dom\u00ednio de palco e a proximidade com a plateia ajudam a transformar cada apresenta\u00e7\u00e3o em uma experi\u00eancia coletiva, na qual os refr\u00f5es deixam de pertencer apenas ao artista e passam a ser cantados por toda a arena.<\/p>&nbsp;&nbsp;\n<p class=\"ql-align-justify\" style=\"margin: 0; text-align: justify;\">\n<p class=\"ql-align-justify\" style=\"margin: 0; text-align: justify;\">A apresenta\u00e7\u00e3o em Bras\u00edlia tamb\u00e9m refor\u00e7a a voca\u00e7\u00e3o da cidade para receber grandes encontros da m\u00fasica brasileira. A escolha da Arena Nilson Nelson acompanha a dimens\u00e3o do projeto e cria o cen\u00e1rio para uma noite pensada para reunir amigos, casais, fam\u00edlias e admiradores de diferentes gera\u00e7\u00f5es.<\/p>&nbsp;&nbsp;\n<p class=\"ql-align-justify\" style=\"margin: 0; text-align: justify;\">\n<p class=\"ql-align-justify\" style=\"margin: 0; text-align: justify;\">Respons\u00e1vel pela produ\u00e7\u00e3o do evento, a <strong style=\"background-color: transparent;\">Centraliza Produ\u00e7\u00f5es <\/strong>trabalha para proporcionar ao p\u00fablico uma experi\u00eancia que una m\u00fasica, organiza\u00e7\u00e3o, estrutura e entretenimento. A realiza\u00e7\u00e3o integra a estrat\u00e9gia da empresa de desenvolver projetos relevantes para o calend\u00e1rio cultural de Bras\u00edlia e aproximar grandes artistas do p\u00fablico da capital federal.<\/p>&nbsp;&nbsp;\n<p class=\"ql-align-justify\" style=\"margin: 0; text-align: justify;\">\n<p class=\"ql-align-justify\" style=\"margin: 0; text-align: justify;\">No dia 18 de setembro, pagode e sertanejo dividir\u00e3o o mesmo palco, a mesma atmosfera e milhares de vozes.<\/p>&nbsp;&nbsp;\n<p style=\"margin: 0;\">\n<p class=\"ql-align-center\" style=\"margin: 0; text-align: center;\">\n<p><!-- htmlmin:ignore --><\/p>\n<p><!-- [if mso | IE]&gt;<\/td>\n\n\n<\/tr>\n\n\n<\/table>\n\n\n&lt;![endif]--><\/p>\n<p><!-- [if mso | IE]&gt;<\/td>\n\n\n<\/tr>\n\n\n<\/table>\n\n\n\n\n<table align=\"center\" border=\"0\" cellpadding=\"0\" cellspacing=\"0\" class=\"cols_4-outlook 1760043016008-outlook ip-section-outlook\" role=\"presentation\" style=\"width:600px\" width=\"600\" bgcolor=\"#ffffff\">\n\n\n<tr>\n\n\n<td style=\"line-height:0px;font-size:0px\">&lt;![endif]--><\/p>\n<p><!-- [if mso | IE]&gt;\n\n\n<table role=\"presentation\" border=\"0\" cellpadding=\"0\" cellspacing=\"0\">\n\n\n<tr>\n\n\n<td class=\"ip-column-outlook -outlook\" style=\"vertical-align:top;width:148px\">&lt;![endif]--><\/p>\n<p>&nbsp;<\/p>\n<p><!-- [if mso | IE]&gt;<\/td>\n\n\n\n\n<td class=\"ip-column-outlook -outlook\" style=\"vertical-align:top;width:148px\">&lt;![endif]--><\/p>\n<p style=\"font-size: 11px; text-align: center;\">\n","protected":false},"excerpt":{"rendered":"<p>\u00a0 Com produ\u00e7\u00e3o da Centraliza Produ\u00e7\u00f5es, espet\u00e1culo acontece no dia 18 de setembro, na Arena&#8230;<\/p>\n","protected":false},"author":1,"featured_media":398866,"comment_status":"closed","ping_status":"closed","sticky":false,"template":"","format":"standard","meta":{"fifu_image_url":"https:\/\/s3.us-east-1.wasabisys.com\/wasabi.cse360.com.br\/email-editor-files\/eceaed77-dbad-44a2-592c-08ddf7819d92\/d0cfac20-8f3f-484f-9d09-56b7ee931c5d.png","fifu_image_alt":"","footnotes":""},"categories":[727],"tags":[58,12885],"class_list":["post-398865","post","type-post","status-publish","format-standard","has-post-thumbnail","hentry","category-noticias","tag-noticias","tag-verdeamarelo","wpcat-727-id"],"_links":{"self":[{"href":"https:\/\/verde-amarelo.net\/verdeamarelo\/wp-json\/wp\/v2\/posts\/398865","targetHints":{"allow":["GET"]}}],"collection":[{"href":"https:\/\/verde-amarelo.net\/verdeamarelo\/wp-json\/wp\/v2\/posts"}],"about":[{"href":"https:\/\/verde-amarelo.net\/verdeamarelo\/wp-json\/wp\/v2\/types\/post"}],"author":[{"embeddable":true,"href":"https:\/\/verde-amarelo.net\/verdeamarelo\/wp-json\/wp\/v2\/users\/1"}],"replies":[{"embeddable":true,"href":"https:\/\/verde-amarelo.net\/verdeamarelo\/wp-json\/wp\/v2\/comments?post=398865"}],"version-history":[{"count":1,"href":"https:\/\/verde-amarelo.net\/verdeamarelo\/wp-json\/wp\/v2\/posts\/398865\/revisions"}],"predecessor-version":[{"id":398928,"href":"https:\/\/verde-amarelo.net\/verdeamarelo\/wp-json\/wp\/v2\/posts\/398865\/revisions\/398928"}],"wp:featuredmedia":[{"embeddable":true,"href":"https:\/\/verde-amarelo.net\/verdeamarelo\/wp-json\/wp\/v2\/media\/398866"}],"wp:attachment":[{"href":"https:\/\/verde-amarelo.net\/verdeamarelo\/wp-json\/wp\/v2\/media?parent=398865"}],"wp:term":[{"taxonomy":"category","embeddable":true,"href":"https:\/\/verde-amarelo.net\/verdeamarelo\/wp-json\/wp\/v2\/categories?post=398865"},{"taxonomy":"post_tag","embeddable":true,"href":"https:\/\/verde-amarelo.net\/verdeamarelo\/wp-json\/wp\/v2\/tags?post=398865"}],"curies":[{"name":"wp","href":"https:\/\/api.w.org\/{rel}","templated":true}]}}