{"id":59002,"date":"2021-08-26T11:15:16","date_gmt":"2021-08-26T14:15:16","guid":{"rendered":"http:\/\/61279b816e6d5c001627c0a9"},"modified":"2021-08-26T11:15:16","modified_gmt":"2021-08-26T14:15:16","slug":"regina-misk-participa-da-abup-2021","status":"publish","type":"post","link":"https:\/\/verde-amarelo.net\/verdeamarelo\/2021\/08\/regina-misk-participa-da-abup-2021\/","title":{"rendered":"Regina Misk participa da Abup 2021"},"content":{"rendered":"<p id=\"viewer-foo\" class=\"mm8Nw _1j-51 roLFQS _1FoOD _1oG79 WJlzbz roLFQS public-DraftStyleDefault-block-depth0 fixed-tab-size public-DraftStyleDefault-text-ltr\"><span class=\"_2PHJq public-DraftStyleDefault-ltr\"><span><em>Designer autoral mineira apresenta nova cole\u00e7\u00e3o de pe\u00e7as em tramas para a casa<\/em><\/span><\/span><\/p>\n<div id=\"viewer-85hv5\" class=\"_2vd5k b6lcWf\">\n<div class=\"_3CWa- sxFoib sxFoib\">\n<div data-hook=\"imageViewer\" class=\"_2kEVY\" role=\"button\" tabindex=\"0\">\n<div class=\"_3WJnn _2i-Gt _2Ybje\" id=\"new-image11911\"><wow-image id=\"d2cc7b_738377e100974697969b52ac9a93ac80~mv2.jpg\" class=\"VqZCHB \" data-image-info=\"{&quot;containerId&quot;:&quot;new-image11911&quot;,&quot;displayMode&quot;:&quot;fill&quot;,&quot;isLQIP&quot;:true,&quot;isSEOBot&quot;:false,&quot;lqipTransition&quot;:&quot;blur&quot;,&quot;imageData&quot;:{&quot;width&quot;:5184,&quot;height&quot;:3456,&quot;uri&quot;:&quot;d2cc7b_738377e100974697969b52ac9a93ac80~mv2.jpg&quot;,&quot;name&quot;:&quot;&quot;,&quot;displayMode&quot;:&quot;fill&quot;}}\" data-bg-effect-name data-has-ssr-src=\"true\" data-animate-blur><img decoding=\"async\" src=\"data:image\/gif;base64,R0lGODlhAQABAIAAAAAAAP\/\/\/ywAAAAAAQABAAACAUwAOw==\" fifu-lazy=\"1\" fifu-data-sizes=\"auto\" fifu-data-srcset=\"https:\/\/i3.wp.com\/verde-amarelo.net\/verdeamarelo\/wp-content\/uploads\/2022\/11\/regina-misk-participa-da-abup-2021.jpg?ssl=1&w=75&resize=75&ssl=1 75w, https:\/\/i3.wp.com\/verde-amarelo.net\/verdeamarelo\/wp-content\/uploads\/2022\/11\/regina-misk-participa-da-abup-2021.jpg?ssl=1&w=100&resize=100&ssl=1 100w, https:\/\/i3.wp.com\/verde-amarelo.net\/verdeamarelo\/wp-content\/uploads\/2022\/11\/regina-misk-participa-da-abup-2021.jpg?ssl=1&w=150&resize=150&ssl=1 150w, https:\/\/i3.wp.com\/verde-amarelo.net\/verdeamarelo\/wp-content\/uploads\/2022\/11\/regina-misk-participa-da-abup-2021.jpg?ssl=1&w=240&resize=240&ssl=1 240w, https:\/\/i3.wp.com\/verde-amarelo.net\/verdeamarelo\/wp-content\/uploads\/2022\/11\/regina-misk-participa-da-abup-2021.jpg?ssl=1&w=320&resize=320&ssl=1 320w, https:\/\/i3.wp.com\/verde-amarelo.net\/verdeamarelo\/wp-content\/uploads\/2022\/11\/regina-misk-participa-da-abup-2021.jpg?ssl=1&w=500&resize=500&ssl=1 500w, https:\/\/i3.wp.com\/verde-amarelo.net\/verdeamarelo\/wp-content\/uploads\/2022\/11\/regina-misk-participa-da-abup-2021.jpg?ssl=1&w=640&resize=640&ssl=1 640w, https:\/\/i3.wp.com\/verde-amarelo.net\/verdeamarelo\/wp-content\/uploads\/2022\/11\/regina-misk-participa-da-abup-2021.jpg?ssl=1&w=800&resize=800&ssl=1 800w, https:\/\/i3.wp.com\/verde-amarelo.net\/verdeamarelo\/wp-content\/uploads\/2022\/11\/regina-misk-participa-da-abup-2021.jpg?ssl=1&w=1024&resize=1024&ssl=1 1024w, https:\/\/i3.wp.com\/verde-amarelo.net\/verdeamarelo\/wp-content\/uploads\/2022\/11\/regina-misk-participa-da-abup-2021.jpg?ssl=1&w=1280&resize=1280&ssl=1 1280w, https:\/\/i3.wp.com\/verde-amarelo.net\/verdeamarelo\/wp-content\/uploads\/2022\/11\/regina-misk-participa-da-abup-2021.jpg?ssl=1&w=1600&resize=1600&ssl=1 1600w\" fifu-data-src=\"https:\/\/i3.wp.com\/verde-amarelo.net\/verdeamarelo\/wp-content\/uploads\/2022\/11\/regina-misk-participa-da-abup-2021.jpg?ssl=1\" alt data-pin-url=\"https:\/\/www.jacarandaagencia.com.br\/post\/regina-misk-participa-da-abup-2021\" data-pin-media=\"https:\/\/static.wixstatic.com\/media\/d2cc7b_738377e100974697969b52ac9a93ac80~mv2.jpg\/v1\/fit\/w_1000%2Ch_1000%2Cal_c%2Cq_80,enc_auto\/file.jpg\"><\/wow-image><\/div>\n<\/div>\n<\/div>\n<\/div>\n<p id=\"viewer-e4tal\" class=\"mm8Nw _1j-51 roLFQS _1FoOD _78FBa sk96G9 roLFQS public-DraftStyleDefault-block-depth0 fixed-tab-size public-DraftStyleDefault-text-ltr\"><span class=\"_2PHJq public-DraftStyleDefault-ltr\"><span>A designer autoral de tramas Regina Misk participa da pr\u00f3xima edi\u00e7\u00e3o da ABUP Home &amp; Gift, dentro do Projeto C\u00e9lula, que acontecer\u00e1 em S\u00e3o Paulo, entre os dias 28 e 31 de agosto. Regina assina pe\u00e7as \u00fanicas e carregadas de afeto desenvolvidas atrav\u00e9s de t\u00e9cnicas manuais de tecelagem em seu ateli\u00ea em Belo Horizonte.<\/span><\/span><\/p>\n<p id=\"viewer-dod78\" class=\"mm8Nw _1j-51 roLFQS _1FoOD _78FBa sk96G9 roLFQS public-DraftStyleDefault-block-depth0 fixed-tab-size public-DraftStyleDefault-text-ltr\"><span class=\"_2PHJq public-DraftStyleDefault-ltr\"><span>Al\u00e9m das pe\u00e7as em linha, a designer trar\u00e1 as pe\u00e7as da nova cole\u00e7\u00e3o, entre elas mantas, adornos e esculturas decorativas de materiais t\u00eaxteis variados e madeira.<\/span><\/span><\/p>\n<p id=\"viewer-7dq2d\" class=\"mm8Nw _1j-51 roLFQS _1FoOD _78FBa sk96G9 roLFQS public-DraftStyleDefault-block-depth0 fixed-tab-size public-DraftStyleDefault-text-ltr\"><span class=\"_2PHJq public-DraftStyleDefault-ltr\"><span><strong>Principais materiais s\u00e3o rami e algod\u00e3o<\/strong><\/span><\/span><\/p>\n<p id=\"viewer-7am5p\" class=\"mm8Nw _1j-51 roLFQS _1FoOD _78FBa sk96G9 roLFQS public-DraftStyleDefault-block-depth0 fixed-tab-size public-DraftStyleDefault-text-ltr\"><span class=\"_2PHJq public-DraftStyleDefault-ltr\"><span>Regina Misk desenvolveu pe\u00e7as \u00fanicas para o home d\u00e9cor utilizando fios naturais crochetados em forma de cordas gigantes recheadas com res\u00edduos t\u00eaxteis. As cordas se entrela\u00e7am em objetos decorativos e d\u00e3o um novo olhar aos m\u00f3veis que os recebem, criando assim, uma est\u00e9tica contempor\u00e2nea. As pe\u00e7as s\u00e3o todas feitas artesanalmente e de forma individual, levando de 8 at\u00e9 35 horas para a conclus\u00e3o de cada produto. A marca se identifica com o conceito do movimento <em>slow<\/em>, valorizando a m\u00e3o de obra local de forma \u00e9tica, sustent\u00e1vel e consciente.<\/span><\/span><\/p>\n<p id=\"viewer-51jim\" class=\"mm8Nw _1j-51 roLFQS _1FoOD _78FBa sk96G9 roLFQS public-DraftStyleDefault-block-depth0 fixed-tab-size public-DraftStyleDefault-text-ltr\"><span class=\"_2PHJq public-DraftStyleDefault-ltr\"><span><strong>Ambiente instagram\u00e1vel<\/strong><\/span><\/span><\/p>\n<p id=\"viewer-5avpc\" class=\"mm8Nw _1j-51 roLFQS _1FoOD _78FBa sk96G9 roLFQS public-DraftStyleDefault-block-depth0 fixed-tab-size public-DraftStyleDefault-text-ltr\"><span class=\"_2PHJq public-DraftStyleDefault-ltr\"><span>Al\u00e9m dos diversos itens em op\u00e7\u00f5es de cores variadas dispon\u00edveis na paleta, os visitantes que passarem pelo estande de Regina Misk poder\u00e3o ainda conferir um ambiente exclusivo criado especialmente para tirar fotos para as redes sociais.<\/span><\/span><\/p>\n<p id=\"viewer-c86qd\" class=\"mm8Nw _1j-51 roLFQS _1FoOD _3M0Fe Z63qyL roLFQS public-DraftStyleDefault-block-depth0 fixed-tab-size public-DraftStyleDefault-text-ltr\"><span class=\"_2PHJq public-DraftStyleDefault-ltr\"><span><strong>Sobre Regina Misk<\/strong><\/span><\/span><\/p>\n<p id=\"viewer-9onus\" class=\"mm8Nw _1j-51 roLFQS _1FoOD _78FBa sk96G9 roLFQS public-DraftStyleDefault-block-depth0 fixed-tab-size public-DraftStyleDefault-text-ltr\"><span class=\"_2PHJq public-DraftStyleDefault-ltr\"><span>Artista e designer natural de Minas Gerais que produz pe\u00e7as feitas \u00e0 m\u00e3o, com um prop\u00f3sito genuinamente brasileiro, desenvolvendo pe\u00e7as cheias de afeto de forma integralmente artesanal: almofadas, cestos, mantas, lumin\u00e1rias, correntes de tric\u00f4, banquetas, poltronas e outros produtos. A designer autoral Regina Misk tece tramas com ousadia e personalidade. De seu atelier criativo em Belo Horizonte surgem cria\u00e7\u00f5es que ressignificam antigas formas de of\u00edcio e conduzem tradi\u00e7\u00e3o ao encontro harmonioso com o contempor\u00e2neo. O tear, o croch\u00ea, o tric\u00f4 e o bordado ganham nova luz, perpetuando as ra\u00edzes em frutos \u00fanicos.<\/span><\/span><\/p>\n<p id=\"viewer-63t22\" class=\"mm8Nw _1j-51 roLFQS _1FoOD _78FBa sk96G9 roLFQS public-DraftStyleDefault-block-depth0 fixed-tab-size public-DraftStyleDefault-text-ltr\"><span class=\"_2PHJq public-DraftStyleDefault-ltr\"><span><strong>Ateli\u00ea Regina Misk<\/strong><\/span><\/span><\/p>\n<p id=\"viewer-5f1tb\" class=\"mm8Nw _1j-51 roLFQS _1FoOD _78FBa sk96G9 roLFQS public-DraftStyleDefault-block-depth0 fixed-tab-size public-DraftStyleDefault-text-ltr\"><span class=\"_2PHJq public-DraftStyleDefault-ltr\"><span>Tel: 31 8260-7755<\/span><\/span><\/p>\n<p id=\"viewer-4cjt0\" class=\"mm8Nw _1j-51 roLFQS _1FoOD _3M0Fe Z63qyL roLFQS public-DraftStyleDefault-block-depth0 fixed-tab-size public-DraftStyleDefault-text-ltr\"><span class=\"_2PHJq public-DraftStyleDefault-ltr\"><span>@reginamisk<\/span><\/span><\/p>\n<p id=\"viewer-crcu3\" class=\"mm8Nw _1j-51 roLFQS _1FoOD _3M0Fe Z63qyL roLFQS public-DraftStyleDefault-block-depth0 fixed-tab-size public-DraftStyleDefault-text-ltr\"><span class=\"_2PHJq public-DraftStyleDefault-ltr\"><span><a data-hook=\"linkViewer\" href=\"https:\/\/reginamisk.com\/\" target=\"_blank\" rel=\"noopener noreferrer\" class=\"_3Bkfb _1lsz7\">https:\/\/reginamisk.com\/<\/a><\/span><\/span><\/p>\n<p><img decoding=\"async\" src=\"data:image\/gif;base64,R0lGODlhAQABAIAAAAAAAP\/\/\/ywAAAAAAQABAAACAUwAOw==\" fifu-lazy=\"1\" fifu-data-sizes=\"auto\" fifu-data-srcset=\"https:\/\/i2.wp.com\/verde-amarelo.net\/verdeamarelo\/wp-content\/uploads\/2022\/11\/regina-misk-participa-da-abup-2021.png?ssl=1&w=75&resize=75&ssl=1 75w, https:\/\/i2.wp.com\/verde-amarelo.net\/verdeamarelo\/wp-content\/uploads\/2022\/11\/regina-misk-participa-da-abup-2021.png?ssl=1&w=100&resize=100&ssl=1 100w, https:\/\/i2.wp.com\/verde-amarelo.net\/verdeamarelo\/wp-content\/uploads\/2022\/11\/regina-misk-participa-da-abup-2021.png?ssl=1&w=150&resize=150&ssl=1 150w, https:\/\/i2.wp.com\/verde-amarelo.net\/verdeamarelo\/wp-content\/uploads\/2022\/11\/regina-misk-participa-da-abup-2021.png?ssl=1&w=240&resize=240&ssl=1 240w, https:\/\/i2.wp.com\/verde-amarelo.net\/verdeamarelo\/wp-content\/uploads\/2022\/11\/regina-misk-participa-da-abup-2021.png?ssl=1&w=320&resize=320&ssl=1 320w, https:\/\/i2.wp.com\/verde-amarelo.net\/verdeamarelo\/wp-content\/uploads\/2022\/11\/regina-misk-participa-da-abup-2021.png?ssl=1&w=500&resize=500&ssl=1 500w, https:\/\/i2.wp.com\/verde-amarelo.net\/verdeamarelo\/wp-content\/uploads\/2022\/11\/regina-misk-participa-da-abup-2021.png?ssl=1&w=640&resize=640&ssl=1 640w, https:\/\/i2.wp.com\/verde-amarelo.net\/verdeamarelo\/wp-content\/uploads\/2022\/11\/regina-misk-participa-da-abup-2021.png?ssl=1&w=800&resize=800&ssl=1 800w, https:\/\/i2.wp.com\/verde-amarelo.net\/verdeamarelo\/wp-content\/uploads\/2022\/11\/regina-misk-participa-da-abup-2021.png?ssl=1&w=1024&resize=1024&ssl=1 1024w, https:\/\/i2.wp.com\/verde-amarelo.net\/verdeamarelo\/wp-content\/uploads\/2022\/11\/regina-misk-participa-da-abup-2021.png?ssl=1&w=1280&resize=1280&ssl=1 1280w, https:\/\/i2.wp.com\/verde-amarelo.net\/verdeamarelo\/wp-content\/uploads\/2022\/11\/regina-misk-participa-da-abup-2021.png?ssl=1&w=1600&resize=1600&ssl=1 1600w\" fifu-data-src=\"https:\/\/i2.wp.com\/verde-amarelo.net\/verdeamarelo\/wp-content\/uploads\/2022\/11\/regina-misk-participa-da-abup-2021.png?ssl=1\"><\/p>\n<p><a href=\"https:\/\/www.jacarandaagencia.com.br\/post\/regina-misk-participa-da-abup-2021\" target=\"_blank\" rel=\"noopener\"> Saiba mais: https:\/\/www.jacarandaagencia.com.br\/post\/regina-misk-participa-da-abup-2021<\/a><\/p>\n","protected":false},"excerpt":{"rendered":"<p>Designer autoral mineira apresenta nova cole\u00e7\u00e3o de pe\u00e7as em tramas para a casa A designer&#8230;<\/p>\n","protected":false},"author":1,"featured_media":0,"comment_status":"closed","ping_status":"closed","sticky":false,"template":"","format":"standard","meta":{"fifu_image_url":"","fifu_image_alt":"","footnotes":""},"categories":[731,727,760],"tags":[],"class_list":["post-59002","post","type-post","status-publish","format-standard","hentry","category-negocios","category-noticias","category-servicos","wpcat-731-id","wpcat-727-id","wpcat-760-id"],"_links":{"self":[{"href":"https:\/\/verde-amarelo.net\/verdeamarelo\/wp-json\/wp\/v2\/posts\/59002","targetHints":{"allow":["GET"]}}],"collection":[{"href":"https:\/\/verde-amarelo.net\/verdeamarelo\/wp-json\/wp\/v2\/posts"}],"about":[{"href":"https:\/\/verde-amarelo.net\/verdeamarelo\/wp-json\/wp\/v2\/types\/post"}],"author":[{"embeddable":true,"href":"https:\/\/verde-amarelo.net\/verdeamarelo\/wp-json\/wp\/v2\/users\/1"}],"replies":[{"embeddable":true,"href":"https:\/\/verde-amarelo.net\/verdeamarelo\/wp-json\/wp\/v2\/comments?post=59002"}],"version-history":[{"count":0,"href":"https:\/\/verde-amarelo.net\/verdeamarelo\/wp-json\/wp\/v2\/posts\/59002\/revisions"}],"wp:attachment":[{"href":"https:\/\/verde-amarelo.net\/verdeamarelo\/wp-json\/wp\/v2\/media?parent=59002"}],"wp:term":[{"taxonomy":"category","embeddable":true,"href":"https:\/\/verde-amarelo.net\/verdeamarelo\/wp-json\/wp\/v2\/categories?post=59002"},{"taxonomy":"post_tag","embeddable":true,"href":"https:\/\/verde-amarelo.net\/verdeamarelo\/wp-json\/wp\/v2\/tags?post=59002"}],"curies":[{"name":"wp","href":"https:\/\/api.w.org\/{rel}","templated":true}]}}