{"id":59010,"date":"2021-07-05T14:51:04","date_gmt":"2021-07-05T17:51:04","guid":{"rendered":"http:\/\/60e34518b877060015d5bb96"},"modified":"2021-07-05T14:51:04","modified_gmt":"2021-07-05T17:51:04","slug":"ong-artesol-compartilha-inspiracao-para-quem-quer-viver-o-clima-dos-festejos-julinos","status":"publish","type":"post","link":"https:\/\/verde-amarelo.net\/verdeamarelo\/2021\/07\/ong-artesol-compartilha-inspiracao-para-quem-quer-viver-o-clima-dos-festejos-julinos\/","title":{"rendered":"ONG Artesol compartilha inspira\u00e7\u00e3o para quem quer viver o clima dos festejos Julinos"},"content":{"rendered":"<div id=\"viewer-2hlf9\" class=\"_2vd5k b6lcWf\">\n<div class=\"_3CWa- sxFoib sxFoib\">\n<div data-hook=\"imageViewer\" class=\"_2kEVY\" role=\"button\" tabindex=\"0\">\n<div class=\"_3WJnn _2i-Gt _2Ybje\" id=\"new-image12041\"><wow-image id=\"d2cc7b_83d010426652446c9f1cee6f574d8592~mv2.jpg\" class=\"VqZCHB \" data-image-info=\"{&quot;containerId&quot;:&quot;new-image12041&quot;,&quot;displayMode&quot;:&quot;fill&quot;,&quot;isLQIP&quot;:true,&quot;isSEOBot&quot;:false,&quot;lqipTransition&quot;:&quot;blur&quot;,&quot;imageData&quot;:{&quot;width&quot;:6000,&quot;height&quot;:4000,&quot;uri&quot;:&quot;d2cc7b_83d010426652446c9f1cee6f574d8592~mv2.jpg&quot;,&quot;name&quot;:&quot;&quot;,&quot;displayMode&quot;:&quot;fill&quot;}}\" data-bg-effect-name data-has-ssr-src=\"true\" data-animate-blur><img decoding=\"async\" src=\"data:image\/gif;base64,R0lGODlhAQABAIAAAAAAAP\/\/\/ywAAAAAAQABAAACAUwAOw==\" fifu-lazy=\"1\" fifu-data-sizes=\"auto\" fifu-data-srcset=\"https:\/\/i3.wp.com\/verde-amarelo.net\/verdeamarelo\/wp-content\/uploads\/2022\/11\/ong-artesol-compartilha-inspiracao-para-quem-quer-viver-o-clima-dos-festejos-julinos.jpg?ssl=1&w=75&resize=75&ssl=1 75w, https:\/\/i3.wp.com\/verde-amarelo.net\/verdeamarelo\/wp-content\/uploads\/2022\/11\/ong-artesol-compartilha-inspiracao-para-quem-quer-viver-o-clima-dos-festejos-julinos.jpg?ssl=1&w=100&resize=100&ssl=1 100w, https:\/\/i3.wp.com\/verde-amarelo.net\/verdeamarelo\/wp-content\/uploads\/2022\/11\/ong-artesol-compartilha-inspiracao-para-quem-quer-viver-o-clima-dos-festejos-julinos.jpg?ssl=1&w=150&resize=150&ssl=1 150w, https:\/\/i3.wp.com\/verde-amarelo.net\/verdeamarelo\/wp-content\/uploads\/2022\/11\/ong-artesol-compartilha-inspiracao-para-quem-quer-viver-o-clima-dos-festejos-julinos.jpg?ssl=1&w=240&resize=240&ssl=1 240w, https:\/\/i3.wp.com\/verde-amarelo.net\/verdeamarelo\/wp-content\/uploads\/2022\/11\/ong-artesol-compartilha-inspiracao-para-quem-quer-viver-o-clima-dos-festejos-julinos.jpg?ssl=1&w=320&resize=320&ssl=1 320w, https:\/\/i3.wp.com\/verde-amarelo.net\/verdeamarelo\/wp-content\/uploads\/2022\/11\/ong-artesol-compartilha-inspiracao-para-quem-quer-viver-o-clima-dos-festejos-julinos.jpg?ssl=1&w=500&resize=500&ssl=1 500w, https:\/\/i3.wp.com\/verde-amarelo.net\/verdeamarelo\/wp-content\/uploads\/2022\/11\/ong-artesol-compartilha-inspiracao-para-quem-quer-viver-o-clima-dos-festejos-julinos.jpg?ssl=1&w=640&resize=640&ssl=1 640w, https:\/\/i3.wp.com\/verde-amarelo.net\/verdeamarelo\/wp-content\/uploads\/2022\/11\/ong-artesol-compartilha-inspiracao-para-quem-quer-viver-o-clima-dos-festejos-julinos.jpg?ssl=1&w=800&resize=800&ssl=1 800w, https:\/\/i3.wp.com\/verde-amarelo.net\/verdeamarelo\/wp-content\/uploads\/2022\/11\/ong-artesol-compartilha-inspiracao-para-quem-quer-viver-o-clima-dos-festejos-julinos.jpg?ssl=1&w=1024&resize=1024&ssl=1 1024w, https:\/\/i3.wp.com\/verde-amarelo.net\/verdeamarelo\/wp-content\/uploads\/2022\/11\/ong-artesol-compartilha-inspiracao-para-quem-quer-viver-o-clima-dos-festejos-julinos.jpg?ssl=1&w=1280&resize=1280&ssl=1 1280w, https:\/\/i3.wp.com\/verde-amarelo.net\/verdeamarelo\/wp-content\/uploads\/2022\/11\/ong-artesol-compartilha-inspiracao-para-quem-quer-viver-o-clima-dos-festejos-julinos.jpg?ssl=1&w=1600&resize=1600&ssl=1 1600w\" fifu-data-src=\"https:\/\/i3.wp.com\/verde-amarelo.net\/verdeamarelo\/wp-content\/uploads\/2022\/11\/ong-artesol-compartilha-inspiracao-para-quem-quer-viver-o-clima-dos-festejos-julinos.jpg?ssl=1\" alt data-pin-url=\"https:\/\/www.jacarandaagencia.com.br\/post\/ong-artesol-compartilha-inspira\u00e7\u00e3o-para-quem-quer-viver-o-clima-dos-festejos-julinos\" data-pin-media=\"https:\/\/static.wixstatic.com\/media\/d2cc7b_83d010426652446c9f1cee6f574d8592~mv2.jpg\/v1\/fit\/w_1000%2Ch_1000%2Cal_c%2Cq_80,enc_auto\/file.jpg\"><\/wow-image><\/div>\n<\/div>\n<\/div>\n<\/div>\n<p id=\"viewer-2oi0v\" class=\"mm8Nw _1j-51 roLFQS _1FoOD _78FBa sk96G9 roLFQS public-DraftStyleDefault-block-depth0 fixed-tab-size public-DraftStyleDefault-text-ltr\"><span class=\"_2PHJq public-DraftStyleDefault-ltr\"><span><span>Os meses de junho e julho costumavam transformar as cidades do interior do Brasil em majestosos cen\u00e1rios dos \u201carrai\u00e1s\u201d que homenageiam da cultura sertaneja em noites embaladas ao som da sanfona, aquecidas pelo calor da fogueira e aromatizadas pelo cheiro do quent\u00e3o ou de quitutes como o milho assado. A tradi\u00e7\u00e3o originalmente portuguesa, com tra\u00e7os culturais franceses, nasceu das festas que celebravam a safra dos agricultores europeus com muita fartura na mesa. No Brasil, os festejos que tamb\u00e9m homenageiam os santos cat\u00f3licos e inclu\u00edram ainda a musicalidade dos trios de forr\u00f3 e as comidas e t\u00edpicas do Nordeste, onde a festa ganhou fama e identidade. <\/span><\/span><\/span><\/p>\n<p id=\"viewer-eudj6\" class=\"mm8Nw _1j-51 roLFQS _1FoOD _78FBa sk96G9 roLFQS public-DraftStyleDefault-block-depth0 fixed-tab-size public-DraftStyleDefault-text-ltr\"><span class=\"_2PHJq public-DraftStyleDefault-ltr\"><span><span>Foi assim que, ao longo do tempo, essa \u00e9poca do ano ganhou um significado afetivo na mem\u00f3ria do povo brasileiro. Pelo segundo ano consecutivo, por\u00e9m, estamos privados da alegria das quermesses do Brasil. Foi pensando nisso que a ONG Artesol fez uma sele\u00e7\u00e3o de pe\u00e7as do artesanato tradicional brasileiro e preparou diversos quitutes para te inspirar a levar a alegria das festas julinas para sua casa em um arrai\u00e1 com a fam\u00edlia.<\/span><\/span><\/span><\/p>\n<p id=\"viewer-c33cn\" class=\"mm8Nw _1j-51 roLFQS _1FoOD _78FBa sk96G9 roLFQS public-DraftStyleDefault-block-depth0 fixed-tab-size public-DraftStyleDefault-text-ltr\"><span class=\"_2PHJq public-DraftStyleDefault-ltr\"><span>Para uma decora\u00e7\u00e3o original, uma alternativa \u00e0 toalha de chit\u00e3o \u00e9 montar a mesa com uma toalha ou caminho de mesa tran\u00e7ado de fibras naturais, que mostram que at\u00e9 a festa caipira pode ter um toque r\u00fastico chique. Use e abuse tamb\u00e9m do charme das tramas brasileiras em cestarias e pe\u00e7as feitas com as mais diferentes mat\u00e9rias-primas: fibra de buriti, de arum\u00e3, de carna\u00faba, bananeira, cip\u00f3 e tantas outras. A simplicidade elegante das t\u00e9cnicas de tran\u00e7ado presente nos cestos, balaios e peneiras garante a brasilidade da festa. Elas podem ser usadas para servir <span>espigas de milho, pamonha doce cozida na palha do milho e pipoca e qualquer outra receita de milho, o protagonista absoluto do card\u00e1pio.<\/span><\/span><\/span><\/p>\n<p id=\"viewer-3qc0q\" class=\"mm8Nw _1j-51 roLFQS _1FoOD _78FBa sk96G9 roLFQS public-DraftStyleDefault-block-depth0 fixed-tab-size public-DraftStyleDefault-text-ltr\"><span class=\"_2PHJq public-DraftStyleDefault-ltr\"><span>Invista em cumbucas de cer\u00e2mica artesanais para servir por\u00e7\u00f5es individuais <span>de canjica, pinh\u00e3o cozido e curau.<\/span> Ainda vale investir em um cantinho com os s\u00edmbolos mais tradicionais da cultura nordestina. <span>O artesanato de Caruaru, por exemplo, \u00e9 um \u00edcone. \u00c9 de l\u00e1 que vem os famosos trios nordestinos, cangaceiros, retirantes e dan\u00e7arinos de xaxado que representam t\u00e3o bem a est\u00e9tica nordestina. Eles s\u00e3o moldados no barro a partir da tradi\u00e7\u00e3o criada por Mestre Vitalino, um dos maiores artistas populares da nossa hist\u00f3ria, que ficou conhecido por criar figuras inspiradas nas cren\u00e7as populares, no cotidiano, nos rituais e no imagin\u00e1rio da popula\u00e7\u00e3o do sert\u00e3o brasileiro. <\/span><\/span><\/span><\/p>\n<p id=\"viewer-3glbj\" class=\"mm8Nw _1j-51 roLFQS _1FoOD _78FBa sk96G9 roLFQS public-DraftStyleDefault-block-depth0 fixed-tab-size public-DraftStyleDefault-text-ltr\"><span class=\"_2PHJq public-DraftStyleDefault-ltr\"><span><span>Depois da mesa montada, \u00e9 s\u00f3 colocar o bai\u00e3o na vitrola e entrar no clima. Olha a chuva! \u00c9 mentira! <\/span><\/span><\/span><\/p>\n<p><img decoding=\"async\" src=\"data:image\/gif;base64,R0lGODlhAQABAIAAAAAAAP\/\/\/ywAAAAAAQABAAACAUwAOw==\" fifu-lazy=\"1\" fifu-data-sizes=\"auto\" fifu-data-srcset=\"https:\/\/i2.wp.com\/verde-amarelo.net\/verdeamarelo\/wp-content\/uploads\/2022\/11\/ong-artesol-compartilha-inspiracao-para-quem-quer-viver-o-clima-dos-festejos-julinos.png?ssl=1&w=75&resize=75&ssl=1 75w, https:\/\/i2.wp.com\/verde-amarelo.net\/verdeamarelo\/wp-content\/uploads\/2022\/11\/ong-artesol-compartilha-inspiracao-para-quem-quer-viver-o-clima-dos-festejos-julinos.png?ssl=1&w=100&resize=100&ssl=1 100w, https:\/\/i2.wp.com\/verde-amarelo.net\/verdeamarelo\/wp-content\/uploads\/2022\/11\/ong-artesol-compartilha-inspiracao-para-quem-quer-viver-o-clima-dos-festejos-julinos.png?ssl=1&w=150&resize=150&ssl=1 150w, https:\/\/i2.wp.com\/verde-amarelo.net\/verdeamarelo\/wp-content\/uploads\/2022\/11\/ong-artesol-compartilha-inspiracao-para-quem-quer-viver-o-clima-dos-festejos-julinos.png?ssl=1&w=240&resize=240&ssl=1 240w, https:\/\/i2.wp.com\/verde-amarelo.net\/verdeamarelo\/wp-content\/uploads\/2022\/11\/ong-artesol-compartilha-inspiracao-para-quem-quer-viver-o-clima-dos-festejos-julinos.png?ssl=1&w=320&resize=320&ssl=1 320w, https:\/\/i2.wp.com\/verde-amarelo.net\/verdeamarelo\/wp-content\/uploads\/2022\/11\/ong-artesol-compartilha-inspiracao-para-quem-quer-viver-o-clima-dos-festejos-julinos.png?ssl=1&w=500&resize=500&ssl=1 500w, https:\/\/i2.wp.com\/verde-amarelo.net\/verdeamarelo\/wp-content\/uploads\/2022\/11\/ong-artesol-compartilha-inspiracao-para-quem-quer-viver-o-clima-dos-festejos-julinos.png?ssl=1&w=640&resize=640&ssl=1 640w, https:\/\/i2.wp.com\/verde-amarelo.net\/verdeamarelo\/wp-content\/uploads\/2022\/11\/ong-artesol-compartilha-inspiracao-para-quem-quer-viver-o-clima-dos-festejos-julinos.png?ssl=1&w=800&resize=800&ssl=1 800w, https:\/\/i2.wp.com\/verde-amarelo.net\/verdeamarelo\/wp-content\/uploads\/2022\/11\/ong-artesol-compartilha-inspiracao-para-quem-quer-viver-o-clima-dos-festejos-julinos.png?ssl=1&w=1024&resize=1024&ssl=1 1024w, https:\/\/i2.wp.com\/verde-amarelo.net\/verdeamarelo\/wp-content\/uploads\/2022\/11\/ong-artesol-compartilha-inspiracao-para-quem-quer-viver-o-clima-dos-festejos-julinos.png?ssl=1&w=1280&resize=1280&ssl=1 1280w, https:\/\/i2.wp.com\/verde-amarelo.net\/verdeamarelo\/wp-content\/uploads\/2022\/11\/ong-artesol-compartilha-inspiracao-para-quem-quer-viver-o-clima-dos-festejos-julinos.png?ssl=1&w=1600&resize=1600&ssl=1 1600w\" fifu-data-src=\"https:\/\/i2.wp.com\/verde-amarelo.net\/verdeamarelo\/wp-content\/uploads\/2022\/11\/ong-artesol-compartilha-inspiracao-para-quem-quer-viver-o-clima-dos-festejos-julinos.png?ssl=1\"><\/p>\n<p><a href=\"https:\/\/www.jacarandaagencia.com.br\/post\/ong-artesol-compartilha-inspira%C3%A7%C3%A3o-para-quem-quer-viver-o-clima-dos-festejos-julinos\" target=\"_blank\" rel=\"noopener\"> Saiba mais: https:\/\/www.jacarandaagencia.com.br\/post\/ong-artesol-compartilha-inspira%C3%A7%C3%A3o-para-quem-quer-viver-o-clima-dos-festejos-julinos<\/a><\/p>\n","protected":false},"excerpt":{"rendered":"<p>Os meses de junho e julho costumavam transformar as cidades do interior do Brasil em&#8230;<\/p>\n","protected":false},"author":1,"featured_media":0,"comment_status":"closed","ping_status":"closed","sticky":false,"template":"","format":"standard","meta":{"fifu_image_url":"","fifu_image_alt":"","footnotes":""},"categories":[731,727,760],"tags":[],"class_list":["post-59010","post","type-post","status-publish","format-standard","hentry","category-negocios","category-noticias","category-servicos","wpcat-731-id","wpcat-727-id","wpcat-760-id"],"_links":{"self":[{"href":"https:\/\/verde-amarelo.net\/verdeamarelo\/wp-json\/wp\/v2\/posts\/59010","targetHints":{"allow":["GET"]}}],"collection":[{"href":"https:\/\/verde-amarelo.net\/verdeamarelo\/wp-json\/wp\/v2\/posts"}],"about":[{"href":"https:\/\/verde-amarelo.net\/verdeamarelo\/wp-json\/wp\/v2\/types\/post"}],"author":[{"embeddable":true,"href":"https:\/\/verde-amarelo.net\/verdeamarelo\/wp-json\/wp\/v2\/users\/1"}],"replies":[{"embeddable":true,"href":"https:\/\/verde-amarelo.net\/verdeamarelo\/wp-json\/wp\/v2\/comments?post=59010"}],"version-history":[{"count":0,"href":"https:\/\/verde-amarelo.net\/verdeamarelo\/wp-json\/wp\/v2\/posts\/59010\/revisions"}],"wp:attachment":[{"href":"https:\/\/verde-amarelo.net\/verdeamarelo\/wp-json\/wp\/v2\/media?parent=59010"}],"wp:term":[{"taxonomy":"category","embeddable":true,"href":"https:\/\/verde-amarelo.net\/verdeamarelo\/wp-json\/wp\/v2\/categories?post=59010"},{"taxonomy":"post_tag","embeddable":true,"href":"https:\/\/verde-amarelo.net\/verdeamarelo\/wp-json\/wp\/v2\/tags?post=59010"}],"curies":[{"name":"wp","href":"https:\/\/api.w.org\/{rel}","templated":true}]}}