{"id":59234,"date":"2022-09-21T11:50:05","date_gmt":"2022-09-21T14:50:05","guid":{"rendered":"http:\/\/pg1com.com\/?p=14656"},"modified":"2022-09-21T11:50:05","modified_gmt":"2022-09-21T14:50:05","slug":"loja-com-mais-de-1300-itens-natalinos-acaba-de-ser-inaugurada-em-curitiba","status":"publish","type":"post","link":"https:\/\/verde-amarelo.net\/verdeamarelo\/2022\/09\/loja-com-mais-de-1300-itens-natalinos-acaba-de-ser-inaugurada-em-curitiba\/","title":{"rendered":"Loja com mais de 1300 itens natalinos acaba de ser inaugurada em Curitiba"},"content":{"rendered":"<p>Com mais de 1300 itens natalinos, a tradicional loja de decora\u00e7\u00e3o de Natal, Noel, abre as portas no Shopping Esta\u00e7\u00e3o. Os clientes que j\u00e1 est\u00e3o come\u00e7ando a enfeitar as suas casas e com\u00e9rcios v\u00e3o encontrar de tudo no local, de \u00e1rvores e guirlandas a ilumina\u00e7\u00e3o, flores e pres\u00e9pios, etc.&nbsp;<\/p>\n<figure class=\"wp-block-image\"><img decoding=\"async\" src=\"data:image\/gif;base64,R0lGODlhAQABAIAAAAAAAP\/\/\/ywAAAAAAQABAAACAUwAOw==\" fifu-lazy=\"1\" fifu-data-sizes=\"auto\" fifu-data-srcset=\"https:\/\/i3.wp.com\/verde-amarelo.net\/verdeamarelo\/wp-content\/uploads\/2022\/11\/loja-com-mais-de-1300-itens-natalinos-acaba-de-ser-inaugurada-em-curitiba.jpg?ssl=1&w=75&resize=75&ssl=1 75w, https:\/\/i3.wp.com\/verde-amarelo.net\/verdeamarelo\/wp-content\/uploads\/2022\/11\/loja-com-mais-de-1300-itens-natalinos-acaba-de-ser-inaugurada-em-curitiba.jpg?ssl=1&w=100&resize=100&ssl=1 100w, https:\/\/i3.wp.com\/verde-amarelo.net\/verdeamarelo\/wp-content\/uploads\/2022\/11\/loja-com-mais-de-1300-itens-natalinos-acaba-de-ser-inaugurada-em-curitiba.jpg?ssl=1&w=150&resize=150&ssl=1 150w, https:\/\/i3.wp.com\/verde-amarelo.net\/verdeamarelo\/wp-content\/uploads\/2022\/11\/loja-com-mais-de-1300-itens-natalinos-acaba-de-ser-inaugurada-em-curitiba.jpg?ssl=1&w=240&resize=240&ssl=1 240w, https:\/\/i3.wp.com\/verde-amarelo.net\/verdeamarelo\/wp-content\/uploads\/2022\/11\/loja-com-mais-de-1300-itens-natalinos-acaba-de-ser-inaugurada-em-curitiba.jpg?ssl=1&w=320&resize=320&ssl=1 320w, https:\/\/i3.wp.com\/verde-amarelo.net\/verdeamarelo\/wp-content\/uploads\/2022\/11\/loja-com-mais-de-1300-itens-natalinos-acaba-de-ser-inaugurada-em-curitiba.jpg?ssl=1&w=500&resize=500&ssl=1 500w, https:\/\/i3.wp.com\/verde-amarelo.net\/verdeamarelo\/wp-content\/uploads\/2022\/11\/loja-com-mais-de-1300-itens-natalinos-acaba-de-ser-inaugurada-em-curitiba.jpg?ssl=1&w=640&resize=640&ssl=1 640w, https:\/\/i3.wp.com\/verde-amarelo.net\/verdeamarelo\/wp-content\/uploads\/2022\/11\/loja-com-mais-de-1300-itens-natalinos-acaba-de-ser-inaugurada-em-curitiba.jpg?ssl=1&w=800&resize=800&ssl=1 800w, https:\/\/i3.wp.com\/verde-amarelo.net\/verdeamarelo\/wp-content\/uploads\/2022\/11\/loja-com-mais-de-1300-itens-natalinos-acaba-de-ser-inaugurada-em-curitiba.jpg?ssl=1&w=1024&resize=1024&ssl=1 1024w, https:\/\/i3.wp.com\/verde-amarelo.net\/verdeamarelo\/wp-content\/uploads\/2022\/11\/loja-com-mais-de-1300-itens-natalinos-acaba-de-ser-inaugurada-em-curitiba.jpg?ssl=1&w=1280&resize=1280&ssl=1 1280w, https:\/\/i3.wp.com\/verde-amarelo.net\/verdeamarelo\/wp-content\/uploads\/2022\/11\/loja-com-mais-de-1300-itens-natalinos-acaba-de-ser-inaugurada-em-curitiba.jpg?ssl=1&w=1600&resize=1600&ssl=1 1600w\" loading=\"lazy\" width=\"768\" height=\"1024\" fifu-data-src=\"https:\/\/i3.wp.com\/verde-amarelo.net\/verdeamarelo\/wp-content\/uploads\/2022\/11\/loja-com-mais-de-1300-itens-natalinos-acaba-de-ser-inaugurada-em-curitiba.jpg?ssl=1\" alt=\"\" class=\"wp-image-14657\" srcset=\"https:\/\/verde-amarelo.net\/verdeamarelo\/wp-content\/uploads\/2022\/11\/loja-com-mais-de-1300-itens-natalinos-acaba-de-ser-inaugurada-em-curitiba.jpg 768w, https:\/\/verde-amarelo.net\/verdeamarelo\/wp-content\/uploads\/2022\/11\/loja-com-mais-de-1300-itens-natalinos-acaba-de-ser-inaugurada-em-curitiba-1.jpg 225w, https:\/\/verde-amarelo.net\/verdeamarelo\/wp-content\/uploads\/2022\/11\/loja-com-mais-de-1300-itens-natalinos-acaba-de-ser-inaugurada-em-curitiba-2.jpg 1200w\" sizes=\"auto, (max-width: 768px) 100vw, 768px\" \/><\/figure>\n<p>Ao entrar na loja, n\u00e3o h\u00e1 como n\u00e3o entrar no clima e no encanto do Natal. As cores, os enfeites, o Papai Noel em todas as prateleiras despertam a vontade de transformar a casa.<\/p>&nbsp;&nbsp;\n<p>Nas tend\u00eancias de decora\u00e7\u00e3o para esse ano, est\u00e3o as cores branca e prata, fugindo do tradicional vermelho. Para as \u00e1rvores, os consumidores est\u00e3o optando pelas nevadas e no formato slim, que ocupam menos espa\u00e7o, principalmente para quem mora em apartamento.&nbsp;<\/p>\n<p>A loja est\u00e1 no piso L1 e funciona de&nbsp;segunda a s\u00e1bado das 10h \u00e0s 22h, e das 14h \u00e0s 20h aos domingos.<\/p>&nbsp;&nbsp;\n<p><strong>Shopping Esta\u00e7\u00e3o<\/strong><\/p>\n<p>Av. Sete de Setembro, 2.775, Rebou\u00e7as<\/p>\n<p>Curitiba (PR)<\/p>\n<p>(41) 3094-5300<\/p>\n<p><a href=\"https:\/\/www.instagram.com\/shopping_estacao\/\">https:\/\/www.instagram.com\/shopping_estacao\/<\/a><\/p>\n<p><a href=\"https:\/\/nam02.safelinks.protection.outlook.com\/?url=http%3A%2F%2Fsender.helpi.com.br%2Fl%2Fk6JxRJX9jT3zbe0k2TgkJw%2F2UjtM6A0TpCFJ2cR8924CnmA%2FHVArzXhzYjLvKldF93Hrjw&amp;data=05%7C01%7Cleticia.alves%40brmallsadm.com.br%7Cbee452cfa29b4ec943b708da9cc0237e%7C0692d64383744a42b6403783aafd79e9%7C0%7C0%7C637994646304259387%7CUnknown%7CTWFpbGZsb3d8eyJWIjoiMC4wLjAwMDAiLCJQIjoiV2luMzIiLCJBTiI6Ik1haWwiLCJXVCI6Mn0%3D%7C2000%7C%7C%7C&amp;sdata=BzVwSK5r9j5Po%2B2hlxX9JuNTeV4qXgSdAHG3dllL8bE%3D&amp;reserved=0\" target=\"_blank\" rel=\"noreferrer noopener\">www.shoppingestacao.com.br<\/a><\/p>\n<p><!-- Este texto tem o apoio do Sistema ECOMPARE de lojas virtuais <a rel=\"nofollow\" href=\"http:\/\/pg1com.com\/loja-com-mais-de-1300-itens-natalinos-acaba-de-ser-inaugurada-em-curitiba\/\">Loja com mais de 1300 itens natalinos acaba de ser inaugurada em Curitiba<\/a> apareceu primeiro em <a rel=\"nofollow\" href=\"http:\/\/pg1com.com\">P\u00e1gina 1 Comunica\u00e7\u00e3o<\/a>.<\/p>&nbsp;&nbsp;\n<hr>\n<p>Cr\u00e9ditos: P\u00e1gina 1 Comunica\u00e7\u00e3o<\/p>\n<hr>\n","protected":false},"excerpt":{"rendered":"<p>Com mais de 1300 itens natalinos, a tradicional loja de decora\u00e7\u00e3o de Natal, Noel, abre&#8230;<\/p>\n","protected":false},"author":1,"featured_media":0,"comment_status":"closed","ping_status":"closed","sticky":false,"template":"","format":"standard","meta":{"fifu_image_url":"","fifu_image_alt":"","footnotes":""},"categories":[727],"tags":[4551,611],"class_list":["post-59234","post","type-post","status-publish","format-standard","hentry","category-noticias","tag-nao-categorizado","tag-natal","wpcat-727-id"],"_links":{"self":[{"href":"https:\/\/verde-amarelo.net\/verdeamarelo\/wp-json\/wp\/v2\/posts\/59234","targetHints":{"allow":["GET"]}}],"collection":[{"href":"https:\/\/verde-amarelo.net\/verdeamarelo\/wp-json\/wp\/v2\/posts"}],"about":[{"href":"https:\/\/verde-amarelo.net\/verdeamarelo\/wp-json\/wp\/v2\/types\/post"}],"author":[{"embeddable":true,"href":"https:\/\/verde-amarelo.net\/verdeamarelo\/wp-json\/wp\/v2\/users\/1"}],"replies":[{"embeddable":true,"href":"https:\/\/verde-amarelo.net\/verdeamarelo\/wp-json\/wp\/v2\/comments?post=59234"}],"version-history":[{"count":0,"href":"https:\/\/verde-amarelo.net\/verdeamarelo\/wp-json\/wp\/v2\/posts\/59234\/revisions"}],"wp:attachment":[{"href":"https:\/\/verde-amarelo.net\/verdeamarelo\/wp-json\/wp\/v2\/media?parent=59234"}],"wp:term":[{"taxonomy":"category","embeddable":true,"href":"https:\/\/verde-amarelo.net\/verdeamarelo\/wp-json\/wp\/v2\/categories?post=59234"},{"taxonomy":"post_tag","embeddable":true,"href":"https:\/\/verde-amarelo.net\/verdeamarelo\/wp-json\/wp\/v2\/tags?post=59234"}],"curies":[{"name":"wp","href":"https:\/\/api.w.org\/{rel}","templated":true}]}}