{"id":60556,"date":"2023-01-04T13:06:22","date_gmt":"2023-01-04T16:06:22","guid":{"rendered":"https:\/\/sigcomunicacao.com.br\/?p=17499"},"modified":"2023-01-04T13:06:22","modified_gmt":"2023-01-04T16:06:22","slug":"dakar-2023-marcelo-medeiros-faz-uma-excelente-etapa-de-recuperacao","status":"publish","type":"post","link":"https:\/\/verde-amarelo.net\/verdeamarelo\/2023\/01\/dakar-2023-marcelo-medeiros-faz-uma-excelente-etapa-de-recuperacao\/","title":{"rendered":"Dakar 2023 \u2013 Marcelo Medeiros faz uma excelente etapa de recupera\u00e7\u00e3o"},"content":{"rendered":"<p><em>Com a conclus\u00e3o da 4\u00aa etapa, o maranhense subiu sete casas na somat\u00f3ria dos tempos para o dia. O titular da Yamaha Raptor 700, #159, chegou na 9\u00aa posi\u00e7\u00e3o, finalizando os 425 km em 06h25min34. A quinta etapa ter\u00e1 ser\u00e1 novamente em la\u00e7o com largada e chegada em H\u00e1\u2019il<\/em><\/p>\n<p><strong>Ha&#8217;il (Ar\u00e1bia Saudita)&nbsp;<\/strong>\u2013 Marcelo Medeiros, piloto da TAG Racing, concluiu a 4\u00aa etapa do 45\u00b0 Dakar na nona posi\u00e7\u00e3o entre os Quadriciclos FIM depois de largar da 16\u00aa coloca\u00e7\u00e3o. O maranhense completou os 425 quil\u00f4metros de trecho cronometrado desta quarta-feira em 06h25min34. O titular da Yamaha Raptor 700, #159, subiu dois degraus na tabela de classifica\u00e7\u00e3o da competi\u00e7\u00e3o, ficando agora na 14\u00ba posi\u00e7\u00e3o e somando 53h07min31.<\/p>&nbsp;&nbsp;\n<p>A 4\u00aa especial teve percurso em forma de la\u00e7o ao noroeste da Arabia Saudita, pela regi\u00e3o de H\u00e1\u2019il. A resist\u00eancia dos competidores e de suas m\u00e1quinas foi um fator decisivo. A presen\u00e7a massiva de areia com dunas de todos os tipos, exigiu uma abordagem diferente na pilotagem em uma prova considerada dif\u00edcil at\u00e9 pela navega\u00e7\u00e3o.<\/p>&nbsp;&nbsp;\n<p>\u201cEu vinha bem, administrando minha posi\u00e7\u00e3o, mas quase no fim da prova tive esse contratempo. Encontrei uma duna que quebrava em 90 graus e ca\u00ed embicado no are\u00e3o, capotando. Estou bem e o quadri s\u00f3 teve danos na carenagem dianteira. Minha equipe vai ter um pouco de trabalho, mas vamos com tudo para concluir as etapas que restam deste Dakar. Apesar deste aperreio, estou satisfeito com o resultado e focado em meu objetivo\u201d, contou o piloto maranhense.<\/p>&nbsp;&nbsp;\n<p>&#8220;Foi mais um dia longo, especial de 425 quil\u00f4metros. No geral, fizemos uma boa etapa, principalmente por alavancar posi\u00e7\u00f5es. Nesta etapa, tudo esteve bem, o corpo est\u00e1 se sentindo bem e o quadri se comportou muito bem, ent\u00e3o sim, estamos felizes e satisfeitos com o resultado. O foco continua no objetivo de completar bem todos os dias\u201d, diz Marcelo Medeiros.<\/p>&nbsp;&nbsp;\n<p>Nesta quinta-feira, 05, ser\u00e1 mais uma etapa em formato de la\u00e7o, partidas e chegadas da cidade de Ha&#8217;il. A quinta etapa ter\u00e1 645,04 quil\u00f4metros totais, com especial de 373 quil\u00f4metros, e o roteiro ser\u00e1 parecido com o da quarta etapa com muita areia e passagens por dunas, uma boa navega\u00e7\u00e3o ser\u00e1 imprescind\u00edvel.<\/p>&nbsp;&nbsp;\n<p>O piloto da TAG Racing e seu Yamaha 700 enfrentam, durante estas duas primeiras semanas do ano, a um total de 8.549 quil\u00f4metros, dos quais 4.706 quil\u00f4metros ser\u00e3o especiais cronometrados e o restante divididos entre trechos iniciais e finais de deslocamento. O Dakar teve in\u00edcio no domingo, 01 de janeiro e prossegue at\u00e9 15 de janeiro com chegada em Damman no Golfo P\u00e9rsico.<\/p>&nbsp;&nbsp;\n<p>Dentro do Dakar, Marcelo Medeiros realiza a segunda participa\u00e7\u00e3o consecutiva na Ar\u00e1bia Saudita, no ano passado completou em sexto, vencendo tr\u00eas etapas. O piloto pentacampe\u00e3o do rali do Sert\u00f5es conta com outras tr\u00eas participa\u00e7\u00f5es, quando a competi\u00e7\u00e3o aconteceu na Am\u00e9rica do Sul. Em sua estreia, em 2016, e no ano seguinte o maranhense n\u00e3o finalizou a prova. Em 2018, ficou em quarto lugar entre os quadriciclos.<\/p>&nbsp;&nbsp;\n<p>O Dakar 2023 soma pontos para o Campeonato Mundial de Rally Cross Country (FIA e FIM). Mais informa\u00e7\u00f5es: www.dakar.com e App Dakar Rally 2023.<\/p>&nbsp;&nbsp;\n<p>Marcelo Medeiros conta com patroc\u00ednio do Governo do Estado do Maranh\u00e3o, atrav\u00e9s da Lei de Incentivo Estadual ao Esporte com a empresa Centro El\u00e9trico, no Dakar 2023.<\/p>&nbsp;&nbsp;\n<p><strong>DAKAR 2022<\/strong><\/p>\n<p><strong>RESULTADO 4\u00aa ETAPA \u2013 QUADRICICLOS FIM (13 primeiros &#8211; EXTRA-OFICIAL)<\/strong><\/p>\n<p>1) #151 Alexandre Giroud, FRA, Yamaha Racing, SMX &#8211; Drag&#8217;on, Raptor 700, 05h52min17<\/p>\n<p>2) #152 Manuel Andujar (ARG), 7240 Team, 05h57min03<\/p>\n<p>3) #162 Laisvydas Kancius (LTU), Story Racing, 06h02min51<\/p>\n<p>4) #166 Giovanni Enrico (CHL), Enrico Racing, 06h03min20<\/p>\n<p>5) #154 Francisco Moreno Flores (ARG), Drag\u00b4On Rally Team, 06h03min50<\/p>\n<p>6) #153 Juraj Varga (SVK), Varga Motorsport Team, 06h04min06<\/p>\n<p>7) #170 Xavier Verbeke (FRA), Happyness Racing, 06h22min33<\/p>\n<p>8) #155 Kamil Wisniewski (POL), Orlen Team, 06h24min39<\/p>\n<p><strong>9) #159 Marcelo Medeiros, BRA, TAG Racing, Yamaha Raptor 700, 06h25min34<\/strong><\/p>\n<p>10) #163 Pablo Copetti (USA), Del Amo Motorsports By Motul, 06h27min14<\/p>\n<p>11) #171 Daniel Vila Vaques, Dv4 Powered By Motul, Raptor 700, 06h28min27<\/p>\n<p>12) #164 Toni Vingut (ESP), Visit Sant Antoni \u2013 Ibiza, 07h11min32<\/p>\n<p>13) #167 Abdulaziz Ahli (ARE), A.Ahli92Racing, 07h39min01<\/p>\n<p>14) #156 Zdenek Tuma (CZE), Barth Racing, 08h31min36<\/p>\n<p>16) #169 Alejandro Fantoni (ARG), Drag&#8217;on, 08h30min39<\/p>\n<p>15) #160 Axel Dutrie (FRA), Drag&#8217;on Rally Service, 51h05min00<\/p>\n<p>17) #158 Carlos Alejandro Verza (ARG), Verza Rally Team, sem tempo<\/p>\n<p>18) #165 Sebastien Souday (FRA), Team All Tracks, sem tempo<\/p>\n<p>&#8211;<\/p>\n<p><strong>CLASSIFICA\u00c7\u00c3O GERAL (ap\u00f3s quatro etapas) \u2013 QUADRICICLOS FIM<\/strong><\/p>\n<p><strong>(EXTRA-OFICIAL)<\/strong><\/p>\n<p>1) #151 Alexandre Giroud, FRA, Yamaha Racing, SMX &#8211; Drag&#8217;on, Raptor 700, 22h49min35<\/p>\n<p>2) #154 Francisco Moreno Flores (ARG), Drag\u00b4On Rally Team, 23h36min39<\/p>\n<p>3) #152 Manuel Andujar (ARG), 7240 Team, 23h47min57<\/p>\n<p>4) #162 Laisvydas Kancius (LTU), Story Racing, 24h03min41<\/p>\n<p>5) #163 Pablo Copetti (USA), Del Amo Motorsports By Motul, 24h13min19<\/p>\n<p>6) #166 Giovanni Enrico (CHL), Enrico Racing, 24h14min55<\/p>\n<p>7) #153 Juraj Varga (SVK), Varga Motorsport Team, 24h43min01<\/p>\n<p>8) #155 Kamil Wisniewski (POL), Orlen Team, 24h46min55<\/p>\n<p>9) #171 Daniel Vila Vaques, Dv4 Powered By Motul, Raptor 700, 26h43min21<\/p>\n<p>10) #164 Toni Vingut (ESP), Visit Sant Antoni \u2013 Ibiza, 26h55min30<\/p>\n<p>11) #170 Xavier Verbeke (FRA), Happyness Racing, 27h07min15<\/p>\n<p>12) #167 Abdulaziz Ahli (ARE), A.Ahli92Racing, 28h38min11<\/p>\n<p>13) #156 Zdenek Tuma (CZE), Barth Racing, 29h18min42<\/p>\n<p>14) #169 Alejandro Fantoni (ARG), Drag&#8217;on, 36h18min59<\/p>\n<p>15) #159 Marcelo Medeiros, BRA, TAG Racing, Yamaha Raptor 700, 53h07min31<\/p>\n<p>16) #160 Axel Dutrie (FRA), Drag&#8217;on Rally Service, 138h35min40<\/p>\n<p>17) #158 Carlos Alejandro Verza (ARG), Verza Rally Team<\/p>\n<p>18) #165 Sebastien Souday (FRA), Team All Tracks<\/p>\n<p><strong>&#8211;<\/strong><\/p>\n<p><strong>ROTEIRO DAKAR 2023 (AR\u00c1BIA SAUDITA)<\/strong><\/p>\n<p><em>31\/12 &#8211; Pr\u00f3logo &#8211; Sea Camp &gt; Sea Camp &#8211; 13 km<\/em><\/p>\n<p><em>01\/01 &#8211; Etapa 1 &#8211; Sea Camp &gt; Sea Camp \u2013 602,56 km (total)| 367 km (especial)<\/em><\/p>\n<p><em>02\/01 &#8211; Etapa 2 &#8211; Sea Camp &gt; Alula&nbsp; \u2013 589,07 km | 430 km<\/em><\/p>\n<p><em>03\/01 &#8211; Etapa 3 &#8211; Alula &gt; Ha&#8217;il \u2013 669,15 km | 447 km<\/em><\/p>\n<p>04\/01 &#8211; Etapa 4 &#8211; Ha&#8217;il &gt; Ha&#8217;il \u2013 574,01 km | 425 km<\/p>\n<p>05\/01 &#8211; Etapa 5 &#8211; Ha&#8217;il &gt; Ha&#8217;il \u2013 645,04 km | 373 km<\/p>\n<p>06\/01 &#8211; Etapa 6 &#8211; Ha&#8217;il &gt; Al Duwadimi \u2013 876,24 km | 465 km<\/p>\n<p>07\/01 &#8211; Etapa 7 &#8211; Al Duwadimi &gt; Al Duwadimi \u2013 641,46 km | 472 km<\/p>\n<p>08\/01 &#8211; Etapa 8 &#8211; Al Duwadimi &gt; Riyadh \u2013 713,85 km | 398 km<\/p>\n<p>09\/01 &#8211; Descanso \u2013 Riyadh<\/p>\n<p>10\/01 &#8211; Etapa 9 &#8211; Riyadh &gt; Haradh &#8211; 686 km | 358 km<\/p>\n<p>11\/01 &#8211; Etapa 10 &#8211; Haradh &gt; Shaybah \u2013 623,94 km | 113 km<\/p>\n<p>12\/01 &#8211; Etapa 11 &#8211; Shaybah &gt; Empty Quarter (Maratona) \u2013 428,27 km | 275 km<\/p>\n<p>13\/01 &#8211; Etapa 12 &#8211; Empty Quarter (Maratona) &gt; Shaybah \u2013 374,86 km | 183 km<\/p>\n<p>14\/01 &#8211; Etapa 13 &#8211; Shaybah &gt; Al-Hofuf \u2013 675,6 km | 154 km<\/p>\n<p>15\/01 &#8211; Etapa 14 &#8211; Al-Hofuf &gt; Dammam \u2013 417,3 km | 136 km<\/p>\n<p><strong>Total de Especiais<\/strong>= 4.706 km<\/p>\n<p><strong>Total Geral<\/strong>= 8.549 km<\/p>\n<p>&#8211;<\/p>\n<p>Mais informa\u00e7\u00f5es da equipe:<\/p>\n<p>Instagram: @marcelomedeiros10<\/p>\n<p>&#8211;<\/p>\n<p><strong>Consultoria de Comunica\u00e7\u00e3o e Assessoria de Imprensa<\/strong><\/p>\n<p>SIG Comunica\u00e7\u00e3o \u2013&nbsp;<a href=\"mailto:sig@sigcomunicacao.com.br\">sig@sigcomunicacao.com.br<\/a><\/p>\n<p>Silvana Grezzana Santos | +55 (11) 999.726.966<\/p>\n<p>Cr\u00e9dito fotos: Fotop<\/p>\n<p><a href=\"https:\/\/sigcomunicacao.com.br\/2023\/01\/04\/dakar-2023-marcelo-medeiros-faz-uma-excelente-etapa-de-recuperacao\/\" target=\"_blank\" rel=\"noopener\"> Saiba mais: https:\/\/sigcomunicacao.com.br\/2023\/01\/04\/dakar-2023-marcelo-medeiros-faz-uma-excelente-etapa-de-recuperacao\/<\/a><\/p>\n","protected":false},"excerpt":{"rendered":"<p>Com a conclus\u00e3o da 4\u00aa etapa, o maranhense subiu sete casas na somat\u00f3ria dos tempos&#8230;<\/p>\n","protected":false},"author":1,"featured_media":0,"comment_status":"closed","ping_status":"closed","sticky":false,"template":"","format":"standard","meta":{"fifu_image_url":"","fifu_image_alt":"","footnotes":""},"categories":[7492,29,727],"tags":[3018],"class_list":["post-60556","post","type-post","status-publish","format-standard","hentry","category-esportes","category-eventos","category-noticias","tag-geral","wpcat-7492-id","wpcat-29-id","wpcat-727-id"],"_links":{"self":[{"href":"https:\/\/verde-amarelo.net\/verdeamarelo\/wp-json\/wp\/v2\/posts\/60556","targetHints":{"allow":["GET"]}}],"collection":[{"href":"https:\/\/verde-amarelo.net\/verdeamarelo\/wp-json\/wp\/v2\/posts"}],"about":[{"href":"https:\/\/verde-amarelo.net\/verdeamarelo\/wp-json\/wp\/v2\/types\/post"}],"author":[{"embeddable":true,"href":"https:\/\/verde-amarelo.net\/verdeamarelo\/wp-json\/wp\/v2\/users\/1"}],"replies":[{"embeddable":true,"href":"https:\/\/verde-amarelo.net\/verdeamarelo\/wp-json\/wp\/v2\/comments?post=60556"}],"version-history":[{"count":0,"href":"https:\/\/verde-amarelo.net\/verdeamarelo\/wp-json\/wp\/v2\/posts\/60556\/revisions"}],"wp:attachment":[{"href":"https:\/\/verde-amarelo.net\/verdeamarelo\/wp-json\/wp\/v2\/media?parent=60556"}],"wp:term":[{"taxonomy":"category","embeddable":true,"href":"https:\/\/verde-amarelo.net\/verdeamarelo\/wp-json\/wp\/v2\/categories?post=60556"},{"taxonomy":"post_tag","embeddable":true,"href":"https:\/\/verde-amarelo.net\/verdeamarelo\/wp-json\/wp\/v2\/tags?post=60556"}],"curies":[{"name":"wp","href":"https:\/\/api.w.org\/{rel}","templated":true}]}}