{"id":60557,"date":"2023-01-04T14:00:00","date_gmt":"2023-01-04T17:00:00","guid":{"rendered":"https:\/\/prnewswire.com.br\/?post_type=releases&amp;p=55814"},"modified":"2023-01-04T14:00:00","modified_gmt":"2023-01-04T17:00:00","slug":"ces-2023-lg-oferece-conforto-e-elegancia-com-o-novo-artcool-gallery","status":"publish","type":"post","link":"https:\/\/verde-amarelo.net\/verdeamarelo\/2023\/01\/ces-2023-lg-oferece-conforto-e-elegancia-com-o-novo-artcool-gallery\/","title":{"rendered":"CES 2023: LG oferece conforto e eleg\u00e2ncia com o novo ARTCOOL GALLERY"},"content":{"rendered":"<div class=\"xn-content\">\n<p class=\"prntac\"><i>Novo ar-condicionado residencial cria ambiente chique e confort\u00e1vel com seu design elegante, fun\u00e7\u00e3o de conte\u00fado personaliz\u00e1vel e o renomado compressor DUAL Inverter da LG<\/i><\/p>\n<p><span class=\"legendSpanClass\">S\u00c3O PAULO<\/span>, <span class=\"legendSpanClass\">4 de janeiro de 2023<\/span> - Atualizado -  &#8212; A LG Electronics est\u00e1 pronta para apresentar seu mais recente ar-condicionado <b>ARTCOOL Gallery<\/b> na CES 2023. Com uma tela LCD de 27 polegadas e op\u00e7\u00f5es atualiz\u00e1veis, o novo modelo pode exibir conte\u00fado personalizado para combinar com qualquer esta\u00e7\u00e3o ou para refrescar instantaneamente a sala usando o aplicativo LG ThinQ. Ele tamb\u00e9m oferece resfriamento e aquecimento com efici\u00eancia energ\u00e9tica com o DUAL Inverter Compressor<img decoding=\"async\" src=\"data:image\/gif;base64,R0lGODlhAQABAIAAAAAAAP\/\/\/ywAAAAAAQABAAACAUwAOw==\" fifu-lazy=\"1\" fifu-data-sizes=\"auto\" fifu-data-srcset=\"https:\/\/i1.wp.com\/s.w.org\/images\/core\/emoji\/12.0.0-1\/72x72\/2122.png?ssl=1&w=75&resize=75&ssl=1 75w, https:\/\/i1.wp.com\/s.w.org\/images\/core\/emoji\/12.0.0-1\/72x72\/2122.png?ssl=1&w=100&resize=100&ssl=1 100w, https:\/\/i1.wp.com\/s.w.org\/images\/core\/emoji\/12.0.0-1\/72x72\/2122.png?ssl=1&w=150&resize=150&ssl=1 150w, https:\/\/i1.wp.com\/s.w.org\/images\/core\/emoji\/12.0.0-1\/72x72\/2122.png?ssl=1&w=240&resize=240&ssl=1 240w, https:\/\/i1.wp.com\/s.w.org\/images\/core\/emoji\/12.0.0-1\/72x72\/2122.png?ssl=1&w=320&resize=320&ssl=1 320w, https:\/\/i1.wp.com\/s.w.org\/images\/core\/emoji\/12.0.0-1\/72x72\/2122.png?ssl=1&w=500&resize=500&ssl=1 500w, https:\/\/i1.wp.com\/s.w.org\/images\/core\/emoji\/12.0.0-1\/72x72\/2122.png?ssl=1&w=640&resize=640&ssl=1 640w, https:\/\/i1.wp.com\/s.w.org\/images\/core\/emoji\/12.0.0-1\/72x72\/2122.png?ssl=1&w=800&resize=800&ssl=1 800w, https:\/\/i1.wp.com\/s.w.org\/images\/core\/emoji\/12.0.0-1\/72x72\/2122.png?ssl=1&w=1024&resize=1024&ssl=1 1024w, https:\/\/i1.wp.com\/s.w.org\/images\/core\/emoji\/12.0.0-1\/72x72\/2122.png?ssl=1&w=1280&resize=1280&ssl=1 1280w, https:\/\/i1.wp.com\/s.w.org\/images\/core\/emoji\/12.0.0-1\/72x72\/2122.png?ssl=1&w=1600&resize=1600&ssl=1 1600w\" fifu-data-src=\"https:\/\/i1.wp.com\/s.w.org\/images\/core\/emoji\/12.0.0-1\/72x72\/2122.png?ssl=1\" alt=\"\u2122\" class=\"wp-smiley\" style=\"height: 1em; max-height: 1em;\" \/> e fluxo de ar indireto de 3 vias, al\u00e9m de proporcionar um desempenho mais higi\u00eanico com AI Dry<img decoding=\"async\" src=\"data:image\/gif;base64,R0lGODlhAQABAIAAAAAAAP\/\/\/ywAAAAAAQABAAACAUwAOw==\" fifu-lazy=\"1\" fifu-data-sizes=\"auto\" fifu-data-srcset=\"https:\/\/i1.wp.com\/s.w.org\/images\/core\/emoji\/12.0.0-1\/72x72\/2122.png?ssl=1&w=75&resize=75&ssl=1 75w, https:\/\/i1.wp.com\/s.w.org\/images\/core\/emoji\/12.0.0-1\/72x72\/2122.png?ssl=1&w=100&resize=100&ssl=1 100w, https:\/\/i1.wp.com\/s.w.org\/images\/core\/emoji\/12.0.0-1\/72x72\/2122.png?ssl=1&w=150&resize=150&ssl=1 150w, https:\/\/i1.wp.com\/s.w.org\/images\/core\/emoji\/12.0.0-1\/72x72\/2122.png?ssl=1&w=240&resize=240&ssl=1 240w, https:\/\/i1.wp.com\/s.w.org\/images\/core\/emoji\/12.0.0-1\/72x72\/2122.png?ssl=1&w=320&resize=320&ssl=1 320w, https:\/\/i1.wp.com\/s.w.org\/images\/core\/emoji\/12.0.0-1\/72x72\/2122.png?ssl=1&w=500&resize=500&ssl=1 500w, https:\/\/i1.wp.com\/s.w.org\/images\/core\/emoji\/12.0.0-1\/72x72\/2122.png?ssl=1&w=640&resize=640&ssl=1 640w, https:\/\/i1.wp.com\/s.w.org\/images\/core\/emoji\/12.0.0-1\/72x72\/2122.png?ssl=1&w=800&resize=800&ssl=1 800w, https:\/\/i1.wp.com\/s.w.org\/images\/core\/emoji\/12.0.0-1\/72x72\/2122.png?ssl=1&w=1024&resize=1024&ssl=1 1024w, https:\/\/i1.wp.com\/s.w.org\/images\/core\/emoji\/12.0.0-1\/72x72\/2122.png?ssl=1&w=1280&resize=1280&ssl=1 1280w, https:\/\/i1.wp.com\/s.w.org\/images\/core\/emoji\/12.0.0-1\/72x72\/2122.png?ssl=1&w=1600&resize=1600&ssl=1 1600w\" fifu-data-src=\"https:\/\/i1.wp.com\/s.w.org\/images\/core\/emoji\/12.0.0-1\/72x72\/2122.png?ssl=1\" alt=\"\u2122\" class=\"wp-smiley\" style=\"height: 1em; max-height: 1em;\" \/> e oferecer uma variedade de recursos f\u00e1ceis de usar.<\/p>&nbsp;&nbsp;\n<div class=\"PRN_ImbeddedAssetReference\" id=\"DivAssetPlaceHolder6283\">\n<p><a href=\"https:\/\/mma.prnewswire.com\/media\/1977196\/Artcool_Gallery.html\" rel=\"nofollow noopener noreferrer\" target=\"_blank\"><\/a><\/p>\n<\/div>\n<p>Apresentando conte\u00fado exclusivo em uma tela LCD emoldurada com uma estrutura simples e sofisticada, o ARTCOOL Gallery d\u00e1 a impress\u00e3o de estar olhando para uma obra de arte. Com o aplicativo ThinQ, os usu\u00e1rios podem selecionar entre uma variedade de imagens est\u00e1ticas e animadas \u2013 ou escolher entre suas fotos pessoais favoritas. O novo modelo pode ser facilmente gerenciado usando o controle remoto inteligente incluso ou por meio de um aplicativo m\u00f3vel<sup>1<\/sup> que permite aos usu\u00e1rios escolher configura\u00e7\u00f5es e fun\u00e7\u00f5es, monitorando o status do aparelho a partir qualquer lugar em tempo real.<\/p>&nbsp;&nbsp;\n<p>Equipado com o Compressor DUAL Inverter da empresa, o novo ARTCOOL Gallery apresenta resfriamento com efici\u00eancia energ\u00e9tica, usando at\u00e9 70% menos energia do que um ar-condicionado residencial convencional<sup>2<\/sup>. E o fluxo de ar de 3 vias do novo modelo fornece fluxos de ar indiretos adequados para o espa\u00e7o.<\/p>&nbsp;&nbsp;\n<p>O mais recente ARTCOOL Gallery da LG tamb\u00e9m ajuda a criar um ambiente interno tranquilo e confort\u00e1vel, operando com n\u00edveis de ru\u00eddo t\u00e3o baixos quanto 20 decib\u00e9is e fechando sua aleta inferior\u00a0no modo de hiberna\u00e7\u00e3o para n\u00e3o perturbar o descanso dos usu\u00e1rios\u00b3.<\/p>&nbsp;&nbsp;\n<p>O ARTCOOL Gallery fornece um fluxo de ar perfeitamente fresco gra\u00e7as ao recurso AI Dry da LG. Definindo automaticamente o tempo de secagem ideal com base no tempo de opera\u00e7\u00e3o e na sele\u00e7\u00e3o do modo, o AI Dry remove efetivamente qualquer umidade que se formou dentro do ar-condicionado. O novo modelo tamb\u00e9m possui uma grade inferior que pode ser facilmente removida para limpeza<sup>4<\/sup>, e uma tampa que facilita a instala\u00e7\u00e3o.<\/p>&nbsp;&nbsp;\n<p>&#8220;Com a combina\u00e7\u00e3o exclusiva de conte\u00fado personalizado e tecnologias de ponta, a nova e inovadora solu\u00e7\u00e3o de ar da LG foi projetada para ajudar a proporcionar aos consumidores uma vida melhor em casa.&#8221; disse <span class=\"xn-person\">Lyu Jae-cheol<\/span>, presidente da LG Electronics Home Appliance &#038; Air Solution Company. &#8220;Oferecendo desempenho excepcional e temas art\u00edsticos adequados para todos os gostos e esta\u00e7\u00f5es, nosso mais recente ar-condicionado ARTCOOL Gallery proporciona conforto e eleg\u00e2ncia o ano todo&#8221;.<\/p>&nbsp;&nbsp;\n<p>Os visitantes do stand da LG (n\u00ba 15501, <span class=\"xn-location\">Las Vegas<\/span> Convention Center) na CES 2023, de 5 a 8 de janeiro, poder\u00e3o ver todas as inova\u00e7\u00f5es mais recentes da empresa, incluindo o novo ar-condicionado ARTCOOL Gallery.<\/p>&nbsp;&nbsp;\n<p><i><sup>1<\/sup><\/i><i>\u00a0Atualmente compat\u00edvel apenas com dispositivos baseados no sistema operacional Android.<\/i>\u00a0\u00a0<br \/><\/br><i><sup>2<\/sup><\/i><i>\u00a0Com base nos testes da T\u00dcV Rheinland realizados de acordo com os m\u00e9todos de teste internos da LG, comparando o tempo de resfriamento e o consumo de energia. Teste realizado em uma c\u00e2mara de <span class=\"xn-money\">69 m<\/span><sup>3<\/sup> (4,3 x 7,0 x <span class=\"xn-money\">2,3m<\/span>) a uma temperatura de 33<sup>o<\/sup> C com umidade relativa de 60 por cento usando ar-condicionado LG com Compressor DUAL Inverter (modelo US-Q242Kxy0, US-Q122Jxy0) e ar condicionando LG com compressor de velocidade constante (modelo TS-H2465DA0, TS-H122TDA) a uma temperatura definida de 26<sup>o<\/sup> C. A economia de energia \u00e9 medida comparando o consumo de energia dos dois modelos durante 8 horas de opera\u00e7\u00e3o.<\/i>\u00a0\u00a0<br \/><\/br><i>\u00b3 Testado no laborat\u00f3rio interno da LG medindo o n\u00edvel m\u00e9dio de ru\u00eddo do produto no &#8216;Modo de Hiberna\u00e7\u00e3o&#8217; (19,6 decib\u00e9is). Os resultados podem variar dependendo do ambiente de uso real.<\/i>\u00a0\u00a0<br \/><\/br><i><sup>4 <\/sup><\/i><i>Os usu\u00e1rios podem acessar e limpar o filtro do ar-condicionado ARTCOOL Gallery ap\u00f3s remover a grade inferior.<\/i>\u00a0\u00a0<\/p>\n<p><b>SOBRE A LG ELECTRONICS, INC.<\/b><\/p>\n<p>A LG Electronics \u00e9 uma inovadora global em tecnologia e produtos eletr\u00f4nicos de consumo com presen\u00e7a em quase todos os pa\u00edses e uma for\u00e7a de trabalho internacional de mais de 75 mil pessoas. As quatro empresas da LG \u2013 Home Appliance &#038; Air Solution, Home Entertainment, Vehicle component Solutions e Business Solutions \u2013 combinadas geraram vendas globais de mais de <span class=\"xn-money\">US$ 56<\/span> bilh\u00f5es em 2020. A LG \u00e9 uma fabricante l\u00edder de produtos de consumo e comerciais que v\u00e3o desde TVs, eletrodom\u00e9sticos, solu\u00e7\u00f5es de ar, monitores, rob\u00f4s de servi\u00e7o, componentes automotivos e suas marcas premium LG SIGNATURE e inteligente LG ThinQ s\u00e3o nomes familiares em todo o mundo. Visite o site para obter as \u00faltimas not\u00edcias.<\/p>&nbsp;&nbsp;\n<p><b>SOBRE A LG ELECTRONICS <\/b><b>NO BRASIL<\/b><\/p>\n<p>Operando no Brasil desde 1996, a LG Electronics comercializa no Pa\u00eds um extenso lineup de produtos, com mais de 350 itens, entre TVs, \u00c1udio e v\u00eddeo, equipamentos de inform\u00e1tica, Condicionadores de Ar, Linha Branca e Solu\u00e7\u00f5es Corporativas. A companhia, que fabrica nas plantas de Manaus a maioria dos produtos vendidos no Brasil, j\u00e1 \u00e9 considerada a segunda maior opera\u00e7\u00e3o da LG, atr\u00e1s apenas dos Estados Unidos. Com cerca de 6 mil funcion\u00e1rios, a subsidi\u00e1ria brasileira conta com um centro de Pesquisa e Desenvolvimento, assist\u00eancia t\u00e9cnica e call center pr\u00f3prios, al\u00e9m de uma loja pr\u00f3pria em <span class=\"xn-location\">Recife<\/span>.<\/p>&nbsp;&nbsp;\n<p><b>ACOMPANHE TODAS AS INFORMA\u00c7\u00d5ES NOS CANAIS LG<br \/><\/br><\/b>Site: <a href=\"http:\/\/www.lg.com\/br\" rel=\"nofollow noopener noreferrer\" target=\"_blank\">http:\/\/www.lg.com\/br<\/a>\u00a0<br \/><\/br>Instagram: <a href=\"https:\/\/www.instagram.com\/lgbrasil\/\" rel=\"nofollow noopener noreferrer\" target=\"_blank\">https:\/\/www.instagram.com\/lgbrasil\/<\/a>\u00a0<br \/><\/br>Twitter: <a href=\"http:\/\/twitter.com\/lgdobrasil\" rel=\"nofollow noopener noreferrer\" target=\"_blank\">http:\/\/twitter.com\/lgdobrasil<\/a>\u00a0<br \/><\/br>YouTube: <a href=\"http:\/\/www.youtube.com\/lgdobrasil\" rel=\"nofollow noopener noreferrer\" target=\"_blank\">http:\/\/www.youtube.com\/lgdobrasil<\/a>\u00a0<br \/><\/br>Facebook: <a href=\"http:\/\/www.facebook.com\/lgdobrasil\" rel=\"nofollow noopener noreferrer\" target=\"_blank\">http:\/\/www.facebook.com\/lgdobrasil<\/a>\u00a0<br \/><\/br>Linkedin: <a href=\"http:\/\/www.linkedin.com\/company\/lg-electronics-brasil\" rel=\"nofollow noopener noreferrer\" target=\"_blank\">www.linkedin.com\/company\/lg-electronics-brasil<\/a><\/p>\n<p class=\"prntac\"><b>LG ELECTRONICS &#8211; SAC<br \/><\/br><\/b>4004 5400 (Capitais e regi\u00f5es metropolitanas)<br \/><\/br>0800 707 5454 (Demais localidades)<\/p>\n<p>Foto &#8211;\u00a0<a href=\"https:\/\/mma.prnewswire.com\/media\/1977196\/Artcool_Gallery.jpg\" rel=\"nofollow noopener noreferrer\" target=\"_blank\">https:\/\/mma.prnewswire.com\/media\/1977196\/Artcool_Gallery.jpg<\/a><\/p>\n<p>\u00a0<\/p>\n<div class=\"PRN_ImbeddedAssetReference\" id=\"DivAssetPlaceHolder0\">\n<\/div>\n<p>FONTE LG Electronics do Brasil<\/p>\n<\/div>\n<p><!-- Este texto tem o apoio do Sistema ECOMPARE de lojas virtuais <a rel=\"nofollow\" href=\"https:\/\/prnewswire.com.br\/releases\/ces-2023-lg-oferece-conforto-e-elegancia-com-o-novo-artcool-gallery\/\">CES 2023: LG oferece conforto e eleg\u00e2ncia com o novo ARTCOOL GALLERY<\/a> apareceu primeiro em <a rel=\"nofollow\" href=\"https:\/\/prnewswire.com.br\">PR Newswire<\/a>.<\/p>&nbsp;&nbsp;\n","protected":false},"excerpt":{"rendered":"<p>Novo ar-condicionado residencial cria ambiente chique e confort\u00e1vel com seu design elegante, fun\u00e7\u00e3o de conte\u00fado&#8230;<\/p>\n","protected":false},"author":1,"featured_media":0,"comment_status":"closed","ping_status":"closed","sticky":false,"template":"","format":"standard","meta":{"fifu_image_url":"","fifu_image_alt":"","footnotes":""},"categories":[7488,756,731,727],"tags":[7743,44,735,767,21,32,25],"class_list":["post-60557","post","type-post","status-publish","format-standard","hentry","category-destaques","category-mercado","category-negocios","category-noticias","tag-brazil","tag-industria","tag-brasil","tag-comercio","tag-eventos","tag-mercado","tag-negocios","wpcat-7488-id","wpcat-756-id","wpcat-731-id","wpcat-727-id"],"_links":{"self":[{"href":"https:\/\/verde-amarelo.net\/verdeamarelo\/wp-json\/wp\/v2\/posts\/60557","targetHints":{"allow":["GET"]}}],"collection":[{"href":"https:\/\/verde-amarelo.net\/verdeamarelo\/wp-json\/wp\/v2\/posts"}],"about":[{"href":"https:\/\/verde-amarelo.net\/verdeamarelo\/wp-json\/wp\/v2\/types\/post"}],"author":[{"embeddable":true,"href":"https:\/\/verde-amarelo.net\/verdeamarelo\/wp-json\/wp\/v2\/users\/1"}],"replies":[{"embeddable":true,"href":"https:\/\/verde-amarelo.net\/verdeamarelo\/wp-json\/wp\/v2\/comments?post=60557"}],"version-history":[{"count":0,"href":"https:\/\/verde-amarelo.net\/verdeamarelo\/wp-json\/wp\/v2\/posts\/60557\/revisions"}],"wp:attachment":[{"href":"https:\/\/verde-amarelo.net\/verdeamarelo\/wp-json\/wp\/v2\/media?parent=60557"}],"wp:term":[{"taxonomy":"category","embeddable":true,"href":"https:\/\/verde-amarelo.net\/verdeamarelo\/wp-json\/wp\/v2\/categories?post=60557"},{"taxonomy":"post_tag","embeddable":true,"href":"https:\/\/verde-amarelo.net\/verdeamarelo\/wp-json\/wp\/v2\/tags?post=60557"}],"curies":[{"name":"wp","href":"https:\/\/api.w.org\/{rel}","templated":true}]}}