{"id":60574,"date":"2023-01-04T22:22:49","date_gmt":"2023-01-05T01:22:49","guid":{"rendered":"https:\/\/verde-amarelo.net\/verdeamarelo\/?p=60574"},"modified":"2023-01-04T22:34:15","modified_gmt":"2023-01-05T01:34:15","slug":"dakar-2023-fpt-industrial-preparada-para-o-rali-mais-dificil-do-mundo","status":"publish","type":"post","link":"https:\/\/verde-amarelo.net\/verdeamarelo\/2023\/01\/dakar-2023-fpt-industrial-preparada-para-o-rali-mais-dificil-do-mundo\/","title":{"rendered":"DAKAR 2023: FPT INDUSTRIAL PREPARADA PARA O RALI MAIS DIF\u00cdCIL DO MUNDO"},"content":{"rendered":"<p><?php echo do_shortcode('[soshsc hide=\"guest\"]');?><\/p>\n<div>\n<div><o:p><font color=#2e0e00 size=2   face=\"Albertus Medium\"><\/font><\/o:p>&nbsp;<\/div>\n<div class=WordSection1>\n<p class=MsoNormal   style=\"TEXT-ALIGN: justify; LINE-HEIGHT: 150%; MARGIN-RIGHT: 28.25pt\"><span   style=\"LINE-HEIGHT: 150%\"><o:p>&nbsp;<\/o:p><\/span><\/p>\n<p class=MsoNormal   style=\"TEXT-ALIGN: justify; LINE-HEIGHT: 150%; MARGIN-RIGHT: 28.25pt\"><span   style=\"COLOR: windowtext\"><font size=4 face=\"Albertus Medium\">A FPT Industrial   participa da 45\u00aa edi\u00e7\u00e3o do Rally Dakar como copatrocinadora e fornecedora de   <\/font><a   title=\"https:\/\/www.awin1.com\/cread.php?awinmid=30049&amp;awinaffid=690303&#10;CTRL + Clique para seguir o link\"   href=\"https:\/\/www.awin1.com\/cread.php?awinmid=30049&amp;awinaffid=690303\"><font   size=4 face=\"Albertus Medium\">motores<\/font><\/a><font size=4   face=\"Albertus Medium\"> Cursor 13, especialmente preparados para os caminh\u00f5es   IVECO Powerstar das duas novas equipes \u0096 Boss Machinery Team De Rooy IVECO e   Eurol Team De Rooy IVECO. Mais desafiador rali do mundo, o Rally Dakar \u00e9   realizado, pela quarta vez, na <\/font><a   href=\"https:\/\/www.awin1.com\/cread.php?awinmid=10476&amp;awinaffid=690303\"><font   size=4 face=\"Albertus Medium\">Ar\u00e1bia Saudita<\/font><\/a><font size=4   face=\"Albertus Medium\">, entre 31 de dezembro de 2022 e 15 de janeiro de   2023.<\/font><\/span><span   style=\"COLOR: windowtext; LINE-HEIGHT: 150%\"><o:p><\/o:p><\/span><\/p>\n<p class=MsoNormal   style=\"TEXT-ALIGN: justify; LINE-HEIGHT: 150%; MARGIN-RIGHT: 28.25pt\"><span   style=\"COLOR: windowtext; LINE-HEIGHT: 150%\"><o:p><font size=4   face=\"Albertus Medium\">&nbsp;<\/font><\/o:p><\/span><\/p>\n<p class=MsoNormal   style=\"TEXT-ALIGN: justify; LINE-HEIGHT: 150%; MARGIN-RIGHT: 28.25pt\"><font   face=\"Albertus Medium\"><font size=4><span style=\"COLOR: windowtext\">Precedidas   pelos quase 5.000 km de trechos especiais do pr\u00f3logo, as 14 etapas, que   totalizam mais de 8.500 km, seguem uma nova rota de costa a costa, desde as   margens do Mar Vermelho at\u00e9 as do Golfo P\u00e9rsico, terminando em   Damman.<\/span><span   style=\"COLOR: windowtext; LINE-HEIGHT: 150%\"><o:p><\/o:p><\/span><\/font><\/font><\/p>\n<p class=MsoNormal   style=\"TEXT-ALIGN: justify; LINE-HEIGHT: 150%; MARGIN-RIGHT: 28.25pt\"><span   style=\"COLOR: windowtext; LINE-HEIGHT: 150%\"><o:p><font size=4   face=\"Albertus Medium\">&nbsp;<\/font><\/o:p><\/span><\/p>\n<p class=MsoNormal   style=\"TEXT-ALIGN: justify; LINE-HEIGHT: 150%; MARGIN-RIGHT: 28.25pt\"><span   style=\"COLOR: windowtext\"><font size=4 face=\"Albertus Medium\">Os organizadores   fizeram todo o poss\u00edvel para aumentar o grau de dificuldade aos 365 ve\u00edculos da   competi\u00e7\u00e3o, com uma rota que inclui quatro dias no <\/font><a   href=\"https:\/\/www.awin1.com\/cread.php?awinmid=10476&amp;awinaffid=690303\"><font   size=4 face=\"Albertus Medium\">mar de dunas do <\/font><\/span><span   style=\"COLOR: windowtext; LINE-HEIGHT: 150%\"><font size=4   face=\"Albertus Medium\">Empty Quarter<\/font><\/A><font size=4   face=\"Albertus Medium\"> <\/font><\/span><span style=\"COLOR: windowtext\"><font   face=\"Albertus Medium\"><font size=4>e uma etapa de maratona, durante a qual as   tripula\u00e7\u00f5es e os ve\u00edculos ficar\u00e3o sem apoio.<o:p><\/o:p><\/font><\/font><\/span><\/p>\n<p class=MsoNormal   style=\"TEXT-ALIGN: justify; LINE-HEIGHT: 150%; MARGIN-RIGHT: 28.25pt\"><span   style=\"LINE-HEIGHT: 150%\"><o:p><font size=4   face=\"Albertus Medium\">&nbsp;<\/font><\/o:p><\/span><\/p>\n<p class=MsoNormal   style=\"TEXT-ALIGN: center; LINE-HEIGHT: 150%; MARGIN-RIGHT: 28.25pt\"   align=center><font face=\"Albertus Medium\"><font size=4><span   style=\"LINE-HEIGHT: 150%\"><o:p><\/o:p><\/span><\/font><\/font><\/p>\n<p class=MsoNormal   style=\"TEXT-ALIGN: justify; LINE-HEIGHT: 150%; MARGIN-RIGHT: 28.25pt\"><span   style=\"LINE-HEIGHT: 150%\"><o:p><font size=4   face=\"Albertus Medium\">&nbsp;<\/font><\/o:p><\/span><\/p>\n<p class=MsoNormal   style=\"TEXT-ALIGN: justify; LINE-HEIGHT: 150%; MARGIN-RIGHT: 28.25pt\"><span   style=\"COLOR: windowtext\"><font size=4 face=\"Albertus Medium\">Participando do   seu d\u00e9cimo primeiro Rally Dakar em parceria com a IVECO, a FPT Industrial   preparou cuidadosamente seus motores Cursor 13 de 13 litros, que s\u00e3o a propuls\u00e3o   dos IVECO Powerstars participantes da competi\u00e7\u00e3o.<\/font><\/span><\/p>\n<p class=MsoNormal   style=\"TEXT-ALIGN: justify; LINE-HEIGHT: 150%; MARGIN-RIGHT: 28.25pt\"><font   face=\"Albertus Medium\"><font size=4><span style=\"COLOR: windowtext\"><\/span><span   style=\"COLOR: windowtext; LINE-HEIGHT: 150%\"><o:p><\/o:p><\/span><\/font><\/font>&nbsp;<\/p>\n<p class=MsoNormal   style=\"TEXT-ALIGN: justify; LINE-HEIGHT: 150%; MARGIN-RIGHT: 28.25pt\"><span   style=\"COLOR: windowtext\"><font face=\"Albertus Medium\"><font size=4>Projetado   para oferecer os mais altos n\u00edveis de pot\u00eancia, efici\u00eancia, confiabilidade e   sustentabilidade nas aplica\u00e7\u00f5es industriais on-road e off-road mais robustas   (transporte de cargas para longas dist\u00e2ncias, tratores de grande porte e para as   mais potentes colheitadeiras do mundo), o Cursor 13 est\u00e1 preparado para lidar   com as mais severas exig\u00eancias do Rally Dakar 2023 e, em rela\u00e7\u00e3o aos aspectos   b\u00e1sicos, n\u00e3o \u00e9 muito diferente de motores instalados em ve\u00edculos padr\u00e3o.   <o:p><\/o:p><\/font><\/font><\/span><\/p>\n<p class=MsoNormal   style=\"TEXT-ALIGN: justify; LINE-HEIGHT: 150%; MARGIN-RIGHT: 28.25pt\"><span   style=\"COLOR: windowtext\"><o:p><font size=4   face=\"Albertus Medium\">&nbsp;<\/font><\/o:p><\/span><\/p>\n<p class=MsoNormal   style=\"TEXT-ALIGN: justify; LINE-HEIGHT: 150%; MARGIN-RIGHT: 28.25pt\"><span   style=\"COLOR: windowtext\"><font size=4 face=\"Albertus Medium\">O Centro de   P&amp;D da FPT Industrial em <\/font><a   href=\"https:\/\/www.awin1.com\/cread.php?awinmid=10476&amp;awinaffid=690303\"><font   size=4 face=\"Albertus Medium\">Arbon, na Su\u00ed\u00e7a<\/font><\/a><font size=4   face=\"Albertus Medium\">, refor\u00e7ou as unidades propulsoras enviadas para a Ar\u00e1bia   e aumentou suas pot\u00eancias, para permitir que gerem mais de 1.000 cv e um torque   m\u00e1ximo de mais de 5.000 Nm. Contudo, em termos de projeto e estrutura, elas s\u00e3o   id\u00eanticas \u00e0s unidades criadas para lidar com os desafios de rotina.   <\/font><\/span><span   style=\"COLOR: windowtext; LINE-HEIGHT: 150%\"><o:p><\/o:p><\/span><\/p>\n<p class=MsoNormal   style=\"TEXT-ALIGN: justify; LINE-HEIGHT: 150%; MARGIN-RIGHT: 28.25pt\"><span   style=\"LINE-HEIGHT: 150%\"><o:p><font size=4   face=\"Albertus Medium\">&nbsp;<\/font><\/o:p><\/span><\/p>\n<p class=MsoNormal   style=\"TEXT-ALIGN: center; LINE-HEIGHT: 150%; MARGIN-RIGHT: 28.25pt\"   align=center><font face=\"Albertus Medium\"><font size=4><img decoding=\"async\" src=\"data:image\/gif;base64,R0lGODlhAQABAIAAAAAAAP\/\/\/ywAAAAAAQABAAACAUwAOw==\" fifu-lazy=\"1\" fifu-data-sizes=\"auto\" fifu-data-srcset=\"https:\/\/i0.wp.com\/verde-amarelo.net\/verdeamarelo\/wp-content\/uploads\/2023\/01\/image002.jpg?ssl=1&w=75&resize=75&ssl=1 75w, https:\/\/i0.wp.com\/verde-amarelo.net\/verdeamarelo\/wp-content\/uploads\/2023\/01\/image002.jpg?ssl=1&w=100&resize=100&ssl=1 100w, https:\/\/i0.wp.com\/verde-amarelo.net\/verdeamarelo\/wp-content\/uploads\/2023\/01\/image002.jpg?ssl=1&w=150&resize=150&ssl=1 150w, https:\/\/i0.wp.com\/verde-amarelo.net\/verdeamarelo\/wp-content\/uploads\/2023\/01\/image002.jpg?ssl=1&w=240&resize=240&ssl=1 240w, https:\/\/i0.wp.com\/verde-amarelo.net\/verdeamarelo\/wp-content\/uploads\/2023\/01\/image002.jpg?ssl=1&w=320&resize=320&ssl=1 320w, https:\/\/i0.wp.com\/verde-amarelo.net\/verdeamarelo\/wp-content\/uploads\/2023\/01\/image002.jpg?ssl=1&w=500&resize=500&ssl=1 500w, https:\/\/i0.wp.com\/verde-amarelo.net\/verdeamarelo\/wp-content\/uploads\/2023\/01\/image002.jpg?ssl=1&w=640&resize=640&ssl=1 640w, https:\/\/i0.wp.com\/verde-amarelo.net\/verdeamarelo\/wp-content\/uploads\/2023\/01\/image002.jpg?ssl=1&w=800&resize=800&ssl=1 800w, https:\/\/i0.wp.com\/verde-amarelo.net\/verdeamarelo\/wp-content\/uploads\/2023\/01\/image002.jpg?ssl=1&w=1024&resize=1024&ssl=1 1024w, https:\/\/i0.wp.com\/verde-amarelo.net\/verdeamarelo\/wp-content\/uploads\/2023\/01\/image002.jpg?ssl=1&w=1280&resize=1280&ssl=1 1280w, https:\/\/i0.wp.com\/verde-amarelo.net\/verdeamarelo\/wp-content\/uploads\/2023\/01\/image002.jpg?ssl=1&w=1600&resize=1600&ssl=1 1600w\" id=Imagem_x0020_4   style=\"HEIGHT: 2.341in; WIDTH: 3.941in\"   fifu-data-src=\"https:\/\/i0.wp.com\/verde-amarelo.net\/verdeamarelo\/wp-content\/uploads\/2023\/01\/image002.jpg?ssl=1\" width=378 height=225><span   style=\"LINE-HEIGHT: 150%\"><o:p><\/o:p><\/span><\/font><\/font><\/p>\n<p class=MsoNormal   style=\"TEXT-ALIGN: justify; LINE-HEIGHT: 150%; MARGIN-RIGHT: 28.25pt\"><span   style=\"LINE-HEIGHT: 150%\"><o:p><font size=4   face=\"Albertus Medium\">&nbsp;<\/font><\/o:p><\/span><\/p>\n<p class=MsoNormal   style=\"TEXT-ALIGN: justify; LINE-HEIGHT: 150%; MARGIN-RIGHT: 28.25pt\"><font   face=\"Albertus Medium\"><font size=4><span style=\"COLOR: windowtext\">As duas   novas equipes t\u00eam como capit\u00e3o o lend\u00e1rio vencedor de v\u00e1rias competi\u00e7\u00f5es, Gerard   De Rooy. As equipes s\u00e3o fortemente competitivas e n\u00e3o desistir\u00e3o at\u00e9 trazer a   vit\u00f3ria \u00e0 IVECO, com a contribui\u00e7\u00e3o fundamental da FPT Industrial, como fizeram   em 2012 e 2016:<\/span><span   style=\"COLOR: windowtext; LINE-HEIGHT: 150%\"><o:p><\/o:p><\/span><\/font><\/font><\/p>\n<p class=MsoNormal   style=\"TEXT-ALIGN: justify; LINE-HEIGHT: 150%; MARGIN-RIGHT: 28.25pt\"><span   style=\"LINE-HEIGHT: 150%\"><o:p><font size=4   face=\"Albertus Medium\">&nbsp;<\/font><\/o:p><\/span><\/p>\n<p class=MsoNormal   style=\"TEXT-ALIGN: justify; LINE-HEIGHT: 150%; MARGIN-RIGHT: 28.25pt\"><font   face=\"Albertus Medium\"><font size=4><b><span lang=EN-US>Boss Machinery Team De   Rooy IVECO<\/span><\/b><b><span lang=EN-US   style=\"LINE-HEIGHT: 150%\"><o:p><\/o:p><\/span><\/b><\/font><\/font><\/p>\n<ul style=\"MARGIN-TOP: 0cm\" type=disc>\n<li class=MsoListParagraphCxSpFirst     style=\"TEXT-ALIGN: justify; MARGIN-LEFT: 0cm; LINE-HEIGHT: 150%; MARGIN-RIGHT: 28.25pt; mso-add-space: auto; mso-list: l0 level1 lfo1\"><font     face=\"Albertus Medium\"><font size=4>N.\u00ba 502, IVECO Powerstar: piloto Janus van     Kasteren Jr, copiloto Marcel Snijders, mec\u00e2nico Darek Rodewald<span     style=\"LINE-HEIGHT: 150%\"><o:p><\/o:p><\/span><\/font><\/font>\n<li class=MsoListParagraphCxSpLast     style=\"TEXT-ALIGN: justify; MARGIN-LEFT: 0cm; LINE-HEIGHT: 150%; MARGIN-RIGHT: 28.25pt; mso-add-space: auto; mso-list: l0 level1 lfo1\"><font     face=\"Albertus Medium\"><font size=4>N.\u00ba 504, IVECO Powerstar: piloto Vick     Versteijnen, copiloto Teun Van Dal, mec\u00e2nico Andreas Van Der Sande<span     style=\"LINE-HEIGHT: 150%\"><o:p><\/o:p><\/span><\/font><\/font><\/li>\n<\/ul>\n<p class=MsoNormal   style=\"TEXT-ALIGN: justify; LINE-HEIGHT: 150%; MARGIN-RIGHT: 28.25pt\"><span   style=\"LINE-HEIGHT: 150%\"><o:p><font size=4   face=\"Albertus Medium\">&nbsp;<\/font><\/o:p><\/span><\/p>\n<p class=MsoNormal   style=\"TEXT-ALIGN: justify; LINE-HEIGHT: 150%; MARGIN-RIGHT: 28.25pt\"><font   face=\"Albertus Medium\"><font size=4><b>Eurol Team De Rooy IVECO<\/b><b><span   style=\"LINE-HEIGHT: 150%\"><o:p><\/o:p><\/span><\/b><\/font><\/font><\/p>\n<ul style=\"MARGIN-TOP: 0cm\" type=disc>\n<li class=MsoListParagraphCxSpFirst     style=\"TEXT-ALIGN: justify; MARGIN-LEFT: 0cm; LINE-HEIGHT: 150%; MARGIN-RIGHT: 28.25pt; mso-add-space: auto; mso-list: l0 level1 lfo1\"><font     face=\"Albertus Medium\"><font size=4><span lang=EN-US>N.\u00ba 506, IVECO Powerstar:     piloto Martin van den Brink, copiloto Rijk Mouw, mec\u00e2nico Erik     Kofman<\/span><span lang=EN-US     style=\"LINE-HEIGHT: 150%\"><o:p><\/o:p><\/span><\/font><\/font>\n<li class=MsoListParagraphCxSpLast     style=\"TEXT-ALIGN: justify; MARGIN-LEFT: 0cm; LINE-HEIGHT: 150%; MARGIN-RIGHT: 28.25pt; mso-add-space: auto; mso-list: l0 level1 lfo1\"><font     face=\"Albertus Medium\"><font size=4>N.\u00ba 511 IVECO Powerstar: piloto Mitchel     van den Brink, copiloto Moises Torrallardona, mec\u00e2nico Bert Jarno Van De Pol     <span style=\"LINE-HEIGHT: 150%\"><o:p><\/o:p><\/span><\/font><\/font><\/li>\n<\/ul>\n<p class=MsoNormal   style=\"TEXT-ALIGN: justify; LINE-HEIGHT: 150%; MARGIN-RIGHT: 28.25pt\"><span   style=\"LINE-HEIGHT: 150%\"><o:p><font size=4   face=\"Albertus Medium\">&nbsp;<\/font><\/o:p><\/span><\/p>\n<p class=MsoNormal   style=\"TEXT-ALIGN: justify; LINE-HEIGHT: 150%; MARGIN-RIGHT: 28.25pt\"><font   face=\"Albertus Medium\"><font size=4>\u0093Ser parte ativa desse desafio incr\u00edvel \u00e9   uma grande honra e \u00e9 muito emocionante\u0094, disse Pierpaolo Biffali,   vice-presidente de Engenharia de Produto da FPT Industrial. \u0093Mas tamb\u00e9m nos   proporciona o ambiente de teste ideal para experimentar novas solu\u00e7\u00f5es   enfrentando as condi\u00e7\u00f5es mais extremas do planeta, a fim de melhorar ainda mais   a confiabilidade e a resist\u00eancia dos motores usados pelos nossos clientes\u0094.<span   style=\"LINE-HEIGHT: 150%\"><o:p><\/o:p><\/span><\/font><\/font><\/p>\n<p class=MsoNormal   style=\"TEXT-ALIGN: justify; LINE-HEIGHT: 150%; MARGIN-RIGHT: 28.25pt\"><span   style=\"LINE-HEIGHT: 150%\"><o:p><font size=4   face=\"Albertus Medium\">&nbsp;<\/font><\/o:p><\/span><\/p>\n<p class=MsoNormal   style=\"TEXT-ALIGN: justify; LINE-HEIGHT: 150%; MARGIN-RIGHT: 28.25pt\"><font   face=\"Albertus Medium\"><font size=4><b><span   style=\"COLOR: windowtext\">Informa\u00e7\u00f5es t\u00e9cnicas do CURSOR 13 (edi\u00e7\u00e3o Rally Dakar   2023)<\/span><\/b><b><span   style=\"COLOR: windowtext; LINE-HEIGHT: 150%\"><o:p><\/o:p><\/span><\/b><\/font><\/font><\/p>\n<p class=MsoNormal   style=\"TEXT-ALIGN: justify; LINE-HEIGHT: 150%; MARGIN-RIGHT: 28.25pt\"><font   face=\"Albertus Medium\"><font size=4><span style=\"COLOR: windowtext\">N\u00ba de   cilindros\/v\u00e1lvulas: 6\/4<\/span><span   style=\"COLOR: windowtext; LINE-HEIGHT: 150%\"><o:p><\/o:p><\/span><\/font><\/font><\/p>\n<p class=MsoNormal   style=\"TEXT-ALIGN: justify; LINE-HEIGHT: 150%; MARGIN-RIGHT: 28.25pt\"><span   style=\"COLOR: windowtext\"><font face=\"Albertus Medium\"><font   size=4>Turbocompressor: Twin Scroll<o:p><\/o:p><\/font><\/font><\/span><\/p>\n<p class=MsoNormal   style=\"TEXT-ALIGN: justify; LINE-HEIGHT: 150%; MARGIN-RIGHT: 28.25pt\"><font   face=\"Albertus Medium\"><font size=4><span style=\"COLOR: windowtext\">Cilindrada   [litros]: 12,88<\/span><span   style=\"COLOR: windowtext; LINE-HEIGHT: 150%\"><o:p><\/o:p><\/span><\/font><\/font><\/p>\n<p class=MsoNormal   style=\"TEXT-ALIGN: justify; LINE-HEIGHT: 150%; MARGIN-RIGHT: 28.25pt\"><font   face=\"Albertus Medium\"><font size=4><span style=\"COLOR: windowtext\">Di\u00e2metro x   curso (mm): 135 x 150<\/span><span   style=\"COLOR: windowtext; LINE-HEIGHT: 150%\"><o:p><\/o:p><\/span><\/font><\/font><\/p>\n<p class=MsoNormal   style=\"TEXT-ALIGN: justify; LINE-HEIGHT: 150%; MARGIN-RIGHT: 28.25pt\"><font   face=\"Albertus Medium\"><font size=4><span style=\"COLOR: windowtext\">Pot\u00eancia   m\u00e1xima [cv] &gt; 1.000<\/span><span   style=\"COLOR: windowtext; LINE-HEIGHT: 150%\"><o:p><\/o:p><\/span><\/font><\/font><\/p>\n<p class=MsoNormal   style=\"TEXT-ALIGN: justify; LINE-HEIGHT: 150%; MARGIN-RIGHT: 28.25pt\"><font   face=\"Albertus Medium\"><font size=4><span style=\"COLOR: windowtext\">Torque   m\u00e1ximo [Nm] &gt; 5.000<\/span><span   style=\"COLOR: windowtext; LINE-HEIGHT: 150%\"><o:p><\/o:p><\/span><\/font><\/font><\/p>\n<p class=MsoNormal   style=\"TEXT-ALIGN: justify; LINE-HEIGHT: 150%; MARGIN-RIGHT: 28.25pt\"><span   style=\"COLOR: windowtext\"><font size=4 face=\"Albertus Medium\">Peso seco [kg]:   1.150<\/font><\/span><span   style=\"COLOR: windowtext; LINE-HEIGHT: 150%\"><o:p><\/o:p><\/span><\/p>\n<p class=MsoNormal   style=\"TEXT-ALIGN: justify; LINE-HEIGHT: 150%; MARGIN-RIGHT: 28.25pt\"><b><i><span   style=\"FONT-SIZE: 8pt; LINE-HEIGHT: 150%\"><o:p>&nbsp;<\/o:p><\/span><\/i><\/b><\/p>\n<p class=MsoNormal   style=\"TEXT-ALIGN: justify; MARGIN-RIGHT: 28.25pt\"><b><i><span   style=\"FONT-SIZE: 8pt\">FPT Industrial&nbsp;<\/span><\/i><\/b><i><span   style=\"FONT-SIZE: 8pt\">\u00e9 uma marca do Iveco Group (IVG: MI), que se dedica a   projetar, fabricar e comercializar sistemas de propuls\u00e3o e solu\u00e7\u00f5es para   ve\u00edculos on-road e off-road, bem como aplica\u00e7\u00f5es mar\u00edtimas e de gera\u00e7\u00e3o de   energia. A empresa emprega mais de 8.000 pessoas em 11 plantas de produ\u00e7\u00e3o   industrial e 11 centros de P&amp;D ao redor do mundo. Ativa em quase 100 pa\u00edses,   sua rede global de vendas e seu departamento de assist\u00eancia ao cliente d\u00e3o apoio   a todos os clientes da marca. A ampla oferta de produtos inclui seis linhas de   motores, com pot\u00eancia de 42 at\u00e9 mais de 1.000 CV, transmiss\u00f5es com torques de   at\u00e9 500 Nm e eixos dianteiros e traseiros com peso bruto por eixo de 2,45 a 32   toneladas. A FPT Industrial oferece a mais completa linha de motores a g\u00e1s   natural dispon\u00edvel no mercado para aplica\u00e7\u00f5es industriais, com pot\u00eancia de 50 a   520 CV. A exclusiva divis\u00e3o ePowertrain est\u00e1 acelerando o caminho na dire\u00e7\u00e3o da   mobilidade com emiss\u00f5es l\u00edquidas zero, com transmiss\u00f5es el\u00e9tricas, pacotes de   baterias e sistemas de gerenciamento de baterias. Essa vasta oferta e um forte   enfoque em atividades de P&amp;D fazem da FPT Industrial uma l\u00edder mundial em   sistemas de propuls\u00e3o e solu\u00e7\u00f5es industriais. Para mais informa\u00e7\u00f5es, visite   <\/span><\/i><a href=\"http:\/\/www.fptindustrial.com\/\"><i><span   title=\"http:\/\/www.fptindustrial.com\/&#10;CTRL + Clique para seguir o link\"   style=\"FONT-SIZE: 8pt\">www.fptindustrial.com<\/span><\/i><\/a><i><span   style=\"FONT-SIZE: 8pt\">.<\/span><\/i><\/p>\n<p class=MsoNormal style=\"TEXT-ALIGN: justify; MARGIN-RIGHT: 28.25pt\"><i><span   style=\"FONT-SIZE: 8pt\"><\/span><\/i>&nbsp;<\/p>\n<p class=MsoNormal   style=\"TEXT-ALIGN: justify; MARGIN-RIGHT: 28.25pt\"><i><strong><span   style=\"FONT-SIZE: 8pt\">&#8212;&#8212;&#8212;&#8212;&#8212;&#8212;&#8212;&#8212;&#8212;&#8212;&#8212;&#8212;&#8212;&#8212;&#8212;&#8212;&#8212;&#8212;&#8212;&#8212;&#8212;&#8212;&#8211;<\/span><span   style=\"FONT-SIZE: 8pt\"><o:p><\/o:p><\/span><\/strong><\/i><\/p>\n<p class=MsoNormal   style=\"BACKGROUND: white; TEXT-ALIGN: justify; LINE-HEIGHT: 150%; MARGIN-RIGHT: 28.25pt\"><o:p><font   face=\"Agency FB\">&nbsp;<\/font><\/o:p><\/p>\n<table class=MsoTableGrid style=\"BORDER-COLLAPSE: collapse\" cellspacing=0   cellpadding=0 border=0>\n<tbody>\n<tr>\n<td       style=\"WIDTH: 201.2pt; PADDING-BOTTOM: 0cm; PADDING-TOP: 0cm; PADDING-LEFT: 0cm; PADDING-RIGHT: 0cm\"       valign=bottom width=268>\n<p class=01TESTO         style=\"TEXT-ALIGN: justify; LINE-HEIGHT: 150%; MARGIN-RIGHT: 28.25pt\"><b><font         face=\"Agency FB\">Contatos para m\u00eddia<o:p><\/o:p><\/font><\/b><\/p>\n<\/td>\n<td       style=\"WIDTH: 195.1pt; PADDING-BOTTOM: 0cm; PADDING-TOP: 0cm; PADDING-LEFT: 0cm; PADDING-RIGHT: 0cm\"       valign=bottom width=260>\n<p class=MsoNormal         style=\"TEXT-ALIGN: justify; LINE-HEIGHT: 150%; MARGIN-RIGHT: 28.25pt\"><o:p><font         face=\"Agency FB\">&nbsp;<\/font><\/o:p><\/p>\n<\/td>\n<\/tr>\n<tr>\n<td       style=\"WIDTH: 201.2pt; PADDING-BOTTOM: 0cm; PADDING-TOP: 0cm; PADDING-LEFT: 0cm; PADDING-RIGHT: 0cm\"       valign=bottom width=268>\n<p class=MsoNormal         style=\"BACKGROUND: white; TEXT-ALIGN: justify; LINE-HEIGHT: 150%; MARGIN-RIGHT: 28.25pt\"><font         face=\"Agency FB\">Sara Emilia Benetti, +39 3386674878<o:p><\/o:p><\/font><\/p>\n<p class=MsoNormal         style=\"BACKGROUND: white; TEXT-ALIGN: justify; LINE-HEIGHT: 150%; MARGIN-RIGHT: 28.25pt\"><font         face=\"Agency FB\">Emanuela Ciliberti, +39       3666860754<o:p><\/o:p><\/font><\/p>\n<\/td>\n<td       style=\"WIDTH: 195.1pt; PADDING-BOTTOM: 0cm; PADDING-TOP: 0cm; PADDING-LEFT: 0cm; PADDING-RIGHT: 0cm\"       valign=bottom width=260>\n<p class=MsoNormal         style=\"TEXT-ALIGN: justify; LINE-HEIGHT: 150%; MARGIN-RIGHT: 28.25pt\"><span         style=\"COLOR: black\"><o:p><font         face=\"Agency FB\">&nbsp;<\/font><\/o:p><\/span><\/p>\n<\/td>\n<\/tr>\n<tr>\n<td       style=\"WIDTH: 201.2pt; PADDING-BOTTOM: 0cm; PADDING-TOP: 0cm; PADDING-LEFT: 0cm; PADDING-RIGHT: 0cm\"       valign=bottom width=268>\n<p class=MsoNormal         style=\"TEXT-ALIGN: justify; LINE-HEIGHT: 150%; MARGIN-RIGHT: 28.25pt\"><font         face=\"Agency FB\">E-mail: <\/font><a         href=\"mailto:press@fptindustrial.com\"><font         face=\"Agency FB\"><a href=\"mailto:press@fptindustrial.com\" >press@fptindustrial.com<\/a><\/font><\/a><o:p><\/o:p><\/p>\n<\/td>\n<td       style=\"WIDTH: 195.1pt; PADDING-BOTTOM: 0cm; PADDING-TOP: 0cm; PADDING-LEFT: 0cm; PADDING-RIGHT: 0cm\"       valign=bottom width=260>\n<p class=MsoNormal         style=\"TEXT-ALIGN: justify; LINE-HEIGHT: 150%; MARGIN-RIGHT: 28.25pt\"><o:p><font         face=\"Agency FB\">&nbsp;<\/font><\/o:p><\/p>\n<\/td>\n<\/tr>\n<\/tbody>\n<\/table>\n<p class=01TESTO   style=\"TEXT-ALIGN: justify; LINE-HEIGHT: 150%; MARGIN-RIGHT: 28.25pt\"><u><span   style=\"COLOR: blue\"><o:p><span style=\"TEXT-DECORATION: none\"><font   face=\"Agency FB\">&nbsp;<\/font><\/span><\/o:p><\/span><\/u><\/p>\n<p class=MsoNormal><span   style='FONT-SIZE: 11pt; FONT-FAMILY: \"Calibri\",sans-serif; COLOR: windowtext'><o:p><font   face=\"Agency FB\">&nbsp;<\/font><\/o:p><\/span><\/p>\n<\/div>\n<\/div>\n<\/div>\n","protected":false},"excerpt":{"rendered":"","protected":false},"author":1,"featured_media":60575,"comment_status":"closed","ping_status":"","sticky":false,"template":"","format":"standard","meta":{"fifu_image_url":"","fifu_image_alt":"","footnotes":""},"categories":[7488,727],"tags":[],"class_list":["post-60574","post","type-post","status-publish","format-standard","has-post-thumbnail","hentry","category-destaques","category-noticias","wpcat-7488-id","wpcat-727-id"],"_links":{"self":[{"href":"https:\/\/verde-amarelo.net\/verdeamarelo\/wp-json\/wp\/v2\/posts\/60574","targetHints":{"allow":["GET"]}}],"collection":[{"href":"https:\/\/verde-amarelo.net\/verdeamarelo\/wp-json\/wp\/v2\/posts"}],"about":[{"href":"https:\/\/verde-amarelo.net\/verdeamarelo\/wp-json\/wp\/v2\/types\/post"}],"author":[{"embeddable":true,"href":"https:\/\/verde-amarelo.net\/verdeamarelo\/wp-json\/wp\/v2\/users\/1"}],"replies":[{"embeddable":true,"href":"https:\/\/verde-amarelo.net\/verdeamarelo\/wp-json\/wp\/v2\/comments?post=60574"}],"version-history":[{"count":0,"href":"https:\/\/verde-amarelo.net\/verdeamarelo\/wp-json\/wp\/v2\/posts\/60574\/revisions"}],"wp:featuredmedia":[{"embeddable":true,"href":"https:\/\/verde-amarelo.net\/verdeamarelo\/wp-json\/wp\/v2\/media\/60575"}],"wp:attachment":[{"href":"https:\/\/verde-amarelo.net\/verdeamarelo\/wp-json\/wp\/v2\/media?parent=60574"}],"wp:term":[{"taxonomy":"category","embeddable":true,"href":"https:\/\/verde-amarelo.net\/verdeamarelo\/wp-json\/wp\/v2\/categories?post=60574"},{"taxonomy":"post_tag","embeddable":true,"href":"https:\/\/verde-amarelo.net\/verdeamarelo\/wp-json\/wp\/v2\/tags?post=60574"}],"curies":[{"name":"wp","href":"https:\/\/api.w.org\/{rel}","templated":true}]}}