{"id":60577,"date":"2023-01-04T22:29:46","date_gmt":"2023-01-05T01:29:46","guid":{"rendered":"https:\/\/verde-amarelo.net\/verdeamarelo\/?p=60577"},"modified":"2023-01-04T22:34:14","modified_gmt":"2023-01-05T01:34:14","slug":"consumidores-tem-seis-meses-para-instalar-paineis-solares-com-mais-vantagens-previstas-na-lei-diz-portal-solar","status":"publish","type":"post","link":"https:\/\/verde-amarelo.net\/verdeamarelo\/2023\/01\/consumidores-tem-seis-meses-para-instalar-paineis-solares-com-mais-vantagens-previstas-na-lei-diz-portal-solar\/","title":{"rendered":"Consumidores t\u00eam seis meses para instalar pain\u00e9is solares com mais vantagens previstas na lei, diz Portal Solar"},"content":{"rendered":"<p><?php echo do_shortcode('[soshsc hide=\"guest\"]');?><\/p>\n<div><font size=4   face=Aharoni>&nbsp;<\/p>\n<p>&nbsp;<\/p>\n<p>Segundo an\u00e1lise de Rodolfo Meyer, CEO   da empresa, clientes ter\u00e3o um per\u00edodo de transi\u00e7\u00e3o mais longo na cobran\u00e7a pelo   uso da rede el\u00e9trica, tornando assim o projeto fotovoltaico mais vantajoso, com   retorno do investimento mais r\u00e1pido<\/p>\n<p>&nbsp;<br \/>Os consumidores brasileiros   que pretendem instalar <\/font><a   title=\"https:\/\/www.awin1.com\/cread.php?awinmid=32453&amp;awinaffid=690303&#10;CTRL + Clique para seguir o link\"   href=\"https:\/\/www.awin1.com\/cread.php?awinmid=32453&amp;awinaffid=690303\"><font   size=4 face=Aharoni>sistemas de energia solar <\/font><\/a><font size=4   face=Aharoni>em resid\u00eancias e empresas t\u00eam cerca de seis meses para viabilizar o   sistema no telhado e aproveitar regras mais vantajosas previstas no marco legal   do segmento, segundo informa o Portal Solar, franqueadora para venda e   instala\u00e7\u00e3o de pain\u00e9is fotovoltaicos.<br \/>&nbsp;<br \/>Pela an\u00e1lise do Portal Solar,   a nova Lei 14300\/2022 diz que os consumidores que querem ter energia solar e que   protocolarem o pedido de conex\u00e3o entre dos dias 6 de janeiro e 7 de julho de   2023 ter\u00e3o um per\u00edodo de transi\u00e7\u00e3o mais longo na cobran\u00e7a pelo uso da rede   el\u00e9trica, com dois anos a mais, tornando assim o projeto fotovoltaico mais   vantajoso, com retorno do investimento mais r\u00e1pido.<br \/>&nbsp;<br \/>De acordo com a   regra, os consumidores com sistemas de at\u00e9 500 kW, que englobam pequenas   resid\u00eancias, grandes casas e at\u00e9 estabelecimentos maiores na \u00e1rea empresarial,   como com\u00e9rcio, <\/font><a   title=\"https:\/\/www.awin1.com\/cread.php?awinmid=32453&amp;awinaffid=690303&amp;ued=https%3A%2F%2Fwww.lojasafubra.com.br%2F%3Fsearch-term%3Dsolar%23%26search-term%3Dsolar&#10;CTRL + Clique para seguir o link\"   href=\"https:\/\/www.awin1.com\/cread.php?awinmid=32453&amp;awinaffid=690303&amp;ued=https%3A%2F%2Fwww.lojasafubra.com.br%2F%3Fsearch-term%3Dsolar%23%26search-term%3Dsolar\"><font   size=4 face=Aharoni>ind\u00fastria e propriedade rural<\/font><\/a><font size=4   face=Aharoni>, ter\u00e3o oito anos de transi\u00e7\u00e3o (at\u00e9 2030) para a cobran\u00e7a do uso da   rede el\u00e9trica, desde que protocolem o pedido de conex\u00e3o at\u00e9 a data limite, de 7   de julho deste ano. A partir da\u00ed, o per\u00edodo de transi\u00e7\u00e3o se encerra em 2028, com   aumentos progressivos dessa cobran\u00e7a.<br \/>&nbsp;<br \/>Na vis\u00e3o de Rodolfo Meyer,   CEO do Portal Solar, a <\/font><a   href=\"https:\/\/www.awin1.com\/cread.php?awinmid=32453&amp;awinaffid=690303&amp;ued=https%3A%2F%2Fwww.lojasafubra.com.br%2F%3Fsearch-term%3Dsolar%23%26search-term%3Dsolar\"><font   size=4 face=Aharoni>energia fotovoltaica <\/font><\/a><font size=4 face=Aharoni>\u00e9   e continuar\u00e1 sendo um investimento bastante rent\u00e1vel aos consumidores, ajudando   no al\u00edvio do or\u00e7amento das fam\u00edlias brasileiras e na amplia\u00e7\u00e3o da competividade   das empresas.<br \/>&nbsp;<br \/>\u201cMesmo com as cobran\u00e7as gradativas da nova lei, o uso   da <\/font><a   href=\"https:\/\/www.awin1.com\/cread.php?awinmid=32453&amp;awinaffid=690303&amp;ued=https%3A%2F%2Fwww.lojasafubra.com.br%2F%3Fsearch-term%3Dsolar%23%26search-term%3Dsolar\"><font   size=4 face=Aharoni>energia solar em telhados <\/font><\/a><font size=4   face=Aharoni>vai continuar bastante atrativa, j\u00e1 que o pre\u00e7o dos equipamentos   cai de forma dr\u00e1stica no mercado internacional e h\u00e1 oferta crescente de cr\u00e9dito   para financiamento de projetos, que troca o valor economizado na conta de luz   pela parcela da presta\u00e7\u00e3o, eliminando assim quaisquer necessidades de recursos   pr\u00f3prios para a instala\u00e7\u00e3o de pain\u00e9is solares\u201d, explica Meyer, que tamb\u00e9m \u00e9   conselheiro da Associa\u00e7\u00e3o Brasileira de Energia Solar Fotovoltaica   (ABSOLAR).&nbsp;&nbsp;&nbsp;&nbsp;&nbsp;&nbsp; <br \/>&nbsp;<br \/>Segundo mapeamento   do Portal Solar, com base em dados oficiais, a energia solar acaba de   ultrapassar a marca de 16 gigawatts (GW) de pot\u00eancia instalada em resid\u00eancias,   com\u00e9rcios, ind\u00fastrias, produtores rurais, pr\u00e9dios p\u00fablicos no   Brasil.<br \/>&nbsp;<br \/>O Pa\u00eds possui atualmente mais de 1,5 milh\u00e3o de sistemas   solares fotovoltaicos conectados \u00e0 rede, trazendo economia e sustentabilidade   ambiental para cerca de 1,8 milh\u00e3o de unidades consumidoras. Desde 2012, foram   cerca de R$ 85,5 bilh\u00f5es em novos investimentos, que geraram mais de 480 mil   empregos acumulados no per\u00edodo, espalhados em todas as regi\u00f5es do Brasil, e   representam uma arrecada\u00e7\u00e3o aos cofres p\u00fablicos de R$ 25,8   bilh\u00f5es.<br \/>&nbsp;<br \/>A <\/font><a   href=\"https:\/\/www.awin1.com\/cread.php?awinmid=32453&amp;awinaffid=690303&amp;ued=https%3A%2F%2Fwww.lojasafubra.com.br%2F%3Fsearch-term%3Dsolar%23%26search-term%3Dsolar\"><font   size=4 face=Aharoni>tecnologia solar fotovoltaica j\u00e1 est\u00e1 presente em 5.513   munic\u00edpios <\/font><\/a><font size=4 face=Aharoni>e em todos os estados   brasileiros, sendo que os estados l\u00edderes em pot\u00eancia instalada s\u00e3o,   respectivamente: Minas Gerais, S\u00e3o Paulo, Rio Grande do Sul, Paran\u00e1 e Mato   Grosso.<br \/>&nbsp;<br \/>Sobre o Portal Solar&nbsp; <br \/>&nbsp;<br \/>O Portal Solar   est\u00e1 no mercado desde 2014 e acumula mais de 18 mil sistemas fotovoltaicos   instalados. Com inspira\u00e7\u00e3o australiana, come\u00e7ou como portal de conte\u00fado, tendo   at\u00e9 hoje a maior audi\u00eancia do segmento. Em maio de 2021 o Portal Solar lan\u00e7ou o   modelo de franchising home-based de baixo investimento, e j\u00e1 conta com mais de   200 unidades espalhadas pelo pa\u00eds.<\/font><\/p>\n<p><font color=#2e0e00 size=2   face=\"Albertus Medium\">&#8212;&#8212;&#8212;&#8212;&#8212;&#8212;&#8212;&#8212;&#8212;&#8212;&#8212;&#8212;&#8212;&#8212;&#8212;&#8212;&#8212;&#8212;&#8212;&#8212;&#8212;<\/font><br \/><font   face=\"Agency FB\">Para mais informa\u00e7\u00f5es, contatar:<br \/>Thiago Nassa (MTb.   30.914)<br \/>TOTUM Comunica\u00e7\u00e3o<br \/>(11) 99544   4954<br \/><\/font><br \/>&nbsp;<br \/>&nbsp;<br \/>&nbsp;<br \/>&nbsp;<br \/>&nbsp;<\/p>\n<p>&nbsp;<\/div>\n<\/p><\/div>\n","protected":false},"excerpt":{"rendered":"","protected":false},"author":1,"featured_media":0,"comment_status":"closed","ping_status":"","sticky":false,"template":"","format":"standard","meta":{"fifu_image_url":"","fifu_image_alt":"","footnotes":""},"categories":[7488,727],"tags":[],"class_list":["post-60577","post","type-post","status-publish","format-standard","hentry","category-destaques","category-noticias","wpcat-7488-id","wpcat-727-id"],"_links":{"self":[{"href":"https:\/\/verde-amarelo.net\/verdeamarelo\/wp-json\/wp\/v2\/posts\/60577","targetHints":{"allow":["GET"]}}],"collection":[{"href":"https:\/\/verde-amarelo.net\/verdeamarelo\/wp-json\/wp\/v2\/posts"}],"about":[{"href":"https:\/\/verde-amarelo.net\/verdeamarelo\/wp-json\/wp\/v2\/types\/post"}],"author":[{"embeddable":true,"href":"https:\/\/verde-amarelo.net\/verdeamarelo\/wp-json\/wp\/v2\/users\/1"}],"replies":[{"embeddable":true,"href":"https:\/\/verde-amarelo.net\/verdeamarelo\/wp-json\/wp\/v2\/comments?post=60577"}],"version-history":[{"count":0,"href":"https:\/\/verde-amarelo.net\/verdeamarelo\/wp-json\/wp\/v2\/posts\/60577\/revisions"}],"wp:attachment":[{"href":"https:\/\/verde-amarelo.net\/verdeamarelo\/wp-json\/wp\/v2\/media?parent=60577"}],"wp:term":[{"taxonomy":"category","embeddable":true,"href":"https:\/\/verde-amarelo.net\/verdeamarelo\/wp-json\/wp\/v2\/categories?post=60577"},{"taxonomy":"post_tag","embeddable":true,"href":"https:\/\/verde-amarelo.net\/verdeamarelo\/wp-json\/wp\/v2\/tags?post=60577"}],"curies":[{"name":"wp","href":"https:\/\/api.w.org\/{rel}","templated":true}]}}