{"id":60640,"date":"2023-01-01T10:12:05","date_gmt":"2023-01-01T13:12:05","guid":{"rendered":"https:\/\/www.saopaulo.sp.gov.br\/?p=5620281"},"modified":"2023-01-01T10:12:05","modified_gmt":"2023-01-01T13:12:05","slug":"discurso-de-posse-do-governador-de-sp-tarcisio-de-freitas-na-alesp","status":"publish","type":"post","link":"https:\/\/verde-amarelo.net\/verdeamarelo\/2023\/01\/discurso-de-posse-do-governador-de-sp-tarcisio-de-freitas-na-alesp\/","title":{"rendered":"Discurso de Posse do Governador de SP Tarc\u00edsio de Freitas, na Alesp"},"content":{"rendered":"<figure id=\"attachment_5620353\" style=\"width: 100%;max-width: 799px\"class=\"wp-caption alignnone\">\n<div class=\"caption-meta\"><a href=\"https:\/\/www.saopaulo.sp.gov.br\/wp-content\/uploads\/2023\/01\/52600306310_d6506d30cf_c.jpg\" download class=\"attachment-download\"><i class=\"fa fa-download\"><\/i>Atualizado - <\/a><span class=\"attachment-credits\">Governo do Estado de SP<\/span><\/div>\n<p><img decoding=\"async\" src=\"data:image\/gif;base64,R0lGODlhAQABAIAAAAAAAP\/\/\/ywAAAAAAQABAAACAUwAOw==\" fifu-lazy=\"1\" fifu-data-sizes=\"auto\" fifu-data-srcset=\"https:\/\/i3.wp.com\/www.saopaulo.sp.gov.br\/wp-content\/uploads\/2023\/01\/52600306310_d6506d30cf_c.jpg?ssl=1&w=75&resize=75&ssl=1 75w, https:\/\/i3.wp.com\/www.saopaulo.sp.gov.br\/wp-content\/uploads\/2023\/01\/52600306310_d6506d30cf_c.jpg?ssl=1&w=100&resize=100&ssl=1 100w, https:\/\/i3.wp.com\/www.saopaulo.sp.gov.br\/wp-content\/uploads\/2023\/01\/52600306310_d6506d30cf_c.jpg?ssl=1&w=150&resize=150&ssl=1 150w, https:\/\/i3.wp.com\/www.saopaulo.sp.gov.br\/wp-content\/uploads\/2023\/01\/52600306310_d6506d30cf_c.jpg?ssl=1&w=240&resize=240&ssl=1 240w, https:\/\/i3.wp.com\/www.saopaulo.sp.gov.br\/wp-content\/uploads\/2023\/01\/52600306310_d6506d30cf_c.jpg?ssl=1&w=320&resize=320&ssl=1 320w, https:\/\/i3.wp.com\/www.saopaulo.sp.gov.br\/wp-content\/uploads\/2023\/01\/52600306310_d6506d30cf_c.jpg?ssl=1&w=500&resize=500&ssl=1 500w, https:\/\/i3.wp.com\/www.saopaulo.sp.gov.br\/wp-content\/uploads\/2023\/01\/52600306310_d6506d30cf_c.jpg?ssl=1&w=640&resize=640&ssl=1 640w, https:\/\/i3.wp.com\/www.saopaulo.sp.gov.br\/wp-content\/uploads\/2023\/01\/52600306310_d6506d30cf_c.jpg?ssl=1&w=800&resize=800&ssl=1 800w, https:\/\/i3.wp.com\/www.saopaulo.sp.gov.br\/wp-content\/uploads\/2023\/01\/52600306310_d6506d30cf_c.jpg?ssl=1&w=1024&resize=1024&ssl=1 1024w, https:\/\/i3.wp.com\/www.saopaulo.sp.gov.br\/wp-content\/uploads\/2023\/01\/52600306310_d6506d30cf_c.jpg?ssl=1&w=1280&resize=1280&ssl=1 1280w, https:\/\/i3.wp.com\/www.saopaulo.sp.gov.br\/wp-content\/uploads\/2023\/01\/52600306310_d6506d30cf_c.jpg?ssl=1&w=1600&resize=1600&ssl=1 1600w\" loading=\"lazy\" class=\"size-full wp-image-5620353\" fifu-data-src=\"https:\/\/i3.wp.com\/www.saopaulo.sp.gov.br\/wp-content\/uploads\/2023\/01\/52600306310_d6506d30cf_c.jpg?ssl=1\" alt=\"\" width=\"799\" height=\"533\" srcset=\"https:\/\/www.saopaulo.sp.gov.br\/wp-content\/uploads\/2023\/01\/52600306310_d6506d30cf_c.jpg 799w, https:\/\/www.saopaulo.sp.gov.br\/wp-content\/uploads\/2023\/01\/52600306310_d6506d30cf_c-300x200.jpg 300w, https:\/\/www.saopaulo.sp.gov.br\/wp-content\/uploads\/2023\/01\/52600306310_d6506d30cf_c-768x512.jpg 768w\" sizes=\"auto, (max-width: 799px) 100vw, 799px\" \/><figcaption class=\"wp-caption-text\">Tarc\u00edsio Gomes de Freitas na Alesp<\/figcaption><\/figure>\n<p>Hoje \u00e9 um dia especial, pois marca o in\u00edcio de uma caminhada. Pelos pr\u00f3ximos quatro anos, o time que hoje assume far\u00e1 o m\u00e1ximo para vencer os imensos desafios que nos s\u00e3o impostos. A reponsabilidade de governar um Estado como SP, que se fosse um Pa\u00eds seria a 21<sup>a <\/sup>economia do mundo, 3<sup>a<\/sup> da Am\u00e9rica Latina, \u00e9 enorme, s\u00f3 n\u00e3o \u00e9 maior do que a motiva\u00e7\u00e3o de fazer a diferen\u00e7a. Apesar da pujan\u00e7a, temos um Estado desigual e a aten\u00e7\u00e3o \u00e0s demandas populares deve ser o grande direcionador da a\u00e7\u00e3o do Estado.<\/p>&nbsp;&nbsp;\n<p>\u00c9 dia de expressar gratid\u00e3o, que \u00e9 uma forma singular de reconhecimento. Gratid\u00e3o a Deus por revigorar as nossas for\u00e7as, preparar o nosso caminho e conduzir nossos passos sob a sua vontade. Gratid\u00e3o \u00e0 minha fam\u00edlia que \u00e9 minha fortaleza.<\/p>&nbsp;&nbsp;\n<p>Na pol\u00edtica, inicio meus agradecimentos, como n\u00e3o poderia deixar de ser, pelo presidente Jair Bolsonaro, que me lan\u00e7ou este desafio, que enxergou o que ningu\u00e9m havia enxergado naquele momento. Quanta ousadia! A montagem do minist\u00e9rio em 2019 j\u00e1 havia sido ousada. Houve a aposta em t\u00e9cnicos desvinculados das press\u00f5es partid\u00e1rias, padr\u00e3o que estamos reproduzindo em S\u00e3o Paulo. Ali\u00e1s, a indica\u00e7\u00e3o irrespons\u00e1vel de dirigentes \u00e9 raiz da inefici\u00eancia, da corrup\u00e7\u00e3o, do fisiologismo e, porque n\u00e3o dizer, desmoralizam a pr\u00f3pria democracia, como j\u00e1 havia dito Jos\u00e9 Serra.<\/p>&nbsp;&nbsp;\n<p>As ideias ousadas, segundo Goethe, s\u00e3o como pe\u00e7as de xadrez, que se movem para frente; \u00e0s vezes at\u00e9 as perdemos, mas podem come\u00e7ar um jogo vitorioso. Neste movimento, eu e outros t\u00e9cnicos chegamos ao primeiro escal\u00e3o do governo federal e nunca nos faltou apoio, incentivo, patroc\u00ednio da ousadia, que foi premiada, no caso da Infraestrutura, por leil\u00f5es de concess\u00e3o com modelos inovadores, vitoriosos em um momento desafiador e por reformas de marcos importantes referendadas pelo Congresso Nacional.<\/p>&nbsp;&nbsp;\n<p>Expresso ainda minha gratid\u00e3o a Fel\u00edcio Ramuth, vice-governador de S\u00e3o Paulo, um grande amigo que a pol\u00edtica me deu. Que, em um gesto de grandiosidade, abriu m\u00e3o do seu projeto para caminhar comigo Gestor experimentado, bem sucedido por onde passou, trouxe uma densidade para nosso time e ainda mais certeza de que ser\u00e1 poss\u00edvel fazer muito por S\u00e3o Paulo.<\/p>&nbsp;&nbsp;\n<p>\u00c0 Guilherme Afif Domingos, que, al\u00e9m de um grande professor, se tornou um amigo e uma pessoa que fez toda a diferen\u00e7a na constru\u00e7\u00e3o desse projeto. Que honra o ter ao meu lado nessa jornada, Afif. Ao Presidente do meu partido, o Dep. Federal Marcos Pereira, que me acolheu nos quadros do Republicanos e meu deu todo apoio necess\u00e1rio em todos os momentos da caminhada. Tamb\u00e9m agrade\u00e7o aos presidentes dos partidos que fizeram parte da nossa coliga\u00e7\u00e3o, em especial ao ex-ministro e futuro Secret\u00e1rio de Governo Gilberto Kassab, pelas in\u00fameras portas abertas ao longo da campanha, ao Senador Marcos Pontes, \u00e0s deputadas e deputados, prefeitas e prefeitos, vereadoras e vereadores, aos amigos de toda uma vida que, mais uma vez, acreditaram em mim e resolveram me acompanhar.<\/p>&nbsp;&nbsp;\n<p>Hoje \u00e9 dia de agradecer a popula\u00e7\u00e3o de S\u00e3o Paulo, que me acolheu de forma muito carinhosa. Que n\u00e3o perguntou de onde eu vim. Que preferiu apostar no \u201cpara onde podemos ir\u201d. Agrade\u00e7o aos quase 13,5 milh\u00f5es de paulistas que acreditaram neste projeto. Entendemos o recado das urnas: vamos governar para todos, renovando a esperan\u00e7a de um futuro melhor, percebendo e explorando cada potencial do Estado, apostando na inova\u00e7\u00e3o, na tecnologia como arma poderosa para o crescimento e para a melhoria na presta\u00e7\u00e3o dos servi\u00e7os.<\/p>&nbsp;&nbsp;\n<p>\u00c9 uma honra muito grande tomar posse na Assembleia Legislativa, a Casa do Povo, ess\u00eancia da representa\u00e7\u00e3o democr\u00e1tica paulista. Aqui teremos o ambiente de di\u00e1logo para fazer de S\u00e3o Paulo um exemplo para o Brasil, em termos de pol\u00edticas sociais, de sustentabilidade, de inclus\u00e3o, de inova\u00e7\u00e3o, de luta pela seguran\u00e7a, pelo emprego, pelo desenvolvimento econ\u00f4mico e regional. Vamos trabalhar na constru\u00e7\u00e3o de consensos, no convencimento por meio do trabalho t\u00e9cnico e da transpar\u00eancia, sempre respeitando as diferen\u00e7as, sempre com uma atitude propositiva. Vamos buscar a maioria para realizar programas e manter profundo respeito pelos advers\u00e1rios. Ali\u00e1s, interessante seria se aliados do governo n\u00e3o se furtassem em abordar os projetos criticamente e se a opositores tiverem a consci\u00eancia do imperativo da responsabilidade e se dispuserem a propor, a construir.<\/p>&nbsp;&nbsp;\n<p>Esperamos aqui a interlocu\u00e7\u00e3o, o di\u00e1logo franco. N\u00f3s no governo estaremos prontos para a discuss\u00e3o de ideias, para a constru\u00e7\u00e3o de caminhos. N\u00e3o somos donos da verdade, n\u00e3o hesitaremos em dar passos atr\u00e1s quando necess\u00e1rio, mas estamos extremamente cientes da nossa responsabilidade e comprometidos com o acerto.<\/p>&nbsp;&nbsp;\n<p>O di\u00e1logo tamb\u00e9m ser\u00e1 importante para aglutinar as bancadas em torno dos interesses do Estado, de forma a suprir uma grande lacuna. Desde a d\u00e9cada de 30 do s\u00e9culo passado, h\u00e1 um desbalanceamento entre o peso econ\u00f4mico e o peso pol\u00edtico. S\u00e3o Paulo precisa ter mais voz!<\/p>\n<p>Hoje \u00e9 dia de reafirmar compromissos. O compromisso com o desenvolvimento, com um Estado que \u00e9 a locomotiva econ\u00f4mica do Pa\u00eds, que merece uma economia dinamizada e aberta, parceira do empreendedor e da iniciativa privada, mais competitiva e mais integrada internacionalmente. S\u00e3o Paulo pode e deve ser protagonista nos processos de transi\u00e7\u00e3o energ\u00e9tica, l\u00edder em economia verde, exemplo de investimentos sustent\u00e1veis. N\u00e3o \u00e9 para menos. Sabemos que os fluxos financeiros estar\u00e3o fortemente aderidos aos padr\u00f5es ambientais. O compromisso de acionar as alavancas do crescimento: o aumento da oferta de energia, a diminui\u00e7\u00e3o da carga tribut\u00e1ria, a oferta de cr\u00e9dito para micro e pequenos empreendedores, os investimentos pesados em infraestrutura, a capacita\u00e7\u00e3o profissional e a digitaliza\u00e7\u00e3o.<\/p>&nbsp;&nbsp;\n<p>Mas o crescimento econ\u00f4mico n\u00e3o \u00e9 um fim em si mesmo. H\u00e1 uma raz\u00e3o para que persigamos insistentemente o crescimento: \u00e9 o resgate social. A grande finalidade do mandato \u00e9 fazer a diferen\u00e7a. Cada meta alcan\u00e7ada muda realidades, transforma trajet\u00f3rias, traz esperan\u00e7a, dignidade! Dignidade \u00e9 uma palavra chave. N\u00e3o podemos ficar inertes ao sofrimento cotidiano de dependentes qu\u00edmicos amontoados nas cracol\u00e2ndias, insens\u00edveis com a situa\u00e7\u00e3o de quem n\u00e3o tem abrigo, emprego, futuro. N\u00e3o podemos achar normal a fome e, em um mundo que disp\u00f5e de tanta tecnologia, n\u00e3o podemos tolerar o analfabetismo.<\/p>&nbsp;&nbsp;\n<p>Podemos e devemos contribuir para o aumento da oferta de moradias, para a revitaliza\u00e7\u00e3o dos centros urbanos, para a melhoria da mobilidade, para a melhoria do ensino, para a melhoria dos servi\u00e7os de sa\u00fade e para o fortalecimento dos programas de transfer\u00eancia de renda e combate \u00e0 pobreza. Como ser\u00e1 bom ver jovens acessando pela primeira vez o mercado de trabalho por meio do \u201cPrograma Jovem Aprendiz Paulista\u201d. A cidadania existe de fato na medida da qualidade da presta\u00e7\u00e3o dos servi\u00e7os p\u00fablicos.<\/p>&nbsp;&nbsp;\n<p>Hoje \u00e9 dia de pensar em disrup\u00e7\u00e3o. Em tempos de 5G, de democratiza\u00e7\u00e3o de acesso \u00e0 dispositivos m\u00f3veis precisamos fazer mais com menos, mudar os modelos de presta\u00e7\u00e3o de servi\u00e7o p\u00fablico, usar maci\u00e7amente a tecnologia em prol do cidad\u00e3o. A integra\u00e7\u00e3o de sistemas e o geoprocessamento ser\u00e3o fundamentais na seguran\u00e7a p\u00fablica, por exemplo. A ousadia na gest\u00e3o nos ajudar\u00e1 a tirar o m\u00e1ximo do patrim\u00f4nio imobili\u00e1rio do Estado. Ser\u00e1 necess\u00e1ria a criatividade para aumentar significativamente o investimento em universaliza\u00e7\u00e3o do saneamento b\u00e1sico e ainda assim, reduzir as tarifas, para concluir o rodoanel ou a linha 17, para fazer o metr\u00f4 alcan\u00e7ar mais pessoas ou para ver liga\u00e7\u00f5es ferrovi\u00e1rias saindo do papel. Para acabar o que ficou pelo caminho. Precisamos entregar as pequenas coisas, que mudam a rotina e fazem a diferen\u00e7a. Como dizia Franco Montoro \u201cminha maior obra \u00e9 o conjunto das pequenas obras\u201d ou M\u00e1rio Covas \u201cPenso que, \u00e0s vezes, mais vale eliminar uma fila do que construir um viaduto\u201d.<\/p>&nbsp;&nbsp;\n<p>Hoje \u00e9 dia de pensar e exaltar S\u00e3o Paulo!<\/p>\n<p>Pelo Brasil, fa\u00e7a-se o melhor!<\/p>\n<p>Muito obrigado!<\/p>\n<p><!-- Este texto tem o apoio do Sistema ECOMPARE de lojas virtuais <a rel=\"nofollow\" href=\"https:\/\/www.saopaulo.sp.gov.br\/alesp\/discurso-de-posse-do-governador-de-sp-tarcisio-de-freitas-na-alesp\/\">Discurso de Posse do Governador de SP Tarc\u00edsio de Freitas, na Alesp<\/a> apareceu primeiro em <a rel=\"nofollow\" href=\"https:\/\/www.saopaulo.sp.gov.br\">Governo do Estado de S\u00e3o Paulo<\/a>.<\/p>&nbsp;&nbsp;\n","protected":false},"excerpt":{"rendered":"<p>Atualizado &#8211; Governo do Estado de SP Tarc\u00edsio Gomes de Freitas na Alesp Hoje \u00e9&#8230;<\/p>\n","protected":false},"author":1,"featured_media":60641,"comment_status":"closed","ping_status":"closed","sticky":false,"template":"","format":"standard","meta":{"fifu_image_url":"","fifu_image_alt":"","footnotes":""},"categories":[7488,7744,727],"tags":[1315,7760,1683,219,7758],"class_list":["post-60640","post","type-post","status-publish","format-standard","has-post-thumbnail","hentry","category-destaques","category-imprensa","category-noticias","tag-alesp","tag-ultimas-noticias","tag-comunicacao","tag-gestao","tag-sp-noticias","wpcat-7488-id","wpcat-7744-id","wpcat-727-id"],"_links":{"self":[{"href":"https:\/\/verde-amarelo.net\/verdeamarelo\/wp-json\/wp\/v2\/posts\/60640","targetHints":{"allow":["GET"]}}],"collection":[{"href":"https:\/\/verde-amarelo.net\/verdeamarelo\/wp-json\/wp\/v2\/posts"}],"about":[{"href":"https:\/\/verde-amarelo.net\/verdeamarelo\/wp-json\/wp\/v2\/types\/post"}],"author":[{"embeddable":true,"href":"https:\/\/verde-amarelo.net\/verdeamarelo\/wp-json\/wp\/v2\/users\/1"}],"replies":[{"embeddable":true,"href":"https:\/\/verde-amarelo.net\/verdeamarelo\/wp-json\/wp\/v2\/comments?post=60640"}],"version-history":[{"count":0,"href":"https:\/\/verde-amarelo.net\/verdeamarelo\/wp-json\/wp\/v2\/posts\/60640\/revisions"}],"wp:featuredmedia":[{"embeddable":true,"href":"https:\/\/verde-amarelo.net\/verdeamarelo\/wp-json\/wp\/v2\/media\/60641"}],"wp:attachment":[{"href":"https:\/\/verde-amarelo.net\/verdeamarelo\/wp-json\/wp\/v2\/media?parent=60640"}],"wp:term":[{"taxonomy":"category","embeddable":true,"href":"https:\/\/verde-amarelo.net\/verdeamarelo\/wp-json\/wp\/v2\/categories?post=60640"},{"taxonomy":"post_tag","embeddable":true,"href":"https:\/\/verde-amarelo.net\/verdeamarelo\/wp-json\/wp\/v2\/tags?post=60640"}],"curies":[{"name":"wp","href":"https:\/\/api.w.org\/{rel}","templated":true}]}}