{"id":60750,"date":"2023-01-16T17:21:03","date_gmt":"2023-01-16T20:21:03","guid":{"rendered":"https:\/\/www.saopaulo.sp.gov.br\/?p=5626508"},"modified":"2023-01-16T17:21:03","modified_gmt":"2023-01-16T20:21:03","slug":"unidades-de-conservacao-do-estado-tem-programacao-especial-de-ferias","status":"publish","type":"post","link":"https:\/\/verde-amarelo.net\/verdeamarelo\/2023\/01\/unidades-de-conservacao-do-estado-tem-programacao-especial-de-ferias\/","title":{"rendered":"Unidades de Conserva\u00e7\u00e3o do Estado t\u00eam programa\u00e7\u00e3o especial de f\u00e9rias"},"content":{"rendered":"<p>Durante os meses de janeiro e fevereiro, os Parques Estaduais ter\u00e3o uma programa\u00e7\u00e3o especial com diversos roteiros monitorados de cunho educacional e socioambiental. O programa intitulado F\u00e9rias no Parque \u00e9 uma iniciativa da Funda\u00e7\u00e3o Florestal (FF) para aproximar ainda mais a popula\u00e7\u00e3o das unidades, principalmente nos primeiros meses do ano, em que coincidem per\u00edodo de f\u00e9rias e ver\u00e3o.<\/p>&nbsp;&nbsp;\n<p>Os passeios s\u00e3o gratuitos e acontecem em hor\u00e1rios e dias predeterminados, com acompanhamento de monitores ambientais e vagas limitadas \u2013 o acesso \u00e9 cobrado em algumas unidades. Para participar, basta entrar na p\u00e1gina do parque escolhido no site de Ingressos Online da FF e fazer a reserva.<\/p>&nbsp;&nbsp;\n<p>Os roteiros contam com diversas op\u00e7\u00f5es de roteiros, como ca\u00e7a ao tesouro e mergulho. Com programa\u00e7\u00e3o para todas as idades, as atividades ir\u00e3o abordar temas como meio ambiente, comunidades tradicionais, hist\u00f3ria dos Parques, animais silvestres, geologia, preserva\u00e7\u00e3o e conserva\u00e7\u00e3o, educa\u00e7\u00e3o ambiental, entre outros.<\/p>&nbsp;&nbsp;\n<p>Na Floresta Estadual Edmundo Navarro de Andrade, a Feena, \u00e9 poss\u00edvel fazer uma visita guiada pelo Solar Navarro de Andrade, constru\u00eddo para ser resid\u00eancia de Edmundo Navarro no in\u00edcio do s\u00e9culo XX e tour monitorado pelo Museu do Eucalipto, centro de diversas pesquisas sobre a esp\u00e9cie. Al\u00e9m disso, para os amantes da meliponicultura, ser\u00e1 oferecido minicurso que ensinar\u00e1 os princ\u00edpios de cria\u00e7\u00e3o, manejo, manuten\u00e7\u00e3o e produ\u00e7\u00e3o de mel relativos \u00e0s abelhas sem ferr\u00e3o, silvestres, como a jata\u00ed e a manda\u00e7aia.<\/p>&nbsp;&nbsp;\n<p>J\u00e1 na Ilha das Couves, o visitante poder\u00e1 fazer um mergulho livre e contemplativo. Durante o passeio, as pessoas aprender\u00e3o sobre o ecossistema de cost\u00e3o rochoso, suas intera\u00e7\u00f5es ecol\u00f3gicas e import\u00e2ncia para o ecossistema marinho como um todo, percebendo zonas de distribui\u00e7\u00e3o de fauna e flora por influ\u00eancia da varia\u00e7\u00e3o da coluna de \u00e1gua no ciclo da mar\u00e9. O mergulho guiado ter\u00e1 dura\u00e7\u00e3o de 30 minutos e ser\u00e1 acompanhado por uma fot\u00f3grafa.<\/p>&nbsp;&nbsp;\n<p>Para quem quiser entender melhor os h\u00e1bitos das corujas, a dica \u00e9 a Corujada Jurupar\u00e1, no Parque Estadual Jurupar\u00e1. Em uma caminhada monitorada pela Trilha do Saci, o visitante poder\u00e1 aprender sobre as principais caracter\u00edsticas e habitat dessa esp\u00e9cie, al\u00e9m de observar n\u00e3o somente a coruja, mas tamb\u00e9m outras esp\u00e9cies da fauna noturna.<\/p>&nbsp;&nbsp;\n<p><strong>Como reservar<\/strong><\/p>\n<p>Acesse o site Ingressos Parques Paulistas e busque o parque que ir\u00e1 visitar. Localize a atividade e reserve. Al\u00e9m da programa\u00e7\u00e3o especial de f\u00e9rias, \u00e9 poss\u00edvel aproveitar os atrativos fixos, como ciclorrotas, trilhas e tours hist\u00f3ricos.<\/p>&nbsp;&nbsp;\n<p>Para mais informa\u00e7\u00f5es, <a href=\"https:\/\/protect-eu.mimecast.com\/s\/GETDCKYnrHDB55MOfvw3r1?domain=ssrlink.ssrh.sp.gov.br\/\" target=\"_blank\" rel=\"noopener noreferrer\" data-auth=\"NotApplicable\" data-safelink=\"true\" data-linkindex=\"1\">clique aqui<\/a>. Para saber mais sobre os Parques, acesse: <a href=\"https:\/\/protect-eu.mimecast.com\/s\/eZySCMEp8T2R44kXiWIpcz?domain=ssrlink.ssrh.sp.gov.br\/\" target=\"_blank\" rel=\"noopener noreferrer\" data-auth=\"NotApplicable\" data-safelink=\"true\" data-linkindex=\"2\">https:\/\/guiadeareasprotegidas.sp.gov.br\/<\/a><\/p>\n<p><!-- Este texto tem o apoio do Sistema ECOMPARE de lojas virtuais <a rel=\"nofollow\" href=\"https:\/\/www.saopaulo.sp.gov.br\/spnoticias\/unidades-de-conservacao-do-estado-tem-programacao-especial-de-ferias\/\">Unidades de Conserva\u00e7\u00e3o do Estado t\u00eam programa\u00e7\u00e3o especial de f\u00e9rias<\/a> apareceu primeiro em <a rel=\"nofollow\" href=\"https:\/\/www.saopaulo.sp.gov.br\">Governo do Estado de S\u00e3o Paulo<\/a>.<\/p>&nbsp;&nbsp;\n","protected":false},"excerpt":{"rendered":"<p>Durante os meses de janeiro e fevereiro, os Parques Estaduais ter\u00e3o uma programa\u00e7\u00e3o especial com&#8230;<\/p>\n","protected":false},"author":1,"featured_media":0,"comment_status":"closed","ping_status":"closed","sticky":false,"template":"","format":"standard","meta":{"fifu_image_url":"","fifu_image_alt":"","footnotes":""},"categories":[7488,7744,727,760],"tags":[7760,7901,219,2199,7774,382,1690,7820,460,7758],"class_list":["post-60750","post","type-post","status-publish","format-standard","hentry","category-destaques","category-imprensa","category-noticias","category-servicos","tag-ultimas-noticias","tag-fundacao-florestal","tag-gestao","tag-infraestrutura","tag-lazer-e-entretenimento","tag-logistica","tag-meio-ambiente","tag-secretaria-de-meio-ambiente-infraestrutura-e-logistica","tag-servicos","tag-sp-noticias","wpcat-7488-id","wpcat-7744-id","wpcat-727-id","wpcat-760-id"],"_links":{"self":[{"href":"https:\/\/verde-amarelo.net\/verdeamarelo\/wp-json\/wp\/v2\/posts\/60750","targetHints":{"allow":["GET"]}}],"collection":[{"href":"https:\/\/verde-amarelo.net\/verdeamarelo\/wp-json\/wp\/v2\/posts"}],"about":[{"href":"https:\/\/verde-amarelo.net\/verdeamarelo\/wp-json\/wp\/v2\/types\/post"}],"author":[{"embeddable":true,"href":"https:\/\/verde-amarelo.net\/verdeamarelo\/wp-json\/wp\/v2\/users\/1"}],"replies":[{"embeddable":true,"href":"https:\/\/verde-amarelo.net\/verdeamarelo\/wp-json\/wp\/v2\/comments?post=60750"}],"version-history":[{"count":0,"href":"https:\/\/verde-amarelo.net\/verdeamarelo\/wp-json\/wp\/v2\/posts\/60750\/revisions"}],"wp:attachment":[{"href":"https:\/\/verde-amarelo.net\/verdeamarelo\/wp-json\/wp\/v2\/media?parent=60750"}],"wp:term":[{"taxonomy":"category","embeddable":true,"href":"https:\/\/verde-amarelo.net\/verdeamarelo\/wp-json\/wp\/v2\/categories?post=60750"},{"taxonomy":"post_tag","embeddable":true,"href":"https:\/\/verde-amarelo.net\/verdeamarelo\/wp-json\/wp\/v2\/tags?post=60750"}],"curies":[{"name":"wp","href":"https:\/\/api.w.org\/{rel}","templated":true}]}}