{"id":60774,"date":"2023-01-17T14:05:00","date_gmt":"2023-01-17T17:05:00","guid":{"rendered":"https:\/\/prnewswire.com.br\/releases\/ocupacao-da-rede-hoteleira-da-regiao-da-regiao-de-campinas-fecha-2022-acima-de-2019-aponta-campinas-convention-bureau\/"},"modified":"2023-01-17T14:05:00","modified_gmt":"2023-01-17T17:05:00","slug":"ocupacao-da-rede-hoteleira-da-regiao-da-regiao-de-campinas-fecha-2022-acima-de-2019-aponta-campinas-convention-bureau","status":"publish","type":"post","link":"https:\/\/verde-amarelo.net\/verdeamarelo\/2023\/01\/ocupacao-da-rede-hoteleira-da-regiao-da-regiao-de-campinas-fecha-2022-acima-de-2019-aponta-campinas-convention-bureau\/","title":{"rendered":"Ocupa\u00e7\u00e3o da rede hoteleira da regi\u00e3o da Regi\u00e3o de Campinas fecha 2022 acima de 2019, aponta Campinas Convention Bureau"},"content":{"rendered":"<div class=\"xn-content\">\n<p><i>Taxa m\u00e9dia no ano passado foi de 57,19%; em setembro, \u00edndice atingiu 53,44%<\/i><\/p>\n<p><span class=\"legendSpanClass\">CAMPINAS, Brasil<\/span>, <span class=\"legendSpanClass\">17 de janeiro de 2023<\/span> - Atualizado -  &#8212; A hotelaria da Regi\u00e3o Metropolitana de Campinas (RMC) foi fortemente beneficiada pela volta da demanda represada de eventos corporativos, sociais, culturais e festas de casamentos e formaturas no ano de 2022. A pesquisa mensal realizada pelo Campinas e Regi\u00e3o Convention &#038; Vistors Bureau (CRV&#038;VB) indica que a rede hoteleira regional fechou o ano passado com m\u00e9dia de 57,19% na taxa de ocupa\u00e7\u00e3o, superior aos 50,51% de 2019, quando j\u00e1 vinha em uma curva de ascens\u00e3o.<\/p>&nbsp;&nbsp;\n<div class=\"PRN_ImbeddedAssetReference\" id=\"DivAssetPlaceHolder1\">\n<p> <a href=\"https:\/\/mma.prnewswire.com\/media\/1984948\/1.html\" rel=\"nofollow noopener noreferrer\" target=\"_blank\"><\/p>\n<p> <\/a> <\/p>\n<\/p>\n<\/div>\n<p>O levantamento mensal conta com dados disponibilizados por 31 hot\u00e9is de v\u00e1rias categorias, que oferecem mais de 2 mil Unidades Habitacionais (UHs). <span class=\"xn-person\">Douglas Marcondes<\/span>, diretor de hotelaria do CRV&#038;VB, explica que a taxa anual representa uma m\u00e9dia de todos os estabelecimentos, sendo que em muitos hot\u00e9is a taxa final do ano foi acima do \u00edndice do setor. &#8220;Mas, no geral, foi um ano espetacular&#8221;, explica.<\/p>&nbsp;&nbsp;\n<p>Em dezembro, a taxa de ocupa\u00e7\u00e3o foi de 53,44%, e um RevPar de <span class=\"xn-money\">R$ 233,44<\/span>, n\u00fameros acima de 2021 (46,37%) e tamb\u00e9m superior a dezembro de 2019 (44,40%).<\/p>&nbsp;&nbsp;\n<p>Na avalia\u00e7\u00e3o da entidade, que tem como principal papel fomentar os neg\u00f3cios e o turismo regional, o crescimento da hotelaria no ano passado era esperado em raz\u00e3o da forte demanda represada por quase dois anos. &#8220;O resultado de 2022 at\u00e9 superou nossas expectativas&#8221;, admite Marcondes.<\/p>&nbsp;&nbsp;\n<p>Para 2023, o diretor de hotelaria do CRV&#038;VB projeta um ano de grande expectativa e de cautela ao mesmo tempo. &#8220;Neste ano, ao contr\u00e1rio do ano passado, n\u00e3o temos tanta demanda represada por eventos e festas, especialmente nos dois primeiros meses, embora exista uma demanda firme e forte para o ano todo&#8221;, afirma.<\/p>&nbsp;&nbsp;\n<p>&#8220;Precisamos ter cautela, para saber como ser\u00e1 o desempenho da economia mundial e nacional, que acabam refletindo de alguma forma no setor como um todo, principalmente no caso dos eventos corporativos, j\u00e1 que contamos com muitas multinacionais na regi\u00e3o&#8221;, explica &#8220;Mas sem frear a\u00e7\u00f5es de marketing, comerciais e de fomento de eventos culturais e esportivos&#8221;, complementa Marcondes.<\/p>&nbsp;&nbsp;\n<p>A volta dos eventos corporativos e festas presenciais e ado\u00e7\u00e3o de a\u00e7\u00f5es diferenciadas ajudaram a forte retomada dos neg\u00f3cios como hospedagem e Alimentos e Bebidas da Rede Vit\u00f3ria Hot\u00e9is em 2022. Com sede em Campinas, onde conta com tr\u00eas unidades, al\u00e9m de Paul\u00ednia e Indaiatuba, o grupo fechou o ano passado com um crescimento de 160% no faturamento em rela\u00e7\u00e3o a 2021 e de 25% no comparativo a 2019, ano pr\u00e9-pandemia.<\/p>&nbsp;&nbsp;\n<p>Em 2022, a hotelaria, atrav\u00e9s das cinco unidades, respondeu por 60% do faturamento total do grupo. Este segmento foi fortemente impulsionado pela volta dos eventos corporativos e festas. <span class=\"xn-person\">Segundo Eduardo Porto<\/span>, diretor de Marketing e Comercial da Rede Vit\u00f3ria Hot\u00e9is, a hospedagem teve um aumento de 120% na compara\u00e7\u00e3o a 2021 e de 32% sobre 2019.<\/p>&nbsp;&nbsp;\n<p>J\u00e1 o setor de Alimentos &#038; Bebidas, que inclui al\u00e9m dos servi\u00e7os de quartos os restaurantes da Rede, como Bellini Ristorante, Kindai, Vitorino e <span class=\"xn-person\">Vick Bar<\/span> e Restaurante, e o setor eventos atendido pela Casa Bellini, foi respons\u00e1vel por 40% do faturamento global.<\/p>&nbsp;&nbsp;\n<p>Para o diretor de Alimentos e Bebidas Rodrigo Porto a retomada do setor e um crescimento j\u00e1 eram esperados. &#8220;Mas um crescimento dessa propor\u00e7\u00e3o, com certeza, foi uma surpresa&#8221;, conta. &#8220;A retomada sempre era uma d\u00favida no setor, sab\u00edamos que ia acontecer, mas n\u00e3o t\u00e3o forte como foi&#8221;.<\/p>&nbsp;&nbsp;\n<p>Foto &#8211;\u00a0<a href=\"https:\/\/mma.prnewswire.com\/media\/1984948\/1.jpg\" rel=\"nofollow noopener noreferrer\" target=\"_blank\">https:\/\/mma.prnewswire.com\/media\/1984948\/1.jpg<\/a><\/p>\n<p>\u00a0<\/p>\n<div class=\"PRN_ImbeddedAssetReference\" id=\"DivAssetPlaceHolder2\">\n<\/div>\n<p>FONTE Campinas e Regi\u00e3o Convention &#038; Vistors Bureau<\/p>\n<\/div>\n<\/div>\n<p><!-- Este texto tem o apoio do Sistema ECOMPARE de lojas virtuais <a rel=\"nofollow\" href=\"https:\/\/prnewswire.com.br\/releases\/ocupacao-da-rede-hoteleira-da-regiao-da-regiao-de-campinas-fecha-2022-acima-de-2019-aponta-campinas-convention-bureau\/\">Ocupa\u00e7\u00e3o da rede hoteleira da regi\u00e3o da Regi\u00e3o de Campinas fecha 2022 acima de 2019, aponta Campinas Convention Bureau<\/a> apareceu primeiro em <a rel=\"nofollow\" href=\"https:\/\/prnewswire.com.br\">PR Newswire<\/a>.<\/p>&nbsp;&nbsp;\n","protected":false},"excerpt":{"rendered":"<p>Taxa m\u00e9dia no ano passado foi de 57,19%; em setembro, \u00edndice atingiu 53,44% CAMPINAS, Brasil,&#8230;<\/p>\n","protected":false},"author":1,"featured_media":0,"comment_status":"closed","ping_status":"closed","sticky":false,"template":"","format":"standard","meta":{"fifu_image_url":"","fifu_image_alt":"","footnotes":""},"categories":[7488,756,731,727],"tags":[7743,44,735,767,21,32,25],"class_list":["post-60774","post","type-post","status-publish","format-standard","hentry","category-destaques","category-mercado","category-negocios","category-noticias","tag-brazil","tag-industria","tag-brasil","tag-comercio","tag-eventos","tag-mercado","tag-negocios","wpcat-7488-id","wpcat-756-id","wpcat-731-id","wpcat-727-id"],"_links":{"self":[{"href":"https:\/\/verde-amarelo.net\/verdeamarelo\/wp-json\/wp\/v2\/posts\/60774","targetHints":{"allow":["GET"]}}],"collection":[{"href":"https:\/\/verde-amarelo.net\/verdeamarelo\/wp-json\/wp\/v2\/posts"}],"about":[{"href":"https:\/\/verde-amarelo.net\/verdeamarelo\/wp-json\/wp\/v2\/types\/post"}],"author":[{"embeddable":true,"href":"https:\/\/verde-amarelo.net\/verdeamarelo\/wp-json\/wp\/v2\/users\/1"}],"replies":[{"embeddable":true,"href":"https:\/\/verde-amarelo.net\/verdeamarelo\/wp-json\/wp\/v2\/comments?post=60774"}],"version-history":[{"count":0,"href":"https:\/\/verde-amarelo.net\/verdeamarelo\/wp-json\/wp\/v2\/posts\/60774\/revisions"}],"wp:attachment":[{"href":"https:\/\/verde-amarelo.net\/verdeamarelo\/wp-json\/wp\/v2\/media?parent=60774"}],"wp:term":[{"taxonomy":"category","embeddable":true,"href":"https:\/\/verde-amarelo.net\/verdeamarelo\/wp-json\/wp\/v2\/categories?post=60774"},{"taxonomy":"post_tag","embeddable":true,"href":"https:\/\/verde-amarelo.net\/verdeamarelo\/wp-json\/wp\/v2\/tags?post=60774"}],"curies":[{"name":"wp","href":"https:\/\/api.w.org\/{rel}","templated":true}]}}