{"id":60789,"date":"2023-01-18T11:04:58","date_gmt":"2023-01-18T14:04:58","guid":{"rendered":"https:\/\/www.saopaulo.sp.gov.br\/?p=5627436"},"modified":"2023-01-18T11:04:58","modified_gmt":"2023-01-18T14:04:58","slug":"hoje-e-o-dia-para-acerto-de-matriculas-indeferidas-do-vestibulinho","status":"publish","type":"post","link":"https:\/\/verde-amarelo.net\/verdeamarelo\/2023\/01\/hoje-e-o-dia-para-acerto-de-matriculas-indeferidas-do-vestibulinho\/","title":{"rendered":"Hoje \u00e9 o dia para acerto de matr\u00edculas indeferidas do Vestibulinho"},"content":{"rendered":"<p class=\"x_MsoNormal\">O candidato da primeira chamada do processo seletivo das Escolas T\u00e9cnicas Estaduais (Etecs) que teve o pedido de matr\u00edcula indeferido ou perdeu o prazo inicial de matr\u00edcula deve fazer o envio ou acerto da documenta\u00e7\u00e3o nesta quarta-feira (18). Resultado definitivo ser\u00e1 divulgado no dia 19. Datas n\u00e3o se aplicam a quem disputa uma vaga na modalidade online.<\/p>&nbsp;&nbsp;\n<p class=\"x_MsoNormal\">O acerto da documenta\u00e7\u00e3o precisa ser no mesmo formato da matr\u00edcula. Os convocados para quaisquer dos formatos do Ensino M\u00e9dio, quando menor de 16 anos, devem ir at\u00e9 a unidade escolar acompanhado do seu representante legal, com os documentos solicitados pelo Vestibulinho.\u00a0Aprovados nos demais cursos podem optar pela etapa de forma remota, por meio do link enviado pela Secretaria Acad\u00eamica da Etec.<\/p>&nbsp;&nbsp;\n<p class=\"x_MsoNormal\"><strong>Documenta\u00e7\u00e3o<\/strong><\/p>\n<p class=\"x_MsoNormal\">O aprovado para\u00a0o\u00a0<strong>Ensino M\u00e9dio Integrado ao T\u00e9cnico, Ensino M\u00e9dio nos diferentes itiner\u00e1rios formativos ou para Articula\u00e7\u00e3o da Forma\u00e7\u00e3o Profissional M\u00e9dia e Superior (AMS)<\/strong>\u00a0deve apresentar:<\/p>\n<ul type=\"disc\">\n<li class=\"x_MsoNormal\">Documento de identidade (RG) ou Carteira de Registro Nacional Migrat\u00f3rio (CRNM) ou Carteira Nacional de Habilita\u00e7\u00e3o (CNH);<\/li>\n<li class=\"x_MsoNormal\">CPF ou documento que contenha este n\u00famero;<\/li>\n<li class=\"x_MsoNormal\">Uma foto 3\u00d74 recente, com fundo neutro;<\/li>\n<li class=\"x_MsoNormal\">Hist\u00f3rico Escolar com certificado de conclus\u00e3o do Ensino Fundamental ou Declara\u00e7\u00e3o de Conclus\u00e3o do Ensino Fundamental, assinada por agente escolar da escola de origem.<\/li>\n<\/ul>\n<p class=\"x_MsoNormal\">Quem se inscreveu usando o Sistema de Pontua\u00e7\u00e3o Acrescida do Centro Paula Souza, al\u00e9m dos documentos acima, tamb\u00e9m deve apresentar a Declara\u00e7\u00e3o Escolar (Anexo I) ou Hist\u00f3rico Escolar contendo o detalhamento das s\u00e9ries cursadas e o(s) nome(s) da(s) escola(s), comprovando assim, ter cursado integralmente da 5\u00aa a 8\u00aa s\u00e9rie ou do 6\u00ba ao 9\u00ba ano do ensino fundamental em institui\u00e7\u00f5es p\u00fablicas.<\/p>&nbsp;&nbsp;\n<p class=\"x_MsoNormal\">O candidato que se classificou para ingressar no\u00a0<strong>primeiro m\u00f3dulo do Ensino T\u00e9cnico<\/strong>, deve apresentar para matr\u00edcula:<\/p>\n<ul type=\"disc\">\n<li class=\"x_MsoNormal\">Documento de identidade (RG) ou Carteira de Registro Nacional Migrat\u00f3rio (CRNM) ou Carteira Nacional de Habilita\u00e7\u00e3o (CNH);<\/li>\n<li class=\"x_MsoNormal\">CPF ou documento que contenha este n\u00famero;<\/li>\n<li class=\"x_MsoNormal\">Uma foto 3\u00d74 recente, com fundo neutro;<\/li>\n<li class=\"x_MsoNormal\">Hist\u00f3rico Escolar com Certificado de Conclus\u00e3o do Ensino M\u00e9dio, Declara\u00e7\u00e3o de Conclus\u00e3o do Ensino M\u00e9dio, emitida pela escola de origem, ou ainda declara\u00e7\u00e3o de que est\u00e1 matriculado a partir da segunda s\u00e9rie do Ensino M\u00e9dio. Caso o aluno tenha conclu\u00eddo ou curse o Ensino de Educa\u00e7\u00e3o de Jovens e Adultos (EJA) ou o Exame Nacional para Certifica\u00e7\u00e3o de Compet\u00eancias de Jovens e Adultos (Encceja) do Ensino M\u00e9dio, tamb\u00e9m ser\u00e1 necess\u00e1rio apresentar os documentos de conclus\u00e3o ou de que\u00a0est\u00e1 matriculado na forma\u00e7\u00e3o.<\/li>\n<\/ul>\n<p class=\"x_MsoNormal\">Se o convocado fez a inscri\u00e7\u00e3o usando o Sistema de Pontua\u00e7\u00e3o Acrescida do Centro Paula Souza, al\u00e9m dos documentos acima, tamb\u00e9m deve apresentar a Declara\u00e7\u00e3o Escolar (Anexo I) ou Hist\u00f3rico Escolar contendo o detalhamento das s\u00e9ries cursadas e o(s) nome(s) da(s) escola(s), comprovando dessa forma, ter cursado integralmente da 5\u00aa a 8\u00aa s\u00e9rie ou do 6\u00ba ao 9\u00ba ano do ensino fundamental em institui\u00e7\u00f5es p\u00fablicas.<\/p>&nbsp;&nbsp;\n<p class=\"x_MsoNormal\">Para fazer a matr\u00edcula no\u00a0<strong>segundo m\u00f3dulo dos cursos t\u00e9cnicos,\u00a0em vagas remanescentes<\/strong>,\u00a0ser\u00e1 preciso apresentar os seguintes documentos:<\/p>\n<ul type=\"disc\">\n<li class=\"x_MsoNormal\">Documento de identidade (RG) ou Carteira de Registro Nacional Migrat\u00f3rio (CRNM) ou Carteira Nacional de Habilita\u00e7\u00e3o (CNH);<\/li>\n<li class=\"x_MsoNormal\">CPF ou documento que contenha este n\u00famero;<\/li>\n<li class=\"x_MsoNormal\">Uma foto 3\u00d74 recente, com fundo neutro;<\/li>\n<li class=\"x_MsoNormal\">Hist\u00f3rico Escolar com Certificado de Conclus\u00e3o do Ensino M\u00e9dio, Declara\u00e7\u00e3o de Conclus\u00e3o do Ensino M\u00e9dio, emitida pela escola de origem, ou declara\u00e7\u00e3o que est\u00e1 matriculado na terceira s\u00e9rie do Ensino M\u00e9dio. Tamb\u00e9m poder\u00e1 ser apresentado Certificado de Conclus\u00e3o do Ensino M\u00e9dio, expedida por \u00f3rg\u00e3o competente por quem concluiu o Ensino M\u00e9dio por meio de provas ou exames de certifica\u00e7\u00e3o de compet\u00eancias, avalia\u00e7\u00e3o de jovens e adultos, que sejam decorrentes do Exame Nacional do Ensino M\u00e9dio (Enem) at\u00e9 a edi\u00e7\u00e3o de 2016, do Exame Nacional para Certifica\u00e7\u00e3o de Compet\u00eancias de Jovens e Adultos (Encceja) e afins.<\/li>\n<\/ul>\n<p class=\"x_MsoNormal\">Convocado para matr\u00edcula nos cursos de\u00a0<strong>Especializa\u00e7\u00e3o T\u00e9cnica de N\u00edvel M\u00e9dio<\/strong>\u00a0deve apresentar:<\/p>\n<ul type=\"disc\">\n<li class=\"x_MsoNormal\">Documento de identidade (RG) ou Carteira de Registro Nacional Migrat\u00f3rio (CRNM) ou Carteira Nacional de Habilita\u00e7\u00e3o (CNH);<\/li>\n<li class=\"x_MsoNormal\">CPF ou documento que contenha este n\u00famero;<\/li>\n<li class=\"x_MsoNormal\">Uma foto 3\u00d74 recente, com fundo neutro;<\/li>\n<li class=\"x_MsoNormal\">Hist\u00f3rico Escolar com Certificado de Conclus\u00e3o de Curso T\u00e9cnico equivalente ao curso escolhido conforme lista dispon\u00edvel no site\u00a0vestibulinhoetec.com.br. Tamb\u00e9m pode ser apresentada a Declara\u00e7\u00e3o de Conclus\u00e3o do Curso T\u00e9cnico equivalente, documento original, emitido pela escola de origem. Para o curso de Especializa\u00e7\u00e3o em Gest\u00e3o de Projetos \u2013 EaD, o candidato poder\u00e1, se for o caso, fazer upload do certificado de conclus\u00e3o de um curso do Ensino Superior.<\/li>\n<\/ul>\n<p class=\"x_MsoNormal\">Confira o\u00a0<strong>calend\u00e1rio do per\u00edodo de matr\u00edculas<\/strong>\u00a0para as Etecs:<\/p>\n<ul type=\"disc\">\n<li class=\"x_MsoNormal\"><strong>19 de janeiro:<\/strong>\u00a0divulga\u00e7\u00e3o do resultado do recurso para corre\u00e7\u00e3o\/an\u00e1lise de documenta\u00e7\u00e3o da primeira lista de convoca\u00e7\u00e3o;<\/li>\n<li class=\"x_MsoNormal\"><strong>19 de janeiro:<\/strong>\u00a0convoca\u00e7\u00e3o da segunda lista para matr\u00edcula, por e-mail e SMS, exceto para os cursos da modalidade online;<\/li>\n<li class=\"x_MsoNormal\"><strong>20, 21 e 23 de janeiro:<\/strong>\u00a0matr\u00edcula da segunda lista de convocados, com apresenta\u00e7\u00e3o de documentos, exceto para os cursos da modalidade online;<\/li>\n<li class=\"x_MsoNormal\"><strong>25 de janeiro:<\/strong>\u00a0divulga\u00e7\u00e3o da an\u00e1lise da documenta\u00e7\u00e3o apresentada pelos convocados na segunda chamada;<\/li>\n<li class=\"x_MsoNormal\"><strong>26 de janeiro:<\/strong>\u00a0prazo de recurso para corre\u00e7\u00e3o da documenta\u00e7\u00e3o e\/ou envio de documentos para os candidatos que perderam o prazo inicial da segunda chamada;<\/li>\n<li class=\"x_MsoNormal\"><strong>27 de janeiro:<\/strong>\u00a0divulga\u00e7\u00e3o do resultado do recurso dos convocados na segunda lista;<\/li>\n<li class=\"x_MsoNormal\"><strong>27 de janeiro:<\/strong>\u00a0convoca\u00e7\u00e3o para matr\u00edcula da terceira chamada, por e-mail e SMS;<\/li>\n<li class=\"x_MsoNormal\"><strong>1\u00ba de fevereiro:<\/strong> divulga\u00e7\u00e3o e envio de documenta\u00e7\u00e3o para matr\u00edcula da segunda chamada dos candidatos que concorreram exclusivamente aos cursos t\u00e9cnicos e de especializa\u00e7\u00e3o t\u00e9cnica na modalidade online.<\/li>\n<\/ul>\n<p class=\"x_MsoNormal\">Mais informa\u00e7\u00f5es podem ser conferidas na\u00a0<a href=\"https:\/\/protect-eu.mimecast.com\/s\/lFtPC5l5yfMREMqKfOqef5?domain=vestibulinhoetec.com.br\" target=\"_blank\" rel=\"noopener noreferrer\" data-auth=\"NotApplicable\" data-safelink=\"true\" data-linkindex=\"1\"><strong>Portaria do Vestibulinho<\/strong><\/a>, no\u00a0<a href=\"https:\/\/protect-eu.mimecast.com\/s\/Duz0C6m58uPMzPQ9fmv699?domain=fatweb.s3.amazonaws.com\" target=\"_blank\" rel=\"noopener noreferrer\" data-auth=\"NotApplicable\" data-safelink=\"true\" data-linkindex=\"2\"><strong>Manual do Candidato.<\/strong><\/a><\/p>\n<p><!-- Este texto tem o apoio do Sistema ECOMPARE de lojas virtuais <a rel=\"nofollow\" href=\"https:\/\/www.saopaulo.sp.gov.br\/spnoticias\/hoje-e-o-dia-para-acerto-de-matriculas-indeferidas-do-vestibulinho\/\">Hoje \u00e9 o dia para acerto de matr\u00edculas indeferidas do Vestibulinho<\/a> apareceu primeiro em <a rel=\"nofollow\" href=\"https:\/\/www.saopaulo.sp.gov.br\">Governo do Estado de S\u00e3o Paulo<\/a>.<\/p>&nbsp;&nbsp;\n","protected":false},"excerpt":{"rendered":"<p>O candidato da primeira chamada do processo seletivo das Escolas T\u00e9cnicas Estaduais (Etecs) que teve&#8230;<\/p>\n","protected":false},"author":1,"featured_media":0,"comment_status":"closed","ping_status":"closed","sticky":false,"template":"","format":"standard","meta":{"fifu_image_url":"","fifu_image_alt":"","footnotes":""},"categories":[7488,725,7744,727,760],"tags":[7760,7779,3340,734,119,7792,7789,7916,7879,7917,7780,460,7758,7795],"class_list":["post-60789","post","type-post","status-publish","format-standard","hentry","category-destaques","category-educacao","category-imprensa","category-noticias","category-servicos","tag-ultimas-noticias","tag-centro-paula-souza","tag-desenvolvimento","tag-economia","tag-educacao","tag-escolas-tecnicas-estaduais","tag-etecs","tag-matricula","tag-processo-seletivo","tag-recurso","tag-secretaria-de-desenvolvimento-economico","tag-servicos","tag-sp-noticias","tag-vestibulinho","wpcat-7488-id","wpcat-725-id","wpcat-7744-id","wpcat-727-id","wpcat-760-id"],"_links":{"self":[{"href":"https:\/\/verde-amarelo.net\/verdeamarelo\/wp-json\/wp\/v2\/posts\/60789","targetHints":{"allow":["GET"]}}],"collection":[{"href":"https:\/\/verde-amarelo.net\/verdeamarelo\/wp-json\/wp\/v2\/posts"}],"about":[{"href":"https:\/\/verde-amarelo.net\/verdeamarelo\/wp-json\/wp\/v2\/types\/post"}],"author":[{"embeddable":true,"href":"https:\/\/verde-amarelo.net\/verdeamarelo\/wp-json\/wp\/v2\/users\/1"}],"replies":[{"embeddable":true,"href":"https:\/\/verde-amarelo.net\/verdeamarelo\/wp-json\/wp\/v2\/comments?post=60789"}],"version-history":[{"count":0,"href":"https:\/\/verde-amarelo.net\/verdeamarelo\/wp-json\/wp\/v2\/posts\/60789\/revisions"}],"wp:attachment":[{"href":"https:\/\/verde-amarelo.net\/verdeamarelo\/wp-json\/wp\/v2\/media?parent=60789"}],"wp:term":[{"taxonomy":"category","embeddable":true,"href":"https:\/\/verde-amarelo.net\/verdeamarelo\/wp-json\/wp\/v2\/categories?post=60789"},{"taxonomy":"post_tag","embeddable":true,"href":"https:\/\/verde-amarelo.net\/verdeamarelo\/wp-json\/wp\/v2\/tags?post=60789"}],"curies":[{"name":"wp","href":"https:\/\/api.w.org\/{rel}","templated":true}]}}