{"id":60798,"date":"2023-01-18T14:07:43","date_gmt":"2023-01-18T17:07:43","guid":{"rendered":"https:\/\/www.saopaulo.sp.gov.br\/?p=5627605"},"modified":"2023-01-18T14:07:43","modified_gmt":"2023-01-18T17:07:43","slug":"governador-tarcisio-de-freitas-faz-balanco-da-participacao-no-forum-economico-mundial","status":"publish","type":"post","link":"https:\/\/verde-amarelo.net\/verdeamarelo\/2023\/01\/governador-tarcisio-de-freitas-faz-balanco-da-participacao-no-forum-economico-mundial\/","title":{"rendered":"Governador Tarc\u00edsio de Freitas faz balan\u00e7o da participa\u00e7\u00e3o no F\u00f3rum Econ\u00f4mico Mundial"},"content":{"rendered":"<p>O governador Tarc\u00edsio de Freitas fez nesta quarta-feira (18) um balan\u00e7o positivo da participa\u00e7\u00e3o do Governo do Estado de S\u00e3o Paulo no F\u00f3rum Econ\u00f4mico Mundial em Davos, na Su\u00ed\u00e7a. \u201cEstamos detectando um grande interesse no nosso programa de investimentos com a iniciativa privada. Falamos muito de EMAE, de Sabesp, de Rodoanel. E sabemos que a gente vai trazer investimento e com o investimento vem o emprego\u201d, afirmou o governador.<\/p>&nbsp;&nbsp;\n<p>No terceiro dia de encontros e reuni\u00f5es bilaterais do evento, o governador paulista j\u00e1 se reuniu com o presidente da AstraZeneca, Leif Johanson, o vice-presidente da Pepsico, Roberto Azev\u00eado, o CEO da Toyota Research Institute, Gill Pratt, o CEO do Fundo Soberano de Singapura GIC, Jeffrey Jaensubhakij, o governador do Japan Bank for Internacional Cooperation (JBIC), Nobumitsu Hayashi, o presidente global de Public Affairs da META, Nick Clegg e o diretor da RGE Bracell, Anderson Tanotto.<\/p>&nbsp;&nbsp;\n<p>O governador Tarc\u00edsio de Freitas ainda ter\u00e1 os seguintes encontros bilaterais no complemento da agenda desta quarta-feira:<\/p>\n<p>16h30 &#8211; Ignacio S. Gal\u00e1n, CEO, Iberdrola<br \/>\n17h30 &#8211; Nicholas Lyons, prefeito, distrito City of London (regi\u00e3o considerada o centro financeiro e hist\u00f3rico da capital inglesa)<br \/>\n18h30 &#8211; Khalid Al-Falih, Ministro de Investimentos, Governo da Ar\u00e1bia Saudita<br \/>\n19h45 &#8211; Jantar: \u201cSustainable Solutions for Latin America\u201d, com participa\u00e7\u00e3o de diversas autoridades como o presidente da Costa Rica, Rodrigo Chaves Robles, o presidente do Equador, Guillermo Lasso Mendoza, e o presidente da Col\u00f4mbia, Gustavo Francisco Petro Urrego<\/p>\n<p><!-- Este texto tem o apoio do Sistema ECOMPARE de lojas virtuais <a rel=\"nofollow\" href=\"https:\/\/www.saopaulo.sp.gov.br\/spnoticias\/governador-tarcisio-de-freitas-faz-balanco-da-participacao-no-forum-economico-mundial-2\/\">Governador Tarc\u00edsio de Freitas faz balan\u00e7o da participa\u00e7\u00e3o no F\u00f3rum Econ\u00f4mico Mundial<\/a> apareceu primeiro em <a rel=\"nofollow\" href=\"https:\/\/www.saopaulo.sp.gov.br\">Governo do Estado de S\u00e3o Paulo<\/a>.<\/p>&nbsp;&nbsp;\n","protected":false},"excerpt":{"rendered":"<p>O governador Tarc\u00edsio de Freitas fez nesta quarta-feira (18) um balan\u00e7o positivo da participa\u00e7\u00e3o do&#8230;<\/p>\n","protected":false},"author":1,"featured_media":0,"comment_status":"closed","ping_status":"closed","sticky":false,"template":"","format":"standard","meta":{"fifu_image_url":"","fifu_image_alt":"","footnotes":""},"categories":[7488,7744,727],"tags":[7760,1683,7894,3340,7895,734,7896,219,7762,1010,7897,7898,1087,874,7768,7800,7821,7758],"class_list":["post-60798","post","type-post","status-publish","format-standard","hentry","category-destaques","category-imprensa","category-noticias","tag-ultimas-noticias","tag-comunicacao","tag-davos","tag-desenvolvimento","tag-desenvolvimento-sustentavel","tag-economia","tag-forum-economico-mundial","tag-gestao","tag-governador-tarcisio-de-freitas","tag-investimentos","tag-lucas-ferraz","tag-negocios-internacionais","tag-planejamento","tag-sao-paulo","tag-secretaria-da-casa-civil","tag-secretaria-de-comunicacao","tag-secretaria-de-negocios-internacionais","tag-sp-noticias","wpcat-7488-id","wpcat-7744-id","wpcat-727-id"],"_links":{"self":[{"href":"https:\/\/verde-amarelo.net\/verdeamarelo\/wp-json\/wp\/v2\/posts\/60798","targetHints":{"allow":["GET"]}}],"collection":[{"href":"https:\/\/verde-amarelo.net\/verdeamarelo\/wp-json\/wp\/v2\/posts"}],"about":[{"href":"https:\/\/verde-amarelo.net\/verdeamarelo\/wp-json\/wp\/v2\/types\/post"}],"author":[{"embeddable":true,"href":"https:\/\/verde-amarelo.net\/verdeamarelo\/wp-json\/wp\/v2\/users\/1"}],"replies":[{"embeddable":true,"href":"https:\/\/verde-amarelo.net\/verdeamarelo\/wp-json\/wp\/v2\/comments?post=60798"}],"version-history":[{"count":0,"href":"https:\/\/verde-amarelo.net\/verdeamarelo\/wp-json\/wp\/v2\/posts\/60798\/revisions"}],"wp:attachment":[{"href":"https:\/\/verde-amarelo.net\/verdeamarelo\/wp-json\/wp\/v2\/media?parent=60798"}],"wp:term":[{"taxonomy":"category","embeddable":true,"href":"https:\/\/verde-amarelo.net\/verdeamarelo\/wp-json\/wp\/v2\/categories?post=60798"},{"taxonomy":"post_tag","embeddable":true,"href":"https:\/\/verde-amarelo.net\/verdeamarelo\/wp-json\/wp\/v2\/tags?post=60798"}],"curies":[{"name":"wp","href":"https:\/\/api.w.org\/{rel}","templated":true}]}}