{"id":60906,"date":"2023-01-26T17:19:44","date_gmt":"2023-01-26T20:19:44","guid":{"rendered":"https:\/\/www.saopaulo.sp.gov.br\/?p=5631011"},"modified":"2023-01-26T17:19:44","modified_gmt":"2023-01-26T20:19:44","slug":"creativesp-abre-inscricoes-e-levara-10-empresas-para-o-sxsw-nos-eua","status":"publish","type":"post","link":"https:\/\/verde-amarelo.net\/verdeamarelo\/2023\/01\/creativesp-abre-inscricoes-e-levara-10-empresas-para-o-sxsw-nos-eua\/","title":{"rendered":"CreativeSP abre inscri\u00e7\u00f5es e levar\u00e1 10 empresas para o SXSW, nos EUA"},"content":{"rendered":"<p>A Secretaria da Cultura e Economia Criativa do Estado de S\u00e3o Paulo est\u00e1 com inscri\u00e7\u00f5es abertas para a primeira miss\u00e3o de 2023 do CreativeSP &#8211; Programa de Internacionaliza\u00e7\u00e3o da Economia Criativa, que busca impulsionar o interc\u00e2mbio internacional das empresas paulistas do setor e atrair investimento estrangeiro para o Estado.<\/p>&nbsp;&nbsp;\n<p>O destino ser\u00e1 o SXSW, o maior evento de economia criativa do mundo, focado em temas como cinema, m\u00fasica, tecnologia e inova\u00e7\u00e3o, que acontece de 10 a 19 de mar\u00e7o, em Austin, nos Estados Unidos. Os interessados podem se inscrever no site da InvestSP at\u00e9 10 de fevereiro.<\/p>&nbsp;&nbsp;\n<p>O programa \u00e9 fruto de parceria entre a InvestSP &#8211; a ag\u00eancia de promo\u00e7\u00e3o de investimentos do Estado, e a Secretaria de Cultura e Economia Criativa. A a\u00e7\u00e3o tem um investimento para o 1\u00ba semestre deste ano de R\uff04 1,385 milh\u00f5es do Governo do Estado de S\u00e3o Paulo.<\/p>&nbsp;&nbsp;\n<p>O CreativeSP vai selecionar at\u00e9 10 empresas paulistas, que ter\u00e3o um reembolso m\u00e1ximo de US\uff04\u00a03 mil, em despesas eleg\u00edveis, para custear at\u00e9 50% dos gastos com a viagem. Os participantes tamb\u00e9m poder\u00e3o ter acesso a a\u00e7\u00f5es de capacita\u00e7\u00e3o, consultoria, assessoria, monitoramento de resultados e acompanhamento p\u00f3s-eventos.<\/p>&nbsp;&nbsp;\n<p>Em 2022, o programa levou 73 empresas para nove eventos internacionais focados em: entretenimento, tecnologia, cinema, games, m\u00fasica, literatura, artes visuais e design. Entre eles, o pr\u00f3prio SXSW, o Festival de Cinema de Cannes, na Fran\u00e7a, e a Feira do Livro de Frankfurt, na Alemanha.<\/p>&nbsp;&nbsp;\n<p>Os participantes tiveram contato com mais de dois mil poss\u00edveis parceiros, de cerca de 100 pa\u00edses. O resultado deve ser, no per\u00edodo de at\u00e9 um ano, a gera\u00e7\u00e3o de quase R\uff04\u00a0360 milh\u00f5es em neg\u00f3cios e de at\u00e9 6,6 mil empregos no setor cultural paulista.<\/p>&nbsp;&nbsp;\n<p><strong>Como participar<\/strong><\/p>\n<p>Para 2023, al\u00e9m do SXSW, j\u00e1 est\u00e3o confirmadas mais duas miss\u00f5es: GDC &#8211; Game Developers Conference, nos Estados Unidos, e Festival de Cinema de Cannes, na Fran\u00e7a.<\/p>&nbsp;&nbsp;\n<p>Em todos os casos, empresas e institui\u00e7\u00f5es com sede em S\u00e3o Paulo precisam apresentar um hist\u00f3rico da organiza\u00e7\u00e3o e do representante escolhido para a miss\u00e3o, um texto sobre como o evento pode contribuir para as atividades da organiza\u00e7\u00e3o e um plano estrat\u00e9gico para o mercado internacional.<\/p>&nbsp;&nbsp;\n<p>Para fazer sua inscri\u00e7\u00e3o, clique\u00a0<a href=\"https:\/\/protect-eu.mimecast.com\/s\/Yb-ACWwD6t6vONQ4i6QxMc?domain=forms.office.com\" target=\"_blank\" rel=\"noopener noreferrer\" data-auth=\"NotApplicable\" data-safelink=\"true\" data-linkindex=\"0\">aqui<\/a>.<\/p>&nbsp;&nbsp;\n<p><!-- Este texto tem o apoio do Sistema ECOMPARE de lojas virtuais <a rel=\"nofollow\" href=\"https:\/\/www.saopaulo.sp.gov.br\/spnoticias\/creativesp-abre-inscricoes-e-levara-10-empresas-para-o-sxsw-nos-eua\/\">CreativeSP abre inscri\u00e7\u00f5es e levar\u00e1 10 empresas para o SXSW, nos EUA<\/a> apareceu primeiro em <a rel=\"nofollow\" href=\"https:\/\/www.saopaulo.sp.gov.br\">Governo do Estado de S\u00e3o Paulo<\/a>.<\/p>&nbsp;&nbsp;\n","protected":false},"excerpt":{"rendered":"<p>A Secretaria da Cultura e Economia Criativa do Estado de S\u00e3o Paulo est\u00e1 com inscri\u00e7\u00f5es&#8230;<\/p>\n","protected":false},"author":1,"featured_media":0,"comment_status":"closed","ping_status":"closed","sticky":false,"template":"","format":"standard","meta":{"fifu_image_url":"","fifu_image_alt":"","footnotes":""},"categories":[7490,7488,7744,727],"tags":[7760,8062,1683,8063,715,3340,734,1546,1096,219,8061,7774,8064,8065,7775,7758,8066],"class_list":["post-60906","post","type-post","status-publish","format-standard","hentry","category-cultura","category-destaques","category-imprensa","category-noticias","tag-ultimas-noticias","tag-austin","tag-comunicacao","tag-creativesp","tag-cultura","tag-desenvolvimento","tag-economia","tag-estado-de-sao-paulo","tag-estados-unidos","tag-gestao","tag-investsp","tag-lazer-e-entretenimento","tag-promocao-de-investimentos","tag-secretaria-da-cultura-e-economia-criativa","tag-secretaria-de-cultura-e-economia-criativa","tag-sp-noticias","tag-sxsw","wpcat-7490-id","wpcat-7488-id","wpcat-7744-id","wpcat-727-id"],"_links":{"self":[{"href":"https:\/\/verde-amarelo.net\/verdeamarelo\/wp-json\/wp\/v2\/posts\/60906","targetHints":{"allow":["GET"]}}],"collection":[{"href":"https:\/\/verde-amarelo.net\/verdeamarelo\/wp-json\/wp\/v2\/posts"}],"about":[{"href":"https:\/\/verde-amarelo.net\/verdeamarelo\/wp-json\/wp\/v2\/types\/post"}],"author":[{"embeddable":true,"href":"https:\/\/verde-amarelo.net\/verdeamarelo\/wp-json\/wp\/v2\/users\/1"}],"replies":[{"embeddable":true,"href":"https:\/\/verde-amarelo.net\/verdeamarelo\/wp-json\/wp\/v2\/comments?post=60906"}],"version-history":[{"count":0,"href":"https:\/\/verde-amarelo.net\/verdeamarelo\/wp-json\/wp\/v2\/posts\/60906\/revisions"}],"wp:attachment":[{"href":"https:\/\/verde-amarelo.net\/verdeamarelo\/wp-json\/wp\/v2\/media?parent=60906"}],"wp:term":[{"taxonomy":"category","embeddable":true,"href":"https:\/\/verde-amarelo.net\/verdeamarelo\/wp-json\/wp\/v2\/categories?post=60906"},{"taxonomy":"post_tag","embeddable":true,"href":"https:\/\/verde-amarelo.net\/verdeamarelo\/wp-json\/wp\/v2\/tags?post=60906"}],"curies":[{"name":"wp","href":"https:\/\/api.w.org\/{rel}","templated":true}]}}